{"id":104837,"date":"2025-07-28T12:23:22","date_gmt":"2025-07-28T16:23:22","guid":{"rendered":"https:\/\/lasprimeras.com.do\/?p=104837"},"modified":"2025-07-28T12:23:23","modified_gmt":"2025-07-28T16:23:23","slug":"uasd-y-asociacion-de-ciencias-politicas-analizan-tensiones-geopoliticas-globales-en-2025","status":"publish","type":"post","link":"https:\/\/lasprimeras.com.do\/index.php\/2025\/07\/28\/uasd-y-asociacion-de-ciencias-politicas-analizan-tensiones-geopoliticas-globales-en-2025\/","title":{"rendered":"UASD y Asociaci\u00f3n de Ciencias Pol\u00edticas analizan tensiones geopol\u00edticas globales en 2025"},"content":{"rendered":"\n<p><strong>Panelistas expertos hablan sobre BRICS, OTAN, el G7 y la rivalidad entre Estados Unidos y China: claves del nuevo tablero mundial.<\/strong><\/p>\n\n\n\n<p>La Universidad Aut\u00f3noma de Santo Domingo (UASD), en coordinaci\u00f3n con la Asociaci\u00f3n de Ciencias Pol\u00edticas de la Rep\u00fablica Dominicana, celebr\u00f3 el panel \u00abGeopol\u00edtica en Tensi\u00f3n: Nuevas potencias, viejos conflictos y el reordenamiento global en 2025\u00bb, el mi\u00e9rcoles 23 de julio, en la Sala de Orientaci\u00f3n de la Biblioteca Pedro Mir.<\/p>\n\n\n\n<p>El evento reuni\u00f3 a destacados analistas nacionales para examinar los principales desaf\u00edos del orden internacional actual, marcado por la reconfiguraci\u00f3n de alianzas, la emergencia de nuevos polos de poder y la competencia estrat\u00e9gica entre potencias globales.<\/p>\n\n\n\n<p>Participaron como panelistas los polit\u00f3logos Juan Gonz\u00e1lez, Yeudy Maldonado, Randy Estrella y el Mayor General (R) Miguel Cordero, con la moderaci\u00f3n a cargo de la polit\u00f3loga Angely Moreno, secretaria de Educaci\u00f3n de la ACIP-RD.<\/p>\n\n\n\n<p>En representaci\u00f3n de la directiva, tambi\u00e9n estuvieron presentes Heidy Ad\u00f3n, secretaria de Organizaci\u00f3n, y John Jairo Ogando, subsecretario de Educaci\u00f3n.<\/p>\n\n\n\n<p>Durante el panel se abordaron temas clave como el avance del bloque BRICS+, el papel de la OTAN, el impacto del G7, la Iniciativa de la Franja y la Ruta impulsada por China, y el rol geoestrat\u00e9gico de las tierras raras en la disputa por la supremac\u00eda tecnol\u00f3gica.<\/p>\n\n\n\n<p>Uno de los momentos m\u00e1s esperados fue la intervenci\u00f3n del polit\u00f3logo y comentarista Yeudy Maldonado, secretario de Relaciones Internacionales de ACIP-RD, quien ofreci\u00f3 un an\u00e1lisis sobre la rivalidad entre Estados Unidos, China y Rusia, as\u00ed como sus implicaciones para Am\u00e9rica Latina y el Caribe.<\/p>\n\n\n\n<p>\u201cLa geopol\u00edtica contempor\u00e1nea exige una lectura estrat\u00e9gica desde nuestras realidades nacionales; no basta con observar el conflicto, hay que comprender su l\u00f3gica y anticipar sus efectos\u201d, expres\u00f3 Maldonado.<\/p>\n\n\n\n<p>Ese mismo d\u00eda, Maldonado tambi\u00e9n particip\u00f3 en el programa Con la Dra. Controversia, transmitido por El Nuevo Diario TV, donde continu\u00f3 su an\u00e1lisis sobre los desaf\u00edos del nuevo orden mundial, reforzando su compromiso con la divulgaci\u00f3n del pensamiento estrat\u00e9gico y la participaci\u00f3n ciudadana informada.<\/p>\n\n\n\n<p>Adem\u00e1s de su valor acad\u00e9mico, el panel reafirm\u00f3 el rol de la ACIP-RD como espacio de pensamiento cr\u00edtico, producci\u00f3n de conocimiento y an\u00e1lisis multidisciplinario, proyectando a la ciencia pol\u00edtica como una herramienta clave para entender los procesos globales que inciden en el presente y futuro de la regi\u00f3n, la polit\u00f3loga Angely Moreno concluy\u00f3:<\/p>\n\n\n\n<p>\u00abEntender el escenario geopol\u00edtico global es clave para que los pa\u00edses del Caribe y Am\u00e9rica Latina puedan posicionarse con mayor autonom\u00eda y visi\u00f3n estrat\u00e9gica en los a\u00f1os por venir\u00bb,concluy\u00f3.<\/p>\n\n\n\n<p>Finalmente, el Mayor General (R) Miguel Cordero resalt\u00f3 la necesidad de que estos espacios de reflexi\u00f3n se multipliquen, indicando:<\/p>\n\n\n\n<p>\u00abEl estudio riguroso de la geopol\u00edtica es fundamental para dise\u00f1ar estrategias de defensa nacional eficaces, adaptadas a un contexto de amenazas cada vez m\u00e1s complejas y cambiantes\u00bb.<\/p>\n\n\n\n<p>UASD y Asociaci\u00f3n de Ciencias Pol\u00edticas analizan tensiones geopol\u00edticas globales en 2025<\/p>\n\n\n\n<p>Panelistas expertos hablan sobre BRICS, OTAN, el G7 y la rivalidad entre Estados Unidos y China: claves del nuevo tablero mundial<\/p>\n\n\n\n<p>La Universidad Aut\u00f3noma de Santo Domingo (UASD), en coordinaci\u00f3n con la Asociaci\u00f3n de Ciencias Pol\u00edticas de la Rep\u00fablica Dominicana (ACIP-RD), celebr\u00f3 el panel \u00abGeopol\u00edtica en Tensi\u00f3n: <\/p>\n\n\n\n<p>Nuevas potencias, viejos conflictos y el reordenamiento global en 2025\u00bb, el mi\u00e9rcoles 23 de julio, en la Sala de Orientaci\u00f3n de la Biblioteca Pedro Mir.<\/p>\n\n\n\n<p>El evento reuni\u00f3 a destacados analistas nacionales para examinar los principales desaf\u00edos del orden internacional actual, marcado por la reconfiguraci\u00f3n de alianzas, la emergencia de nuevos polos de poder y la competencia estrat\u00e9gica entre potencias globales.<\/p>\n\n\n\n<p>Participaron como panelistas los polit\u00f3logos Juan Gonz\u00e1lez, Yeudy Maldonado, Randy Estrella y el Mayor General (R) Miguel Cordero, con la moderaci\u00f3n a cargo de la polit\u00f3loga Angely Moreno, secretaria de Educaci\u00f3n de la ACIP-RD.<\/p>\n\n\n\n<p>En representaci\u00f3n de la directiva, tambi\u00e9n estuvieron presentes Heidy Ad\u00f3n, secretaria de Organizaci\u00f3n, y John Jairo Ogando, subsecretario de Educaci\u00f3n.<\/p>\n\n\n\n<p>Durante el panel se abordaron temas clave como el avance del bloque BRICS+, el papel de la OTAN, el impacto del G7, la Iniciativa de la Franja y la Ruta impulsada por China, y el rol geoestrat\u00e9gico de las tierras raras en la disputa por la supremac\u00eda tecnol\u00f3gica. <\/p>\n\n\n\n<p>Uno de los momentos m\u00e1s esperados fue la intervenci\u00f3n del polit\u00f3logo y comentarista Yeudy Maldonado, secretario de Relaciones Internacionales de ACIP-RD, quien ofreci\u00f3 un an\u00e1lisis sobre la rivalidad entre Estados Unidos, China y Rusia, as\u00ed como sus implicaciones para Am\u00e9rica Latina y el Caribe.<\/p>\n\n\n\n<p>\u201cLa geopol\u00edtica contempor\u00e1nea exige una lectura estrat\u00e9gica desde nuestras realidades nacionales; no basta con observar el conflicto, hay que comprender su l\u00f3gica y anticipar sus efectos\u201d, expres\u00f3 Maldonado.<\/p>\n\n\n\n<p>Ese mismo d\u00eda, Maldonado tambi\u00e9n particip\u00f3 en el programa Con la Dra. Controversia, transmitido por El Nuevo Diario TV, donde continu\u00f3 su an\u00e1lisis sobre los desaf\u00edos del nuevo orden mundial, reforzando su compromiso con la divulgaci\u00f3n del pensamiento estrat\u00e9gico y la participaci\u00f3n ciudadana informada.<\/p>\n\n\n\n<p>Adem\u00e1s de su valor acad\u00e9mico, el panel reafirm\u00f3 el rol de la ACIP-RD como espacio de pensamiento cr\u00edtico, producci\u00f3n de conocimiento y an\u00e1lisis multidisciplinario, proyectando a la ciencia pol\u00edtica como una herramienta clave para entender los procesos globales que inciden en el presente y futuro de la regi\u00f3n, la polit\u00f3loga Angely Moreno concluy\u00f3:<\/p>\n\n\n\n<p>\u00abEntender el escenario geopol\u00edtico global es clave para que los pa\u00edses del Caribe y Am\u00e9rica Latina puedan posicionarse con mayor autonom\u00eda y visi\u00f3n estrat\u00e9gica en los a\u00f1os por venir\u00bb, concluy\u00f3.<\/p>\n\n\n\n<p>Finalmente, el Mayor General (R) Miguel Cordero resalt\u00f3 la necesidad de que estos espacios de reflexi\u00f3n se multipliquen, indicando:<\/p>\n\n\n\n<p>\u00abEl estudio riguroso de la geopol\u00edtica es fundamental para dise\u00f1ar estrategias de defensa nacional eficaces, adaptadas a un contexto de amenazas cada vez m\u00e1s complejas y cambiantes\u00bb.<\/p>\n\n\n\n<p>A los panelistas los acompa\u00f1aron polit\u00f3logos, comunicadores, l\u00edderes pol\u00edticos, estudiantes y miembros de la comunidad, interesados en conocer el nuevo reordenamiento mundial y su impacto en la Rep\u00fablica Dominicana.<\/p>\n\n\n\n<p>Fuente: Prensa ACIP-RD A los panelistas los acompa\u00f1aron polit\u00f3logos, comunicadores, l\u00edderes pol\u00edticos, estudiantes y miembros de la comunidad, interesados en conocer el nuevo reordenamiento mundial y su impacto en la Rep\u00fablica Dominicana.<\/p>\n\n\n\n<p>Fuente: Prensa ACIP-RD<\/p>\n","protected":false},"excerpt":{"rendered":"<p>Panelistas expertos hablan sobre BRICS, OTAN, el G7 y la rivalidad entre Estados Unidos y China: claves del nuevo tablero mundial. La Universidad Aut\u00f3noma de Santo Domingo (UASD), en coordinaci\u00f3n&hellip;<\/p>\n","protected":false},"author":10,"featured_media":104838,"comment_status":"open","ping_status":"open","sticky":false,"template":"","format":"standard","meta":{"content-type":"","jetpack_post_was_ever_published":false,"_jetpack_newsletter_access":"","_jetpack_dont_email_post_to_subs":false,"_jetpack_newsletter_tier_id":0,"_jetpack_memberships_contains_paywalled_content":false,"_jetpack_memberships_contains_paid_content":false,"footnotes":""},"categories":[16559,25],"tags":[1139,589,2847,9281,22234,3821,4474,5223,1765],"class_list":["post-104837","post","type-post","status-publish","format-standard","has-post-thumbnail","hentry","category-politica","category-portada","tag-asociacion","tag-brics","tag-ciencias-politicas","tag-g7","tag-geopoliticas","tag-globales","tag-otan","tag-tensiones","tag-uasd"],"jetpack_featured_media_url":"https:\/\/lasprimeras.com.do\/wp-content\/uploads\/2025\/07\/Portada-de-la-Noticia.jpg","jetpack-related-posts":[{"id":104620,"url":"https:\/\/lasprimeras.com.do\/index.php\/2025\/07\/25\/asociacion-de-ciencias-politicas-analiza-las-tensiones-geopoliticas-globales\/","url_meta":{"origin":104837,"position":0},"title":"Asociaci\u00f3n de Ciencias Pol\u00edticas analiza las tensiones geopol\u00edticas globales","author":"Nelson Feliz","date":"25 de julio de 2025","format":false,"excerpt":"El panel abord\u00f3 el papel de los BRICS, la OTAN, el G7 y la creciente rivalidad entre China y Estados Unidos, ejes clave del nuevo tablero mundial. La Asociaci\u00f3n de Ciencias Pol\u00edticas de la Rep\u00fablica Dominicana (ACIP-RD) celebr\u00f3 con \u00e9xito el panel titulado \u201cGeopol\u00edtica en tensi\u00f3n: Nuevas potencias, viejos conflictos\u2026","rel":"","context":"En \u00abPOLITICA\u00bb","block_context":{"text":"POLITICA","link":"https:\/\/lasprimeras.com.do\/index.php\/category\/politica\/"},"img":{"alt_text":"","src":"https:\/\/i0.wp.com\/lasprimeras.com.do\/wp-content\/uploads\/2025\/07\/encuentro.jpg?resize=350%2C200&ssl=1","width":350,"height":200,"srcset":"https:\/\/i0.wp.com\/lasprimeras.com.do\/wp-content\/uploads\/2025\/07\/encuentro.jpg?resize=350%2C200&ssl=1 1x, https:\/\/i0.wp.com\/lasprimeras.com.do\/wp-content\/uploads\/2025\/07\/encuentro.jpg?resize=525%2C300&ssl=1 1.5x, https:\/\/i0.wp.com\/lasprimeras.com.do\/wp-content\/uploads\/2025\/07\/encuentro.jpg?resize=700%2C400&ssl=1 2x"},"classes":[]},{"id":103310,"url":"https:\/\/lasprimeras.com.do\/index.php\/2025\/07\/14\/juan-gonzalez-advierte-que-trump-podria-estar-perdiendo-la-paciencia-con-putin\/","url_meta":{"origin":104837,"position":1},"title":"Juan Gonz\u00e1lez advierte que Trump podr\u00eda estar perdiendo la paciencia con Putin","author":"Nelson Feliz","date":"14 de julio de 2025","format":false,"excerpt":"El polit\u00f3logo y profesor de Ciencias Pol\u00edticas de la Universidad Aut\u00f3noma de Santo Domingo (UASD), Juan Gonz\u00e1lez, advirti\u00f3 que ante el avance militar de Rusia en Ucrania, con el apoyo de Corea del Norte y la consolidaci\u00f3n del eje geopol\u00edtico entre Mosc\u00fa y Pek\u00edn, el presidente de Estados Unidos, Donald\u2026","rel":"","context":"En \u00abPOLITICA\u00bb","block_context":{"text":"POLITICA","link":"https:\/\/lasprimeras.com.do\/index.php\/category\/politica\/"},"img":{"alt_text":"","src":"https:\/\/i0.wp.com\/lasprimeras.com.do\/wp-content\/uploads\/2025\/07\/Juan-Gonzalez.jpg?resize=350%2C200&ssl=1","width":350,"height":200,"srcset":"https:\/\/i0.wp.com\/lasprimeras.com.do\/wp-content\/uploads\/2025\/07\/Juan-Gonzalez.jpg?resize=350%2C200&ssl=1 1x, https:\/\/i0.wp.com\/lasprimeras.com.do\/wp-content\/uploads\/2025\/07\/Juan-Gonzalez.jpg?resize=525%2C300&ssl=1 1.5x, https:\/\/i0.wp.com\/lasprimeras.com.do\/wp-content\/uploads\/2025\/07\/Juan-Gonzalez.jpg?resize=700%2C400&ssl=1 2x"},"classes":[]},{"id":124164,"url":"https:\/\/lasprimeras.com.do\/index.php\/2026\/03\/09\/oro-energia-y-la-nueva-geopolitica-mundial\/","url_meta":{"origin":104837,"position":2},"title":"Oro, energ\u00eda y la nueva geopol\u00edtica mundial","author":"Nelson Feliz","date":"9 de marzo de 2026","format":false,"excerpt":"Por Tito Olivo El mundo atraviesa una fase de profundas transformaciones geopol\u00edticas. Las tensiones entre las grandes potencias, los conflictos en Medio Oriente y la creciente competencia por recursos estrat\u00e9gicos est\u00e1n configurando un nuevo escenario internacional que tendr\u00e1 importantes consecuencias econ\u00f3micas y pol\u00edticas. En este contexto, dos factores han vuelto\u2026","rel":"","context":"En \u00abOPINI\u00d3N\u00bb","block_context":{"text":"OPINI\u00d3N","link":"https:\/\/lasprimeras.com.do\/index.php\/category\/opinion\/"},"img":{"alt_text":"","src":"https:\/\/i0.wp.com\/lasprimeras.com.do\/wp-content\/uploads\/2026\/01\/oro.jpg?resize=350%2C200&ssl=1","width":350,"height":200,"srcset":"https:\/\/i0.wp.com\/lasprimeras.com.do\/wp-content\/uploads\/2026\/01\/oro.jpg?resize=350%2C200&ssl=1 1x, https:\/\/i0.wp.com\/lasprimeras.com.do\/wp-content\/uploads\/2026\/01\/oro.jpg?resize=525%2C300&ssl=1 1.5x, https:\/\/i0.wp.com\/lasprimeras.com.do\/wp-content\/uploads\/2026\/01\/oro.jpg?resize=700%2C400&ssl=1 2x"},"classes":[]},{"id":124236,"url":"https:\/\/lasprimeras.com.do\/index.php\/2026\/03\/09\/analisis-del-contexto-geopolitico-mundial-crisis-enfrentamientos-en-curso-y-prospectivas-del-sistema-internacional\/","url_meta":{"origin":104837,"position":3},"title":"An\u00e1lisis del contexto geopol\u00edtico mundial: crisis, enfrentamientos en curso y prospectivas del sistema internacional","author":"Nelson Feliz","date":"9 de marzo de 2026","format":false,"excerpt":"Por: Justo Del Orbe Introducci\u00f3n El sistema internacional atraviesa una fase de transformaci\u00f3n estructural caracterizada por una creciente fragmentaci\u00f3n del poder global, el resurgimiento de rivalidades entre grandes potencias y la multiplicaci\u00f3n de conflictos regionales. A diferencia del per\u00edodo posterior a la Guerra Fr\u00eda, el escenario actual no est\u00e1 dominado\u2026","rel":"","context":"En \u00abOPINI\u00d3N\u00bb","block_context":{"text":"OPINI\u00d3N","link":"https:\/\/lasprimeras.com.do\/index.php\/category\/opinion\/"},"img":{"alt_text":"Justo Del Orbe","src":"https:\/\/i0.wp.com\/lasprimeras.com.do\/wp-content\/uploads\/2026\/03\/Justo-Del-Orbe.jpg?resize=350%2C200&ssl=1","width":350,"height":200},"classes":[]},{"id":116549,"url":"https:\/\/lasprimeras.com.do\/index.php\/2025\/11\/30\/enfoque-geopolitico-contextual-del-continente-americano-conflictos-crisis-y-diplomacia\/","url_meta":{"origin":104837,"position":4},"title":"Enfoque geopol\u00edtico contextual del Continente Americano: conflictos, crisis y diplomacia","author":"Nelson Feliz","date":"30 de noviembre de 2025","format":false,"excerpt":"Por: Justo Del Orbe El Continente Americano vive una de las etapas geopol\u00edticas m\u00e1s complejas desde el fin de la Guerra Fr\u00eda. Aunque la regi\u00f3n contin\u00faa alejada de grandes guerras entre Estados, el panorama continental est\u00e1 marcado por conflictos h\u00edbridos, crisis pol\u00edticas profundas, tensiones diplom\u00e1ticas y un reacomodo estrat\u00e9gico impulsado\u2026","rel":"","context":"En \u00abOPINI\u00d3N\u00bb","block_context":{"text":"OPINI\u00d3N","link":"https:\/\/lasprimeras.com.do\/index.php\/category\/opinion\/"},"img":{"alt_text":"","src":"","width":0,"height":0},"classes":[]},{"id":101493,"url":"https:\/\/lasprimeras.com.do\/index.php\/2025\/06\/22\/fundacion-el-democrata-presenta-a-escritor-y-geopolitico-pedro-banos-bajo\/","url_meta":{"origin":104837,"position":5},"title":"Fundaci\u00f3n El Dem\u00f3crata presenta a escritor y geopol\u00edtico Pedro Ba\u00f1os Bajo","author":"Nelson Feliz","date":"22 de junio de 2025","format":false,"excerpt":"Ba\u00f1os Bajos presentar\u00e1 en el pa\u00eds su m\u00e1s reciente obra \"Geohispanidad\". La Fundaci\u00f3n El Dem\u00f3crata, como una iniciativa para impulsar el debate de los temas globales de mayor incidencia en el actual contexto hist\u00f3rico, y mejorar el debate de ideas en los medios de comunicaci\u00f3n, present\u00f3 este s\u00e1bado al reconocido\u2026","rel":"","context":"En \u00abNACIONALES\u00bb","block_context":{"text":"NACIONALES","link":"https:\/\/lasprimeras.com.do\/index.php\/category\/nacionales\/"},"img":{"alt_text":"","src":"https:\/\/i0.wp.com\/lasprimeras.com.do\/wp-content\/uploads\/2025\/06\/democrata.jpg?resize=350%2C200&ssl=1","width":350,"height":200,"srcset":"https:\/\/i0.wp.com\/lasprimeras.com.do\/wp-content\/uploads\/2025\/06\/democrata.jpg?resize=350%2C200&ssl=1 1x, https:\/\/i0.wp.com\/lasprimeras.com.do\/wp-content\/uploads\/2025\/06\/democrata.jpg?resize=525%2C300&ssl=1 1.5x, https:\/\/i0.wp.com\/lasprimeras.com.do\/wp-content\/uploads\/2025\/06\/democrata.jpg?resize=700%2C400&ssl=1 2x"},"classes":[]}],"jetpack_sharing_enabled":true,"_links":{"self":[{"href":"https:\/\/lasprimeras.com.do\/index.php\/wp-json\/wp\/v2\/posts\/104837","targetHints":{"allow":["GET"]}}],"collection":[{"href":"https:\/\/lasprimeras.com.do\/index.php\/wp-json\/wp\/v2\/posts"}],"about":[{"href":"https:\/\/lasprimeras.com.do\/index.php\/wp-json\/wp\/v2\/types\/post"}],"author":[{"embeddable":true,"href":"https:\/\/lasprimeras.com.do\/index.php\/wp-json\/wp\/v2\/users\/10"}],"replies":[{"embeddable":true,"href":"https:\/\/lasprimeras.com.do\/index.php\/wp-json\/wp\/v2\/comments?post=104837"}],"version-history":[{"count":1,"href":"https:\/\/lasprimeras.com.do\/index.php\/wp-json\/wp\/v2\/posts\/104837\/revisions"}],"predecessor-version":[{"id":104839,"href":"https:\/\/lasprimeras.com.do\/index.php\/wp-json\/wp\/v2\/posts\/104837\/revisions\/104839"}],"wp:featuredmedia":[{"embeddable":true,"href":"https:\/\/lasprimeras.com.do\/index.php\/wp-json\/wp\/v2\/media\/104838"}],"wp:attachment":[{"href":"https:\/\/lasprimeras.com.do\/index.php\/wp-json\/wp\/v2\/media?parent=104837"}],"wp:term":[{"taxonomy":"category","embeddable":true,"href":"https:\/\/lasprimeras.com.do\/index.php\/wp-json\/wp\/v2\/categories?post=104837"},{"taxonomy":"post_tag","embeddable":true,"href":"https:\/\/lasprimeras.com.do\/index.php\/wp-json\/wp\/v2\/tags?post=104837"}],"curies":[{"name":"wp","href":"https:\/\/api.w.org\/{rel}","templated":true}]}}