{"id":104840,"date":"2025-07-28T12:33:55","date_gmt":"2025-07-28T16:33:55","guid":{"rendered":"https:\/\/lasprimeras.com.do\/?p=104840"},"modified":"2025-07-28T12:33:57","modified_gmt":"2025-07-28T16:33:57","slug":"francis-perez-califica-a-luis-abinader-como-un-mitomano-engana-pueblo","status":"publish","type":"post","link":"https:\/\/lasprimeras.com.do\/index.php\/2025\/07\/28\/francis-perez-califica-a-luis-abinader-como-un-mitomano-engana-pueblo\/","title":{"rendered":"Francis P\u00e9rez califica a Luis Abinader como un mit\u00f3mano enga\u00f1a pueblo"},"content":{"rendered":"\n<p>El destacado periodista dominicano y analista pol\u00edtico en televisi\u00f3n y en los medios digitales, Francis P\u00e9rez, calific\u00f3 este lunes al presidente de la Rep\u00fablica, Luis Abinader como un mit\u00f3mano y cuentista que suele con sus mentiras enga\u00f1ar y entretener al pueblo con falsas promesas que no ha podido cumplir en los cinco a\u00f1os que lleva al frente del Estado.<\/p>\n\n\n\n<p>P\u00e9rez, quien aspira a la Direcci\u00f3n Central del partido Fuerza del Pueblo (FP) dijo que Abinader ha recorrido gran parte del pa\u00eds haciendo promesas que luego no puede cumplir al no poseer un plan de car\u00e1cter general, lo que ha llevado a los mun\u00edcipes en las demarcaciones que \u00e9l visita a tildarlo de mentiroso y fabulador, como sucedi\u00f3 recientemente en una comunidad de Bani cuando le dijeron mentiroso.<\/p>\n\n\n\n<p>\u201cSon muchas las obras que se han quedado en el olvido en los gobiernos de Abinader, raz\u00f3n que lleva a la gente a desesperarse y a expresarse negativamente contra \u00e9l y su partido el PRM\u201d, sostuvo.<\/p>\n\n\n\n<p>Expres\u00f3 que los dominicanos estamos viviendo un momento de terror expresado por los altos precios de los productos de primera necesidad que est\u00e1n inalcanzables.<\/p>\n\n\n\n<p>Indic\u00f3 que el gobierno de Abinader ha dejado en el olvido a varios sectores sociales como son los productores de habichuelas y de arroz que han sido pr\u00e1cticamente destruidos al permitir que empresarios amigos de \u00e9l y de su partido importen esos mismos productos que se cosechan aqu\u00ed.<\/p>\n\n\n\n<p>Acot\u00f3 que otro de los aspectos de lo negativos de los gobiernos de Abinader para el pueblo son los altos precios de los materiales de construcci\u00f3n que est\u00e1n por el cielo e impiden que los pobres no se embarquen en la construcci\u00f3n de viviendas para albergar a sus familiares.<\/p>\n\n\n\n<p>\u201cLos gobiernos de Abinader han sido una retranca para el desarrollo y progreso del pueblo dominicano. Este es un pa\u00eds que en materia de los servicios p\u00fablicos ha retrocedido como nunca, pero tambi\u00e9n en la seguridad ciudadana, los servicios en los hospitales y el 9\/11\u201d, subray\u00f3.<\/p>\n\n\n\n<p>Puntualiz\u00f3 que Abinader prometi\u00f3 en sus campa\u00f1as electorales inundar al pa\u00eds de microempresa con el objetivo de crear una din\u00e1mica econ\u00f3mica favorable al pueblo reduciendo el desempleo.<\/p>\n\n\n\n<p>\u201cPero aqu\u00ed ahora mismo los pobres no consiguen ni un peso, porque todo es para los popis al igual que Abinader\u201d, agreg\u00f3.<\/p>\n\n\n\n<p>Inst\u00f3 al pueblo dominicano a cerrar fila en la FP junto a Leonel Fern\u00e1ndez para que sea \u00e9l con su visi\u00f3n de Estado, el que retome a partir del 2028 la ruta del progreso con equidad cuando gane las elecciones.<\/p>\n","protected":false},"excerpt":{"rendered":"<p>El destacado periodista dominicano y analista pol\u00edtico en televisi\u00f3n y en los medios digitales, Francis P\u00e9rez, calific\u00f3 este lunes al presidente de la Rep\u00fablica, Luis Abinader como un mit\u00f3mano y&hellip;<\/p>\n","protected":false},"author":10,"featured_media":104841,"comment_status":"open","ping_status":"open","sticky":false,"template":"","format":"standard","meta":{"content-type":"","jetpack_post_was_ever_published":false,"_jetpack_newsletter_access":"","_jetpack_dont_email_post_to_subs":false,"_jetpack_newsletter_tier_id":0,"_jetpack_memberships_contains_paywalled_content":false,"_jetpack_memberships_contains_paid_content":false,"footnotes":""},"categories":[16559],"tags":[22350,22348,22347,67,22349,604,1379],"class_list":["post-104840","post","type-post","status-publish","format-standard","has-post-thumbnail","hentry","category-politica","tag-cuentista","tag-engana","tag-francis-perez","tag-luis-abinader","tag-mitomano","tag-periodista","tag-pueblo"],"jetpack_featured_media_url":"https:\/\/lasprimeras.com.do\/wp-content\/uploads\/2025\/07\/Francis-Perez.jpg","jetpack-related-posts":[{"id":107377,"url":"https:\/\/lasprimeras.com.do\/index.php\/2025\/08\/26\/victor-pavon-tilda-a-luis-abinader-como-uno-de-los-peores-gobernantes-de-rd\/","url_meta":{"origin":104840,"position":0},"title":"V\u00edctor Pav\u00f3n tilda a Luis Abinader como uno de los peores gobernantes de RD","author":"Nelson Feliz","date":"26 de agosto de 2025","format":false,"excerpt":"Autor Francis P\u00e9rez El empresario y dirigente nacional del partido Fuerza del Pueblo (FP) V\u00edctor Pav\u00f3n, calific\u00f3 hoy al presidente Luis Abinader como uno de los peores mandatarios que ha pasado por el pa\u00eds. \"No solo por haber permitido con sus acciones incorrectas desde el gobierno que se detenga el\u2026","rel":"","context":"En \u00abPOLITICA\u00bb","block_context":{"text":"POLITICA","link":"https:\/\/lasprimeras.com.do\/index.php\/category\/politica\/"},"img":{"alt_text":"V\u00edctor Pav\u00f3n","src":"https:\/\/i0.wp.com\/lasprimeras.com.do\/wp-content\/uploads\/2025\/08\/Victor-Pavon-2.jpg?resize=350%2C200&ssl=1","width":350,"height":200,"srcset":"https:\/\/i0.wp.com\/lasprimeras.com.do\/wp-content\/uploads\/2025\/08\/Victor-Pavon-2.jpg?resize=350%2C200&ssl=1 1x, https:\/\/i0.wp.com\/lasprimeras.com.do\/wp-content\/uploads\/2025\/08\/Victor-Pavon-2.jpg?resize=525%2C300&ssl=1 1.5x, https:\/\/i0.wp.com\/lasprimeras.com.do\/wp-content\/uploads\/2025\/08\/Victor-Pavon-2.jpg?resize=700%2C400&ssl=1 2x"},"classes":[]},{"id":72861,"url":"https:\/\/lasprimeras.com.do\/index.php\/2024\/01\/03\/fuerza-del-pueblo-califica-de-vulgar-engano-decreto-de-abinader-regula-publicidad\/","url_meta":{"origin":104840,"position":1},"title":"Fuerza del Pueblo califica de vulgar enga\u00f1o decreto de Abinader \u201cregula\u201d publicidad","author":"Nelson Feliz","date":"3 de enero de 2024","format":false,"excerpt":"El Comit\u00e9 Nacional de Campa\u00f1a del partido Fuerza del Pueblo (FP) calific\u00f3 como un vulgar enga\u00f1o el decreto emitido por el presidente reeleccionista Luis Abinader, pretendiendo hacer creer que la publicidad oficial ser\u00eda controlada. Dijo que el mismo d\u00eda en que el gobierno da a conocer ese decreto que regula\u2026","rel":"","context":"En \u00abPORTADA\u00bb","block_context":{"text":"PORTADA","link":"https:\/\/lasprimeras.com.do\/index.php\/category\/portada\/"},"img":{"alt_text":"Fuerza del Pueblo re\u00fane su Direcci\u00f3n Central este s\u00e1bado","src":"https:\/\/i0.wp.com\/lasprimeras.com.do\/wp-content\/uploads\/2023\/06\/Leonel-Fernandez-5.jpg?resize=350%2C200&ssl=1","width":350,"height":200,"srcset":"https:\/\/i0.wp.com\/lasprimeras.com.do\/wp-content\/uploads\/2023\/06\/Leonel-Fernandez-5.jpg?resize=350%2C200&ssl=1 1x, https:\/\/i0.wp.com\/lasprimeras.com.do\/wp-content\/uploads\/2023\/06\/Leonel-Fernandez-5.jpg?resize=525%2C300&ssl=1 1.5x, https:\/\/i0.wp.com\/lasprimeras.com.do\/wp-content\/uploads\/2023\/06\/Leonel-Fernandez-5.jpg?resize=700%2C400&ssl=1 2x"},"classes":[]},{"id":107450,"url":"https:\/\/lasprimeras.com.do\/index.php\/2025\/08\/27\/jose-frank-pena-guaba-el-gobierno-atraviesa-su-peor-crisis\/","url_meta":{"origin":104840,"position":2},"title":"Jos\u00e9 Frank Pe\u00f1a Guaba: \u201cEl Gobierno atraviesa su peor crisis\u201d","author":"Nelson Feliz","date":"27 de agosto de 2025","format":false,"excerpt":"El presidente del Bloque Institucional Socialdem\u00f3crata (BIS), Jos\u00e9 Francisco Pe\u00f1a Guaba, asegur\u00f3 que el Gobierno de Luis Abinader, atraviesa su peor etapa, al considerar que existe un \u201cdivorcio real y definitivo entre el gobierno y el pueblo\u201d. \u201cEl Gobierno est\u00e1 entrando en su peor crisis\u201d, afirm\u00f3 el dirigente pol\u00edtico, tras\u2026","rel":"","context":"En \u00abPOLITICA\u00bb","block_context":{"text":"POLITICA","link":"https:\/\/lasprimeras.com.do\/index.php\/category\/politica\/"},"img":{"alt_text":"","src":"https:\/\/i0.wp.com\/lasprimeras.com.do\/wp-content\/uploads\/2025\/08\/WhatsApp-Image-2025-08-25-at-1.48.26-PM.jpeg?resize=350%2C200&ssl=1","width":350,"height":200,"srcset":"https:\/\/i0.wp.com\/lasprimeras.com.do\/wp-content\/uploads\/2025\/08\/WhatsApp-Image-2025-08-25-at-1.48.26-PM.jpeg?resize=350%2C200&ssl=1 1x, https:\/\/i0.wp.com\/lasprimeras.com.do\/wp-content\/uploads\/2025\/08\/WhatsApp-Image-2025-08-25-at-1.48.26-PM.jpeg?resize=525%2C300&ssl=1 1.5x, https:\/\/i0.wp.com\/lasprimeras.com.do\/wp-content\/uploads\/2025\/08\/WhatsApp-Image-2025-08-25-at-1.48.26-PM.jpeg?resize=700%2C400&ssl=1 2x, https:\/\/i0.wp.com\/lasprimeras.com.do\/wp-content\/uploads\/2025\/08\/WhatsApp-Image-2025-08-25-at-1.48.26-PM.jpeg?resize=1050%2C600&ssl=1 3x, https:\/\/i0.wp.com\/lasprimeras.com.do\/wp-content\/uploads\/2025\/08\/WhatsApp-Image-2025-08-25-at-1.48.26-PM.jpeg?resize=1400%2C800&ssl=1 4x"},"classes":[]},{"id":111298,"url":"https:\/\/lasprimeras.com.do\/index.php\/2025\/10\/07\/juan-ariel-jimenez-las-mentiras-que-propaga-el-presidente-abinader\/","url_meta":{"origin":104840,"position":3},"title":"Juan Ariel Jim\u00e9nez: Las Mentiras que propaga el presidente Abinader","author":"Nelson Feliz","date":"7 de octubre de 2025","format":false,"excerpt":"Juan Ariel Jim\u00e9nez califica de mentiras las cifras presentadas por el presidente Abinader, pretendiendo refutar al PLD. El economista Juan Ariel Jim\u00e9nez, quien es miembro del Comit\u00e9 Pol\u00edtico del Partido de la Liberaci\u00f3n Dominicana (PLD), calific\u00f3 de falsas las cifras presentadas por el Presidente Luis Abinader, tratando de refutar las\u2026","rel":"","context":"En \u00abPOLITICA\u00bb","block_context":{"text":"POLITICA","link":"https:\/\/lasprimeras.com.do\/index.php\/category\/politica\/"},"img":{"alt_text":"","src":"https:\/\/i0.wp.com\/lasprimeras.com.do\/wp-content\/uploads\/2025\/08\/Juan-Ariel-Jimenez.jpg?resize=350%2C200&ssl=1","width":350,"height":200,"srcset":"https:\/\/i0.wp.com\/lasprimeras.com.do\/wp-content\/uploads\/2025\/08\/Juan-Ariel-Jimenez.jpg?resize=350%2C200&ssl=1 1x, https:\/\/i0.wp.com\/lasprimeras.com.do\/wp-content\/uploads\/2025\/08\/Juan-Ariel-Jimenez.jpg?resize=525%2C300&ssl=1 1.5x, https:\/\/i0.wp.com\/lasprimeras.com.do\/wp-content\/uploads\/2025\/08\/Juan-Ariel-Jimenez.jpg?resize=700%2C400&ssl=1 2x"},"classes":[]},{"id":72947,"url":"https:\/\/lasprimeras.com.do\/index.php\/2024\/01\/04\/fp-califica-de-vulgar-engano-decreto-que-regula-publicidad\/","url_meta":{"origin":104840,"position":4},"title":"FP califica de \u00abvulgar enga\u00f1o\u00bb decreto que regula publicidad","author":"BIMARY DE JES\u00daS Matos","date":"4 de enero de 2024","format":false,"excerpt":"Santo Domingo.- El Comit\u00e9 Nacional de Campa\u00f1a del partido Fuerza del Pueblo (FP) califica como \u00abun vulgar enga\u00f1o\u00bb el decreto emitido por el presidente Luis Abinader para regular la publicidad. Dijo que el mismo d\u00eda en que el gobierno da a conocer ese decreto que regula la publicidad oficial, Luis\u2026","rel":"","context":"En \u00abSin categor\u00eda\u00bb","block_context":{"text":"Sin categor\u00eda","link":"https:\/\/lasprimeras.com.do\/index.php\/category\/sin-categoria\/"},"img":{"alt_text":"","src":"https:\/\/i0.wp.com\/lasprimeras.com.do\/wp-content\/uploads\/2024\/01\/Noticias-de-energia-2024-01-04T083335.106-1.jpg?resize=350%2C200&ssl=1","width":350,"height":200,"srcset":"https:\/\/i0.wp.com\/lasprimeras.com.do\/wp-content\/uploads\/2024\/01\/Noticias-de-energia-2024-01-04T083335.106-1.jpg?resize=350%2C200&ssl=1 1x, https:\/\/i0.wp.com\/lasprimeras.com.do\/wp-content\/uploads\/2024\/01\/Noticias-de-energia-2024-01-04T083335.106-1.jpg?resize=525%2C300&ssl=1 1.5x, https:\/\/i0.wp.com\/lasprimeras.com.do\/wp-content\/uploads\/2024\/01\/Noticias-de-energia-2024-01-04T083335.106-1.jpg?resize=700%2C400&ssl=1 2x"},"classes":[]},{"id":57869,"url":"https:\/\/lasprimeras.com.do\/index.php\/2023\/08\/16\/yo-repudio-el-anuncio-de-reeleccion-de-luis-abinader-promesas-incumplidas-y-engano-politico\/","url_meta":{"origin":104840,"position":5},"title":"Yo repudio el anuncio de reelecci\u00f3n de Luis Abinader: Promesas incumplidas y enga\u00f1o pol\u00edtico","author":"Nelson Feliz","date":"16 de agosto de 2023","format":false,"excerpt":"Por Felipe Lora Longo En un lamentable episodio de enga\u00f1o pol\u00edtico y simulaci\u00f3n, el presidente Luis Abinader ha anunciado su intenci\u00f3n de buscar la reelecci\u00f3n en las elecciones del 2024 a trav\u00e9s de un video en el que se jacta de supuestas promesas cumplidas y logros alcanzados por su gobierno.\u2026","rel":"","context":"En \u00abOPINI\u00d3N\u00bb","block_context":{"text":"OPINI\u00d3N","link":"https:\/\/lasprimeras.com.do\/index.php\/category\/opinion\/"},"img":{"alt_text":"Felipe Lora Longo","src":"https:\/\/i0.wp.com\/lasprimeras.com.do\/wp-content\/uploads\/2023\/06\/Felipe-Lora-Longo.jpg?resize=350%2C200&ssl=1","width":350,"height":200,"srcset":"https:\/\/i0.wp.com\/lasprimeras.com.do\/wp-content\/uploads\/2023\/06\/Felipe-Lora-Longo.jpg?resize=350%2C200&ssl=1 1x, https:\/\/i0.wp.com\/lasprimeras.com.do\/wp-content\/uploads\/2023\/06\/Felipe-Lora-Longo.jpg?resize=525%2C300&ssl=1 1.5x, https:\/\/i0.wp.com\/lasprimeras.com.do\/wp-content\/uploads\/2023\/06\/Felipe-Lora-Longo.jpg?resize=700%2C400&ssl=1 2x"},"classes":[]}],"jetpack_sharing_enabled":true,"_links":{"self":[{"href":"https:\/\/lasprimeras.com.do\/index.php\/wp-json\/wp\/v2\/posts\/104840","targetHints":{"allow":["GET"]}}],"collection":[{"href":"https:\/\/lasprimeras.com.do\/index.php\/wp-json\/wp\/v2\/posts"}],"about":[{"href":"https:\/\/lasprimeras.com.do\/index.php\/wp-json\/wp\/v2\/types\/post"}],"author":[{"embeddable":true,"href":"https:\/\/lasprimeras.com.do\/index.php\/wp-json\/wp\/v2\/users\/10"}],"replies":[{"embeddable":true,"href":"https:\/\/lasprimeras.com.do\/index.php\/wp-json\/wp\/v2\/comments?post=104840"}],"version-history":[{"count":1,"href":"https:\/\/lasprimeras.com.do\/index.php\/wp-json\/wp\/v2\/posts\/104840\/revisions"}],"predecessor-version":[{"id":104842,"href":"https:\/\/lasprimeras.com.do\/index.php\/wp-json\/wp\/v2\/posts\/104840\/revisions\/104842"}],"wp:featuredmedia":[{"embeddable":true,"href":"https:\/\/lasprimeras.com.do\/index.php\/wp-json\/wp\/v2\/media\/104841"}],"wp:attachment":[{"href":"https:\/\/lasprimeras.com.do\/index.php\/wp-json\/wp\/v2\/media?parent=104840"}],"wp:term":[{"taxonomy":"category","embeddable":true,"href":"https:\/\/lasprimeras.com.do\/index.php\/wp-json\/wp\/v2\/categories?post=104840"},{"taxonomy":"post_tag","embeddable":true,"href":"https:\/\/lasprimeras.com.do\/index.php\/wp-json\/wp\/v2\/tags?post=104840"}],"curies":[{"name":"wp","href":"https:\/\/api.w.org\/{rel}","templated":true}]}}