{"id":104843,"date":"2025-07-28T12:46:45","date_gmt":"2025-07-28T16:46:45","guid":{"rendered":"https:\/\/lasprimeras.com.do\/?p=104843"},"modified":"2025-07-28T12:46:46","modified_gmt":"2025-07-28T16:46:46","slug":"lidio-cadet-este-gobierno-es-una-pesadilla","status":"publish","type":"post","link":"https:\/\/lasprimeras.com.do\/index.php\/2025\/07\/28\/lidio-cadet-este-gobierno-es-una-pesadilla\/","title":{"rendered":"Lidio Cadet: \u201cEste Gobierno es una pesadilla\u201d"},"content":{"rendered":"\n<p>El miembro del Comit\u00e9 Pol\u00edtico del Partido de la Liberaci\u00f3n Dominicana (PLD), Lidio Cadet, afirm\u00f3 que el Gobierno del presidente Luis Abinader ha sido \u201cuna pesadilla\u201d para el pueblo dominicano, y asegur\u00f3 que su partido regresar\u00e1 al poder en las elecciones del 2028.<\/p>\n\n\n\n<p>\u201cEl Partido de la Liberaci\u00f3n Dominicana est\u00e1 trabajando d\u00eda y noche para constituirse en la real opci\u00f3n de poder y dejar atr\u00e1s esta pesadilla que nos ha colocado en una situaci\u00f3n tan dif\u00edcil\u201d, declar\u00f3 Cadet.<\/p>\n\n\n\n<p>Durante una entrevista en el programa Matutino Su Mundo, Cadet, quien tambi\u00e9n coordina la Comisi\u00f3n de Arbitraje y Unidad de las aspiraciones presidenciales del PLD, expres\u00f3 que la organizaci\u00f3n pol\u00edtica trabaja d\u00eda y noche para convertirse nuevamente en la opci\u00f3n de poder que saque al pa\u00eds de la dif\u00edcil situaci\u00f3n en la que, seg\u00fan \u00e9l, lo ha colocado la actual administraci\u00f3n.<\/p>\n\n\n\n<p>\u201cEl endeudamiento externo que ha provocado este gobierno, que est\u00e1 hipotecando el presente y el futuro del pa\u00eds, es suficiente para decir que ha sido un desprop\u00f3sito, ha sido un fiasco\u201d, sostuvo.<\/p>\n\n\n\n<p>Critic\u00f3 duramente el nivel de endeudamiento externo asumido por el gobierno actual, se\u00f1alando que esto est\u00e1 hipotecando tanto el presente como el futuro de la Rep\u00fablica Dominicana. Afirm\u00f3 que las promesas de campa\u00f1a del PRM \u201cse han tirado al vac\u00edo\u201d.<\/p>\n\n\n\n<p>El PLD volver\u00e1 en 2028<\/p>\n\n\n\n<p>Cadet destac\u00f3 que, como partido, trabajan todo el tiempo para ganarse la simpat\u00eda y el coraz\u00f3n del pueblo dominicano, con el objetivo de ganar las elecciones en 2028.<\/p>\n\n\n\n<p>\u201cNing\u00fan partido que tenga vocaci\u00f3n de poder habla de alianza a tres a\u00f1os de elecciones\u201d, recalc\u00f3.<\/p>\n\n\n\n<p>Destac\u00f3 que un partido trabaja para posicionarse, asegurando que el PLD es la verdadera oposici\u00f3n al gobierno. Tambi\u00e9n se\u00f1al\u00f3 que el expresidente Danilo Medina no tiene candidato y est\u00e1 trabajando para que quien sea escogido llegue al Palacio.<\/p>\n\n\n\n<p>\u201cHa dicho que se va a dedicar en cuerpo y alma al partido para que recupere el espacio pol\u00edtico-electoral necesario y llegue al poder en 2028 con la persona que los compa\u00f1eros escojan\u201d, enfatiz\u00f3.<\/p>\n\n\n\n<p>A principio de gobierno Abinader se reuni\u00f3 con nosotros luego nos llam\u00f3 c\u00fapula corrupta<\/p>\n\n\n\n<p>Cadet record\u00f3 que el presidente Abinader se reuni\u00f3 con Danilo Medina al inicio de su mandato en medio de la pandemia, pero luego acus\u00f3 a la c\u00fapula del PLD de corrupci\u00f3n.<\/p>\n\n\n\n<p>\u201cEso no fue coherente ni noble. Si cree que hay personas corruptas, que las someta, pero no puede generalizar\u201d, enfatiz\u00f3.<\/p>\n\n\n\n<p>De igual modo asegur\u00f3 que tienen la esperanza de que ese esfuerzo conjunto d\u00e9 resultados, y que la comunidad internacional tome nota. Reafirmando que es fundamental que se reconozca que Hait\u00ed forma parte del concierto de naciones y que cualquier problema all\u00ed repercutir\u00e1 en todo el mundo, porque todo est\u00e1 interconectado, como dir\u00eda Einstein, somos energ\u00eda, todo est\u00e1 conectado.<\/p>\n\n\n\n<p>Por ello, apel\u00f3 a que la comunidad internacional tome conciencia, as\u00ed como todos los pa\u00edses que tienen relaci\u00f3n directa con Hait\u00ed, los cuales han sacado ventaja de una u otra forma. Es imprescindible que exista una presencia econ\u00f3mica, social y pol\u00edtica que ayude a que ese estado, al que se le ha calificado como fallido, pueda encontrar un camino para su pueblo.<\/p>\n\n\n\n<p>\u201cLa Rep\u00fablica Dominicana no puede cargar sola con esa responsabilidad, especialmente considerando que a\u00fan enfrentamos niveles de pobreza\u201d, dijo. Resalt\u00f3 que en el gobierno de Danilo Medina, alcanzaron un nivel de econom\u00eda media, encaminada hacia el desarrollo, al punto que la Uni\u00f3n Europea suspendi\u00f3 la ayuda que se le otorgaba, pero la pobreza a\u00fan persiste.<\/p>\n\n\n\n<p>Abinader no dirige un conjunto de \u00e1ngeles<\/p>\n\n\n\n<p>Abinader no dirige un conjunto de \u00e1ngeles. O sea, no son santos ni gente que el Papa tenga que canonizar para entronizarlos en un altar.<\/p>\n\n\n\n<p>\u201cS\u00ed, hay corrupci\u00f3n en este gobierno. \u00bfEs m\u00e1s corrupto que el PLD? Si vamos a hacer una comparaci\u00f3n, no voy a hacerla, pero lo cierto es que en el PRM ya hay dirigentes condenados por narcotr\u00e1fico. Entonces, \u00bfqu\u00e9 quieres que te diga?\u201d, cuestion\u00f3.<\/p>\n\n\n\n<p>\u201cPor eso pienso que el gobierno actual debe entender que no est\u00e1 dirigido por un conjunto de \u00e1ngeles, ni el PLD est\u00e1 dirigido por un conjunto de demonios\u201d, recalc\u00f3.<\/p>\n\n\n\n<p>Este Gobierno tiene condenados por narcotr\u00e1fico<\/p>\n\n\n\n<p>Cadet manifest\u00f3 que este gobierno tiene condenados por narcotr\u00e1fico. resaltando que el PLD no tiene ni un solo condenado hasta ahora, mientras ellos ya tienen dirigentes condenados por este delito, enfatizando que para es la peor manifestaci\u00f3n de corrupci\u00f3n.<\/p>\n\n\n\n<p>\u201cPorque si alguien roba miles de millones, lo aprecian y lo condenan, y tiene que devolverlo. Pero un narcotraficante que se gan\u00f3 miles de millones da\u00f1ando cerebros con la venta de drogas, eso es irreversible, eso no se cura\u201d, asegur\u00f3.<\/p>\n\n\n\n<p>\u201cHay \u00e1ngeles y demonios en todos lados. Yo no voy a calificar al PRM como un \u201cnarcopartido\u201d, sino que digo que ese partido tiene dirigentes condenados. Pero eso no significa que todo el partido sea as\u00ed\u201d, expres\u00f3 Cadet.<\/p>\n\n\n\n<p>En un partido, sea PRM, PRD o PLD, hay mucha gente con dignidad. El hecho de que un grupo cometa errores o infrinja la ley no me lleva a condenar a todo un partido con una generalizaci\u00f3n.<\/p>\n\n\n\n<p>Revel\u00f3 que en el gobierno han habido decenas de personas indicadas o sindicadas, incluso funcionarios del propio gobierno, como el caso de la doctora Milagro, que han cometido actos de corrupci\u00f3n.<\/p>\n\n\n\n<p>\u201cNo nos vamos a cruzar de brazos\u201d sobre decisi\u00f3n de la TSE<\/p>\n\n\n\n<p>Cadet tambi\u00e9n abord\u00f3 la reciente decisi\u00f3n del Tribunal Superior Electoral (TSE) que detuvo el proceso interno de selecci\u00f3n de precandidatos presidenciales.<\/p>\n\n\n\n<p>Indic\u00f3 que el PLD acat\u00f3 la sentencia para preservar el Estado de Derecho, aunque afirm\u00f3 que fue una decisi\u00f3n cuestionable.<\/p>\n\n\n\n<p>\u201cNo nos vamos a cruzar de brazos. Vamos a convertir ese rev\u00e9s legal en una oportunidad para fortalecernos como partido\u201d, puntualiz\u00f3.<\/p>\n\n\n\n<p>Asegur\u00f3 que el PLD es la \u00fanica organizaci\u00f3n con una estructura s\u00f3lida y funcional en todo el pa\u00eds y que seguir\u00e1n avanzando con su reorganizaci\u00f3n interna.<\/p>\n\n\n\n<p>\u201cTrabajamos arduamente para que el tribunal entendiera, a trav\u00e9s de los abogados, que est\u00e1bamos transitando un camino que no era ilegal, bas\u00e1ndonos en la experiencia del 2022\u201d, resalt\u00f3.<\/p>\n\n\n\n<p>Explic\u00f3 que no hab\u00eda nada que hubiese cambiado, y sin embargo, tanto la Junta Central Electoral como el Poder Ejecutivo, junto con otros sectores, respaldaron que el PLD escogiera su aspirante a la presidencia en ese a\u00f1o. Esto, a ra\u00edz de la decisi\u00f3n del Tribunal Superior Electoral que fren\u00f3 la escogencia de candidatos por medio de consultas.<\/p>\n\n\n\n<p>Asimismo, detall\u00f3 que insistieron para que el tribunal comprendiera que no hab\u00eda ilegalidad en el proceso, ya que contaban con la experiencia del 2022 y nada hab\u00eda cambiado. Destac\u00f3 que la Junta Central Electoral y el Poder Ejecutivo respaldaron dicha determinaci\u00f3n.<\/p>\n\n\n\n<p>\u201cNo hab\u00eda raz\u00f3n para impedirlo, porque la autodeterminaci\u00f3n de los partidos, seg\u00fan los estatutos y la Constituci\u00f3n de la Rep\u00fablica, los faculta para realizar consultas internas, algo que fortalece la democracia y que esperaban se entendiera tanto a nivel de la Junta como del tribunal\u201d, argument\u00f3.<\/p>\n\n\n\n<p>Los aspirantes no se pusieron de acuerdo<\/p>\n\n\n\n<p>Revel\u00f3 que esta vez, los aspirantes no lograron ponerse de acuerdo, a diferencia de lo que ocurri\u00f3 en 2022, cuando s\u00ed alcanzaron un consenso.<\/p>\n\n\n\n<p>\u201cLa comisi\u00f3n hizo un gran esfuerzo para que se sentaran a dialogar, definieron la ruta a seguir, el m\u00e9todo, el protocolo y las reglas que deb\u00edan cumplir, pero esto no sucedi\u00f3\u201d, subray\u00f3.<\/p>\n\n\n\n<p>Explic\u00f3 que ante esa situaci\u00f3n, algunos miembros del partido presentaron un recurso ante el tribunal, ya que sin esa acci\u00f3n el tribunal no podr\u00eda actuar de oficio.<\/p>\n\n\n\n<p>Asimismo, manifest\u00f3 que de haber habido un acuerdo unificado entre los aspirantes, sin importar si fuera Abel o cualquier otro, el proceso habr\u00eda avanzado de manera expedita y sin contratiempos.<\/p>\n\n\n\n<p>Sobre Danilo Medina, asegur\u00f3 que su gesti\u00f3n fue transparente y que los casos de corrupci\u00f3n denunciados fueron investigados. Puso como ejemplo los casos de CORDE y el SEA, donde se tomaron medidas correctivas y se enviaron los expedientes al Ministerio P\u00fablico.<\/p>\n\n\n\n<p>Respecto al expresidente Leonel Fern\u00e1ndez, Cadet asegur\u00f3 que este abandon\u00f3 el PLD por no aceptar su derrota interna en las primarias del 2019. \u201cLeonel no est\u00e1 preparado para perder.<\/p>\n\n\n\n<p>El PLD lo hizo presidente tres veces. Se fue porque perdi\u00f3\u201d, dijo, al tiempo que record\u00f3 que Fern\u00e1ndez apoy\u00f3 posteriormente al presidente Abinader.<\/p>\n\n\n\n<p>Leonel se fue porque fue derrotado, no est\u00e1 preparado para perder<\/p>\n\n\n\n<p>Cadet atribuy\u00f3 la salida de Leonel Fern\u00e1ndez del PLD a que no acept\u00f3 su derrota en las elecciones internas. \u201cLeonel se fue porque fue derrotado internamente, no porque hubo trampas.<\/p>\n\n\n\n<p>La Junta Central Electoral dirigi\u00f3 el proceso con transparencia y pulcritud. No hubo prueba alguna de votos ilegales\u201d, se\u00f1al\u00f3.<\/p>\n\n\n\n<p>Agreg\u00f3 que Fern\u00e1ndez deber\u00eda estar agradecido con el PLD, ya que fue impulsado por el partido para llegar a la vicepresidencia y, posteriormente, a la presidencia en tres ocasiones.<\/p>\n\n\n\n<p>\u201cLeonel no est\u00e1 preparado para perder y por eso no acept\u00f3 el resultado, adem\u00e1s apoy\u00f3 luego al presidente Abinader, contrario al PLD\u201d, afirm\u00f3.<\/p>\n\n\n\n<p>En la corrupci\u00f3n no debe haber prescripci\u00f3n<\/p>\n\n\n\n<p>Sobre el C\u00f3digo penal Cadet, afirm\u00f3 que la corrupci\u00f3n no debe tener prescripci\u00f3n y defendi\u00f3 la gesti\u00f3n \u00e9tica del expresidente Danilo Medina, al tiempo que explic\u00f3 las razones por las cuales el expresidente Leonel Fern\u00e1ndez abandon\u00f3 la organizaci\u00f3n.<\/p>\n\n\n\n<p>Destac\u00f3 que la reforma al C\u00f3digo Penal comenz\u00f3 tras la Constituci\u00f3n de 2010, pero que el debate tom\u00f3 mayor fuerza despu\u00e9s, aunque reconoci\u00f3 que a\u00fan no hay consenso en toda la sociedad.<\/p>\n\n\n\n<p>Sin embargo, expres\u00f3 su esperanza de que la reforma que finalmente se apruebe sea un avance real, adaptado a los nuevos tiempos.<\/p>\n\n\n\n<p>\u201cCuando se comete un acto de corrupci\u00f3n, no debe haber prescripci\u00f3n. Mientras exista la posibilidad de que el culpable rinda cuentas ante la justicia, ese proceso debe llevarse a cabo\u201d, sostuvo.<\/p>\n\n\n\n<p>Finalmente, destac\u00f3 que el expresidente Danilo Medina no tiene un candidato favorito y que ha expresado su compromiso de trabajar por el aspirante que sea escogido democr\u00e1ticamente.<\/p>\n\n\n\n<p>\u201cVoy a dedicarme en cuerpo y alma para que el partido recupere el poder en el 2028\u201d, habr\u00eda dicho Medina seg\u00fan Cadet.<\/p>\n","protected":false},"excerpt":{"rendered":"<p>El miembro del Comit\u00e9 Pol\u00edtico del Partido de la Liberaci\u00f3n Dominicana (PLD), Lidio Cadet, afirm\u00f3 que el Gobierno del presidente Luis Abinader ha sido \u201cuna pesadilla\u201d para el pueblo dominicano,&hellip;<\/p>\n","protected":false},"author":10,"featured_media":104844,"comment_status":"open","ping_status":"open","sticky":false,"template":"","format":"standard","meta":{"content-type":"","jetpack_post_was_ever_published":false,"_jetpack_newsletter_access":"","_jetpack_dont_email_post_to_subs":false,"_jetpack_newsletter_tier_id":0,"_jetpack_memberships_contains_paywalled_content":false,"_jetpack_memberships_contains_paid_content":false,"footnotes":""},"categories":[16559,25],"tags":[171,18603,22351,269,11483],"class_list":["post-104843","post","type-post","status-publish","format-standard","has-post-thumbnail","hentry","category-politica","category-portada","tag-gobierno","tag-lidio-cadet","tag-pesadilla","tag-pld","tag-pueblo-dominicano"],"jetpack_featured_media_url":"https:\/\/lasprimeras.com.do\/wp-content\/uploads\/2025\/07\/Lidio-Cadet.jpg","jetpack-related-posts":[{"id":95990,"url":"https:\/\/lasprimeras.com.do\/index.php\/2025\/03\/23\/comision-del-pld-visita-a-abel-martinez\/","url_meta":{"origin":104843,"position":0},"title":"Comisi\u00f3n del PLD visita a Abel Mart\u00ednez","author":"Nelson Feliz","date":"23 de marzo de 2025","format":false,"excerpt":"La Comisi\u00f3n de Arbitraje y Unidad del Partido de la Liberaci\u00f3n Dominicana (PLD) se re\u00fane con Abel Mart\u00ednez. La Comisi\u00f3n de Arbitraje y Unidad en las aspiraciones a la candidatura presidencial del Partido de la Liberaci\u00f3n Dominicana (PLD), gir\u00f3 una visita a Abel Mart\u00ednez, miembro del Comit\u00e9 Pol\u00edtico, pasado candidato\u2026","rel":"","context":"En \u00abPOLITICA\u00bb","block_context":{"text":"POLITICA","link":"https:\/\/lasprimeras.com.do\/index.php\/category\/politica\/"},"img":{"alt_text":"","src":"https:\/\/i0.wp.com\/lasprimeras.com.do\/wp-content\/uploads\/2025\/03\/comision-con-abel.jpg?resize=350%2C200&ssl=1","width":350,"height":200,"srcset":"https:\/\/i0.wp.com\/lasprimeras.com.do\/wp-content\/uploads\/2025\/03\/comision-con-abel.jpg?resize=350%2C200&ssl=1 1x, https:\/\/i0.wp.com\/lasprimeras.com.do\/wp-content\/uploads\/2025\/03\/comision-con-abel.jpg?resize=525%2C300&ssl=1 1.5x"},"classes":[]},{"id":96606,"url":"https:\/\/lasprimeras.com.do\/index.php\/2025\/04\/04\/lidio-cadet-quien-aspire-a-representar-al-pld-debe-encarnar-principio-de-unidad\/","url_meta":{"origin":104843,"position":1},"title":"Lidio Cadet: \u201cQuien aspire a representar al PLD debe encarnar principio de unidad\u201d","author":"Nelson Feliz","date":"4 de abril de 2025","format":false,"excerpt":"La Comisi\u00f3n de Arbitraje y Unidad del Partido de la Liberaci\u00f3n Dominicana (PLD) present\u00f3 ante los medios de comunicaci\u00f3n los avances de su labor, destacando el ambiente de madurez pol\u00edtica, compromiso democr\u00e1tico y voluntad de unidad que ha prevalecido en sus intercambios con los distintos aspirantes a la candidatura presidencial\u2026","rel":"","context":"En \u00abPOLITICA\u00bb","block_context":{"text":"POLITICA","link":"https:\/\/lasprimeras.com.do\/index.php\/category\/politica\/"},"img":{"alt_text":"","src":"https:\/\/i0.wp.com\/lasprimeras.com.do\/wp-content\/uploads\/2025\/04\/arbitraje-y-unid-pld-9.jpg?resize=350%2C200&ssl=1","width":350,"height":200,"srcset":"https:\/\/i0.wp.com\/lasprimeras.com.do\/wp-content\/uploads\/2025\/04\/arbitraje-y-unid-pld-9.jpg?resize=350%2C200&ssl=1 1x, https:\/\/i0.wp.com\/lasprimeras.com.do\/wp-content\/uploads\/2025\/04\/arbitraje-y-unid-pld-9.jpg?resize=525%2C300&ssl=1 1.5x, https:\/\/i0.wp.com\/lasprimeras.com.do\/wp-content\/uploads\/2025\/04\/arbitraje-y-unid-pld-9.jpg?resize=700%2C400&ssl=1 2x"},"classes":[]},{"id":95911,"url":"https:\/\/lasprimeras.com.do\/index.php\/2025\/03\/21\/comision-del-pld-recibe-a-francisco-javier-garcia-quien-formaliza-sus-aspiraciones\/","url_meta":{"origin":104843,"position":2},"title":"Comisi\u00f3n del PLD recibe a Francisco Javier Garc\u00eda quien formaliza sus aspiraciones","author":"Nelson Feliz","date":"21 de marzo de 2025","format":false,"excerpt":"La Comisi\u00f3n de Arbitraje y Unidad en las aspiraciones a la candidatura presidencial del Partido de la Liberaci\u00f3n Dominicana (PLD) recibi\u00f3 la primera comunicaci\u00f3n de un aspirante a dicha candidatura, depositada por Francisco Javier Garc\u00eda, miembro del Comit\u00e9 Pol\u00edtico. La comunicaci\u00f3n fue entregada por Garc\u00eda al coordinador de la Comisi\u00f3n\u2026","rel":"","context":"En \u00abPOLITICA\u00bb","block_context":{"text":"POLITICA","link":"https:\/\/lasprimeras.com.do\/index.php\/category\/politica\/"},"img":{"alt_text":"Francisco Javier Garc\u00eda","src":"https:\/\/i0.wp.com\/lasprimeras.com.do\/wp-content\/uploads\/2025\/03\/Francisco-Javier-Garcia.jpg?resize=350%2C200&ssl=1","width":350,"height":200,"srcset":"https:\/\/i0.wp.com\/lasprimeras.com.do\/wp-content\/uploads\/2025\/03\/Francisco-Javier-Garcia.jpg?resize=350%2C200&ssl=1 1x, https:\/\/i0.wp.com\/lasprimeras.com.do\/wp-content\/uploads\/2025\/03\/Francisco-Javier-Garcia.jpg?resize=525%2C300&ssl=1 1.5x"},"classes":[]},{"id":95914,"url":"https:\/\/lasprimeras.com.do\/index.php\/2025\/03\/21\/manuel-galvanprocedimiento-de-eleccion-de-aspirantes-del-pld-esta-apegado-a-la-ley\/","url_meta":{"origin":104843,"position":3},"title":"Manuel Galv\u00e1n:Procedimiento de elecci\u00f3n de aspirantes del PLD est\u00e1 apegado a la Ley","author":"Nelson Feliz","date":"21 de marzo de 2025","format":false,"excerpt":"Mecanismo interno del PLD, para valorar la simpat\u00eda de los aspirantes presidenciales es en virtud de la Ley No.33-18 y de los Estatutos pelede\u00edstas. El proceso interno que ha abierto el Partido de la Liberaci\u00f3n Dominicana (PLD) con la designaci\u00f3n de parte del Comit\u00e9 Pol\u00edtico de la Comisi\u00f3n de Arbitraje\u2026","rel":"","context":"En \u00abPOLITICA\u00bb","block_context":{"text":"POLITICA","link":"https:\/\/lasprimeras.com.do\/index.php\/category\/politica\/"},"img":{"alt_text":"Manuel Galv\u00e1n","src":"https:\/\/i0.wp.com\/lasprimeras.com.do\/wp-content\/uploads\/2025\/03\/Manuel-Galvan.jpg?resize=350%2C200&ssl=1","width":350,"height":200,"srcset":"https:\/\/i0.wp.com\/lasprimeras.com.do\/wp-content\/uploads\/2025\/03\/Manuel-Galvan.jpg?resize=350%2C200&ssl=1 1x, https:\/\/i0.wp.com\/lasprimeras.com.do\/wp-content\/uploads\/2025\/03\/Manuel-Galvan.jpg?resize=525%2C300&ssl=1 1.5x, https:\/\/i0.wp.com\/lasprimeras.com.do\/wp-content\/uploads\/2025\/03\/Manuel-Galvan.jpg?resize=700%2C400&ssl=1 2x"},"classes":[]},{"id":96685,"url":"https:\/\/lasprimeras.com.do\/index.php\/2025\/04\/05\/pld-valora-el-rol-de-los-periodistas-en-el-sistema-democratico\/","url_meta":{"origin":104843,"position":4},"title":"PLD valora el rol de los Periodistas en el sistema democr\u00e1tico","author":"Nelson Feliz","date":"5 de abril de 2025","format":false,"excerpt":"El Partido de la Liberaci\u00f3n Dominicana (PLD) resalt\u00f3 este d\u00eda el rol de los comunicadores que ejercen el periodismo, como garantes de las libertades en el sistema democr\u00e1tico. \u201cEn este D\u00eda Nacional del Periodista transmitimos las m\u00e1s sinceras felicitaciones, con los deseos de buena salud y \u00e9xitos en sus vidas\u201d,\u2026","rel":"","context":"En \u00abPOLITICA\u00bb","block_context":{"text":"POLITICA","link":"https:\/\/lasprimeras.com.do\/index.php\/category\/politica\/"},"img":{"alt_text":"","src":"https:\/\/i0.wp.com\/lasprimeras.com.do\/wp-content\/uploads\/2024\/05\/CN-PLD.jpg?resize=350%2C200&ssl=1","width":350,"height":200,"srcset":"https:\/\/i0.wp.com\/lasprimeras.com.do\/wp-content\/uploads\/2024\/05\/CN-PLD.jpg?resize=350%2C200&ssl=1 1x, https:\/\/i0.wp.com\/lasprimeras.com.do\/wp-content\/uploads\/2024\/05\/CN-PLD.jpg?resize=525%2C300&ssl=1 1.5x, https:\/\/i0.wp.com\/lasprimeras.com.do\/wp-content\/uploads\/2024\/05\/CN-PLD.jpg?resize=700%2C400&ssl=1 2x"},"classes":[]},{"id":98014,"url":"https:\/\/lasprimeras.com.do\/index.php\/2025\/04\/30\/pld-dispuesto-a-participar-en-dialogo-sobre-el-tema-migratorio\/","url_meta":{"origin":104843,"position":5},"title":"PLD dispuesto a participar en di\u00e1logo sobre el tema migratorio","author":"Nelson Feliz","date":"30 de abril de 2025","format":false,"excerpt":"Miembros y dirigentes del PLD saludan la postura asumida por su partido sobre el tema migratorio y su disposici\u00f3n a participar en un di\u00e1logo para llegar a acuerdos Miembros y dirigentes del Partido de la Liberaci\u00f3n Dominicana (PLD) reaccionaron saludando la postura asumida por la direcci\u00f3n de la organizaci\u00f3n manifestando\u2026","rel":"","context":"En \u00abPOLITICA\u00bb","block_context":{"text":"POLITICA","link":"https:\/\/lasprimeras.com.do\/index.php\/category\/politica\/"},"img":{"alt_text":"Johnny Pujols,","src":"https:\/\/i0.wp.com\/lasprimeras.com.do\/wp-content\/uploads\/2025\/04\/Johnny-Pujols-1.jpg?resize=350%2C200&ssl=1","width":350,"height":200,"srcset":"https:\/\/i0.wp.com\/lasprimeras.com.do\/wp-content\/uploads\/2025\/04\/Johnny-Pujols-1.jpg?resize=350%2C200&ssl=1 1x, https:\/\/i0.wp.com\/lasprimeras.com.do\/wp-content\/uploads\/2025\/04\/Johnny-Pujols-1.jpg?resize=525%2C300&ssl=1 1.5x, https:\/\/i0.wp.com\/lasprimeras.com.do\/wp-content\/uploads\/2025\/04\/Johnny-Pujols-1.jpg?resize=700%2C400&ssl=1 2x"},"classes":[]}],"jetpack_sharing_enabled":true,"_links":{"self":[{"href":"https:\/\/lasprimeras.com.do\/index.php\/wp-json\/wp\/v2\/posts\/104843","targetHints":{"allow":["GET"]}}],"collection":[{"href":"https:\/\/lasprimeras.com.do\/index.php\/wp-json\/wp\/v2\/posts"}],"about":[{"href":"https:\/\/lasprimeras.com.do\/index.php\/wp-json\/wp\/v2\/types\/post"}],"author":[{"embeddable":true,"href":"https:\/\/lasprimeras.com.do\/index.php\/wp-json\/wp\/v2\/users\/10"}],"replies":[{"embeddable":true,"href":"https:\/\/lasprimeras.com.do\/index.php\/wp-json\/wp\/v2\/comments?post=104843"}],"version-history":[{"count":1,"href":"https:\/\/lasprimeras.com.do\/index.php\/wp-json\/wp\/v2\/posts\/104843\/revisions"}],"predecessor-version":[{"id":104845,"href":"https:\/\/lasprimeras.com.do\/index.php\/wp-json\/wp\/v2\/posts\/104843\/revisions\/104845"}],"wp:featuredmedia":[{"embeddable":true,"href":"https:\/\/lasprimeras.com.do\/index.php\/wp-json\/wp\/v2\/media\/104844"}],"wp:attachment":[{"href":"https:\/\/lasprimeras.com.do\/index.php\/wp-json\/wp\/v2\/media?parent=104843"}],"wp:term":[{"taxonomy":"category","embeddable":true,"href":"https:\/\/lasprimeras.com.do\/index.php\/wp-json\/wp\/v2\/categories?post=104843"},{"taxonomy":"post_tag","embeddable":true,"href":"https:\/\/lasprimeras.com.do\/index.php\/wp-json\/wp\/v2\/tags?post=104843"}],"curies":[{"name":"wp","href":"https:\/\/api.w.org\/{rel}","templated":true}]}}