{"id":105027,"date":"2025-07-29T19:41:55","date_gmt":"2025-07-29T23:41:55","guid":{"rendered":"https:\/\/lasprimeras.com.do\/?p=105027"},"modified":"2025-07-29T19:41:57","modified_gmt":"2025-07-29T23:41:57","slug":"ice-afirma-que-un-policia-de-maine-detenido-se-quedo-en-el-pais-mas-tiempo-del-permitido-por-su-visa","status":"publish","type":"post","link":"https:\/\/lasprimeras.com.do\/index.php\/2025\/07\/29\/ice-afirma-que-un-policia-de-maine-detenido-se-quedo-en-el-pais-mas-tiempo-del-permitido-por-su-visa\/","title":{"rendered":"ICE afirma que un polic\u00eda de Maine detenido se qued\u00f3 en el pa\u00eds m\u00e1s tiempo del permitido por su visa"},"content":{"rendered":"\n<p>El jefe afirma que obtuvo un cheque federal<\/p>\n\n\n\n<p>Por Patrick Whittle<\/p>\n\n\n\n<p>OLD ORCHARD BEACH, Maine (AP) \u2014 El jefe de polic\u00eda de una ciudad tur\u00edstica de Maine pidi\u00f3 una investigaci\u00f3n sobre el arresto por parte del Servicio de Inmigraci\u00f3n y Control de Aduanas de Estados Unidos (ICE) de uno de sus oficiales, quien seg\u00fan el jefe fue aprobado por el gobierno federal para trabajar en el pa\u00eds en mayo.<\/p>\n\n\n\n<p>ICE arrest\u00f3 al oficial de reserva del Departamento de Polic\u00eda de Old Orchard Beach, Jon Luke Evans, de Jamaica, el 25 de julio. La agencia dijo que Evans estaba presente ilegalmente en los EE. UU. e intent\u00f3 comprar ilegalmente un arma de fuego.<\/p>\n\n\n\n<p>El Servicio de Inmigraci\u00f3n y Control de Aduanas (ICE) declar\u00f3 el lunes que Evans hab\u00eda ingresado legalmente a Estados Unidos en septiembre de 2023 y que hab\u00eda incumplido los t\u00e9rminos de su admisi\u00f3n al permanecer en el pa\u00eds m\u00e1s tiempo del permitido por su visa.<\/p>\n\n\n\n<p>Sin embargo, la jefa de polic\u00eda de Old Orchard Beach, Elise Chard, declar\u00f3 en su propio comunicado el lunes que el Departamento de Seguridad Nacional de Estados Unidos hab\u00eda verificado que Evans estaba autorizado para trabajar en Estados Unidos en mayo de este a\u00f1o.<\/p>\n\n\n\n<p>El Departamento de Polic\u00eda de Old Orchard Beach y los funcionarios de ICE no respondieron a las solicitudes de informaci\u00f3n actualizada sobre el caso de Evans. El martes no estaba claro si ten\u00eda acceso a un abogado.<\/p>\n\n\n\n<p>El ICE y Chard presentaron versiones diferentes sobre el empleo de Evans en el municipio. Chard afirm\u00f3 que el departamento fue notificado por funcionarios federales de que Evans ten\u00eda permiso legal para trabajar en el pa\u00eds y que su autorizaci\u00f3n no expirar\u00eda hasta 2030.<\/p>\n\n\n\n<p>Chard afirm\u00f3 que la ciudad present\u00f3 informaci\u00f3n a trav\u00e9s del Programa E-Verify del Departamento de Seguridad Nacional.<\/p>\n\n\n\n<p>E-Verify es un sistema en l\u00ednea lanzado a finales de la d\u00e9cada de 1990 que permite a los empleadores verificar si los empleados potenciales pueden trabajar legalmente en Estados Unidos. Algunos grandes empleadores privados lo utilizan, pero la mayor\u00eda no.<\/p>\n\n\n\n<p>Dijo que el departamento est\u00e1 &#8220;consternado y profundamente preocupado por este aparente error del gobierno federal&#8221; y que investigar\u00e1 para determinar qu\u00e9 medidas puede tomar para garantizar el cumplimiento de la ciudad en el futuro.<\/p>\n\n\n\n<p>A\u00f1adi\u00f3 que el departamento tambi\u00e9n realizar\u00e1 una revisi\u00f3n interna de las circunstancias del caso.<\/p>\n\n\n\n<p>\u201cEl Departamento de Polic\u00eda de Old Orchard Beach nunca fue informado oficialmente sobre la detenci\u00f3n de Evans, y el departamento conoci\u00f3 oficialmente los detalles del asunto en un comunicado de prensa emitido por el Servicio de Inmigraci\u00f3n y Control de Aduanas\u201d, dijo Chard.<\/p>\n\n\n\n<p>El ICE declar\u00f3 que Evans admiti\u00f3 ante sus oficiales haber intentado comprar un arma de fuego para su empleo como polic\u00eda municipal.<\/p>\n\n\n\n<p>Esto activ\u00f3 una alerta a la Oficina de Alcohol, Tabaco, Armas de Fuego y Explosivos (ATF), que coordin\u00f3 con el ICE para realizar el arresto, seg\u00fan inform\u00f3 la agencia en un comunicado.<\/p>\n\n\n\n<p>Evans ten\u00eda previsto salir de Estados Unidos en octubre de 2023, pero nunca abord\u00f3 su vuelo de salida, seg\u00fan el comunicado.<\/p>\n\n\n\n<p>\u201cTenemos un departamento de polic\u00eda que estaba violando conscientemente la misma ley que se le encarga hacer cumplir para emplear a un extranjero ilegal\u201d, dijo Patricia H. Hyde, directora interina de la oficina de campo de Operaciones de Deportaci\u00f3n y Control de Inmigraci\u00f3n de Boston del Servicio de Inmigraci\u00f3n y Control de Aduanas de Estados Unidos, en un comunicado.<\/p>\n\n\n\n<p>Old Orchard Beach es un popular destino vacacional de verano en Maine, apreciado por su paseo mar\u00edtimo, playa y parque de atracciones en el centro. Es una comunidad con una alta demanda estacional, con mayor actividad en verano, cuando se llena de visitantes y requiere mayor presencia policial que en los meses m\u00e1s tranquilos y fr\u00edos.<\/p>\n\n\n\n<p>Maine es uno de los aproximadamente doce estados que permiten a los residentes no ciudadanos trabajar en las fuerzas del orden, dijo Chard. Son empleados temporales a tiempo parcial que se les asignan diversas tareas, como la polic\u00eda comunitaria y el patrullaje de playas a pie y en bicicleta, a\u00f1adi\u00f3.<\/p>\n\n\n\n<p>Evans pas\u00f3 los controles f\u00edsicos y m\u00e9dicos, as\u00ed como una verificaci\u00f3n de antecedentes, afirm\u00f3 Chard. Tambi\u00e9n realiz\u00f3 el curso de entrenamiento est\u00e1ndar antes de ser asignado al servicio, a\u00f1adi\u00f3.<\/p>\n\n\n\n<p>Servicio de Inmigraci\u00f3n y Control de Aduanas de Estados Unidos ha sido liberada gracias a la defensa de su causa por parte de la oficina del senador republicano John Kennedy de Luisiana.<\/p>\n","protected":false},"excerpt":{"rendered":"<p>El jefe afirma que obtuvo un cheque federal Por Patrick Whittle OLD ORCHARD BEACH, Maine (AP) \u2014 El jefe de polic\u00eda de una ciudad tur\u00edstica de Maine pidi\u00f3 una investigaci\u00f3n&hellip;<\/p>\n","protected":false},"author":10,"featured_media":105028,"comment_status":"open","ping_status":"open","sticky":false,"template":"","format":"standard","meta":{"content-type":"","jetpack_post_was_ever_published":false,"_jetpack_newsletter_access":"","_jetpack_dont_email_post_to_subs":false,"_jetpack_newsletter_tier_id":0,"_jetpack_memberships_contains_paywalled_content":false,"_jetpack_memberships_contains_paid_content":false,"footnotes":""},"categories":[16289],"tags":[4198,17575,8889,48,5044],"class_list":["post-105027","post","type-post","status-publish","format-standard","has-post-thumbnail","hentry","category-internacionales","tag-detenido","tag-ice","tag-maine","tag-policia","tag-visa"],"jetpack_featured_media_url":"https:\/\/lasprimeras.com.do\/wp-content\/uploads\/2025\/07\/playa-1.jpg","jetpack-related-posts":[{"id":95481,"url":"https:\/\/lasprimeras.com.do\/index.php\/2025\/03\/14\/en-primeros-50-dias-inmigracion-gobierno-trump-arresta-32809-incluidos-cientos-de-dominicanos\/","url_meta":{"origin":105027,"position":0},"title":"En primeros 50 d\u00edas Inmigraci\u00f3n gobierno Trump arresta 32,809, incluidos cientos de dominicanos","author":"Nelson Feliz","date":"14 de marzo de 2025","format":false,"excerpt":"Por Ram\u00f3n Mercedes NUEVA YORK.- En los primeros 50 d\u00edas del Gobierno del presidente Donald Trump, del 20 de enero al 10 de marzo, el Servicio de Control de Inmigraci\u00f3n y Aduanas de los Estados Unidos (ICE) ha efectuado 32.809 arrestos en territorio estadounidense, entre ellos cientos de dominicanos, seg\u00fan\u2026","rel":"","context":"En \u00abINTERNACIONALES\u00bb","block_context":{"text":"INTERNACIONALES","link":"https:\/\/lasprimeras.com.do\/index.php\/category\/sin-categoria\/internacionales\/"},"img":{"alt_text":"En primeros 50 d\u00edas Inmigraci\u00f3n gobierno Trump arresta 32,809, incluidos cientos de dominicanos","src":"https:\/\/i0.wp.com\/lasprimeras.com.do\/wp-content\/uploads\/2025\/03\/WhatsApp-Image-2025-03-13-at-6.35.32-AM-1.jpeg?resize=350%2C200&ssl=1","width":350,"height":200,"srcset":"https:\/\/i0.wp.com\/lasprimeras.com.do\/wp-content\/uploads\/2025\/03\/WhatsApp-Image-2025-03-13-at-6.35.32-AM-1.jpeg?resize=350%2C200&ssl=1 1x, https:\/\/i0.wp.com\/lasprimeras.com.do\/wp-content\/uploads\/2025\/03\/WhatsApp-Image-2025-03-13-at-6.35.32-AM-1.jpeg?resize=525%2C300&ssl=1 1.5x"},"classes":[]},{"id":98064,"url":"https:\/\/lasprimeras.com.do\/index.php\/2025\/05\/01\/con-florida-a-la-cabeza-gobiernos-estatales-y-locales-se-suman-a-las-deportaciones-masivas-de-trump\/","url_meta":{"origin":105027,"position":1},"title":"Con Florida a la cabeza, gobiernos estatales y locales se suman a las deportaciones masivas de Trump","author":"Nelson Feliz","date":"1 de mayo de 2025","format":false,"excerpt":"POR GISELA SALOMON and KATE PAYNE MIAMI (AP) \u2014 El listado de departamentos de polic\u00eda local y agencias estatales que se han unido a la campa\u00f1a del presidente Donald Trump para llevar a cabo deportaciones masivas ha aumentado a m\u00e1s de 500, y casi la mitad est\u00e1n en Florida. Esa\u2026","rel":"","context":"En \u00abINTERNACIONALES\u00bb","block_context":{"text":"INTERNACIONALES","link":"https:\/\/lasprimeras.com.do\/index.php\/category\/sin-categoria\/internacionales\/"},"img":{"alt_text":"","src":"https:\/\/i0.wp.com\/lasprimeras.com.do\/wp-content\/uploads\/2025\/05\/Ron-De-Santis.jpg?resize=350%2C200&ssl=1","width":350,"height":200,"srcset":"https:\/\/i0.wp.com\/lasprimeras.com.do\/wp-content\/uploads\/2025\/05\/Ron-De-Santis.jpg?resize=350%2C200&ssl=1 1x, https:\/\/i0.wp.com\/lasprimeras.com.do\/wp-content\/uploads\/2025\/05\/Ron-De-Santis.jpg?resize=525%2C300&ssl=1 1.5x, https:\/\/i0.wp.com\/lasprimeras.com.do\/wp-content\/uploads\/2025\/05\/Ron-De-Santis.jpg?resize=700%2C400&ssl=1 2x"},"classes":[]},{"id":92878,"url":"https:\/\/lasprimeras.com.do\/index.php\/2025\/01\/19\/chicago-se-prepara-para-cientos-de-arrestos-por-deportacion-tras-investidura-de-trump\/","url_meta":{"origin":105027,"position":2},"title":"Chicago se prepara para cientos de arrestos por deportaci\u00f3n tras investidura de Trump","author":"Nelson Feliz","date":"19 de enero de 2025","format":false,"excerpt":"POR TODD RICHMOND and ELLIOT SPAGAT Chicago , AP.-. Los funcionarios federales de inmigraci\u00f3n se centrar\u00e1n en m\u00e1s de 300 personas con antecedentes de delitos graves y violentos despu\u00e9s de que el presidente electo Donald Trump asuma el cargo el lunes, dijo un funcionario, lo que supone el primer intento\u2026","rel":"","context":"En \u00abINTERNACIONALES\u00bb","block_context":{"text":"INTERNACIONALES","link":"https:\/\/lasprimeras.com.do\/index.php\/category\/sin-categoria\/internacionales\/"},"img":{"alt_text":"","src":"https:\/\/i0.wp.com\/lasprimeras.com.do\/wp-content\/uploads\/2025\/01\/Tom-Homan.jpg?resize=350%2C200&ssl=1","width":350,"height":200,"srcset":"https:\/\/i0.wp.com\/lasprimeras.com.do\/wp-content\/uploads\/2025\/01\/Tom-Homan.jpg?resize=350%2C200&ssl=1 1x, https:\/\/i0.wp.com\/lasprimeras.com.do\/wp-content\/uploads\/2025\/01\/Tom-Homan.jpg?resize=525%2C300&ssl=1 1.5x, https:\/\/i0.wp.com\/lasprimeras.com.do\/wp-content\/uploads\/2025\/01\/Tom-Homan.jpg?resize=700%2C400&ssl=1 2x"},"classes":[]},{"id":93085,"url":"https:\/\/lasprimeras.com.do\/index.php\/2025\/01\/24\/crecen-los-temores-tras-demostracion-de-fuerza-de-trump-sobre-la-inmigracion\/","url_meta":{"origin":105027,"position":3},"title":"Crecen los temores tras demostraci\u00f3n de fuerza de Trump sobre la inmigraci\u00f3n","author":"Nelson Feliz","date":"24 de enero de 2025","format":false,"excerpt":"POR MIKE CATALINI and REBECCA SANTANA NEWARK, Nueva Jersey, EE.UU. (AP) \u2014 Menos de una semana despu\u00e9s de haber iniciado su presidencia, el gobierno de Donald Trump pregon\u00f3 el viernes sus labores de deportaci\u00f3n y public\u00f3 nuevas reglas que facilitan la expulsi\u00f3n de personas de Estados Unidos, parte de una\u2026","rel":"","context":"En \u00abINTERNACIONALES\u00bb","block_context":{"text":"INTERNACIONALES","link":"https:\/\/lasprimeras.com.do\/index.php\/category\/sin-categoria\/internacionales\/"},"img":{"alt_text":"","src":"https:\/\/i0.wp.com\/lasprimeras.com.do\/wp-content\/uploads\/2025\/01\/Inmigracion.jpg?resize=350%2C200&ssl=1","width":350,"height":200,"srcset":"https:\/\/i0.wp.com\/lasprimeras.com.do\/wp-content\/uploads\/2025\/01\/Inmigracion.jpg?resize=350%2C200&ssl=1 1x, https:\/\/i0.wp.com\/lasprimeras.com.do\/wp-content\/uploads\/2025\/01\/Inmigracion.jpg?resize=525%2C300&ssl=1 1.5x, https:\/\/i0.wp.com\/lasprimeras.com.do\/wp-content\/uploads\/2025\/01\/Inmigracion.jpg?resize=700%2C400&ssl=1 2x"},"classes":[]},{"id":94075,"url":"https:\/\/lasprimeras.com.do\/index.php\/2025\/02\/25\/tribunal-bloquea-operaciones-de-ice-en-iglesias-y-otros-lugares-de-culto\/","url_meta":{"origin":105027,"position":4},"title":"Tribunal bloquea operaciones de ICE en iglesias y otros lugares de culto","author":"Nelson Feliz","date":"25 de febrero de 2025","format":false,"excerpt":"'La Migra' no podr\u00e1 realizar redadas en o cerca de iglesias o centros de culto, luego de una orden preliminar de un juez en Maryland Maryland\u2026La agencia de Inmigraci\u00f3n y Control de Aduanas (ICE) enfrenta un nuevo bloqueo en sus operaciones en los llamados \u201clugares sensibles\u201d, luego de que un\u2026","rel":"","context":"En \u00abINTERNACIONALES\u00bb","block_context":{"text":"INTERNACIONALES","link":"https:\/\/lasprimeras.com.do\/index.php\/category\/sin-categoria\/internacionales\/"},"img":{"alt_text":"","src":"https:\/\/i0.wp.com\/lasprimeras.com.do\/wp-content\/uploads\/2025\/02\/ice.png?resize=350%2C200&ssl=1","width":350,"height":200,"srcset":"https:\/\/i0.wp.com\/lasprimeras.com.do\/wp-content\/uploads\/2025\/02\/ice.png?resize=350%2C200&ssl=1 1x, https:\/\/i0.wp.com\/lasprimeras.com.do\/wp-content\/uploads\/2025\/02\/ice.png?resize=525%2C300&ssl=1 1.5x, https:\/\/i0.wp.com\/lasprimeras.com.do\/wp-content\/uploads\/2025\/02\/ice.png?resize=700%2C400&ssl=1 2x"},"classes":[]},{"id":94351,"url":"https:\/\/lasprimeras.com.do\/index.php\/2025\/02\/28\/decenas-de-personas-protestan-en-puerto-rico-contra-arrestos-de-migrantes-por-parte-de-ice\/","url_meta":{"origin":105027,"position":5},"title":"Decenas de personas protestan en Puerto Rico contra arrestos de migrantes por parte de ICE","author":"Nelson Feliz","date":"28 de febrero de 2025","format":false,"excerpt":"Los grupos promueven \"El apag\u00f3n econ\u00f3mico de 24 horas\" programado para este viernes, 28 de febrero San Juan,EFE \u2013 Decenas de personas se concentraron la tarde de este jueves en el Viejo San Juan, distrito hist\u00f3rico de la capital puertorrique\u00f1a, para protestar en contra de la pol\u00edtica migratoria del presidente\u2026","rel":"","context":"En \u00abINTERNACIONALES\u00bb","block_context":{"text":"INTERNACIONALES","link":"https:\/\/lasprimeras.com.do\/index.php\/category\/sin-categoria\/internacionales\/"},"img":{"alt_text":"","src":"https:\/\/i0.wp.com\/lasprimeras.com.do\/wp-content\/uploads\/2025\/02\/protesta.png?resize=350%2C200&ssl=1","width":350,"height":200,"srcset":"https:\/\/i0.wp.com\/lasprimeras.com.do\/wp-content\/uploads\/2025\/02\/protesta.png?resize=350%2C200&ssl=1 1x, https:\/\/i0.wp.com\/lasprimeras.com.do\/wp-content\/uploads\/2025\/02\/protesta.png?resize=525%2C300&ssl=1 1.5x, https:\/\/i0.wp.com\/lasprimeras.com.do\/wp-content\/uploads\/2025\/02\/protesta.png?resize=700%2C400&ssl=1 2x"},"classes":[]}],"jetpack_sharing_enabled":true,"_links":{"self":[{"href":"https:\/\/lasprimeras.com.do\/index.php\/wp-json\/wp\/v2\/posts\/105027","targetHints":{"allow":["GET"]}}],"collection":[{"href":"https:\/\/lasprimeras.com.do\/index.php\/wp-json\/wp\/v2\/posts"}],"about":[{"href":"https:\/\/lasprimeras.com.do\/index.php\/wp-json\/wp\/v2\/types\/post"}],"author":[{"embeddable":true,"href":"https:\/\/lasprimeras.com.do\/index.php\/wp-json\/wp\/v2\/users\/10"}],"replies":[{"embeddable":true,"href":"https:\/\/lasprimeras.com.do\/index.php\/wp-json\/wp\/v2\/comments?post=105027"}],"version-history":[{"count":1,"href":"https:\/\/lasprimeras.com.do\/index.php\/wp-json\/wp\/v2\/posts\/105027\/revisions"}],"predecessor-version":[{"id":105029,"href":"https:\/\/lasprimeras.com.do\/index.php\/wp-json\/wp\/v2\/posts\/105027\/revisions\/105029"}],"wp:featuredmedia":[{"embeddable":true,"href":"https:\/\/lasprimeras.com.do\/index.php\/wp-json\/wp\/v2\/media\/105028"}],"wp:attachment":[{"href":"https:\/\/lasprimeras.com.do\/index.php\/wp-json\/wp\/v2\/media?parent=105027"}],"wp:term":[{"taxonomy":"category","embeddable":true,"href":"https:\/\/lasprimeras.com.do\/index.php\/wp-json\/wp\/v2\/categories?post=105027"},{"taxonomy":"post_tag","embeddable":true,"href":"https:\/\/lasprimeras.com.do\/index.php\/wp-json\/wp\/v2\/tags?post=105027"}],"curies":[{"name":"wp","href":"https:\/\/api.w.org\/{rel}","templated":true}]}}