{"id":105039,"date":"2025-07-30T07:14:09","date_gmt":"2025-07-30T11:14:09","guid":{"rendered":"https:\/\/lasprimeras.com.do\/?p=105039"},"modified":"2025-07-30T07:14:11","modified_gmt":"2025-07-30T11:14:11","slug":"leon-xiv-conmemora-50o-aniversario-de-acuerdo-sobre-seguridad-y-derechos-humanos-de-la-guerra-fria","status":"publish","type":"post","link":"https:\/\/lasprimeras.com.do\/index.php\/2025\/07\/30\/leon-xiv-conmemora-50o-aniversario-de-acuerdo-sobre-seguridad-y-derechos-humanos-de-la-guerra-fria\/","title":{"rendered":"Le\u00f3n XIV conmemora 50\u00ba aniversario de acuerdo sobre seguridad y derechos humanos de la Guerra Fr\u00eda"},"content":{"rendered":"\n<p>POR NICOLE WINFIELD<\/p>\n\n\n\n<p>ROMA (AP) \u2014 El papa Le\u00f3n XIV pidi\u00f3 el mi\u00e9rcoles un compromiso renovado con la diplomacia para resolver los conflictos, al conmemorar el 50 aniversario de los Acuerdos de Helsinki, el hist\u00f3rico acuerdo de la Guerra Fr\u00eda que marc\u00f3 el inicio de una nueva era de seguridad y derechos humanos.<\/p>\n\n\n\n<p>Al final de su audiencia general, el primer pont\u00edfice estadounidense de la historia dijo que el 1 de agosto es el aniversario de la conclusi\u00f3n de la cumbre de 35 naciones celebrada en Finlandia de la que sali\u00f3 el Acta Final de Helsinki, que a\u00f1os despu\u00e9s contribuy\u00f3 al nacimiento de la Organizaci\u00f3n para la Seguridad y la Cooperaci\u00f3n en Europa.<\/p>\n\n\n\n<p>\u201cHoy m\u00e1s que nunca es esencial preservar el \u2018Esp\u00edritu de Helsinki\u2019, perseverar en el di\u00e1logo, fortalecer la cooperaci\u00f3n y hacer de la diplomacia la v\u00eda privilegiada para prevenir y resolver los conflictos\u201d, afirm\u00f3 Le\u00f3n, renovando su llamado por la paz en el mundo.<\/p>\n\n\n\n<p>En el apogeo de la distensi\u00f3n de la Guerra Fr\u00eda en la d\u00e9cada de 1970, el presidente de Finlandia, Urho Kekkonen, fue anfitri\u00f3n de una cumbre entre Estados Unidos y la Uni\u00f3n Sovi\u00e9tica donde el estadounidense Gerald Ford, el sovi\u00e9tico Leonid Brezhnev y otros firmaron un compromiso hist\u00f3rico con la paz, los contactos entre Oriente y Occidente, la seguridad europea y los derechos humanos.<\/p>\n\n\n\n<p>Al menos seis muertos en una estampida en un templo hind\u00fa en el norte de India<br>Le\u00f3n dijo que los acuerdos \u201cinauguraron una nueva era geopol\u00edtica, favoreciendo un acercamiento entre Oriente y Occidente.<\/p>\n\n\n\n<p>Tambi\u00e9n marc\u00f3 un renovado inter\u00e9s por los derechos humanos, con especial atenci\u00f3n a la libertad religiosa, considerada uno de los pilares de la emergente arquitectura de cooperaci\u00f3n desde Vancouver hasta Vladivostok\u201d.<\/p>\n\n\n\n<p>Con la guerra de Rusia en Ucrania en curso, Leo record\u00f3 que la Santa Sede hab\u00eda enviado una delegaci\u00f3n a la cumbre finlandesa encabezada por el futuro secretario de Estado, el arzobispo Agostino Casaroli, mejor conocido por promover y seguir una pol\u00edtica de Ostpolitik, o apertura y di\u00e1logo con Europa del Este.<\/p>\n\n\n\n<p>En otros comentarios el mi\u00e9rcoles, el papa manifest\u00f3 tambi\u00e9n su horror por el \u201cbrutal\u201d ataque a una iglesia cat\u00f3lica en el este de la Rep\u00fablica Democr\u00e1tica de Congo por parte de rebeldes respaldados por Estado Isl\u00e1mico.<\/p>\n\n\n\n<p>Al menos 38 personas, entre las que hab\u00eda 15 mujeres y nueve ni\u00f1os, fueron asesinadas en la iglesia durante una vigilia de oraci\u00f3n el fin de semana.<\/p>\n\n\n\n<p>\u201cMientras encomiendo a las v\u00edctimas a la misericordia amorosa de Dios, rezo por los heridos y por los cristianos de todo el mundo que siguen sufriendo violencia y persecuci\u00f3n, instando a cuantos tienen responsabilidades a nivel local e internacional a colaborar para prevenir tragedias similares\u201d, declar\u00f3 el pont\u00edfice.<\/p>\n\n\n\n<p>La audiencia general del mi\u00e9rcoles supuso la reanudaci\u00f3n del encuentro semanal del papa con los fieles tras un receso de varias semanas durante el verano.<\/p>\n\n\n\n<p>La Plaza de San Pedro estaba especialmente llena, dada la llegada de decenas de miles de peregrinos a la ciudad para una celebraci\u00f3n del A\u00f1o Santo de una semana dedicada a los j\u00f3venes cat\u00f3licos.<\/p>\n","protected":false},"excerpt":{"rendered":"<p>POR NICOLE WINFIELD ROMA (AP) \u2014 El papa Le\u00f3n XIV pidi\u00f3 el mi\u00e9rcoles un compromiso renovado con la diplomacia para resolver los conflictos, al conmemorar el 50 aniversario de los&hellip;<\/p>\n","protected":false},"author":10,"featured_media":105040,"comment_status":"open","ping_status":"open","sticky":false,"template":"","format":"standard","meta":{"content-type":"","jetpack_post_was_ever_published":false,"_jetpack_newsletter_access":"","_jetpack_dont_email_post_to_subs":false,"_jetpack_newsletter_tier_id":0,"_jetpack_memberships_contains_paywalled_content":false,"_jetpack_memberships_contains_paid_content":false,"footnotes":""},"categories":[16289],"tags":[521,1075,9562,22451,76],"class_list":["post-105039","post","type-post","status-publish","format-standard","has-post-thumbnail","hentry","category-internacionales","tag-acuerdo","tag-derechos-humanos","tag-guerra-fria","tag-leon-xiv-conmemora-50o-aniversario","tag-seguridad"],"jetpack_featured_media_url":"https:\/\/lasprimeras.com.do\/wp-content\/uploads\/2025\/07\/El-papa-Leon-XIV-2.jpg","jetpack-related-posts":[{"id":116056,"url":"https:\/\/lasprimeras.com.do\/index.php\/2025\/11\/27\/leon-xiv-visita-turquia-en-su-primer-viaje-al-extranjero-destaca-lazos-religiosos-y-politicos\/","url_meta":{"origin":105039,"position":0},"title":"Le\u00f3n XIV visita Turqu\u00eda en su primer viaje al extranjero, destaca lazos religiosos y pol\u00edticos","author":"Nelson Feliz","date":"27 de noviembre de 2025","format":false,"excerpt":"El papa Le\u00f3n XIV lleg\u00f3 a Turqu\u00eda el jueves en su primer viaje al extranjero","rel":"","context":"En \u00abINTERNACIONALES\u00bb","block_context":{"text":"INTERNACIONALES","link":"https:\/\/lasprimeras.com.do\/index.php\/category\/sin-categoria\/internacionales\/"},"img":{"alt_text":"El papa Le\u00f3n XIV","src":"https:\/\/i0.wp.com\/lasprimeras.com.do\/wp-content\/uploads\/2025\/11\/Leon-XIV-visita-Turquia.jpg?resize=350%2C200&ssl=1","width":350,"height":200,"srcset":"https:\/\/i0.wp.com\/lasprimeras.com.do\/wp-content\/uploads\/2025\/11\/Leon-XIV-visita-Turquia.jpg?resize=350%2C200&ssl=1 1x, https:\/\/i0.wp.com\/lasprimeras.com.do\/wp-content\/uploads\/2025\/11\/Leon-XIV-visita-Turquia.jpg?resize=525%2C300&ssl=1 1.5x, https:\/\/i0.wp.com\/lasprimeras.com.do\/wp-content\/uploads\/2025\/11\/Leon-XIV-visita-Turquia.jpg?resize=700%2C400&ssl=1 2x"},"classes":[]},{"id":117188,"url":"https:\/\/lasprimeras.com.do\/index.php\/2025\/12\/08\/el-papa-leon-xiv-pide-por-la-paz-cerca-de-la-plaza-de-espana\/","url_meta":{"origin":105039,"position":1},"title":"El papa Le\u00f3n XIV pide por la paz cerca de la Plaza de Espa\u00f1a","author":"Nelson Feliz","date":"8 de diciembre de 2025","format":false,"excerpt":"POR NICOLE WINFIELD ROMA (AP) \u2014 El papa Le\u00f3n XIV particip\u00f3 el lunes en una tradici\u00f3n papal muy de Roma: rezar por la paz ante una estatua de la Virgen Mar\u00eda cerca de la Plaza de Espa\u00f1a en el d\u00eda de la Inmaculada Concepci\u00f3n. El pont\u00edfice salud\u00f3 a miles de\u2026","rel":"","context":"En \u00abINTERNACIONALES\u00bb","block_context":{"text":"INTERNACIONALES","link":"https:\/\/lasprimeras.com.do\/index.php\/category\/sin-categoria\/internacionales\/"},"img":{"alt_text":"","src":"https:\/\/i0.wp.com\/lasprimeras.com.do\/wp-content\/uploads\/2025\/12\/El-papa-Leon-XIV-1.jpg?resize=350%2C200&ssl=1","width":350,"height":200,"srcset":"https:\/\/i0.wp.com\/lasprimeras.com.do\/wp-content\/uploads\/2025\/12\/El-papa-Leon-XIV-1.jpg?resize=350%2C200&ssl=1 1x, https:\/\/i0.wp.com\/lasprimeras.com.do\/wp-content\/uploads\/2025\/12\/El-papa-Leon-XIV-1.jpg?resize=525%2C300&ssl=1 1.5x, https:\/\/i0.wp.com\/lasprimeras.com.do\/wp-content\/uploads\/2025\/12\/El-papa-Leon-XIV-1.jpg?resize=700%2C400&ssl=1 2x"},"classes":[]},{"id":111263,"url":"https:\/\/lasprimeras.com.do\/index.php\/2025\/10\/07\/el-papa-leon-xiv-viajara-a-turquia-y-libano-el-proximo-mes-en-su-primer-viaje-al-extranjero\/","url_meta":{"origin":105039,"position":2},"title":"El papa Le\u00f3n XIV viajar\u00e1 a Turqu\u00eda y L\u00edbano el pr\u00f3ximo mes en su primer viaje al extranjero","author":"Nelson Feliz","date":"7 de octubre de 2025","format":false,"excerpt":"POR NICOLE WINFIELD CIUDAD DEL VATICANO (AP) \u2014 El papa Le\u00f3n XIV viajar\u00e1 a Turqu\u00eda y L\u00edbano el pr\u00f3ximo mes en el primer viaje al extranjero de su papado, haciendo un gesto importante tanto para cristianos como para musulmanes en una peregrinaci\u00f3n a dos pa\u00edses que el papa Francisco hab\u00eda\u2026","rel":"","context":"En \u00abINTERNACIONALES\u00bb","block_context":{"text":"INTERNACIONALES","link":"https:\/\/lasprimeras.com.do\/index.php\/category\/sin-categoria\/internacionales\/"},"img":{"alt_text":"","src":"https:\/\/i0.wp.com\/lasprimeras.com.do\/wp-content\/uploads\/2025\/10\/El-papa-Leon-XIV-saluda-desde-su-papamovil-tras-la-misa-por-el-Jubileo-de-los-Migrantes-y-Misioneros-en-la-plaza-de-San-Pedro-del-Vaticano.jpg?resize=350%2C200&ssl=1","width":350,"height":200,"srcset":"https:\/\/i0.wp.com\/lasprimeras.com.do\/wp-content\/uploads\/2025\/10\/El-papa-Leon-XIV-saluda-desde-su-papamovil-tras-la-misa-por-el-Jubileo-de-los-Migrantes-y-Misioneros-en-la-plaza-de-San-Pedro-del-Vaticano.jpg?resize=350%2C200&ssl=1 1x, https:\/\/i0.wp.com\/lasprimeras.com.do\/wp-content\/uploads\/2025\/10\/El-papa-Leon-XIV-saluda-desde-su-papamovil-tras-la-misa-por-el-Jubileo-de-los-Migrantes-y-Misioneros-en-la-plaza-de-San-Pedro-del-Vaticano.jpg?resize=525%2C300&ssl=1 1.5x, https:\/\/i0.wp.com\/lasprimeras.com.do\/wp-content\/uploads\/2025\/10\/El-papa-Leon-XIV-saluda-desde-su-papamovil-tras-la-misa-por-el-Jubileo-de-los-Migrantes-y-Misioneros-en-la-plaza-de-San-Pedro-del-Vaticano.jpg?resize=700%2C400&ssl=1 2x"},"classes":[]},{"id":103970,"url":"https:\/\/lasprimeras.com.do\/index.php\/2025\/07\/20\/el-papa-celebra-el-56o-aniversario-del-alunizaje-con-visita-a-observatorio-y-llamada-a-aldrin\/","url_meta":{"origin":105039,"position":3},"title":"El papa celebra el 56\u00ba aniversario del alunizaje con visita a observatorio y llamada a Aldrin","author":"Nelson Feliz","date":"20 de julio de 2025","format":false,"excerpt":"ROMA (AP) \u2014 El papa Le\u00f3n XIV conmemor\u00f3 el domingo el 56\u00ba aniversario de la llegada del hombre a la Luna con una visita al observatorio astron\u00f3mico del Vaticano en Castel Gandolfo y una llamada al astronauta Buzz Aldrin. Despu\u00e9s de rezar el \u00c1ngelus dominical en su palacio vacacional en\u2026","rel":"","context":"En \u00abINTERNACIONALES\u00bb","block_context":{"text":"INTERNACIONALES","link":"https:\/\/lasprimeras.com.do\/index.php\/category\/sin-categoria\/internacionales\/"},"img":{"alt_text":"","src":"https:\/\/i0.wp.com\/lasprimeras.com.do\/wp-content\/uploads\/2025\/07\/El-papa-Leon-XIV.jpg?resize=350%2C200&ssl=1","width":350,"height":200,"srcset":"https:\/\/i0.wp.com\/lasprimeras.com.do\/wp-content\/uploads\/2025\/07\/El-papa-Leon-XIV.jpg?resize=350%2C200&ssl=1 1x, https:\/\/i0.wp.com\/lasprimeras.com.do\/wp-content\/uploads\/2025\/07\/El-papa-Leon-XIV.jpg?resize=525%2C300&ssl=1 1.5x, https:\/\/i0.wp.com\/lasprimeras.com.do\/wp-content\/uploads\/2025\/07\/El-papa-Leon-XIV.jpg?resize=700%2C400&ssl=1 2x"},"classes":[]},{"id":125994,"url":"https:\/\/lasprimeras.com.do\/index.php\/2026\/03\/29\/el-papa-leon-xiv-rechaza-en-domingo-de-ramos-las-afirmaciones-de-que-dios-justifica-la-guerra\/","url_meta":{"origin":105039,"position":4},"title":"El papa Le\u00f3n XIV rechaza en Domingo de Ramos las afirmaciones de que Dios justifica la guerra","author":"Nelson Feliz","date":"29 de marzo de 2026","format":false,"excerpt":"POR NICOLE WINFIELD ROMA (AP) \u2014 El papa Le\u00f3n XIV rechaz\u00f3 el domingo las afirmaciones de que Dios justifica la guerra y rez\u00f3 especialmente por los cristianos en Oriente Medio durante una misa del Domingo de Ramos ante decenas de miles de personas en la plaza de San Pedro. Mientras\u2026","rel":"","context":"En \u00abINTERNACIONALES\u00bb","block_context":{"text":"INTERNACIONALES","link":"https:\/\/lasprimeras.com.do\/index.php\/category\/sin-categoria\/internacionales\/"},"img":{"alt_text":"","src":"https:\/\/i0.wp.com\/lasprimeras.com.do\/wp-content\/uploads\/2026\/03\/Papa-Leon.jpg?resize=350%2C200&ssl=1","width":350,"height":200,"srcset":"https:\/\/i0.wp.com\/lasprimeras.com.do\/wp-content\/uploads\/2026\/03\/Papa-Leon.jpg?resize=350%2C200&ssl=1 1x, https:\/\/i0.wp.com\/lasprimeras.com.do\/wp-content\/uploads\/2026\/03\/Papa-Leon.jpg?resize=525%2C300&ssl=1 1.5x, https:\/\/i0.wp.com\/lasprimeras.com.do\/wp-content\/uploads\/2026\/03\/Papa-Leon.jpg?resize=700%2C400&ssl=1 2x"},"classes":[]},{"id":126317,"url":"https:\/\/lasprimeras.com.do\/index.php\/2026\/03\/31\/el-papa-leon-xiv-pide-frenar-la-guerra-con-iran-antes-de-pascua\/","url_meta":{"origin":105039,"position":5},"title":"El papa Le\u00f3n XIV pide frenar la guerra con Ir\u00e1n antes de Pascua","author":"Nelson Feliz","date":"31 de marzo de 2026","format":false,"excerpt":"CIUDAD DEL VATICANO (AP) \u2014 El papa Le\u00f3n XIV expres\u00f3 su esperanza de que la guerra de Estados Unidos e Israel contra Ir\u00e1n pudiera terminar antes de Pascua, en declaraciones a los reporteros mientras sal\u00eda el martes del retiro papal en Castel Gandolfo, a las afueras de Roma. \u201cMe han\u2026","rel":"","context":"En \u00abINTERNACIONALES\u00bb","block_context":{"text":"INTERNACIONALES","link":"https:\/\/lasprimeras.com.do\/index.php\/category\/sin-categoria\/internacionales\/"},"img":{"alt_text":"El papa Le\u00f3n XIV","src":"https:\/\/i0.wp.com\/lasprimeras.com.do\/wp-content\/uploads\/2026\/03\/El-papa-Leon-XIV.jpg?resize=350%2C200&ssl=1","width":350,"height":200,"srcset":"https:\/\/i0.wp.com\/lasprimeras.com.do\/wp-content\/uploads\/2026\/03\/El-papa-Leon-XIV.jpg?resize=350%2C200&ssl=1 1x, https:\/\/i0.wp.com\/lasprimeras.com.do\/wp-content\/uploads\/2026\/03\/El-papa-Leon-XIV.jpg?resize=525%2C300&ssl=1 1.5x, https:\/\/i0.wp.com\/lasprimeras.com.do\/wp-content\/uploads\/2026\/03\/El-papa-Leon-XIV.jpg?resize=700%2C400&ssl=1 2x"},"classes":[]}],"jetpack_sharing_enabled":true,"_links":{"self":[{"href":"https:\/\/lasprimeras.com.do\/index.php\/wp-json\/wp\/v2\/posts\/105039","targetHints":{"allow":["GET"]}}],"collection":[{"href":"https:\/\/lasprimeras.com.do\/index.php\/wp-json\/wp\/v2\/posts"}],"about":[{"href":"https:\/\/lasprimeras.com.do\/index.php\/wp-json\/wp\/v2\/types\/post"}],"author":[{"embeddable":true,"href":"https:\/\/lasprimeras.com.do\/index.php\/wp-json\/wp\/v2\/users\/10"}],"replies":[{"embeddable":true,"href":"https:\/\/lasprimeras.com.do\/index.php\/wp-json\/wp\/v2\/comments?post=105039"}],"version-history":[{"count":1,"href":"https:\/\/lasprimeras.com.do\/index.php\/wp-json\/wp\/v2\/posts\/105039\/revisions"}],"predecessor-version":[{"id":105041,"href":"https:\/\/lasprimeras.com.do\/index.php\/wp-json\/wp\/v2\/posts\/105039\/revisions\/105041"}],"wp:featuredmedia":[{"embeddable":true,"href":"https:\/\/lasprimeras.com.do\/index.php\/wp-json\/wp\/v2\/media\/105040"}],"wp:attachment":[{"href":"https:\/\/lasprimeras.com.do\/index.php\/wp-json\/wp\/v2\/media?parent=105039"}],"wp:term":[{"taxonomy":"category","embeddable":true,"href":"https:\/\/lasprimeras.com.do\/index.php\/wp-json\/wp\/v2\/categories?post=105039"},{"taxonomy":"post_tag","embeddable":true,"href":"https:\/\/lasprimeras.com.do\/index.php\/wp-json\/wp\/v2\/tags?post=105039"}],"curies":[{"name":"wp","href":"https:\/\/api.w.org\/{rel}","templated":true}]}}