{"id":105042,"date":"2025-07-30T07:23:02","date_gmt":"2025-07-30T11:23:02","guid":{"rendered":"https:\/\/lasprimeras.com.do\/?p=105042"},"modified":"2025-07-30T07:23:03","modified_gmt":"2025-07-30T11:23:03","slug":"el-kremlin-reacciona-al-nuevo-ultimatum-de-trump","status":"publish","type":"post","link":"https:\/\/lasprimeras.com.do\/index.php\/2025\/07\/30\/el-kremlin-reacciona-al-nuevo-ultimatum-de-trump\/","title":{"rendered":"El Kremlin reacciona al nuevo ultim\u00e1tum de Trump"},"content":{"rendered":"\n<p><strong>El vocero presidencial ruso, Dmitri Peskov, respondi\u00f3 a las amenazas de Washington de imponer nuevas sanciones contra Mosc\u00fa.<\/strong><\/p>\n\n\n\n<p>El portavoz del Kremlin, Dmitri Peskov, ha comentado este mi\u00e9rcoles el nuevo ultim\u00e1tum a Rusia del presidente de EE.UU., Donald Trump, acerca del conflicto ucraniano. Al indicar si el pa\u00eds est\u00e1 preparado para enfrentar nuevas restricciones econ\u00f3micas, el vocero presidencial ruso mencion\u00f3 la &#8220;inmunidad&#8221; de la naci\u00f3n contra tales medidas.<\/p>\n\n\n\n<p>&#8220;Llevamos mucho tiempo viviendo bajo un gran n\u00famero de sanciones, y nuestra econom\u00eda ha estado funcionando bajo un gran n\u00famero de restricciones. Por lo tanto, por supuesto, ya hemos desarrollado una cierta inmunidad&#8221;, declar\u00f3 Peskov a la prensa.<\/p>\n\n\n\n<p>&#8220;Seguimos registrando todas las declaraciones que llegan del presidente Trump y de otros representantes internacionales sobre este asunto&#8221;, agreg\u00f3.<\/p>\n\n\n\n<p>Este martes, el inquilino de la Casa Blanca precis\u00f3 que da a Mosc\u00fa diez d\u00edas para que alcance un acuerdo de paz con Kiev.<\/p>\n\n\n\n<p>A continuaci\u00f3n, explic\u00f3 que, una vez expire este plazo, Washington introducir\u00e1 aranceles y otras restricciones contra el pa\u00eds euroasi\u00e1tico, si bien admiti\u00f3 no estar seguro de que estas medidas afecten a Rusia.<\/p>\n\n\n\n<p>Asimismo, dijo no haber recibido ninguna respuesta de Mosc\u00fa tras sus amenazas de sanciones.<\/p>\n\n\n\n<p>A su vez, el portavoz presidencial ruso, Dmitri Peskov, afirm\u00f3 que el Kremlin ha tomado nota del ultim\u00e1tum de Trump.<\/p>\n\n\n\n<p>&#8220;Mantenemos nuestro compromiso con el proceso de paz para resolver el conflicto en torno a Ucrania y garantizar nuestros intereses en este acuerdo&#8221;, asever\u00f3 Peskov.<\/p>\n\n\n\n<p>El plazo anunciado por Trump a mediados de julio fue mayor: de 50 d\u00edas para lograr un acuerdo que evite la imposici\u00f3n por EE.UU. de aranceles secundarios del 100 % a los pa\u00edses que comercien con el gigante euroasi\u00e1tico.<\/p>\n\n\n\n<p>Fuente RT actualidad<\/p>\n","protected":false},"excerpt":{"rendered":"<p>El vocero presidencial ruso, Dmitri Peskov, respondi\u00f3 a las amenazas de Washington de imponer nuevas sanciones contra Mosc\u00fa. El portavoz del Kremlin, Dmitri Peskov, ha comentado este mi\u00e9rcoles el nuevo&hellip;<\/p>\n","protected":false},"author":10,"featured_media":105043,"comment_status":"open","ping_status":"open","sticky":false,"template":"","format":"standard","meta":{"content-type":"","jetpack_post_was_ever_published":false,"_jetpack_newsletter_access":"","_jetpack_dont_email_post_to_subs":false,"_jetpack_newsletter_tier_id":0,"_jetpack_memberships_contains_paywalled_content":false,"_jetpack_memberships_contains_paid_content":false,"footnotes":""},"categories":[16289],"tags":[16454,978,3859,3840,22452,17064,3652],"class_list":["post-105042","post","type-post","status-publish","format-standard","has-post-thumbnail","hentry","category-internacionales","tag-dmitri-peskov","tag-donald-trump","tag-el-kremlin","tag-moscu","tag-nuevo-ultimatum","tag-reacciona","tag-washington"],"jetpack_featured_media_url":"https:\/\/lasprimeras.com.do\/wp-content\/uploads\/2025\/07\/Donald-Trump-6.jpg","jetpack-related-posts":[{"id":91423,"url":"https:\/\/lasprimeras.com.do\/index.php\/2024\/11\/23\/kremlin-nuevas-armas-secretas-se-estan-desarrollando-en-la-actualidad\/","url_meta":{"origin":105042,"position":0},"title":"Kremlin: Nuevas armas secretas se est\u00e1n desarrollando en la actualidad","author":"Nelson Feliz","date":"23 de noviembre de 2024","format":false,"excerpt":"Dmitri Peskov explic\u00f3 por qu\u00e9 el mundo no supo nada del \u00faltimo misil hipers\u00f3nico Or\u00e9shnik antes de su primer uso. El desarrollo de las nuevas armas en Rusia se lleva a cabo en secreto, afirm\u00f3 el s\u00e1bado el portavoz oficial del Kremlin, Dmitri Peskov, en una entrevista con el periodista\u2026","rel":"","context":"En \u00abINTERNACIONALES\u00bb","block_context":{"text":"INTERNACIONALES","link":"https:\/\/lasprimeras.com.do\/index.php\/category\/sin-categoria\/internacionales\/"},"img":{"alt_text":"sistema m\u00f3vil de misiles bal\u00edsticos intercontinentales Yars","src":"https:\/\/i0.wp.com\/lasprimeras.com.do\/wp-content\/uploads\/2024\/11\/sistema-movil-de-misiles-balisticos-intercontinentales-Yars.jpg?resize=350%2C200&ssl=1","width":350,"height":200,"srcset":"https:\/\/i0.wp.com\/lasprimeras.com.do\/wp-content\/uploads\/2024\/11\/sistema-movil-de-misiles-balisticos-intercontinentales-Yars.jpg?resize=350%2C200&ssl=1 1x, https:\/\/i0.wp.com\/lasprimeras.com.do\/wp-content\/uploads\/2024\/11\/sistema-movil-de-misiles-balisticos-intercontinentales-Yars.jpg?resize=525%2C300&ssl=1 1.5x, https:\/\/i0.wp.com\/lasprimeras.com.do\/wp-content\/uploads\/2024\/11\/sistema-movil-de-misiles-balisticos-intercontinentales-Yars.jpg?resize=700%2C400&ssl=1 2x"},"classes":[]},{"id":64986,"url":"https:\/\/lasprimeras.com.do\/index.php\/2023\/10\/25\/rusia-el-kremlin-desmiente-que-el-presidente-putin-este-enfermo\/","url_meta":{"origin":105042,"position":1},"title":"RUSIA: El Kremlin desmiente que el Presidente Putin est\u00e9 enfermo","author":"BIMARY DE JES\u00daS Matos","date":"25 de octubre de 2023","format":false,"excerpt":"MOSCU.- El Kremlin desminti\u00f3 que el presidente de Rusia, Vladimir Putin, est\u00e9 enfermo y dijo que todos los rumores sobre su mal estado de salud son \u00abbulos\u00bb, al igual que las informaciones de que utiliza dobles. \u00abTodo est\u00e1 bien con \u00e9l, esto es absolutamente otra farsa\u00bb, dijo el portavoz de\u2026","rel":"","context":"En \u00abSin categor\u00eda\u00bb","block_context":{"text":"Sin categor\u00eda","link":"https:\/\/lasprimeras.com.do\/index.php\/category\/sin-categoria\/"},"img":{"alt_text":"","src":"","width":0,"height":0},"classes":[]},{"id":53239,"url":"https:\/\/lasprimeras.com.do\/index.php\/2023\/06\/24\/el-kremlin-revela-las-condiciones-del-acuerdo-con-el-grupo-wagner\/","url_meta":{"origin":105042,"position":2},"title":"El Kremlin revela las condiciones del acuerdo con el grupo Wagner","author":"Nelson Feliz","date":"24 de junio de 2023","format":false,"excerpt":"El l\u00edder del grupo militar privado acept\u00f3 este s\u00e1bado la propuesta mediada por el presidente bielorruso y fren\u00f3 el avance de sus fuerzas. El acuerdo entre Mosc\u00fa y la compa\u00f1\u00eda militar privada Wagner que se logr\u00f3 este s\u00e1bado por mediaci\u00f3n del presidente bielorruso Alex\u00e1nder Lukashenko estipula el fin de las\u2026","rel":"","context":"En \u00abSin categor\u00eda\u00bb","block_context":{"text":"Sin categor\u00eda","link":"https:\/\/lasprimeras.com.do\/index.php\/category\/sin-categoria\/"},"img":{"alt_text":"Controles de seguridad en una autopista de Mosc\u00fa, el 24 de junio de 2023.","src":"https:\/\/i0.wp.com\/lasprimeras.com.do\/wp-content\/uploads\/2023\/06\/Controles-de-seguridad.jpg?resize=350%2C200&ssl=1","width":350,"height":200,"srcset":"https:\/\/i0.wp.com\/lasprimeras.com.do\/wp-content\/uploads\/2023\/06\/Controles-de-seguridad.jpg?resize=350%2C200&ssl=1 1x, https:\/\/i0.wp.com\/lasprimeras.com.do\/wp-content\/uploads\/2023\/06\/Controles-de-seguridad.jpg?resize=525%2C300&ssl=1 1.5x, https:\/\/i0.wp.com\/lasprimeras.com.do\/wp-content\/uploads\/2023\/06\/Controles-de-seguridad.jpg?resize=700%2C400&ssl=1 2x"},"classes":[]},{"id":94767,"url":"https:\/\/lasprimeras.com.do\/index.php\/2025\/03\/05\/el-kremlin-afirma-que-una-ley-ucraniana-de-2022-prohibe-a-zelenski-conversar-con-putin\/","url_meta":{"origin":105042,"position":3},"title":"El Kremlin afirma que una ley ucraniana de 2022 proh\u00edbe a Zelenski conversar con Putin","author":"Nelson Feliz","date":"5 de marzo de 2025","format":false,"excerpt":"Por LA PRENSA ASOCIADA Un decreto ucraniano de 2022 que descarta las negociaciones con el presidente ruso, Vladimir Putin, plantea la cuesti\u00f3n de qui\u00e9n podr\u00eda sentarse a la mesa en posibles conversaciones de paz destinadas a poner fin a su guerra de tres a\u00f1os , dijo el mi\u00e9rcoles el portavoz\u2026","rel":"","context":"En \u00abINTERNACIONALES\u00bb","block_context":{"text":"INTERNACIONALES","link":"https:\/\/lasprimeras.com.do\/index.php\/category\/sin-categoria\/internacionales\/"},"img":{"alt_text":"","src":"https:\/\/i0.wp.com\/lasprimeras.com.do\/wp-content\/uploads\/2025\/03\/decreto-ucraniano.png?resize=350%2C200&ssl=1","width":350,"height":200,"srcset":"https:\/\/i0.wp.com\/lasprimeras.com.do\/wp-content\/uploads\/2025\/03\/decreto-ucraniano.png?resize=350%2C200&ssl=1 1x, https:\/\/i0.wp.com\/lasprimeras.com.do\/wp-content\/uploads\/2025\/03\/decreto-ucraniano.png?resize=525%2C300&ssl=1 1.5x, https:\/\/i0.wp.com\/lasprimeras.com.do\/wp-content\/uploads\/2025\/03\/decreto-ucraniano.png?resize=700%2C400&ssl=1 2x"},"classes":[]},{"id":105596,"url":"https:\/\/lasprimeras.com.do\/index.php\/2025\/08\/05\/rusia-anuncia-que-no-respetara-la-moratoria-autoimpuesta-sobre-misiles-de-alcance-intermedio\/","url_meta":{"origin":105042,"position":4},"title":"Rusia anuncia que no respetar\u00e1 la moratoria autoimpuesta sobre misiles de alcance intermedio","author":"Nelson Feliz","date":"5 de agosto de 2025","format":false,"excerpt":"MOSC\u00da (AP) \u2014 Rusia declar\u00f3 que ya no se considera vinculada a una moratoria autoimpuesta sobre el despliegue de misiles de alcance intermedio con capacidad nuclear, una advertencia que podr\u00eda preparar el escenario para una nueva carrera armamentista a medida que las tensiones entre Mosc\u00fa y Washington vuelven a aumentar\u2026","rel":"","context":"En \u00abINTERNACIONALES\u00bb","block_context":{"text":"INTERNACIONALES","link":"https:\/\/lasprimeras.com.do\/index.php\/category\/sin-categoria\/internacionales\/"},"img":{"alt_text":"","src":"https:\/\/i0.wp.com\/lasprimeras.com.do\/wp-content\/uploads\/2025\/08\/vladimir-putin.jpg?resize=350%2C200&ssl=1","width":350,"height":200,"srcset":"https:\/\/i0.wp.com\/lasprimeras.com.do\/wp-content\/uploads\/2025\/08\/vladimir-putin.jpg?resize=350%2C200&ssl=1 1x, https:\/\/i0.wp.com\/lasprimeras.com.do\/wp-content\/uploads\/2025\/08\/vladimir-putin.jpg?resize=525%2C300&ssl=1 1.5x, https:\/\/i0.wp.com\/lasprimeras.com.do\/wp-content\/uploads\/2025\/08\/vladimir-putin.jpg?resize=700%2C400&ssl=1 2x"},"classes":[]},{"id":67146,"url":"https:\/\/lasprimeras.com.do\/index.php\/2023\/11\/13\/el-kremlin-mantiene-la-incertidumbre-sobre-los-planes-de-reeleccion-de-putin\/","url_meta":{"origin":105042,"position":5},"title":"El Kremlin mantiene la incertidumbre sobre los planes de reelecci\u00f3n de Putin","author":"BIMARY DE JES\u00daS Matos","date":"13 de noviembre de 2023","format":false,"excerpt":"Mosc\u00fa.- El Kremlin mantuvo hoy la incertidumbre sobre los planes de reelecci\u00f3n del presidente ruso, Vlad\u00edmir Putin, al que la nueva Constituci\u00f3n permite ejercer otros dos mandatos de seis a\u00f1os cada uno, hasta 2036. \u00abEst\u00e1 claro que el momento del anuncio de las elecciones se acerca, pero por ahora no\u2026","rel":"","context":"En \u00abSin categor\u00eda\u00bb","block_context":{"text":"Sin categor\u00eda","link":"https:\/\/lasprimeras.com.do\/index.php\/category\/sin-categoria\/"},"img":{"alt_text":"","src":"https:\/\/i0.wp.com\/lasprimeras.com.do\/wp-content\/uploads\/2023\/11\/valentin-18.jpg?resize=350%2C200&ssl=1","width":350,"height":200,"srcset":"https:\/\/i0.wp.com\/lasprimeras.com.do\/wp-content\/uploads\/2023\/11\/valentin-18.jpg?resize=350%2C200&ssl=1 1x, https:\/\/i0.wp.com\/lasprimeras.com.do\/wp-content\/uploads\/2023\/11\/valentin-18.jpg?resize=525%2C300&ssl=1 1.5x"},"classes":[]}],"jetpack_sharing_enabled":true,"_links":{"self":[{"href":"https:\/\/lasprimeras.com.do\/index.php\/wp-json\/wp\/v2\/posts\/105042","targetHints":{"allow":["GET"]}}],"collection":[{"href":"https:\/\/lasprimeras.com.do\/index.php\/wp-json\/wp\/v2\/posts"}],"about":[{"href":"https:\/\/lasprimeras.com.do\/index.php\/wp-json\/wp\/v2\/types\/post"}],"author":[{"embeddable":true,"href":"https:\/\/lasprimeras.com.do\/index.php\/wp-json\/wp\/v2\/users\/10"}],"replies":[{"embeddable":true,"href":"https:\/\/lasprimeras.com.do\/index.php\/wp-json\/wp\/v2\/comments?post=105042"}],"version-history":[{"count":1,"href":"https:\/\/lasprimeras.com.do\/index.php\/wp-json\/wp\/v2\/posts\/105042\/revisions"}],"predecessor-version":[{"id":105044,"href":"https:\/\/lasprimeras.com.do\/index.php\/wp-json\/wp\/v2\/posts\/105042\/revisions\/105044"}],"wp:featuredmedia":[{"embeddable":true,"href":"https:\/\/lasprimeras.com.do\/index.php\/wp-json\/wp\/v2\/media\/105043"}],"wp:attachment":[{"href":"https:\/\/lasprimeras.com.do\/index.php\/wp-json\/wp\/v2\/media?parent=105042"}],"wp:term":[{"taxonomy":"category","embeddable":true,"href":"https:\/\/lasprimeras.com.do\/index.php\/wp-json\/wp\/v2\/categories?post=105042"},{"taxonomy":"post_tag","embeddable":true,"href":"https:\/\/lasprimeras.com.do\/index.php\/wp-json\/wp\/v2\/tags?post=105042"}],"curies":[{"name":"wp","href":"https:\/\/api.w.org\/{rel}","templated":true}]}}