{"id":105049,"date":"2025-07-30T07:41:33","date_gmt":"2025-07-30T11:41:33","guid":{"rendered":"https:\/\/lasprimeras.com.do\/?p=105049"},"modified":"2025-07-30T07:41:34","modified_gmt":"2025-07-30T11:41:34","slug":"amigos-todo-esta-bien-el-terremoto-en-rusia-sorprende-a-locutoras-de-radio-en-directo","status":"publish","type":"post","link":"https:\/\/lasprimeras.com.do\/index.php\/2025\/07\/30\/amigos-todo-esta-bien-el-terremoto-en-rusia-sorprende-a-locutoras-de-radio-en-directo\/","title":{"rendered":"&#8220;Amigos, todo est\u00e1 bien&#8221;: el terremoto en Rusia sorprende a locutoras de radio en directo"},"content":{"rendered":"\n<p>La emisi\u00f3n en directo de una radio rusa de Kamchatka, frente a cuyas costas se registr\u00f3 hoy un potente terremoto, impact\u00f3 a los internautas.<\/p>\n\n\n\n<p>El video muestra a tres mujeres que siguen transmitiendo, pese a que el estudio se ve sacudido por el sismo.<\/p>\n\n\n\n<p>&#8220;\u00a1Uy! \u00a1Estamos temblando un poco! \u00a1Tranquilidad! Todo est\u00e1 bien. Queridos amigos, les recuerdo que vivimos en Kamchatka&#8221;, dijo una locutora.<\/p>\n\n\n\n<p>Debido a los fuertes temblores, las dos presentadoras y su invitada tuvieron que salir del estudio.<\/p>\n\n\n\n<figure class=\"wp-block-embed is-type-rich is-provider-twitter wp-block-embed-twitter\"><div class=\"wp-block-embed__wrapper\">\n<div class=\"embed-twitter\"><blockquote class=\"twitter-tweet\" data-width=\"500\" data-dnt=\"true\"><p lang=\"es\" dir=\"ltr\">\u26a1\ufe0f&quot;Amigos, todo est\u00e1 bien&quot;: Terremoto sorprende a presentadoras de radio al aire<br><br>Siga informado\ud83d\udc47<a href=\"https:\/\/t.co\/HIfO9KrsGV\">https:\/\/t.co\/HIfO9KrsGV<\/a> <a href=\"https:\/\/t.co\/wEO1p0p66z\">pic.twitter.com\/wEO1p0p66z<\/a><\/p>&mdash; Sepa M\u00e1s (@Sepa_mass) <a href=\"https:\/\/twitter.com\/Sepa_mass\/status\/1950457500517519658?ref_src=twsrc%5Etfw\">July 30, 2025<\/a><\/blockquote><script async src=\"https:\/\/platform.twitter.com\/widgets.js\" charset=\"utf-8\"><\/script><\/div>\n<\/div><\/figure>\n\n\n\n<p>Fuente RT actualidad<\/p>\n","protected":false},"excerpt":{"rendered":"<p>La emisi\u00f3n en directo de una radio rusa de Kamchatka, frente a cuyas costas se registr\u00f3 hoy un potente terremoto, impact\u00f3 a los internautas. El video muestra a tres mujeres&hellip;<\/p>\n","protected":false},"author":10,"featured_media":105050,"comment_status":"open","ping_status":"open","sticky":false,"template":"","format":"standard","meta":{"content-type":"","jetpack_post_was_ever_published":false,"_jetpack_newsletter_access":"","_jetpack_dont_email_post_to_subs":false,"_jetpack_newsletter_tier_id":0,"_jetpack_memberships_contains_paywalled_content":false,"_jetpack_memberships_contains_paid_content":false,"footnotes":""},"categories":[16289],"tags":[22454,22455],"class_list":["post-105049","post","type-post","status-publish","format-standard","has-post-thumbnail","hentry","category-internacionales","tag-amigos-todo-esta-bien","tag-el-terremoto-en-rusia-sorprende-a-locutoras-de-radio-en-directo"],"jetpack_featured_media_url":"https:\/\/lasprimeras.com.do\/wp-content\/uploads\/2025\/07\/locutoras.jpg","jetpack-related-posts":[{"id":105055,"url":"https:\/\/lasprimeras.com.do\/index.php\/2025\/07\/30\/video-secuelas-del-terremoto-mas-potente-desde-1952-en-kamchatka-y-las-kuriles-a-vista-de-dron\/","url_meta":{"origin":105049,"position":0},"title":"VIDEO: Secuelas del terremoto m\u00e1s potente desde 1952 en Kamchatka y las Kuriles a vista de dron","author":"Nelson Feliz","date":"30 de julio de 2025","format":false,"excerpt":"La sede de Kamchatka del Servicio Geof\u00edsico Unido de la Academia de Ciencias de Rusia ha difundido las primeras im\u00e1genes a vista de dron de las consecuencias del temblor s\u00edsmico m\u00e1s potente registrado en la regi\u00f3n desde el a\u00f1o 1952. Un peligroso y fuerte tsunami se observa en las costas\u2026","rel":"","context":"En \u00abINTERNACIONALES\u00bb","block_context":{"text":"INTERNACIONALES","link":"https:\/\/lasprimeras.com.do\/index.php\/category\/sin-categoria\/internacionales\/"},"img":{"alt_text":"","src":"https:\/\/i0.wp.com\/lasprimeras.com.do\/wp-content\/uploads\/2025\/07\/terre.jpg?resize=350%2C200&ssl=1","width":350,"height":200,"srcset":"https:\/\/i0.wp.com\/lasprimeras.com.do\/wp-content\/uploads\/2025\/07\/terre.jpg?resize=350%2C200&ssl=1 1x, https:\/\/i0.wp.com\/lasprimeras.com.do\/wp-content\/uploads\/2025\/07\/terre.jpg?resize=525%2C300&ssl=1 1.5x, https:\/\/i0.wp.com\/lasprimeras.com.do\/wp-content\/uploads\/2025\/07\/terre.jpg?resize=700%2C400&ssl=1 2x"},"classes":[]},{"id":105052,"url":"https:\/\/lasprimeras.com.do\/index.php\/2025\/07\/30\/sismo-sorprende-a-cirujanos-rusos-en-medio-de-una-operacion-y-su-reaccion-no-tiene-precio-video\/","url_meta":{"origin":105049,"position":1},"title":"Sismo sorprende a cirujanos rusos en medio de una operaci\u00f3n y su reacci\u00f3n no tiene precio (VIDEO)","author":"Nelson Feliz","date":"30 de julio de 2025","format":false,"excerpt":"El gobernador de la regi\u00f3n de Kamchatka orden\u00f3 galardonar a estos profesionales de un centro oncol\u00f3gico local por su valent\u00eda y dedicaci\u00f3n. El potente terremoto que sacudi\u00f3 este mi\u00e9rcoles la regi\u00f3n de Kamchatka, en el Lejano Oriente ruso, sorprendi\u00f3 a un equipo de cirujanos durante una operaci\u00f3n en un centro\u2026","rel":"","context":"En \u00abINTERNACIONALES\u00bb","block_context":{"text":"INTERNACIONALES","link":"https:\/\/lasprimeras.com.do\/index.php\/category\/sin-categoria\/internacionales\/"},"img":{"alt_text":"","src":"https:\/\/i0.wp.com\/lasprimeras.com.do\/wp-content\/uploads\/2025\/07\/ciruj.jpg?resize=350%2C200&ssl=1","width":350,"height":200,"srcset":"https:\/\/i0.wp.com\/lasprimeras.com.do\/wp-content\/uploads\/2025\/07\/ciruj.jpg?resize=350%2C200&ssl=1 1x, https:\/\/i0.wp.com\/lasprimeras.com.do\/wp-content\/uploads\/2025\/07\/ciruj.jpg?resize=525%2C300&ssl=1 1.5x, https:\/\/i0.wp.com\/lasprimeras.com.do\/wp-content\/uploads\/2025\/07\/ciruj.jpg?resize=700%2C400&ssl=1 2x"},"classes":[]},{"id":63175,"url":"https:\/\/lasprimeras.com.do\/index.php\/2023\/10\/10\/fallece-padre-locutor-luis-alberto-perdomo\/","url_meta":{"origin":105049,"position":2},"title":"Fallece padre locutor Luis Alberto Perd\u00f3mo","author":"Nelson Feliz","date":"10 de octubre de 2023","format":false,"excerpt":"Falleci\u00f3 este martes de un infarto card\u00edaco Ram\u00f3n Perd\u00f3mo el progenitor del locutor noticias Luis Alberto Perd\u00f3mo. Alberto Perd\u00f3mo forma parte de la directiva del C\u00edrculo de Locutores Dominicanos que preside la presidenta Hilda Peguero. Labor\u00f3 por a\u00f1os leyendo noticias en Noticiario Popular y Radio Mil Informado. En la actualidad\u2026","rel":"","context":"En \u00abNACIONALES\u00bb","block_context":{"text":"NACIONALES","link":"https:\/\/lasprimeras.com.do\/index.php\/category\/nacionales\/"},"img":{"alt_text":"Luis Alberto Perd\u00f3mo","src":"https:\/\/i0.wp.com\/lasprimeras.com.do\/wp-content\/uploads\/2023\/10\/Luis-Alberto-Perdomo.jpg?resize=350%2C200&ssl=1","width":350,"height":200},"classes":[]},{"id":105045,"url":"https:\/\/lasprimeras.com.do\/index.php\/2025\/07\/30\/tsunami-azota-las-islas-kuriles-de-rusia-videos\/","url_meta":{"origin":105049,"position":3},"title":"Tsunami azota las islas Kuriles de Rusia (VIDEOS)","author":"Nelson Feliz","date":"30 de julio de 2025","format":false,"excerpt":"Algo antes se hab\u00edan emitido alertas de tsunami para varias zonas del Pac\u00edfico, incluidas Rusia, Jap\u00f3n, el estado de Haw\u00e1i, Alaska, California y Guam. Una ola de tsunami alcanz\u00f3 este mi\u00e9rcoles las islas Kuriles del norte, tras un poderoso terremoto de magnitud 8,8 que se produjo frente a las costas\u2026","rel":"","context":"En \u00abINTERNACIONALES\u00bb","block_context":{"text":"INTERNACIONALES","link":"https:\/\/lasprimeras.com.do\/index.php\/category\/sin-categoria\/internacionales\/"},"img":{"alt_text":"","src":"https:\/\/i0.wp.com\/lasprimeras.com.do\/wp-content\/uploads\/2025\/07\/Tsunami-azota-las-islas-Kuriles-de-Rusia.jpg?resize=350%2C200&ssl=1","width":350,"height":200,"srcset":"https:\/\/i0.wp.com\/lasprimeras.com.do\/wp-content\/uploads\/2025\/07\/Tsunami-azota-las-islas-Kuriles-de-Rusia.jpg?resize=350%2C200&ssl=1 1x, https:\/\/i0.wp.com\/lasprimeras.com.do\/wp-content\/uploads\/2025\/07\/Tsunami-azota-las-islas-Kuriles-de-Rusia.jpg?resize=525%2C300&ssl=1 1.5x, https:\/\/i0.wp.com\/lasprimeras.com.do\/wp-content\/uploads\/2025\/07\/Tsunami-azota-las-islas-Kuriles-de-Rusia.jpg?resize=700%2C400&ssl=1 2x"},"classes":[]},{"id":80153,"url":"https:\/\/lasprimeras.com.do\/index.php\/2024\/04\/04\/cdl-dedica-premio-nacional-del-locutor-rafy-miliano\/","url_meta":{"origin":105049,"position":4},"title":"CDL dedica premio nacional del locutor Rafy Miliano","author":"BIMARY DE JES\u00daS Matos","date":"4 de abril de 2024","format":false,"excerpt":"Santo Domingo, RD.- Como cada a\u00f1o, el Colegio Dominicano de Locutores (CDL), convoc\u00f3 este jueves a su 10ma. Edici\u00f3n del Premio Nacional del Locutor, a celebrarse el pr\u00f3ximo 18 de abril, en ocasi\u00f3n al D\u00eda Nacional del Locutor y est\u00e1 dedicada al destacado locutor Rafy Miliano. Con ese objetivo, la\u2026","rel":"","context":"En \u00abPORTADA\u00bb","block_context":{"text":"PORTADA","link":"https:\/\/lasprimeras.com.do\/index.php\/category\/portada\/"},"img":{"alt_text":"","src":"https:\/\/i0.wp.com\/lasprimeras.com.do\/wp-content\/uploads\/2024\/04\/WhatsApp-Image-2024-04-04-at-12.56.17-PM.jpeg?resize=350%2C200&ssl=1","width":350,"height":200,"srcset":"https:\/\/i0.wp.com\/lasprimeras.com.do\/wp-content\/uploads\/2024\/04\/WhatsApp-Image-2024-04-04-at-12.56.17-PM.jpeg?resize=350%2C200&ssl=1 1x, https:\/\/i0.wp.com\/lasprimeras.com.do\/wp-content\/uploads\/2024\/04\/WhatsApp-Image-2024-04-04-at-12.56.17-PM.jpeg?resize=525%2C300&ssl=1 1.5x, https:\/\/i0.wp.com\/lasprimeras.com.do\/wp-content\/uploads\/2024\/04\/WhatsApp-Image-2024-04-04-at-12.56.17-PM.jpeg?resize=700%2C400&ssl=1 2x, https:\/\/i0.wp.com\/lasprimeras.com.do\/wp-content\/uploads\/2024\/04\/WhatsApp-Image-2024-04-04-at-12.56.17-PM.jpeg?resize=1050%2C600&ssl=1 3x"},"classes":[]},{"id":93820,"url":"https:\/\/lasprimeras.com.do\/index.php\/2025\/02\/21\/guillermo-henriquez-hijo-fue-un-reconocido-locutor-y-comentarista-de-rd\/","url_meta":{"origin":105049,"position":5},"title":"Guillermo Henr\u00edquez hijo fue un reconocido locutor y comentarista de RD","author":"Nelson Feliz","date":"21 de febrero de 2025","format":false,"excerpt":"Guillermo Abel Henr\u00edquez Dumois conocido como Guillermo Henr\u00edquez hijo, fue un reconocido locutor y comentarista de radio y televisi\u00f3n dominicano. Falleci\u00f3 el 8 de febrero del 2013 en Santo Domingo, Rep\u00fablica Dominicana. Guillermo Henr\u00edquez hijo naci\u00f3 en Santo Domingo, Rep\u00fablica Dominicana. Estudi\u00f3 periodismo, locuci\u00f3n, arte dram\u00e1tico y producci\u00f3n televisiva en\u2026","rel":"","context":"En \u00abENTRETENIMIENTO\u00bb","block_context":{"text":"ENTRETENIMIENTO","link":"https:\/\/lasprimeras.com.do\/index.php\/category\/entretenimiento\/"},"img":{"alt_text":"","src":"https:\/\/i0.wp.com\/lasprimeras.com.do\/wp-content\/uploads\/2025\/02\/Guillermo-Henriquez-hijo.jpg?resize=350%2C200&ssl=1","width":350,"height":200},"classes":[]}],"jetpack_sharing_enabled":true,"_links":{"self":[{"href":"https:\/\/lasprimeras.com.do\/index.php\/wp-json\/wp\/v2\/posts\/105049","targetHints":{"allow":["GET"]}}],"collection":[{"href":"https:\/\/lasprimeras.com.do\/index.php\/wp-json\/wp\/v2\/posts"}],"about":[{"href":"https:\/\/lasprimeras.com.do\/index.php\/wp-json\/wp\/v2\/types\/post"}],"author":[{"embeddable":true,"href":"https:\/\/lasprimeras.com.do\/index.php\/wp-json\/wp\/v2\/users\/10"}],"replies":[{"embeddable":true,"href":"https:\/\/lasprimeras.com.do\/index.php\/wp-json\/wp\/v2\/comments?post=105049"}],"version-history":[{"count":1,"href":"https:\/\/lasprimeras.com.do\/index.php\/wp-json\/wp\/v2\/posts\/105049\/revisions"}],"predecessor-version":[{"id":105051,"href":"https:\/\/lasprimeras.com.do\/index.php\/wp-json\/wp\/v2\/posts\/105049\/revisions\/105051"}],"wp:featuredmedia":[{"embeddable":true,"href":"https:\/\/lasprimeras.com.do\/index.php\/wp-json\/wp\/v2\/media\/105050"}],"wp:attachment":[{"href":"https:\/\/lasprimeras.com.do\/index.php\/wp-json\/wp\/v2\/media?parent=105049"}],"wp:term":[{"taxonomy":"category","embeddable":true,"href":"https:\/\/lasprimeras.com.do\/index.php\/wp-json\/wp\/v2\/categories?post=105049"},{"taxonomy":"post_tag","embeddable":true,"href":"https:\/\/lasprimeras.com.do\/index.php\/wp-json\/wp\/v2\/tags?post=105049"}],"curies":[{"name":"wp","href":"https:\/\/api.w.org\/{rel}","templated":true}]}}