{"id":105052,"date":"2025-07-30T07:51:22","date_gmt":"2025-07-30T11:51:22","guid":{"rendered":"https:\/\/lasprimeras.com.do\/?p=105052"},"modified":"2025-07-30T07:51:23","modified_gmt":"2025-07-30T11:51:23","slug":"sismo-sorprende-a-cirujanos-rusos-en-medio-de-una-operacion-y-su-reaccion-no-tiene-precio-video","status":"publish","type":"post","link":"https:\/\/lasprimeras.com.do\/index.php\/2025\/07\/30\/sismo-sorprende-a-cirujanos-rusos-en-medio-de-una-operacion-y-su-reaccion-no-tiene-precio-video\/","title":{"rendered":"Sismo sorprende a cirujanos rusos en medio de una operaci\u00f3n y su reacci\u00f3n no tiene precio (VIDEO)"},"content":{"rendered":"\n<p><strong>El gobernador de la regi\u00f3n de Kamchatka orden\u00f3 galardonar a estos profesionales de un centro oncol\u00f3gico local por su valent\u00eda y dedicaci\u00f3n.<\/strong><\/p>\n\n\n\n<p>El potente terremoto que sacudi\u00f3 este mi\u00e9rcoles la regi\u00f3n de Kamchatka, en el Lejano Oriente ruso, sorprendi\u00f3 a un equipo de cirujanos durante una operaci\u00f3n en un centro oncol\u00f3gico local.<\/p>\n\n\n\n<p>A pesar de los fuertes temblores, los m\u00e9dicos mantuvieron la calma y siguieron operando al paciente, mientras una enfermera sosten\u00eda la mesa quir\u00fargica junto a otro empleado que hac\u00eda lo propio con los dispositivos.<\/p>\n\n\n\n<p>De acuerdo con el ministro regional de Salud, Oleg M\u00e9lnikov, el paciente actualmente se encuentra bien.<\/p>\n\n\n\n<figure class=\"wp-block-embed is-type-rich is-provider-twitter wp-block-embed-twitter\"><div class=\"wp-block-embed__wrapper\">\n<div class=\"embed-twitter\"><blockquote class=\"twitter-tweet\" data-width=\"500\" data-dnt=\"true\"><p lang=\"es\" dir=\"ltr\">Calma de los m\u00e9dicos durante el terremoto de 8, 8 en Kamchatka: continuaron operando y permanecieron con el paciente hasta el final. Seg\u00fan inform\u00f3 el Ministerio de Sanidad, se encuentra bien la persona operada.<br><br>\ud83d\udccdTodo sobre el potente terremoto <a href=\"https:\/\/t.co\/VsGAA1tsiy\">https:\/\/t.co\/VsGAA1tsiy<\/a> <a href=\"https:\/\/t.co\/mQIter6SGK\">pic.twitter.com\/mQIter6SGK<\/a><\/p>&mdash; Sepa M\u00e1s (@Sepa_mass) <a href=\"https:\/\/twitter.com\/Sepa_mass\/status\/1950420589367480329?ref_src=twsrc%5Etfw\">July 30, 2025<\/a><\/blockquote><script async src=\"https:\/\/platform.twitter.com\/widgets.js\" charset=\"utf-8\"><\/script><\/div>\n<\/div><\/figure>\n\n\n\n<p>El gobernador de la regi\u00f3n de Kamchatka, Vlad\u00edmir S\u00f3lodov, elogi\u00f3 los esfuerzos del equipo m\u00e9dico y dispuso que sea galardonado.<\/p>\n\n\n\n<p>&#8220;Orden\u00e9 la preparaci\u00f3n de los documentos para la entrega de premios estatales a los m\u00e9dicos del dispensario oncol\u00f3gico, quienes, incluso en los momentos m\u00e1s dif\u00edciles, no interrumpieron la operaci\u00f3n y mantuvieron la compostura y la profesionalidad&#8221;, declar\u00f3.<\/p>\n\n\n\n<p>&#8220;Tal valent\u00eda merece el mayor elogio. \u00a1Gracias a los profesionales m\u00e9dicos por su dedicaci\u00f3n a la causa!&#8221;, concluy\u00f3.<\/p>\n\n\n\n<p>Por su parte, la vocera de la Canciller\u00eda rusa, Mar\u00eda Zaj\u00e1rova, se hizo eco de este incidente en Petrop\u00e1vlovsk-Kamchatski y destac\u00f3 que los m\u00e9dicos literalmente &#8220;cubrieron con sus cuerpos&#8221; a la persona operada.<\/p>\n\n\n\n<p>Fuente RT actualidad<\/p>\n","protected":false},"excerpt":{"rendered":"<p>El gobernador de la regi\u00f3n de Kamchatka orden\u00f3 galardonar a estos profesionales de un centro oncol\u00f3gico local por su valent\u00eda y dedicaci\u00f3n. El potente terremoto que sacudi\u00f3 este mi\u00e9rcoles la&hellip;<\/p>\n","protected":false},"author":10,"featured_media":105053,"comment_status":"open","ping_status":"open","sticky":false,"template":"","format":"standard","meta":{"content-type":"","jetpack_post_was_ever_published":false,"_jetpack_newsletter_access":"","_jetpack_dont_email_post_to_subs":false,"_jetpack_newsletter_tier_id":0,"_jetpack_memberships_contains_paywalled_content":false,"_jetpack_memberships_contains_paid_content":false,"footnotes":""},"categories":[16289],"tags":[22456,22457],"class_list":["post-105052","post","type-post","status-publish","format-standard","has-post-thumbnail","hentry","category-internacionales","tag-sismo-sorprende-a-cirujanos-rusos-en-medio-de-una-operacion","tag-su-reaccion-no-tiene-precio"],"jetpack_featured_media_url":"https:\/\/lasprimeras.com.do\/wp-content\/uploads\/2025\/07\/ciruj.jpg","jetpack-related-posts":[{"id":105049,"url":"https:\/\/lasprimeras.com.do\/index.php\/2025\/07\/30\/amigos-todo-esta-bien-el-terremoto-en-rusia-sorprende-a-locutoras-de-radio-en-directo\/","url_meta":{"origin":105052,"position":0},"title":"&#8220;Amigos, todo est\u00e1 bien&#8221;: el terremoto en Rusia sorprende a locutoras de radio en directo","author":"Nelson Feliz","date":"30 de julio de 2025","format":false,"excerpt":"La emisi\u00f3n en directo de una radio rusa de Kamchatka, frente a cuyas costas se registr\u00f3 hoy un potente terremoto, impact\u00f3 a los internautas. El video muestra a tres mujeres que siguen transmitiendo, pese a que el estudio se ve sacudido por el sismo. \"\u00a1Uy! \u00a1Estamos temblando un poco! \u00a1Tranquilidad!\u2026","rel":"","context":"En \u00abINTERNACIONALES\u00bb","block_context":{"text":"INTERNACIONALES","link":"https:\/\/lasprimeras.com.do\/index.php\/category\/sin-categoria\/internacionales\/"},"img":{"alt_text":"","src":"https:\/\/i0.wp.com\/lasprimeras.com.do\/wp-content\/uploads\/2025\/07\/locutoras.jpg?resize=350%2C200&ssl=1","width":350,"height":200,"srcset":"https:\/\/i0.wp.com\/lasprimeras.com.do\/wp-content\/uploads\/2025\/07\/locutoras.jpg?resize=350%2C200&ssl=1 1x, https:\/\/i0.wp.com\/lasprimeras.com.do\/wp-content\/uploads\/2025\/07\/locutoras.jpg?resize=525%2C300&ssl=1 1.5x, https:\/\/i0.wp.com\/lasprimeras.com.do\/wp-content\/uploads\/2025\/07\/locutoras.jpg?resize=700%2C400&ssl=1 2x"},"classes":[]},{"id":89880,"url":"https:\/\/lasprimeras.com.do\/index.php\/2024\/10\/06\/cirujana-oncologa-de-ee-uu-dictara-conferencia-sobre-el-cancer-de-mama\/","url_meta":{"origin":105052,"position":1},"title":"Cirujana onc\u00f3loga de EE.UU. dictar\u00e1 conferencia sobre el c\u00e1ncer de mama","author":"Nelson Feliz","date":"6 de octubre de 2024","format":false,"excerpt":"La conferencia es organizada por la firma Pe\u00f1a-Izquierdo Corredores de Seguros y el New York Presbyterian Hospital. La reconocida cirujana onc\u00f3loga de Estados Unidos, Rache M. Simmons, ofrecer\u00e1 este martes 8 de octubre, la conferencia \"La trayectoria de una mujer con c\u00e1ncer de mama a trav\u00e9s del diagn\u00f3stico, tratamiento y\u2026","rel":"","context":"En \u00abSin categor\u00eda\u00bb","block_context":{"text":"Sin categor\u00eda","link":"https:\/\/lasprimeras.com.do\/index.php\/category\/sin-categoria\/"},"img":{"alt_text":"La vicepresidenta ejecutiva de la firma Pe\u00f1a-Izquierdo Corredores de Seguros, Laura Pe\u00f1a Izquierdo, ofrece los detalles de la actividad.","src":"https:\/\/i0.wp.com\/lasprimeras.com.do\/wp-content\/uploads\/2024\/10\/La-vicepresidenta-ejecutiva-de-Pena-Izquierdo-Corredores-Seguros-Laura-Pena-Izquierdo.jpg?resize=350%2C200&ssl=1","width":350,"height":200,"srcset":"https:\/\/i0.wp.com\/lasprimeras.com.do\/wp-content\/uploads\/2024\/10\/La-vicepresidenta-ejecutiva-de-Pena-Izquierdo-Corredores-Seguros-Laura-Pena-Izquierdo.jpg?resize=350%2C200&ssl=1 1x, https:\/\/i0.wp.com\/lasprimeras.com.do\/wp-content\/uploads\/2024\/10\/La-vicepresidenta-ejecutiva-de-Pena-Izquierdo-Corredores-Seguros-Laura-Pena-Izquierdo.jpg?resize=525%2C300&ssl=1 1.5x, https:\/\/i0.wp.com\/lasprimeras.com.do\/wp-content\/uploads\/2024\/10\/La-vicepresidenta-ejecutiva-de-Pena-Izquierdo-Corredores-Seguros-Laura-Pena-Izquierdo.jpg?resize=700%2C400&ssl=1 2x"},"classes":[]},{"id":63337,"url":"https:\/\/lasprimeras.com.do\/index.php\/2023\/10\/11\/%c2%a8sambil-se-mueve%c2%a8-junto-a-tae-fighting-contra-el-cancer-de-mama\/","url_meta":{"origin":105052,"position":2},"title":"\u00a8Sambil se mueve\u00a8 junto a Tae Fighting contra el c\u00e1ncer de mama","author":"Nelson Feliz","date":"11 de octubre de 2023","format":false,"excerpt":"\"Sambil se mueve: Fitness por una causa rosa\", un evento organizado y auspiciado por Tae Fighting, es la campa\u00f1a que llenar\u00e1 de color y energ\u00eda el gran sal\u00f3n de eventos del centro comercial Sambil, este 28 de octubre a partir de las 9:00am con motivo del mes de la lucha\u2026","rel":"","context":"En \u00abSin categor\u00eda\u00bb","block_context":{"text":"Sin categor\u00eda","link":"https:\/\/lasprimeras.com.do\/index.php\/category\/sin-categoria\/"},"img":{"alt_text":"EGLEE HEREDIA- SANTIAGO MARTINEZ, Dra. NIURKA LOZANO","src":"https:\/\/i0.wp.com\/lasprimeras.com.do\/wp-content\/uploads\/2023\/10\/EGLEE-HEREDIA-SANTIAGO-MARTINEZ-Dra.-NIURKA-LOZANO.jpg?resize=350%2C200&ssl=1","width":350,"height":200,"srcset":"https:\/\/i0.wp.com\/lasprimeras.com.do\/wp-content\/uploads\/2023\/10\/EGLEE-HEREDIA-SANTIAGO-MARTINEZ-Dra.-NIURKA-LOZANO.jpg?resize=350%2C200&ssl=1 1x, https:\/\/i0.wp.com\/lasprimeras.com.do\/wp-content\/uploads\/2023\/10\/EGLEE-HEREDIA-SANTIAGO-MARTINEZ-Dra.-NIURKA-LOZANO.jpg?resize=525%2C300&ssl=1 1.5x, https:\/\/i0.wp.com\/lasprimeras.com.do\/wp-content\/uploads\/2023\/10\/EGLEE-HEREDIA-SANTIAGO-MARTINEZ-Dra.-NIURKA-LOZANO.jpg?resize=700%2C400&ssl=1 2x"},"classes":[]},{"id":105033,"url":"https:\/\/lasprimeras.com.do\/index.php\/2025\/07\/30\/sismo-de-magnitud-88-causa-tsunami-en-las-costas-de-rusia-japon-y-hawai\/","url_meta":{"origin":105052,"position":3},"title":"Sismo de magnitud 8,8 causa tsunami en las costas de Rusia, Jap\u00f3n y Hawai","author":"Nelson Feliz","date":"30 de julio de 2025","format":false,"excerpt":"POR MARI YAMAGUCHI TOKIO (AP) \u2014 Uno de los terremotos m\u00e1s potentes jam\u00e1s registrados remeci\u00f3 el extremo oriental de Rusia en la madrugada del mi\u00e9rcoles y provoc\u00f3 olas de tsunami en Jap\u00f3n, Hawai y en la costa oeste de Estados Unidos. No se reportaron da\u00f1os significativos por el momento, pero\u2026","rel":"","context":"En \u00abINTERNACIONALES\u00bb","block_context":{"text":"INTERNACIONALES","link":"https:\/\/lasprimeras.com.do\/index.php\/category\/sin-categoria\/internacionales\/"},"img":{"alt_text":"","src":"https:\/\/i0.wp.com\/lasprimeras.com.do\/wp-content\/uploads\/2025\/07\/sismo.jpg?resize=350%2C200&ssl=1","width":350,"height":200,"srcset":"https:\/\/i0.wp.com\/lasprimeras.com.do\/wp-content\/uploads\/2025\/07\/sismo.jpg?resize=350%2C200&ssl=1 1x, https:\/\/i0.wp.com\/lasprimeras.com.do\/wp-content\/uploads\/2025\/07\/sismo.jpg?resize=525%2C300&ssl=1 1.5x, https:\/\/i0.wp.com\/lasprimeras.com.do\/wp-content\/uploads\/2025\/07\/sismo.jpg?resize=700%2C400&ssl=1 2x"},"classes":[]},{"id":69146,"url":"https:\/\/lasprimeras.com.do\/index.php\/2023\/11\/30\/cancer-de-prostata-entre-las-principales-amenazas-de-la-salud-masculina\/","url_meta":{"origin":105052,"position":4},"title":"C\u00e1ncer de pr\u00f3stata, entre las principales amenazas de la salud masculina","author":"Nelson Feliz","date":"30 de noviembre de 2023","format":false,"excerpt":"Durante el \u00faltimo trimestre del a\u00f1o, en el HOMS estar\u00e1n libre de copago las sonograf\u00edas, densitometr\u00edas, resonancias magn\u00e9ticas de mamas y multiparam\u00e9trica de pr\u00f3stata, as\u00ed como los tratamientos de radioterapia, tanto para hombres como para mujeres. En noviembre se conmemora el Mes de la Salud Masculina, gracias al movimiento internacional\u2026","rel":"","context":"En \u00abPORTADA\u00bb","block_context":{"text":"PORTADA","link":"https:\/\/lasprimeras.com.do\/index.php\/category\/portada\/"},"img":{"alt_text":"Dr. David Samadi ur\u00f3logo onc\u00f3logo del HOMS","src":"https:\/\/i0.wp.com\/lasprimeras.com.do\/wp-content\/uploads\/2023\/11\/Dr.-David-Samadi-urologo-oncologo-del-HOMS.jpg?resize=350%2C200&ssl=1","width":350,"height":200,"srcset":"https:\/\/i0.wp.com\/lasprimeras.com.do\/wp-content\/uploads\/2023\/11\/Dr.-David-Samadi-urologo-oncologo-del-HOMS.jpg?resize=350%2C200&ssl=1 1x, https:\/\/i0.wp.com\/lasprimeras.com.do\/wp-content\/uploads\/2023\/11\/Dr.-David-Samadi-urologo-oncologo-del-HOMS.jpg?resize=525%2C300&ssl=1 1.5x, https:\/\/i0.wp.com\/lasprimeras.com.do\/wp-content\/uploads\/2023\/11\/Dr.-David-Samadi-urologo-oncologo-del-HOMS.jpg?resize=700%2C400&ssl=1 2x"},"classes":[]},{"id":65356,"url":"https:\/\/lasprimeras.com.do\/index.php\/2023\/10\/27\/especialistas-de-la-salud-se-mueven-por-una-causa-rosa\/","url_meta":{"origin":105052,"position":5},"title":"Especialistas de la salud se mueven por una causa rosa","author":"Nelson Feliz","date":"27 de octubre de 2023","format":false,"excerpt":"Expertos en diferentes \u00e1reas de la salud presentar\u00e1n conferencias durante evento \u201cSambil se mueve: Fitness por una causa rosa\u201d A prop\u00f3sito del mes de la lucha contra el c\u00e1ncer de mama, especialistas de distintas \u00e1reas de la salud participar\u00e1n como conferencistas, este 28 de octubre en el centro comercial Sambil,\u2026","rel":"","context":"En \u00abSin categor\u00eda\u00bb","block_context":{"text":"Sin categor\u00eda","link":"https:\/\/lasprimeras.com.do\/index.php\/category\/sin-categoria\/"},"img":{"alt_text":"Especialistas","src":"https:\/\/i0.wp.com\/lasprimeras.com.do\/wp-content\/uploads\/2023\/10\/Especialistas.jpg?resize=350%2C200&ssl=1","width":350,"height":200,"srcset":"https:\/\/i0.wp.com\/lasprimeras.com.do\/wp-content\/uploads\/2023\/10\/Especialistas.jpg?resize=350%2C200&ssl=1 1x, https:\/\/i0.wp.com\/lasprimeras.com.do\/wp-content\/uploads\/2023\/10\/Especialistas.jpg?resize=525%2C300&ssl=1 1.5x, https:\/\/i0.wp.com\/lasprimeras.com.do\/wp-content\/uploads\/2023\/10\/Especialistas.jpg?resize=700%2C400&ssl=1 2x"},"classes":[]}],"jetpack_sharing_enabled":true,"_links":{"self":[{"href":"https:\/\/lasprimeras.com.do\/index.php\/wp-json\/wp\/v2\/posts\/105052","targetHints":{"allow":["GET"]}}],"collection":[{"href":"https:\/\/lasprimeras.com.do\/index.php\/wp-json\/wp\/v2\/posts"}],"about":[{"href":"https:\/\/lasprimeras.com.do\/index.php\/wp-json\/wp\/v2\/types\/post"}],"author":[{"embeddable":true,"href":"https:\/\/lasprimeras.com.do\/index.php\/wp-json\/wp\/v2\/users\/10"}],"replies":[{"embeddable":true,"href":"https:\/\/lasprimeras.com.do\/index.php\/wp-json\/wp\/v2\/comments?post=105052"}],"version-history":[{"count":1,"href":"https:\/\/lasprimeras.com.do\/index.php\/wp-json\/wp\/v2\/posts\/105052\/revisions"}],"predecessor-version":[{"id":105054,"href":"https:\/\/lasprimeras.com.do\/index.php\/wp-json\/wp\/v2\/posts\/105052\/revisions\/105054"}],"wp:featuredmedia":[{"embeddable":true,"href":"https:\/\/lasprimeras.com.do\/index.php\/wp-json\/wp\/v2\/media\/105053"}],"wp:attachment":[{"href":"https:\/\/lasprimeras.com.do\/index.php\/wp-json\/wp\/v2\/media?parent=105052"}],"wp:term":[{"taxonomy":"category","embeddable":true,"href":"https:\/\/lasprimeras.com.do\/index.php\/wp-json\/wp\/v2\/categories?post=105052"},{"taxonomy":"post_tag","embeddable":true,"href":"https:\/\/lasprimeras.com.do\/index.php\/wp-json\/wp\/v2\/tags?post=105052"}],"curies":[{"name":"wp","href":"https:\/\/api.w.org\/{rel}","templated":true}]}}