{"id":105055,"date":"2025-07-30T08:00:42","date_gmt":"2025-07-30T12:00:42","guid":{"rendered":"https:\/\/lasprimeras.com.do\/?p=105055"},"modified":"2025-07-30T08:00:44","modified_gmt":"2025-07-30T12:00:44","slug":"video-secuelas-del-terremoto-mas-potente-desde-1952-en-kamchatka-y-las-kuriles-a-vista-de-dron","status":"publish","type":"post","link":"https:\/\/lasprimeras.com.do\/index.php\/2025\/07\/30\/video-secuelas-del-terremoto-mas-potente-desde-1952-en-kamchatka-y-las-kuriles-a-vista-de-dron\/","title":{"rendered":"VIDEO: Secuelas del terremoto m\u00e1s potente desde 1952 en Kamchatka y las Kuriles a vista de dron"},"content":{"rendered":"\n<p>La sede de Kamchatka del Servicio Geof\u00edsico Unido de la Academia de Ciencias de Rusia ha difundido las primeras im\u00e1genes a vista de dron de las consecuencias del temblor s\u00edsmico m\u00e1s potente registrado en la regi\u00f3n desde el a\u00f1o 1952.<\/p>\n\n\n\n<p>Un peligroso y fuerte tsunami se observa en las costas de la pen\u00ednsula de Kamchatka y la ciudad de S\u00e9vero-Kurilsk (Norte de las islas Kuriles).<\/p>\n\n\n\n<p>Un intenso proceso de r\u00e9plicas est\u00e1 en desarrollo, comunica el servicio.<\/p>\n\n\n\n<figure class=\"wp-block-embed is-type-rich is-provider-twitter wp-block-embed-twitter\"><div class=\"wp-block-embed__wrapper\">\n<div class=\"embed-twitter\"><blockquote class=\"twitter-tweet\" data-width=\"500\" data-dnt=\"true\"><p lang=\"es\" dir=\"ltr\">\ud83c\udf0aIm\u00e1genes captadas por un dron del paso del terremoto en Kamchatka (Rusia), que gener\u00f3 un tsunami en S\u00e9vero-Kurilsk<a href=\"https:\/\/t.co\/ftUR9IUBtk\">https:\/\/t.co\/ftUR9IUBtk<\/a> <a href=\"https:\/\/t.co\/S8uvohI7xM\">pic.twitter.com\/S8uvohI7xM<\/a><\/p>&mdash; Sepa M\u00e1s (@Sepa_mass) <a href=\"https:\/\/twitter.com\/Sepa_mass\/status\/1950390627851477055?ref_src=twsrc%5Etfw\">July 30, 2025<\/a><\/blockquote><script async src=\"https:\/\/platform.twitter.com\/widgets.js\" charset=\"utf-8\"><\/script><\/div>\n<\/div><\/figure>\n\n\n\n<p>Fuente RT actualidad<\/p>\n","protected":false},"excerpt":{"rendered":"<p>La sede de Kamchatka del Servicio Geof\u00edsico Unido de la Academia de Ciencias de Rusia ha difundido las primeras im\u00e1genes a vista de dron de las consecuencias del temblor s\u00edsmico&hellip;<\/p>\n","protected":false},"author":10,"featured_media":105056,"comment_status":"open","ping_status":"open","sticky":false,"template":"","format":"standard","meta":{"content-type":"","jetpack_post_was_ever_published":false,"_jetpack_newsletter_access":"","_jetpack_dont_email_post_to_subs":false,"_jetpack_newsletter_tier_id":0,"_jetpack_memberships_contains_paywalled_content":false,"_jetpack_memberships_contains_paid_content":false,"footnotes":""},"categories":[16289],"tags":[22459,22458,1857],"class_list":["post-105055","post","type-post","status-publish","format-standard","has-post-thumbnail","hentry","category-internacionales","tag-las-kuriles-a-vista-de-dron","tag-secuelas-del-terremoto-mas-potente-desde-1952-en-kamchatka","tag-video"],"jetpack_featured_media_url":"https:\/\/lasprimeras.com.do\/wp-content\/uploads\/2025\/07\/terre.jpg","jetpack-related-posts":[{"id":105049,"url":"https:\/\/lasprimeras.com.do\/index.php\/2025\/07\/30\/amigos-todo-esta-bien-el-terremoto-en-rusia-sorprende-a-locutoras-de-radio-en-directo\/","url_meta":{"origin":105055,"position":0},"title":"&#8220;Amigos, todo est\u00e1 bien&#8221;: el terremoto en Rusia sorprende a locutoras de radio en directo","author":"Nelson Feliz","date":"30 de julio de 2025","format":false,"excerpt":"La emisi\u00f3n en directo de una radio rusa de Kamchatka, frente a cuyas costas se registr\u00f3 hoy un potente terremoto, impact\u00f3 a los internautas. El video muestra a tres mujeres que siguen transmitiendo, pese a que el estudio se ve sacudido por el sismo. \"\u00a1Uy! \u00a1Estamos temblando un poco! \u00a1Tranquilidad!\u2026","rel":"","context":"En \u00abINTERNACIONALES\u00bb","block_context":{"text":"INTERNACIONALES","link":"https:\/\/lasprimeras.com.do\/index.php\/category\/sin-categoria\/internacionales\/"},"img":{"alt_text":"","src":"https:\/\/i0.wp.com\/lasprimeras.com.do\/wp-content\/uploads\/2025\/07\/locutoras.jpg?resize=350%2C200&ssl=1","width":350,"height":200,"srcset":"https:\/\/i0.wp.com\/lasprimeras.com.do\/wp-content\/uploads\/2025\/07\/locutoras.jpg?resize=350%2C200&ssl=1 1x, https:\/\/i0.wp.com\/lasprimeras.com.do\/wp-content\/uploads\/2025\/07\/locutoras.jpg?resize=525%2C300&ssl=1 1.5x, https:\/\/i0.wp.com\/lasprimeras.com.do\/wp-content\/uploads\/2025\/07\/locutoras.jpg?resize=700%2C400&ssl=1 2x"},"classes":[]},{"id":105052,"url":"https:\/\/lasprimeras.com.do\/index.php\/2025\/07\/30\/sismo-sorprende-a-cirujanos-rusos-en-medio-de-una-operacion-y-su-reaccion-no-tiene-precio-video\/","url_meta":{"origin":105055,"position":1},"title":"Sismo sorprende a cirujanos rusos en medio de una operaci\u00f3n y su reacci\u00f3n no tiene precio (VIDEO)","author":"Nelson Feliz","date":"30 de julio de 2025","format":false,"excerpt":"El gobernador de la regi\u00f3n de Kamchatka orden\u00f3 galardonar a estos profesionales de un centro oncol\u00f3gico local por su valent\u00eda y dedicaci\u00f3n. El potente terremoto que sacudi\u00f3 este mi\u00e9rcoles la regi\u00f3n de Kamchatka, en el Lejano Oriente ruso, sorprendi\u00f3 a un equipo de cirujanos durante una operaci\u00f3n en un centro\u2026","rel":"","context":"En \u00abINTERNACIONALES\u00bb","block_context":{"text":"INTERNACIONALES","link":"https:\/\/lasprimeras.com.do\/index.php\/category\/sin-categoria\/internacionales\/"},"img":{"alt_text":"","src":"https:\/\/i0.wp.com\/lasprimeras.com.do\/wp-content\/uploads\/2025\/07\/ciruj.jpg?resize=350%2C200&ssl=1","width":350,"height":200,"srcset":"https:\/\/i0.wp.com\/lasprimeras.com.do\/wp-content\/uploads\/2025\/07\/ciruj.jpg?resize=350%2C200&ssl=1 1x, https:\/\/i0.wp.com\/lasprimeras.com.do\/wp-content\/uploads\/2025\/07\/ciruj.jpg?resize=525%2C300&ssl=1 1.5x, https:\/\/i0.wp.com\/lasprimeras.com.do\/wp-content\/uploads\/2025\/07\/ciruj.jpg?resize=700%2C400&ssl=1 2x"},"classes":[]},{"id":105033,"url":"https:\/\/lasprimeras.com.do\/index.php\/2025\/07\/30\/sismo-de-magnitud-88-causa-tsunami-en-las-costas-de-rusia-japon-y-hawai\/","url_meta":{"origin":105055,"position":2},"title":"Sismo de magnitud 8,8 causa tsunami en las costas de Rusia, Jap\u00f3n y Hawai","author":"Nelson Feliz","date":"30 de julio de 2025","format":false,"excerpt":"POR MARI YAMAGUCHI TOKIO (AP) \u2014 Uno de los terremotos m\u00e1s potentes jam\u00e1s registrados remeci\u00f3 el extremo oriental de Rusia en la madrugada del mi\u00e9rcoles y provoc\u00f3 olas de tsunami en Jap\u00f3n, Hawai y en la costa oeste de Estados Unidos. No se reportaron da\u00f1os significativos por el momento, pero\u2026","rel":"","context":"En \u00abINTERNACIONALES\u00bb","block_context":{"text":"INTERNACIONALES","link":"https:\/\/lasprimeras.com.do\/index.php\/category\/sin-categoria\/internacionales\/"},"img":{"alt_text":"","src":"https:\/\/i0.wp.com\/lasprimeras.com.do\/wp-content\/uploads\/2025\/07\/sismo.jpg?resize=350%2C200&ssl=1","width":350,"height":200,"srcset":"https:\/\/i0.wp.com\/lasprimeras.com.do\/wp-content\/uploads\/2025\/07\/sismo.jpg?resize=350%2C200&ssl=1 1x, https:\/\/i0.wp.com\/lasprimeras.com.do\/wp-content\/uploads\/2025\/07\/sismo.jpg?resize=525%2C300&ssl=1 1.5x, https:\/\/i0.wp.com\/lasprimeras.com.do\/wp-content\/uploads\/2025\/07\/sismo.jpg?resize=700%2C400&ssl=1 2x"},"classes":[]},{"id":105045,"url":"https:\/\/lasprimeras.com.do\/index.php\/2025\/07\/30\/tsunami-azota-las-islas-kuriles-de-rusia-videos\/","url_meta":{"origin":105055,"position":3},"title":"Tsunami azota las islas Kuriles de Rusia (VIDEOS)","author":"Nelson Feliz","date":"30 de julio de 2025","format":false,"excerpt":"Algo antes se hab\u00edan emitido alertas de tsunami para varias zonas del Pac\u00edfico, incluidas Rusia, Jap\u00f3n, el estado de Haw\u00e1i, Alaska, California y Guam. Una ola de tsunami alcanz\u00f3 este mi\u00e9rcoles las islas Kuriles del norte, tras un poderoso terremoto de magnitud 8,8 que se produjo frente a las costas\u2026","rel":"","context":"En \u00abINTERNACIONALES\u00bb","block_context":{"text":"INTERNACIONALES","link":"https:\/\/lasprimeras.com.do\/index.php\/category\/sin-categoria\/internacionales\/"},"img":{"alt_text":"","src":"https:\/\/i0.wp.com\/lasprimeras.com.do\/wp-content\/uploads\/2025\/07\/Tsunami-azota-las-islas-Kuriles-de-Rusia.jpg?resize=350%2C200&ssl=1","width":350,"height":200,"srcset":"https:\/\/i0.wp.com\/lasprimeras.com.do\/wp-content\/uploads\/2025\/07\/Tsunami-azota-las-islas-Kuriles-de-Rusia.jpg?resize=350%2C200&ssl=1 1x, https:\/\/i0.wp.com\/lasprimeras.com.do\/wp-content\/uploads\/2025\/07\/Tsunami-azota-las-islas-Kuriles-de-Rusia.jpg?resize=525%2C300&ssl=1 1.5x, https:\/\/i0.wp.com\/lasprimeras.com.do\/wp-content\/uploads\/2025\/07\/Tsunami-azota-las-islas-Kuriles-de-Rusia.jpg?resize=700%2C400&ssl=1 2x"},"classes":[]},{"id":105036,"url":"https:\/\/lasprimeras.com.do\/index.php\/2025\/07\/30\/terremoto-frente-a-las-costas-de-rusia-activa-alertas-y-avisos-de-tsunami-esto-es-lo-que-debe-saber\/","url_meta":{"origin":105055,"position":4},"title":"Terremoto frente a las costas de Rusia activa alertas y avisos de tsunami. Esto es lo que debe saber","author":"Nelson Feliz","date":"30 de julio de 2025","format":false,"excerpt":"POR AUDREY McAVOY HONOLULU, Hawai, EE.UU. (AP) \u2014 Un potente terremoto que sacudi\u00f3 la costa de Rusia provoc\u00f3 advertencias y avisos de tsunami para una amplia zona del Pac\u00edfico, incluyendo Alaska, Hawai y la costa oeste de Estados Unidos. El sismo tuvo una magnitud de 8,8 y su epicentro se\u2026","rel":"","context":"En \u00abINTERNACIONALES\u00bb","block_context":{"text":"INTERNACIONALES","link":"https:\/\/lasprimeras.com.do\/index.php\/category\/sin-categoria\/internacionales\/"},"img":{"alt_text":"","src":"https:\/\/i0.wp.com\/lasprimeras.com.do\/wp-content\/uploads\/2025\/07\/alertas.jpg?resize=350%2C200&ssl=1","width":350,"height":200,"srcset":"https:\/\/i0.wp.com\/lasprimeras.com.do\/wp-content\/uploads\/2025\/07\/alertas.jpg?resize=350%2C200&ssl=1 1x, https:\/\/i0.wp.com\/lasprimeras.com.do\/wp-content\/uploads\/2025\/07\/alertas.jpg?resize=525%2C300&ssl=1 1.5x, https:\/\/i0.wp.com\/lasprimeras.com.do\/wp-content\/uploads\/2025\/07\/alertas.jpg?resize=700%2C400&ssl=1 2x"},"classes":[]},{"id":113074,"url":"https:\/\/lasprimeras.com.do\/index.php\/2025\/10\/29\/trump-ordena-empezar-a-probar-las-armas-nucleares-de-ee-uu-inmediatamente\/","url_meta":{"origin":105055,"position":5},"title":"Trump ordena empezar a probar las armas nucleares de EE. UU. &#8220;inmediatamente&#8221;","author":"Nelson Feliz","date":"29 de octubre de 2025","format":false,"excerpt":"El mandatario hizo el anuncio despu\u00e9s de que Rusia realizara maniobras de sus fuerzas nucleares Corea del Sur, EFE - El presidente de Estados Unidos, Donald Trump, afirm\u00f3 este jueves que ha ordenado empezar a probar \"inmediatamente\" el arsenal nuclear estadounidense \" debido a los programas de pruebas de otros\u2026","rel":"","context":"En \u00abINTERNACIONALES\u00bb","block_context":{"text":"INTERNACIONALES","link":"https:\/\/lasprimeras.com.do\/index.php\/category\/sin-categoria\/internacionales\/"},"img":{"alt_text":"","src":"https:\/\/i0.wp.com\/lasprimeras.com.do\/wp-content\/uploads\/2025\/10\/Donald-Trump.jpg?resize=350%2C200&ssl=1","width":350,"height":200,"srcset":"https:\/\/i0.wp.com\/lasprimeras.com.do\/wp-content\/uploads\/2025\/10\/Donald-Trump.jpg?resize=350%2C200&ssl=1 1x, https:\/\/i0.wp.com\/lasprimeras.com.do\/wp-content\/uploads\/2025\/10\/Donald-Trump.jpg?resize=525%2C300&ssl=1 1.5x, https:\/\/i0.wp.com\/lasprimeras.com.do\/wp-content\/uploads\/2025\/10\/Donald-Trump.jpg?resize=700%2C400&ssl=1 2x"},"classes":[]}],"jetpack_sharing_enabled":true,"_links":{"self":[{"href":"https:\/\/lasprimeras.com.do\/index.php\/wp-json\/wp\/v2\/posts\/105055","targetHints":{"allow":["GET"]}}],"collection":[{"href":"https:\/\/lasprimeras.com.do\/index.php\/wp-json\/wp\/v2\/posts"}],"about":[{"href":"https:\/\/lasprimeras.com.do\/index.php\/wp-json\/wp\/v2\/types\/post"}],"author":[{"embeddable":true,"href":"https:\/\/lasprimeras.com.do\/index.php\/wp-json\/wp\/v2\/users\/10"}],"replies":[{"embeddable":true,"href":"https:\/\/lasprimeras.com.do\/index.php\/wp-json\/wp\/v2\/comments?post=105055"}],"version-history":[{"count":1,"href":"https:\/\/lasprimeras.com.do\/index.php\/wp-json\/wp\/v2\/posts\/105055\/revisions"}],"predecessor-version":[{"id":105057,"href":"https:\/\/lasprimeras.com.do\/index.php\/wp-json\/wp\/v2\/posts\/105055\/revisions\/105057"}],"wp:featuredmedia":[{"embeddable":true,"href":"https:\/\/lasprimeras.com.do\/index.php\/wp-json\/wp\/v2\/media\/105056"}],"wp:attachment":[{"href":"https:\/\/lasprimeras.com.do\/index.php\/wp-json\/wp\/v2\/media?parent=105055"}],"wp:term":[{"taxonomy":"category","embeddable":true,"href":"https:\/\/lasprimeras.com.do\/index.php\/wp-json\/wp\/v2\/categories?post=105055"},{"taxonomy":"post_tag","embeddable":true,"href":"https:\/\/lasprimeras.com.do\/index.php\/wp-json\/wp\/v2\/tags?post=105055"}],"curies":[{"name":"wp","href":"https:\/\/api.w.org\/{rel}","templated":true}]}}