{"id":105061,"date":"2025-07-30T08:13:57","date_gmt":"2025-07-30T12:13:57","guid":{"rendered":"https:\/\/lasprimeras.com.do\/?p=105061"},"modified":"2025-07-30T08:13:58","modified_gmt":"2025-07-30T12:13:58","slug":"explosion-en-taller-de-pirotecnia-causa-al-menos-nueve-muertos-en-tailandia","status":"publish","type":"post","link":"https:\/\/lasprimeras.com.do\/index.php\/2025\/07\/30\/explosion-en-taller-de-pirotecnia-causa-al-menos-nueve-muertos-en-tailandia\/","title":{"rendered":"Explosi\u00f3n en taller de pirotecnia causa al menos nueve muertos en Tailandia"},"content":{"rendered":"\n<p>BANGKOK, Tailandia (AP) \u2014 Una explosi\u00f3n en un taller de fuegos artificiales mat\u00f3 al menos a nueve personas el mi\u00e9rcoles en el centro de Tailandia, dijeron funcionarios locales.<\/p>\n\n\n\n<p>El incidente ocurri\u00f3 en la provincia de Suphan Buri, a unos 95 kil\u00f3metros (60 millas) al noroeste de la capital, Bangkok, en el coraz\u00f3n de la regi\u00f3n central productora de arroz del pa\u00eds. Por el momento se desconoc\u00eda la causa del siniestro.<\/p>\n\n\n\n<p>La Fundaci\u00f3n de Rescate Samerkun Suphan Buri report\u00f3 nueve fallecidos y dijo que dos personas fueron trasladadas al hospital en estado cr\u00edtico. El departamento de relaciones p\u00fablicas del gobierno provincial dijo que una persona result\u00f3 herida. El n\u00famero de desaparecidos no estaba claro de inmediato.<\/p>\n\n\n\n<p>La explosi\u00f3n tuvo lugar en un edificio utilizado para producir fuegos artificiales, explic\u00f3 el sargento de la polic\u00eda Pinyo Chanmanee. No estaba claro si ten\u00eda licencia para esa actividad.<\/p>\n\n\n\n<p>Videos y fotograf\u00edas de la escena mostraban edificios de madera destrozados en campos de arroz verdes.<\/p>\n\n\n\n<p>Un incidente similar en la misma zona se cobr\u00f3 la vida de unas 20 personas en enero del a\u00f1o pasado.<\/p>\n\n\n\n<p>En julio de 2023, una gran explosi\u00f3n en un almac\u00e9n de fuegos artificiales en el sur del pa\u00eds mat\u00f3 al menos a 10 personas e hiri\u00f3 a m\u00e1s de 100, seg\u00fan las autoridades.<\/p>\n","protected":false},"excerpt":{"rendered":"<p>BANGKOK, Tailandia (AP) \u2014 Una explosi\u00f3n en un taller de fuegos artificiales mat\u00f3 al menos a nueve personas el mi\u00e9rcoles en el centro de Tailandia, dijeron funcionarios locales. El incidente&hellip;<\/p>\n","protected":false},"author":10,"featured_media":105062,"comment_status":"open","ping_status":"open","sticky":false,"template":"","format":"standard","meta":{"content-type":"","jetpack_post_was_ever_published":false,"_jetpack_newsletter_access":"","_jetpack_dont_email_post_to_subs":false,"_jetpack_newsletter_tier_id":0,"_jetpack_memberships_contains_paywalled_content":false,"_jetpack_memberships_contains_paid_content":false,"footnotes":""},"categories":[16289],"tags":[782,1109,9611,17643,22462],"class_list":["post-105061","post","type-post","status-publish","format-standard","has-post-thumbnail","hentry","category-internacionales","tag-causa","tag-explosion","tag-nueve-muertos","tag-tailandia","tag-taller-de-pirotecnia"],"jetpack_featured_media_url":"https:\/\/lasprimeras.com.do\/wp-content\/uploads\/2025\/07\/explo.jpg","jetpack-related-posts":[{"id":73914,"url":"https:\/\/lasprimeras.com.do\/index.php\/2024\/01\/17\/tailandia-23-muertos-por-explosion-en-fabrica-de-fuegos-artificiales\/","url_meta":{"origin":105061,"position":0},"title":"Tailandia: 23 muertos por explosi\u00f3n en f\u00e1brica de fuegos artificiales","author":"BIMARY DE JES\u00daS Matos","date":"17 de enero de 2024","format":false,"excerpt":"BANGKOK.- Una explosi\u00f3n en una f\u00e1brica de fuegos artificiales en el centro de Tailandia el mi\u00e9rcoles dej\u00f3 al menos 23 muertos, informaron las autoridades. Tambi\u00e9n hubo heridos, seg\u00fan el Departamento de Prevenci\u00f3n y Alivio de Desastres, que no dio una cifra. La causa de la detonaci\u00f3n en la provincia de\u2026","rel":"","context":"En \u00abSin categor\u00eda\u00bb","block_context":{"text":"Sin categor\u00eda","link":"https:\/\/lasprimeras.com.do\/index.php\/category\/sin-categoria\/"},"img":{"alt_text":"","src":"https:\/\/i0.wp.com\/lasprimeras.com.do\/wp-content\/uploads\/2024\/01\/WhatsApp-Image-2024-01-17-at-10.23.06-AM-4.webp?resize=350%2C200&ssl=1","width":350,"height":200,"srcset":"https:\/\/i0.wp.com\/lasprimeras.com.do\/wp-content\/uploads\/2024\/01\/WhatsApp-Image-2024-01-17-at-10.23.06-AM-4.webp?resize=350%2C200&ssl=1 1x, https:\/\/i0.wp.com\/lasprimeras.com.do\/wp-content\/uploads\/2024\/01\/WhatsApp-Image-2024-01-17-at-10.23.06-AM-4.webp?resize=525%2C300&ssl=1 1.5x"},"classes":[]},{"id":104415,"url":"https:\/\/lasprimeras.com.do\/index.php\/2025\/07\/24\/tailandia-y-camboya-intercambian-disparos-en-choques-que-dejan-al-menos-9-civiles-muertos\/","url_meta":{"origin":105061,"position":1},"title":"Tailandia y Camboya intercambian disparos en choques que dejan al menos 9 civiles muertos","author":"Nelson Feliz","date":"24 de julio de 2025","format":false,"excerpt":"POR JINTAMAS SAKSORNCHAI BANGKOK (AP) \u2014 Tailandia y Camboya intercambiaron disparos en su frontera el jueves en una grave escalada de su conflicto que dej\u00f3 al menos nueve civiles muertos. Ambas naciones se acusaron mutuamente de iniciar los enfrentamientos militares y han degradado sus relaciones diplom\u00e1ticas desde el mi\u00e9rcoles. Tailandia\u2026","rel":"","context":"En \u00abINTERNACIONALES\u00bb","block_context":{"text":"INTERNACIONALES","link":"https:\/\/lasprimeras.com.do\/index.php\/category\/sin-categoria\/internacionales\/"},"img":{"alt_text":"","src":"https:\/\/i0.wp.com\/lasprimeras.com.do\/wp-content\/uploads\/2025\/07\/disparos.jpg?resize=350%2C200&ssl=1","width":350,"height":200,"srcset":"https:\/\/i0.wp.com\/lasprimeras.com.do\/wp-content\/uploads\/2025\/07\/disparos.jpg?resize=350%2C200&ssl=1 1x, https:\/\/i0.wp.com\/lasprimeras.com.do\/wp-content\/uploads\/2025\/07\/disparos.jpg?resize=525%2C300&ssl=1 1.5x, https:\/\/i0.wp.com\/lasprimeras.com.do\/wp-content\/uploads\/2025\/07\/disparos.jpg?resize=700%2C400&ssl=1 2x"},"classes":[]},{"id":94202,"url":"https:\/\/lasprimeras.com.do\/index.php\/2025\/02\/26\/un-accidente-de-bus-en-el-este-de-tailandia-deja-18-fallecidos\/","url_meta":{"origin":105061,"position":2},"title":"Un accidente de bus en el este de Tailandia deja 18 fallecidos","author":"Nelson Feliz","date":"26 de febrero de 2025","format":false,"excerpt":"BANGKOK (AP) \u2014 Un autob\u00fas alquilado volc\u00f3 causando 18 muertos y 31 heridos en la madrugada del mi\u00e9rcoles en el este de Tailandia, informaron las autoridades. El accidente ocurri\u00f3 en la provincia de Prachinburi durante un trayecto nocturno desde el norte de Tailandia hacia la provincia costera de Rayong para\u2026","rel":"","context":"En \u00abINTERNACIONALES\u00bb","block_context":{"text":"INTERNACIONALES","link":"https:\/\/lasprimeras.com.do\/index.php\/category\/sin-categoria\/internacionales\/"},"img":{"alt_text":"","src":"https:\/\/i0.wp.com\/lasprimeras.com.do\/wp-content\/uploads\/2025\/02\/ACCIDENTE.png?resize=350%2C200&ssl=1","width":350,"height":200,"srcset":"https:\/\/i0.wp.com\/lasprimeras.com.do\/wp-content\/uploads\/2025\/02\/ACCIDENTE.png?resize=350%2C200&ssl=1 1x, https:\/\/i0.wp.com\/lasprimeras.com.do\/wp-content\/uploads\/2025\/02\/ACCIDENTE.png?resize=525%2C300&ssl=1 1.5x, https:\/\/i0.wp.com\/lasprimeras.com.do\/wp-content\/uploads\/2025\/02\/ACCIDENTE.png?resize=700%2C400&ssl=1 2x"},"classes":[]},{"id":96252,"url":"https:\/\/lasprimeras.com.do\/index.php\/2025\/03\/28\/fuertes-terremotos-sacuden-tailandia-y-myanmar-hay-3-muertos-al-caerse-edificio-en-bangkok\/","url_meta":{"origin":105061,"position":3},"title":"Fuertes terremotos sacuden Tailandia y Myanmar; hay 3 muertos al caerse edificio en Bangkok","author":"Nelson Feliz","date":"28 de marzo de 2025","format":false,"excerpt":"POR DAVID RISING and JINTAMAS SAKSORNCHAI BANGKOK (AP) \u2014 Un terremoto de magnitud 7,7 sacudi\u00f3 Tailandia y la vecina Myanmar el viernes al mediod\u00eda, causando la muerte de al menos tres personas en Bangkok y sepultando a un n\u00famero indeterminado tras el derrumbe de un edificio en construcci\u00f3n. El gobierno\u2026","rel":"","context":"En \u00abINTERNACIONALES\u00bb","block_context":{"text":"INTERNACIONALES","link":"https:\/\/lasprimeras.com.do\/index.php\/category\/sin-categoria\/internacionales\/"},"img":{"alt_text":"","src":"https:\/\/i0.wp.com\/lasprimeras.com.do\/wp-content\/uploads\/2025\/03\/EDIF.jpg?resize=350%2C200&ssl=1","width":350,"height":200,"srcset":"https:\/\/i0.wp.com\/lasprimeras.com.do\/wp-content\/uploads\/2025\/03\/EDIF.jpg?resize=350%2C200&ssl=1 1x, https:\/\/i0.wp.com\/lasprimeras.com.do\/wp-content\/uploads\/2025\/03\/EDIF.jpg?resize=525%2C300&ssl=1 1.5x, https:\/\/i0.wp.com\/lasprimeras.com.do\/wp-content\/uploads\/2025\/03\/EDIF.jpg?resize=700%2C400&ssl=1 2x"},"classes":[]},{"id":104686,"url":"https:\/\/lasprimeras.com.do\/index.php\/2025\/07\/26\/tailandia-y-camboya-intercambian-nuevos-ataques-y-acusaciones-mientras-aliados-piden-alto-el-fuego\/","url_meta":{"origin":105061,"position":4},"title":"Tailandia y Camboya intercambian nuevos ataques y acusaciones mientras aliados piden alto el fuego","author":"Nelson Feliz","date":"26 de julio de 2025","format":false,"excerpt":"POR JINTAMAS SAKSORNCHAIand SOPHENG CHEANG SURIN, Tailandia (AP) \u2014 Tailandia y Camboya intercambiaron acusaciones de nuevos ataques el s\u00e1bado al tiempo que los letales enfrentamientos fronterizos, que entraron en su tercer d\u00eda, dejaron al menos 33 fallecidos y m\u00e1s de 168.000 desplazados. El presidente Donald Trump se uni\u00f3 a un\u2026","rel":"","context":"En \u00abINTERNACIONALES\u00bb","block_context":{"text":"INTERNACIONALES","link":"https:\/\/lasprimeras.com.do\/index.php\/category\/sin-categoria\/internacionales\/"},"img":{"alt_text":"","src":"https:\/\/i0.wp.com\/lasprimeras.com.do\/wp-content\/uploads\/2025\/07\/camboya.jpg?resize=350%2C200&ssl=1","width":350,"height":200,"srcset":"https:\/\/i0.wp.com\/lasprimeras.com.do\/wp-content\/uploads\/2025\/07\/camboya.jpg?resize=350%2C200&ssl=1 1x, https:\/\/i0.wp.com\/lasprimeras.com.do\/wp-content\/uploads\/2025\/07\/camboya.jpg?resize=525%2C300&ssl=1 1.5x, https:\/\/i0.wp.com\/lasprimeras.com.do\/wp-content\/uploads\/2025\/07\/camboya.jpg?resize=700%2C400&ssl=1 2x"},"classes":[]},{"id":104545,"url":"https:\/\/lasprimeras.com.do\/index.php\/2025\/07\/25\/decenas-de-miles-huyen-de-sus-hogares-por-choques-entre-tailandia-y-camboya\/","url_meta":{"origin":105061,"position":5},"title":"Decenas de miles huyen de sus hogares por choques entre Tailandia y Camboya","author":"Nelson Feliz","date":"25 de julio de 2025","format":false,"excerpt":"POR JINTAMAS SAKSORNCHAIand SOPHENG CHEANG SURIN, Tailandia (AP) \u2014 Decenas de miles de personas buscaron refugio el viernes mientras los combates fronterizos entre Tailandia y Camboya entraban en su segundo d\u00eda, avivando el temor a un conflicto m\u00e1s amplio. El Consejo de Seguridad de Naciones Unidas celebrar\u00e1 una reuni\u00f3n de\u2026","rel":"","context":"En \u00abINTERNACIONALES\u00bb","block_context":{"text":"INTERNACIONALES","link":"https:\/\/lasprimeras.com.do\/index.php\/category\/sin-categoria\/internacionales\/"},"img":{"alt_text":"","src":"https:\/\/i0.wp.com\/lasprimeras.com.do\/wp-content\/uploads\/2025\/07\/Decenas-de-miles-de-personas-buscaron-refugio.jpg?resize=350%2C200&ssl=1","width":350,"height":200,"srcset":"https:\/\/i0.wp.com\/lasprimeras.com.do\/wp-content\/uploads\/2025\/07\/Decenas-de-miles-de-personas-buscaron-refugio.jpg?resize=350%2C200&ssl=1 1x, https:\/\/i0.wp.com\/lasprimeras.com.do\/wp-content\/uploads\/2025\/07\/Decenas-de-miles-de-personas-buscaron-refugio.jpg?resize=525%2C300&ssl=1 1.5x, https:\/\/i0.wp.com\/lasprimeras.com.do\/wp-content\/uploads\/2025\/07\/Decenas-de-miles-de-personas-buscaron-refugio.jpg?resize=700%2C400&ssl=1 2x"},"classes":[]}],"jetpack_sharing_enabled":true,"_links":{"self":[{"href":"https:\/\/lasprimeras.com.do\/index.php\/wp-json\/wp\/v2\/posts\/105061","targetHints":{"allow":["GET"]}}],"collection":[{"href":"https:\/\/lasprimeras.com.do\/index.php\/wp-json\/wp\/v2\/posts"}],"about":[{"href":"https:\/\/lasprimeras.com.do\/index.php\/wp-json\/wp\/v2\/types\/post"}],"author":[{"embeddable":true,"href":"https:\/\/lasprimeras.com.do\/index.php\/wp-json\/wp\/v2\/users\/10"}],"replies":[{"embeddable":true,"href":"https:\/\/lasprimeras.com.do\/index.php\/wp-json\/wp\/v2\/comments?post=105061"}],"version-history":[{"count":1,"href":"https:\/\/lasprimeras.com.do\/index.php\/wp-json\/wp\/v2\/posts\/105061\/revisions"}],"predecessor-version":[{"id":105063,"href":"https:\/\/lasprimeras.com.do\/index.php\/wp-json\/wp\/v2\/posts\/105061\/revisions\/105063"}],"wp:featuredmedia":[{"embeddable":true,"href":"https:\/\/lasprimeras.com.do\/index.php\/wp-json\/wp\/v2\/media\/105062"}],"wp:attachment":[{"href":"https:\/\/lasprimeras.com.do\/index.php\/wp-json\/wp\/v2\/media?parent=105061"}],"wp:term":[{"taxonomy":"category","embeddable":true,"href":"https:\/\/lasprimeras.com.do\/index.php\/wp-json\/wp\/v2\/categories?post=105061"},{"taxonomy":"post_tag","embeddable":true,"href":"https:\/\/lasprimeras.com.do\/index.php\/wp-json\/wp\/v2\/tags?post=105061"}],"curies":[{"name":"wp","href":"https:\/\/api.w.org\/{rel}","templated":true}]}}