{"id":105067,"date":"2025-07-30T08:30:15","date_gmt":"2025-07-30T12:30:15","guid":{"rendered":"https:\/\/lasprimeras.com.do\/?p=105067"},"modified":"2025-07-30T08:30:16","modified_gmt":"2025-07-30T12:30:16","slug":"relatora-onu-dice-que-las-sanciones-de-eeuu-por-criticar-a-israel-afectaran-gravemente-a-su-vida","status":"publish","type":"post","link":"https:\/\/lasprimeras.com.do\/index.php\/2025\/07\/30\/relatora-onu-dice-que-las-sanciones-de-eeuu-por-criticar-a-israel-afectaran-gravemente-a-su-vida\/","title":{"rendered":"Relatora ONU dice que las sanciones de EEUU por criticar a Israel afectar\u00e1n gravemente a su vida"},"content":{"rendered":"\n<p>POR GIADA ZAMPANO<\/p>\n\n\n\n<p>ROMA (AP) \u2014 Una investigadora independiente de Naciones Unidas y cr\u00edtica declarada de las pol\u00edticas de Israel en Gaza, afirm\u00f3 que las sanciones impuestas recientemente por el gobierno de Estados Unidos tendr\u00e1n graves repercusiones en su vida y trabajo.<\/p>\n\n\n\n<p>Francesca Albanese, la relatora especial de la ONU para Cisjordania y Gaza, forma parte de un grupo de expertos elegidos por el Consejo de Derechos Humanos de la ONU, compuesto por 47 miembros en Ginebra.<\/p>\n\n\n\n<p>Su tarea es investigar abusos de los derechos humanos en los territorios palestinos y ha denunciado abiertamente lo que ha descrito como el \u201cgenocidio\u201d de Israel contra los palestinos en la Franja.<\/p>\n\n\n\n<p>Tanto Israel como Estados Unidos, que proporciona apoyo militar a su cercano aliado, han negado rotundamente la acusaci\u00f3n.<\/p>\n\n\n\n<p>Washington denunci\u00f3 lo que calific\u00f3 una \u201ccampa\u00f1a de guerra pol\u00edtica y econ\u00f3mica\u201d contra Estados Unidos e Israel, y a principios de mes impuso sanciones a Albanese, tras una campa\u00f1a de presi\u00f3n estadounidense fallida para obligar al organismo internacional a retirarla del cargo.<\/p>\n\n\n\n<p>\u201cEs muy grave estar en la lista de personas sancionadas por Estados Unidos\u201d, dijo Albanese a The Associated Press en Roma el martes, a\u00f1adiendo que las personas sancionadas por la Casa Blanca no pueden tener relaciones financieras ni tarjetas de cr\u00e9dito con ning\u00fan banco estadounidense.<\/p>\n\n\n\n<p>Cuando se utilizan \u201cde manera pol\u00edtica\u201d, dijo que las sanciones \u201cson perjudiciales, peligrosas\u201d.<\/p>\n\n\n\n<p>\u201cMi hija es estadounidense. Yo he vivido en Estados Unidos y tengo algunos bienes all\u00ed. As\u00ed que, por supuesto, me va a perjudicar\u201d, indic\u00f3 Albanese.<\/p>\n\n\n\n<p>\u201d\u00bfQu\u00e9 puedo hacer? Hice todo lo que hice de buena fe, y sabiendo eso, mi compromiso con la justicia es m\u00e1s importante que los intereses personales\u201d.<\/p>\n\n\n\n<p>Las sanciones no han disuadido a Albanese de su trabajo, ni de sus puntos de vista, y en julio public\u00f3 un nuevo informe centrado en lo que define como \u201cla econom\u00eda genocida de Israel\u201d en los territorios palestinos.<\/p>\n\n\n\n<p>\u201cHay todo un ecosistema que ha permitido que la ocupaci\u00f3n de Israel prospere. Y luego se ha transformado en una econom\u00eda de genocidio\u201d, agreg\u00f3.<\/p>\n\n\n\n<p>En la conclusi\u00f3n de su reporte, Albanese pide sanciones a Israel y el enjuiciamiento de \u201carquitectos, ejecutores y beneficiarios de este genocidio\u201d.<\/p>\n\n\n\n<p>Albanese se\u00f1al\u00f3 un cambio reciente en la percepci\u00f3n de Europa y de todo el mundo tras la indignaci\u00f3n por las im\u00e1genes de ni\u00f1os desnutridos en Gaza y los informes de decenas de muertes relacionadas con el hambre despu\u00e9s de casi 22 meses de guerra.<\/p>\n\n\n\n<p>\u201cEs impactante\u201d, afirm\u00f3. \u201cNo creo que queden palabras para describir lo que le est\u00e1 sucediendo al pueblo palestino\u201d.<\/p>\n\n\n\n<p>La guerra comenz\u00f3 el 7 de octubre de 2023, cuando insurgentes encabezados por Ham\u00e1s irrumpieron en Israel y mataron a unas 1.200 personas, en su mayor\u00eda civiles, y tomaron a 251 m\u00e1s como rehenes.<\/p>\n\n\n\n<p>La campa\u00f1a de represalia de Israel se ha cobrado la vida de m\u00e1s de 60.000 palestinos, seg\u00fan el Ministerio de Salud de Gaza, cuyo conteo no diferencia entre v\u00edctimas combatientes y civiles, pero dice que m\u00e1s de la mitad son mujeres y ni\u00f1os.<\/p>\n\n\n\n<p>Casi 21 meses despu\u00e9s del conflicto que desplaz\u00f3 a la gran mayor\u00eda de los 2,3 millones de habitantes del sitiado enclave palestino, Naciones Unidas dice que el hambre es generalizada tras un prolongado bloqueo israel\u00ed a la entrada de alimentos en el territorio y que la atenci\u00f3n m\u00e9dica es extremadamente limitada.<\/p>\n","protected":false},"excerpt":{"rendered":"<p>POR GIADA ZAMPANO ROMA (AP) \u2014 Una investigadora independiente de Naciones Unidas y cr\u00edtica declarada de las pol\u00edticas de Israel en Gaza, afirm\u00f3 que las sanciones impuestas recientemente por el&hellip;<\/p>\n","protected":false},"author":10,"featured_media":105068,"comment_status":"open","ping_status":"open","sticky":false,"template":"","format":"standard","meta":{"content-type":"","jetpack_post_was_ever_published":false,"_jetpack_newsletter_access":"","_jetpack_dont_email_post_to_subs":false,"_jetpack_newsletter_tier_id":0,"_jetpack_memberships_contains_paywalled_content":false,"_jetpack_memberships_contains_paid_content":false,"footnotes":""},"categories":[16289],"tags":[12892,979,3499,93,22463,3225],"class_list":["post-105067","post","type-post","status-publish","format-standard","has-post-thumbnail","hentry","category-internacionales","tag-critica","tag-eeuu","tag-israel","tag-onu","tag-relatora","tag-sanciones"],"jetpack_featured_media_url":"https:\/\/lasprimeras.com.do\/wp-content\/uploads\/2025\/07\/Francesca-Albanese.jpg","jetpack-related-posts":[{"id":65211,"url":"https:\/\/lasprimeras.com.do\/index.php\/2023\/10\/26\/piden-alto-al-fuego-para-garantizar-entrada-de-ayuda-a-franja-gaza\/","url_meta":{"origin":105067,"position":0},"title":"Piden alto al fuego para garantizar entrada de ayuda a Franja Gaza","author":"BIMARY DE JES\u00daS Matos","date":"26 de octubre de 2023","format":false,"excerpt":"EL CAIRO.- Amnist\u00eda Internacional (AI) pidi\u00f3 este jueves un alto el fuego inmediato para garantizar la entrada de ayuda vital en la Franja de Gaza y abordar la \u00abcat\u00e1strofe humanitaria sin precedentes\u00bb que padece el enclave palestino por los incesantes bombardeos israel\u00edes desde el 7 de octubre. \u00abEs necesaria una\u2026","rel":"","context":"En \u00abSin categor\u00eda\u00bb","block_context":{"text":"Sin categor\u00eda","link":"https:\/\/lasprimeras.com.do\/index.php\/category\/sin-categoria\/"},"img":{"alt_text":"","src":"","width":0,"height":0},"classes":[]},{"id":65733,"url":"https:\/\/lasprimeras.com.do\/index.php\/2023\/10\/31\/onu-gaza-dice-alto-al-fuego-urgente-es-una-cuestion-de-vida-o-muerte-para-millones-de-palestinos\/","url_meta":{"origin":105067,"position":1},"title":"ONU: Gaza dice alto al fuego urgente; es una cuesti\u00f3n de vida o muerte para millones de palestinos","author":"Nelson Feliz","date":"31 de octubre de 2023","format":false,"excerpt":"POR EDITH M. LEDERER NACIONES UNIDAS (AP) \u2014 El jefe de la agencia de las Naciones Unidas para los refugiados palestinos dijo en una reuni\u00f3n de emergencia de la ONU el lunes que \u201cun alto el fuego humanitario inmediato se ha convertido en una cuesti\u00f3n de vida o muerte para\u2026","rel":"","context":"En \u00abSin categor\u00eda\u00bb","block_context":{"text":"Sin categor\u00eda","link":"https:\/\/lasprimeras.com.do\/index.php\/category\/sin-categoria\/"},"img":{"alt_text":"ONU","src":"https:\/\/i0.wp.com\/lasprimeras.com.do\/wp-content\/uploads\/2023\/10\/ONU.jpg?resize=350%2C200&ssl=1","width":350,"height":200,"srcset":"https:\/\/i0.wp.com\/lasprimeras.com.do\/wp-content\/uploads\/2023\/10\/ONU.jpg?resize=350%2C200&ssl=1 1x, https:\/\/i0.wp.com\/lasprimeras.com.do\/wp-content\/uploads\/2023\/10\/ONU.jpg?resize=525%2C300&ssl=1 1.5x, https:\/\/i0.wp.com\/lasprimeras.com.do\/wp-content\/uploads\/2023\/10\/ONU.jpg?resize=700%2C400&ssl=1 2x"},"classes":[]},{"id":112465,"url":"https:\/\/lasprimeras.com.do\/index.php\/2025\/10\/22\/tribunal-dice-que-israel-debe-permitir-que-la-onu-suministre-ayuda-a-gaza\/","url_meta":{"origin":105067,"position":2},"title":"Tribunal dice que Israel debe permitir que la ONU suministre ayuda a Gaza","author":"Nelson Feliz","date":"22 de octubre de 2025","format":false,"excerpt":"Por MOLLY QUELL LA HAYA, Pa\u00edses Bajos (AP) \u2014 La Corte Internacional de Justicia dictamin\u00f3 el mi\u00e9rcoles que Israel debe permitir que la agencia de ayuda de la ONU en Gaza, conocida como UNRWA, proporcione asistencia humanitaria al territorio palestino. El tribunal con sede en La Haya fue solicitado el\u2026","rel":"","context":"En \u00abINTERNACIONALES\u00bb","block_context":{"text":"INTERNACIONALES","link":"https:\/\/lasprimeras.com.do\/index.php\/category\/sin-categoria\/internacionales\/"},"img":{"alt_text":"","src":"https:\/\/i0.wp.com\/lasprimeras.com.do\/wp-content\/uploads\/2025\/10\/El-maximo-tribunal-de-la-ONU.jpg?resize=350%2C200&ssl=1","width":350,"height":200,"srcset":"https:\/\/i0.wp.com\/lasprimeras.com.do\/wp-content\/uploads\/2025\/10\/El-maximo-tribunal-de-la-ONU.jpg?resize=350%2C200&ssl=1 1x, https:\/\/i0.wp.com\/lasprimeras.com.do\/wp-content\/uploads\/2025\/10\/El-maximo-tribunal-de-la-ONU.jpg?resize=525%2C300&ssl=1 1.5x, https:\/\/i0.wp.com\/lasprimeras.com.do\/wp-content\/uploads\/2025\/10\/El-maximo-tribunal-de-la-ONU.jpg?resize=700%2C400&ssl=1 2x"},"classes":[]},{"id":65875,"url":"https:\/\/lasprimeras.com.do\/index.php\/2023\/11\/01\/bolivia-rompe-relaciones-diplomaticas-con-israel\/","url_meta":{"origin":105067,"position":3},"title":"Bolivia rompe relaciones diplom\u00e1ticas con Israel","author":"Nelson Feliz","date":"1 de noviembre de 2023","format":false,"excerpt":"La administraci\u00f3n de Luis Arce consider\u00f3 que el pa\u00eds hebreo comete cr\u00edmenes de guerra en la Franja de Gaza contra el pueblo palestino. El Gobierno de Bolivia anunci\u00f3 este martes que ha decidido romper relaciones diplom\u00e1ticas con el Estado de Israel, al considerar que se cometen cr\u00edmenes de guerra en\u2026","rel":"","context":"En \u00abSin categor\u00eda\u00bb","block_context":{"text":"Sin categor\u00eda","link":"https:\/\/lasprimeras.com.do\/index.php\/category\/sin-categoria\/"},"img":{"alt_text":"","src":"https:\/\/i0.wp.com\/img.youtube.com\/vi\/K77oEcC-gHc\/0.jpg?resize=350%2C200","width":350,"height":200},"classes":[]},{"id":108534,"url":"https:\/\/lasprimeras.com.do\/index.php\/2025\/09\/08\/el-jefe-de-derechos-humanos-de-la-onu-condena-la-matanza-masiva-de-palestinos-en-gaza\/","url_meta":{"origin":105067,"position":4},"title":"El jefe de derechos humanos de la ONU condena la &#8220;matanza masiva&#8221; de palestinos en Gaza","author":"Nelson Feliz","date":"8 de septiembre de 2025","format":false,"excerpt":"Por Olivia Le Poidevin y Emma Farge GINEBRA, (Reuters) - El jefe de derechos humanos de Naciones Unidas conden\u00f3 el lunes a Israel por la \"matanza masiva\" de civiles palestinos en Gaza y por \"obstaculizar la entrega de suficiente ayuda vital\", afirmando que el pa\u00eds ten\u00eda un caso que responder\u2026","rel":"","context":"En \u00abINTERNACIONALES\u00bb","block_context":{"text":"INTERNACIONALES","link":"https:\/\/lasprimeras.com.do\/index.php\/category\/sin-categoria\/internacionales\/"},"img":{"alt_text":"","src":"https:\/\/i0.wp.com\/lasprimeras.com.do\/wp-content\/uploads\/2025\/09\/Volker-Turk.jpg?resize=350%2C200&ssl=1","width":350,"height":200,"srcset":"https:\/\/i0.wp.com\/lasprimeras.com.do\/wp-content\/uploads\/2025\/09\/Volker-Turk.jpg?resize=350%2C200&ssl=1 1x, https:\/\/i0.wp.com\/lasprimeras.com.do\/wp-content\/uploads\/2025\/09\/Volker-Turk.jpg?resize=525%2C300&ssl=1 1.5x, https:\/\/i0.wp.com\/lasprimeras.com.do\/wp-content\/uploads\/2025\/09\/Volker-Turk.jpg?resize=700%2C400&ssl=1 2x"},"classes":[]},{"id":109285,"url":"https:\/\/lasprimeras.com.do\/index.php\/2025\/09\/16\/comision-de-investigacion-onu-se-suma-al-creciente-clamor-que-acusa-a-israel-de-genocidio-en-gaza\/","url_meta":{"origin":105067,"position":5},"title":"Comisi\u00f3n de investigaci\u00f3n ONU se suma al creciente clamor que acusa a Israel de genocidio en Gaza","author":"Nelson Feliz","date":"16 de septiembre de 2025","format":false,"excerpt":"POR JAMEY KEATEN GINEBRA (AP) \u2014 Un equipo de expertos independientes comisionado por el Consejo de Derechos Humanos de las Naciones Unidas ha concluido que Israel est\u00e1 cometiendo genocidio en Gaza, y emiti\u00f3 un informe el martes que insta a la comunidad internacional a poner fin al genocidio y tomar\u2026","rel":"","context":"En \u00abINTERNACIONALES\u00bb","block_context":{"text":"INTERNACIONALES","link":"https:\/\/lasprimeras.com.do\/index.php\/category\/sin-categoria\/internacionales\/"},"img":{"alt_text":"","src":"https:\/\/i0.wp.com\/lasprimeras.com.do\/wp-content\/uploads\/2025\/09\/gaza.jpg?resize=350%2C200&ssl=1","width":350,"height":200,"srcset":"https:\/\/i0.wp.com\/lasprimeras.com.do\/wp-content\/uploads\/2025\/09\/gaza.jpg?resize=350%2C200&ssl=1 1x, https:\/\/i0.wp.com\/lasprimeras.com.do\/wp-content\/uploads\/2025\/09\/gaza.jpg?resize=525%2C300&ssl=1 1.5x, https:\/\/i0.wp.com\/lasprimeras.com.do\/wp-content\/uploads\/2025\/09\/gaza.jpg?resize=700%2C400&ssl=1 2x"},"classes":[]}],"jetpack_sharing_enabled":true,"_links":{"self":[{"href":"https:\/\/lasprimeras.com.do\/index.php\/wp-json\/wp\/v2\/posts\/105067","targetHints":{"allow":["GET"]}}],"collection":[{"href":"https:\/\/lasprimeras.com.do\/index.php\/wp-json\/wp\/v2\/posts"}],"about":[{"href":"https:\/\/lasprimeras.com.do\/index.php\/wp-json\/wp\/v2\/types\/post"}],"author":[{"embeddable":true,"href":"https:\/\/lasprimeras.com.do\/index.php\/wp-json\/wp\/v2\/users\/10"}],"replies":[{"embeddable":true,"href":"https:\/\/lasprimeras.com.do\/index.php\/wp-json\/wp\/v2\/comments?post=105067"}],"version-history":[{"count":1,"href":"https:\/\/lasprimeras.com.do\/index.php\/wp-json\/wp\/v2\/posts\/105067\/revisions"}],"predecessor-version":[{"id":105069,"href":"https:\/\/lasprimeras.com.do\/index.php\/wp-json\/wp\/v2\/posts\/105067\/revisions\/105069"}],"wp:featuredmedia":[{"embeddable":true,"href":"https:\/\/lasprimeras.com.do\/index.php\/wp-json\/wp\/v2\/media\/105068"}],"wp:attachment":[{"href":"https:\/\/lasprimeras.com.do\/index.php\/wp-json\/wp\/v2\/media?parent=105067"}],"wp:term":[{"taxonomy":"category","embeddable":true,"href":"https:\/\/lasprimeras.com.do\/index.php\/wp-json\/wp\/v2\/categories?post=105067"},{"taxonomy":"post_tag","embeddable":true,"href":"https:\/\/lasprimeras.com.do\/index.php\/wp-json\/wp\/v2\/tags?post=105067"}],"curies":[{"name":"wp","href":"https:\/\/api.w.org\/{rel}","templated":true}]}}