{"id":105163,"date":"2025-07-30T07:48:36","date_gmt":"2025-07-30T11:48:36","guid":{"rendered":"https:\/\/lasprimeras.com.do\/?p=105163"},"modified":"2025-07-31T07:51:40","modified_gmt":"2025-07-31T11:51:40","slug":"aumentan-agresiones-contra-agentes-policiales-en-ultimas-semanas-en-nyc","status":"publish","type":"post","link":"https:\/\/lasprimeras.com.do\/index.php\/2025\/07\/30\/aumentan-agresiones-contra-agentes-policiales-en-ultimas-semanas-en-nyc\/","title":{"rendered":"Aumentan agresiones contra agentes policiales en \u00faltimas semanas en NYC"},"content":{"rendered":"\n<p>Por Ram\u00f3n Mercedes<\/p>\n\n\n\n<p>NUEVA YORK.- Las agresiones contra agentes policiales en esta ciudad han aumentado en las \u00faltimas semanas, con saldos de fallecidos y heridos.<\/p>\n\n\n\n<p>Uno de los fallecidos es el agente Didarul Islam, de 36 a\u00f1os, con tres a\u00f1os y medio en el departamento, una esposa embarazada y dos hijos. Estaba de puesto en el precinto 47 en El Bronx.<\/p>\n\n\n\n<p>A la hora de su muerte este lunes estaba fuera de servicio, cuando Shane Tamura, de 27 a\u00f1os, entr\u00f3 en el edificio 345 de la avenida Park con la calle 52, en Manhattan, y le dispar\u00f3 con un fusil M4-A1. Otros 3 civiles tambi\u00e9n murieron a mano del gatillero.<\/p>\n\n\n\n<p>Un ni\u00f1o migrante de 12 a\u00f1os, vinculado a la banda \u00abTren de Aragua\u00bb, fue arrestado como sospechoso de herir gravemente a dos agentes del NYPD que proteg\u00edan a otros dos menores de ser asaltados en Times Square.<\/p>\n\n\n\n<p>Dos sujetos fueron arrestados tras el tiroteo en la intersecci\u00f3n de la calle 31 con la 21 en Astoria, luego que hirieran a un uniformado.<\/p>\n\n\n\n<p>Un uniformado del precinto 47, en El Bronx, fue atacado brutalmente, saqueado de sus pertenencias y el robo de su arma de reglamento, por parte de un padre y su hijo afroamericanos, al salir de sus labores en horas de la noche, frente al 1472 de la calle Peter\u2019s en Westchester Square.<\/p>\n\n\n\n<p>Qued\u00f3 inconsciente e interno. Sus agresores fueron apresados d\u00edas despu\u00e9s.<\/p>\n\n\n\n<p>Los dominicanos Miguel Mora N\u00fa\u00f1ez, de 21 a\u00f1os, y Christhian Aybar-Berroa, de 22, fueron acusados de disparar y herir a un agente de Aduanas y Protecci\u00f3n Fronteriza de USA (USBP), en un parque del Alto Manhattan.<\/p>\n\n\n\n<p>Otro oficial policial, de 33 a\u00f1os, recibi\u00f3 la semana pasada un disparo en la cara en Suffolk, Long Island. El hispano Nieves F. Reyes, de 48 a\u00f1os, presuntamente dominicano, dispar\u00f3 contra los agentes cuando se propon\u00edan allanar su residencia.<\/p>\n\n\n\n<p>Como estos, son varios los ataques atroces ocurridos contra agentes de polic\u00eda neoyorkina en los diferentes condados, entre ellos, uno con parte de su dedo mordido; otro con parte de su oreja mordida, seg\u00fan ha informado la instituci\u00f3n.<\/p>\n","protected":false},"excerpt":{"rendered":"<p>Por Ram\u00f3n Mercedes NUEVA YORK.- Las agresiones contra agentes policiales en esta ciudad han aumentado en las \u00faltimas semanas, con saldos de fallecidos y heridos. Uno de los fallecidos es&hellip;<\/p>\n","protected":false},"author":10,"featured_media":105164,"comment_status":"open","ping_status":"open","sticky":false,"template":"","format":"standard","meta":{"content-type":"","jetpack_post_was_ever_published":false,"_jetpack_newsletter_access":"","_jetpack_dont_email_post_to_subs":false,"_jetpack_newsletter_tier_id":0,"_jetpack_memberships_contains_paywalled_content":false,"_jetpack_memberships_contains_paid_content":false,"footnotes":""},"categories":[16289],"tags":[5056,19046,6546,2677,1467,316],"class_list":["post-105163","post","type-post","status-publish","format-standard","has-post-thumbnail","hentry","category-internacionales","tag-agentes-policiales","tag-agresiones","tag-aumentan","tag-fallecidos","tag-heridos","tag-nyc"],"jetpack_featured_media_url":"https:\/\/lasprimeras.com.do\/wp-content\/uploads\/2025\/07\/WhatsApp-Image-2025-07-30-at-7.21.11-AM-1.jpeg","jetpack-related-posts":[{"id":48663,"url":"https:\/\/lasprimeras.com.do\/index.php\/2023\/05\/03\/un-muerto-estrangulado-y-un-herido-apunalado-en-el-metro-de-nueva-york\/","url_meta":{"origin":105163,"position":0},"title":"Un muerto estrangulado y un herido apu\u00f1alado en el Metro de Nueva York","author":"prenxa100","date":"3 de mayo de 2023","format":false,"excerpt":"Un hombre de 30 a\u00f1os muri\u00f3 estrangulado en medio de una discusi\u00f3n a bordo de un tren del Metro de Nueva York ayer a media tarde en el Bajo Manhattan. Horas despu\u00e9s otro pasajero fue apu\u00f1alado en Queens. Nueva York.-. Un hombre de 30 a\u00f1os con antecedentes penales muri\u00f3 estrangulado\u2026","rel":"","context":"En \u00abSin categor\u00eda\u00bb","block_context":{"text":"Sin categor\u00eda","link":"https:\/\/lasprimeras.com.do\/index.php\/category\/sin-categoria\/"},"img":{"alt_text":"","src":"","width":0,"height":0},"classes":[]},{"id":64156,"url":"https:\/\/lasprimeras.com.do\/index.php\/2023\/10\/18\/cae-abatido-presunto-delincuente-el-moreno-al-enfrentar-agentes-policiales-en-los-tres-brazos\/","url_meta":{"origin":105163,"position":1},"title":"Cae abatido presunto delincuente \u201cEl Moreno\u201d al enfrentar agentes policiales en Los Tres Brazos","author":"Nelson Feliz","date":"18 de octubre de 2023","format":false,"excerpt":"-Le ocupan pistola que portaba de manera ilegal y apresan a otros tres hombres. Por Mart\u00edn Restituyo Un presunto delincuente al que agentes policiales le daban seguimiento por la comisi\u00f3n de distintos atracos mano armada perpetrados en el sector Los Tres Brazos, del municipio Santo Domingo Este, cay\u00f3 abatido al\u2026","rel":"","context":"En \u00abMILITARES\u00bb","block_context":{"text":"MILITARES","link":"https:\/\/lasprimeras.com.do\/index.php\/category\/militares\/"},"img":{"alt_text":"","src":"","width":0,"height":0},"classes":[]},{"id":94733,"url":"https:\/\/lasprimeras.com.do\/index.php\/2025\/03\/04\/en-primeros-dos-meses-2025-en-usa-van-2224-fallecidos-por-balas-y-3688-heridos\/","url_meta":{"origin":105163,"position":2},"title":"En primeros dos meses 2025 en USA van 2,224 fallecidos por balas y 3,688 heridos","author":"Nelson Feliz","date":"4 de marzo de 2025","format":false,"excerpt":"Por Ram\u00f3n Mercedes NUEVA YORK.- Durante los 59 d\u00edas transcurridos entre los meses de enero y febrero del presente a\u00f1o, la cantidad de 2,224 personas han fallecidos a causas de balas en Estados Unidos y 3,688 heridas, muchas de ellas quedando en estado de gravedad. Entre las v\u00edctimas figuran 196\u2026","rel":"","context":"En \u00abINTERNACIONALES\u00bb","block_context":{"text":"INTERNACIONALES","link":"https:\/\/lasprimeras.com.do\/index.php\/category\/sin-categoria\/internacionales\/"},"img":{"alt_text":"","src":"https:\/\/i0.wp.com\/lasprimeras.com.do\/wp-content\/uploads\/2025\/03\/WhatsApp-Image-2025-03-04-at-6.26.30-AM-1.jpeg?resize=350%2C200&ssl=1","width":350,"height":200,"srcset":"https:\/\/i0.wp.com\/lasprimeras.com.do\/wp-content\/uploads\/2025\/03\/WhatsApp-Image-2025-03-04-at-6.26.30-AM-1.jpeg?resize=350%2C200&ssl=1 1x, https:\/\/i0.wp.com\/lasprimeras.com.do\/wp-content\/uploads\/2025\/03\/WhatsApp-Image-2025-03-04-at-6.26.30-AM-1.jpeg?resize=525%2C300&ssl=1 1.5x"},"classes":[]},{"id":58206,"url":"https:\/\/lasprimeras.com.do\/index.php\/2023\/08\/21\/antisocial-cae-abatido-en-mano-de-un-agente-policial-tras-intentar-asaltarlo-en-santiago\/","url_meta":{"origin":105163,"position":3},"title":"Antisocial cae abatido en mano de un agente policial tras intentar asaltarlo en Santiago","author":"Nelson Feliz","date":"21 de agosto de 2023","format":false,"excerpt":"Por Roberto P\u00e9rez La Polic\u00eda Nacional informa que cay\u00f3 abatido un antisocial en mano de un agente policial tras este intentar asaltarlo a punta de pistola, momentos en que se dispon\u00edan a llegar a su \u00e1rea de servicio en el destacamento correspondiente. Se trata de Argeni Dar\u00edo P\u00e9rez, de 27\u2026","rel":"","context":"En \u00abMILITARES\u00bb","block_context":{"text":"MILITARES","link":"https:\/\/lasprimeras.com.do\/index.php\/category\/militares\/"},"img":{"alt_text":"","src":"","width":0,"height":0},"classes":[]},{"id":98823,"url":"https:\/\/lasprimeras.com.do\/index.php\/2025\/05\/13\/sangriento-fin-de-semana-en-nyc-alto-manhattan-fue-escenario-duelo-a-machetazos\/","url_meta":{"origin":105163,"position":4},"title":"Sangriento fin de semana en NYC; Alto Manhattan fue escenario duelo a machetazos","author":"Nelson Feliz","date":"13 de mayo de 2025","format":false,"excerpt":"Por Ram\u00f3n Mercedes NUEVA YORK.- El pasado fin de semana se torno muy violento en esta ciudad, con muertos y heridos, entre ellos civiles y agentes policiales, en diferentes circunstancia. Dos hombres, presuntamente dominicanos, sostuvieron un duelo a machetazos, frente a una bodega en el 144 de la avenida Nagle\u2026","rel":"","context":"En \u00abINTERNACIONALES\u00bb","block_context":{"text":"INTERNACIONALES","link":"https:\/\/lasprimeras.com.do\/index.php\/category\/sin-categoria\/internacionales\/"},"img":{"alt_text":"","src":"https:\/\/i0.wp.com\/lasprimeras.com.do\/wp-content\/uploads\/2025\/05\/WhatsApp-Image-2025-05-13-at-5.49.20-AM.jpeg?resize=350%2C200&ssl=1","width":350,"height":200,"srcset":"https:\/\/i0.wp.com\/lasprimeras.com.do\/wp-content\/uploads\/2025\/05\/WhatsApp-Image-2025-05-13-at-5.49.20-AM.jpeg?resize=350%2C200&ssl=1 1x, https:\/\/i0.wp.com\/lasprimeras.com.do\/wp-content\/uploads\/2025\/05\/WhatsApp-Image-2025-05-13-at-5.49.20-AM.jpeg?resize=525%2C300&ssl=1 1.5x"},"classes":[]},{"id":99905,"url":"https:\/\/lasprimeras.com.do\/index.php\/2025\/05\/28\/en-2025-van-132-policias-heridos-en-ee-uu\/","url_meta":{"origin":105163,"position":5},"title":"En 2025 van 132 polic\u00edas heridos en EE. UU.","author":"Nelson Feliz","date":"28 de mayo de 2025","format":false,"excerpt":"https:\/\/www.youtube.com\/watch?v=y8EFuejWScY Por Ram\u00f3n Mercedes NUEVA YORK.- La cantidad de 132 agentes policiales de puesto en diferentes ciudades de los Estados Unidos han resultado heridos con diferentes armas, principalmente de fuego, y en diversas circunstancias. La informaci\u00f3n aparece en la p\u00e1gina de la organizaci\u00f3n Archivo de Violencia Armada (GVA), con sede\u2026","rel":"","context":"En \u00abINTERNACIONALES\u00bb","block_context":{"text":"INTERNACIONALES","link":"https:\/\/lasprimeras.com.do\/index.php\/category\/sin-categoria\/internacionales\/"},"img":{"alt_text":"","src":"https:\/\/i0.wp.com\/lasprimeras.com.do\/wp-content\/uploads\/2025\/05\/WhatsApp-Image-2025-05-28-at-6.00.55-AM-2.jpeg?resize=350%2C200&ssl=1","width":350,"height":200,"srcset":"https:\/\/i0.wp.com\/lasprimeras.com.do\/wp-content\/uploads\/2025\/05\/WhatsApp-Image-2025-05-28-at-6.00.55-AM-2.jpeg?resize=350%2C200&ssl=1 1x, https:\/\/i0.wp.com\/lasprimeras.com.do\/wp-content\/uploads\/2025\/05\/WhatsApp-Image-2025-05-28-at-6.00.55-AM-2.jpeg?resize=525%2C300&ssl=1 1.5x, https:\/\/i0.wp.com\/lasprimeras.com.do\/wp-content\/uploads\/2025\/05\/WhatsApp-Image-2025-05-28-at-6.00.55-AM-2.jpeg?resize=700%2C400&ssl=1 2x, https:\/\/i0.wp.com\/lasprimeras.com.do\/wp-content\/uploads\/2025\/05\/WhatsApp-Image-2025-05-28-at-6.00.55-AM-2.jpeg?resize=1050%2C600&ssl=1 3x"},"classes":[]}],"jetpack_sharing_enabled":true,"_links":{"self":[{"href":"https:\/\/lasprimeras.com.do\/index.php\/wp-json\/wp\/v2\/posts\/105163","targetHints":{"allow":["GET"]}}],"collection":[{"href":"https:\/\/lasprimeras.com.do\/index.php\/wp-json\/wp\/v2\/posts"}],"about":[{"href":"https:\/\/lasprimeras.com.do\/index.php\/wp-json\/wp\/v2\/types\/post"}],"author":[{"embeddable":true,"href":"https:\/\/lasprimeras.com.do\/index.php\/wp-json\/wp\/v2\/users\/10"}],"replies":[{"embeddable":true,"href":"https:\/\/lasprimeras.com.do\/index.php\/wp-json\/wp\/v2\/comments?post=105163"}],"version-history":[{"count":1,"href":"https:\/\/lasprimeras.com.do\/index.php\/wp-json\/wp\/v2\/posts\/105163\/revisions"}],"predecessor-version":[{"id":105165,"href":"https:\/\/lasprimeras.com.do\/index.php\/wp-json\/wp\/v2\/posts\/105163\/revisions\/105165"}],"wp:featuredmedia":[{"embeddable":true,"href":"https:\/\/lasprimeras.com.do\/index.php\/wp-json\/wp\/v2\/media\/105164"}],"wp:attachment":[{"href":"https:\/\/lasprimeras.com.do\/index.php\/wp-json\/wp\/v2\/media?parent=105163"}],"wp:term":[{"taxonomy":"category","embeddable":true,"href":"https:\/\/lasprimeras.com.do\/index.php\/wp-json\/wp\/v2\/categories?post=105163"},{"taxonomy":"post_tag","embeddable":true,"href":"https:\/\/lasprimeras.com.do\/index.php\/wp-json\/wp\/v2\/tags?post=105163"}],"curies":[{"name":"wp","href":"https:\/\/api.w.org\/{rel}","templated":true}]}}