{"id":105166,"date":"2025-07-30T07:52:58","date_gmt":"2025-07-30T11:52:58","guid":{"rendered":"https:\/\/lasprimeras.com.do\/?p=105166"},"modified":"2025-07-31T07:57:43","modified_gmt":"2025-07-31T11:57:43","slug":"orquesta-guayacan-hemos-recibido-en-nyc-la-mas-alta-distincion-en-nuestros-40-anos-de-existencia","status":"publish","type":"post","link":"https:\/\/lasprimeras.com.do\/index.php\/2025\/07\/30\/orquesta-guayacan-hemos-recibido-en-nyc-la-mas-alta-distincion-en-nuestros-40-anos-de-existencia\/","title":{"rendered":"Orquesta Guayac\u00e1n: \u00abHemos recibido en NYC la m\u00e1s alta distinci\u00f3n en nuestros 40 a\u00f1os de existencia\u00bb"},"content":{"rendered":"\n<figure class=\"wp-block-embed is-type-video is-provider-youtube wp-block-embed-youtube wp-embed-aspect-16-9 wp-has-aspect-ratio\"><div class=\"wp-block-embed__wrapper\">\n<iframe title=\"Orquesta Guayac\u00e1n de Colombia afirma reconocimiento en NYC ha sido el m\u00e1s alto en sus 40 a\u00f1os\" width=\"500\" height=\"281\" src=\"https:\/\/www.youtube.com\/embed\/-_5fJ1M4Nl4?feature=oembed\" frameborder=\"0\" allow=\"accelerometer; autoplay; clipboard-write; encrypted-media; gyroscope; picture-in-picture; web-share\" referrerpolicy=\"strict-origin-when-cross-origin\" allowfullscreen><\/iframe>\n<\/div><\/figure>\n\n\n\n<p>Por Ram\u00f3n Mercedes<\/p>\n\n\n\n<p>NUEVA YORK.- El compositor principal y m\u00e1s reconocido de la Orquesta Guayac\u00e1n de Colombia, Nino Caicedo, declar\u00f3 en Plaza Quisqueya, en el Alto Manhattan, que la agrupaci\u00f3n ha recibido de la ciudad de NY, la m\u00e1s alta distinci\u00f3n en sus 40 a\u00f1os de existencia.<\/p>\n\n\n\n<p>\u00abHaber reconocido la orquesta con ponerle su nombre a una calle en la Gran Manzana, es la m\u00e1s alta distinci\u00f3n que hemos recibido desde que se form\u00f3 la agrupaci\u00f3n&#8221;, afirm\u00f3 Caicedo, sobre el reconocimiento entregado a trav\u00e9s del Departamento de Transporte (DOT), que dirige el dominicano Ydanis Rodr\u00edguez.<\/p>\n\n\n\n<p>\u00abSentimos que es como una c\u00faspide, porque es un reconocimiento muy grande que se le otorgue a una calle el nombre de la orquesta Guayac\u00e1n en el coraz\u00f3n de NYC, en Manhattan\u00bb, precis\u00f3.<\/p>\n\n\n\n<p>Por su parte el comisionado Rodr\u00edguez, sostuvo: \u00abSomos latinos, el 28% en NYC, pero la ciudad se nutre cada d\u00eda de la cultura, m\u00fasica, de grandes orquestas como Guayac\u00e1n, y para nosotros es un honor tenerlos a ellos aqu\u00ed, tanto en el centro de Manhattan, acompa\u00f1arlos al gran festival en Queens, y ahora recibirlos en Washington Heights, en el centro de la comunidad dominicana&#8221;.<\/p>\n\n\n\n<p>\u00abSabemos que Colombia le ha abierto la puerta a varias orquestas dominicanas, como tambi\u00e9n existe una hermandad entre Colombia y RD&#8221;, expres\u00f3 Rodr\u0655\u00edguez.<\/p>\n\n\n\n<p>M\u00faltiples dominicanos en el Alto Manhattan, El Bronx, Queens, Brooklyn, Staten Island, Yonkers y en los vecinos estados de Nueva Jersey, Connecticut y Pensilvania, amantes de la salsa, valoraron como positivo este gesto del DOT hacia una orquesta tan querida entre los quisqueyanos y latinos en general.<\/p>\n\n\n\n<p>La semana pasada, NYC rindi\u00f3 homenaje a la orquesta, al designar un tramo de la famosa Avenida Sexta con su nombre, en conmemoraci\u00f3n del 215 aniversario de la independencia de Colombia.<\/p>\n\n\n\n<p>La calle, ubicada en la zona de Midtown Manhattan, ahora se conoce como &#8220;Guayac\u00e1n Orquesta Way&#8221;. Este homenaje destaca la trayectoria art\u00edstica de la orquesta y su impacto en la m\u00fasica latina, especialmente en la salsa, a nivel internacional.<\/p>\n\n\n\n<p>La especial ceremonia, en la cual los m\u00fasicos corearon varias veces &#8220;oiga mire vea, venga a Manhattan para que vea&#8221;, cont\u00f3 con la presencia de miembros de la orquesta, autoridades locales y la comunidad colombiana en la Gran Manzana.<\/p>\n\n\n\n<p>En el pasado reciente la orquesta recibi\u00f3 un nombramiento similar en Madrid, Espa\u00f1a.<\/p>\n","protected":false},"excerpt":{"rendered":"<p>Por Ram\u00f3n Mercedes NUEVA YORK.- El compositor principal y m\u00e1s reconocido de la Orquesta Guayac\u00e1n de Colombia, Nino Caicedo, declar\u00f3 en Plaza Quisqueya, en el Alto Manhattan, que la agrupaci\u00f3n&hellip;<\/p>\n","protected":false},"author":10,"featured_media":105167,"comment_status":"open","ping_status":"open","sticky":false,"template":"","format":"standard","meta":{"content-type":"","jetpack_post_was_ever_published":false,"_jetpack_newsletter_access":"","_jetpack_dont_email_post_to_subs":false,"_jetpack_newsletter_tier_id":0,"_jetpack_memberships_contains_paywalled_content":false,"_jetpack_memberships_contains_paid_content":false,"footnotes":""},"categories":[16289],"tags":[22515,6979,316,22514],"class_list":["post-105166","post","type-post","status-publish","format-standard","has-post-thumbnail","hentry","category-internacionales","tag-40-anos-de-existencia","tag-alta-distincion","tag-nyc","tag-orquesta-guayacan"],"jetpack_featured_media_url":"https:\/\/lasprimeras.com.do\/wp-content\/uploads\/2025\/07\/WhatsApp-Image-2025-07-30-at-7.21.11-AM-2.jpeg","jetpack-related-posts":[{"id":104029,"url":"https:\/\/lasprimeras.com.do\/index.php\/2025\/07\/21\/nyc-designa-calle-de-manhattan-como-guayacan-orquesta-way-en-homenaje-agrupacion-salsera-colombiana\/","url_meta":{"origin":105166,"position":0},"title":"NYC designa calle de Manhattan como \u201cGuayac\u00e1n Orquesta Way\u201d en homenaje agrupaci\u00f3n salsera colombiana","author":"Nelson Feliz","date":"21 de julio de 2025","format":false,"excerpt":"Por Ram\u00f3n Mercedes NUEVA YORK.- El Comisionado de Transporte en esta ciudad (DOT), el dominicano Ydanis Rodr\u00edguez, encabez\u00f3 el pasado fin de semana el acto de designaci\u00f3n de \u201cGuayac\u00e1n Orquesta Way\u201d a la esquina de la Calle 45 con 6ta. Avenida en Manhattan, un reconocimiento de la Alcald\u00eda de NYC\u2026","rel":"","context":"En \u00abENTRETENIMIENTO\u00bb","block_context":{"text":"ENTRETENIMIENTO","link":"https:\/\/lasprimeras.com.do\/index.php\/category\/entretenimiento\/"},"img":{"alt_text":"NYC designa calle de Manhattan como \u201cGuayac\u00e1n Orquesta Way\u201d en homenaje a orquesta salsera colombiana","src":"https:\/\/i0.wp.com\/lasprimeras.com.do\/wp-content\/uploads\/2025\/07\/WhatsApp-Image-2025-07-21-at-6.13.45-AM.jpeg?resize=350%2C200&ssl=1","width":350,"height":200,"srcset":"https:\/\/i0.wp.com\/lasprimeras.com.do\/wp-content\/uploads\/2025\/07\/WhatsApp-Image-2025-07-21-at-6.13.45-AM.jpeg?resize=350%2C200&ssl=1 1x, https:\/\/i0.wp.com\/lasprimeras.com.do\/wp-content\/uploads\/2025\/07\/WhatsApp-Image-2025-07-21-at-6.13.45-AM.jpeg?resize=525%2C300&ssl=1 1.5x"},"classes":[]},{"id":113497,"url":"https:\/\/lasprimeras.com.do\/index.php\/2025\/11\/03\/fallecio-este-lunes-el-fundador-de-la-orquesta-la-gran-manzana-henry-hierro\/","url_meta":{"origin":105166,"position":1},"title":"Falleci\u00f3 este lunes el fundador de la orquesta La Gran Manzana Henry Hierro","author":"Nelson Feliz","date":"3 de noviembre de 2025","format":false,"excerpt":"El cantante, compositor, productor y arreglista dominicano Henry Hierro, fundador de la legendaria orquesta de merengue La Gran Manzana, falleci\u00f3 este lunes en la Rep\u00fablica Dominicana tras un delicado proceso de salud. El deceso se produjo a las 7:35 de la ma\u00f1ana, de acuerdo con un comunicado de la familia,\u2026","rel":"","context":"En \u00abENTRETENIMIENTO\u00bb","block_context":{"text":"ENTRETENIMIENTO","link":"https:\/\/lasprimeras.com.do\/index.php\/category\/entretenimiento\/"},"img":{"alt_text":"Henry Hierro","src":"https:\/\/i0.wp.com\/lasprimeras.com.do\/wp-content\/uploads\/2025\/11\/Henry-Hierro.jpg?resize=350%2C200&ssl=1","width":350,"height":200,"srcset":"https:\/\/i0.wp.com\/lasprimeras.com.do\/wp-content\/uploads\/2025\/11\/Henry-Hierro.jpg?resize=350%2C200&ssl=1 1x, https:\/\/i0.wp.com\/lasprimeras.com.do\/wp-content\/uploads\/2025\/11\/Henry-Hierro.jpg?resize=525%2C300&ssl=1 1.5x"},"classes":[]},{"id":85288,"url":"https:\/\/lasprimeras.com.do\/index.php\/2024\/06\/27\/senado-reconoce-los-45-anos-de-trayectoria-musical-de-los-hermanos-rosario\/","url_meta":{"origin":105166,"position":2},"title":"Senado reconoce los 45 a\u00f1os de trayectoria musical de Los Hermanos Rosario","author":"Nelson Feliz","date":"27 de junio de 2024","format":false,"excerpt":"Ricardo de los Santos, presidente del Senado destac\u00f3 el trabajo tesonero de la agrupaci\u00f3n. El Senado de la Rep\u00fablica entreg\u00f3 este mi\u00e9rcoles un pergamino de reconocimiento a la agrupaci\u00f3n musical Los Hermanos Rosario, por sus 45 a\u00f1os de trayectoria en el arte y la cultura, en un acto encabezado por\u2026","rel":"","context":"En \u00abENTRETENIMIENTO\u00bb","block_context":{"text":"ENTRETENIMIENTO","link":"https:\/\/lasprimeras.com.do\/index.php\/category\/entretenimiento\/"},"img":{"alt_text":"","src":"https:\/\/i0.wp.com\/lasprimeras.com.do\/wp-content\/uploads\/2024\/06\/Los-Hermanos-Rosario.jpg?resize=350%2C200&ssl=1","width":350,"height":200,"srcset":"https:\/\/i0.wp.com\/lasprimeras.com.do\/wp-content\/uploads\/2024\/06\/Los-Hermanos-Rosario.jpg?resize=350%2C200&ssl=1 1x, https:\/\/i0.wp.com\/lasprimeras.com.do\/wp-content\/uploads\/2024\/06\/Los-Hermanos-Rosario.jpg?resize=525%2C300&ssl=1 1.5x"},"classes":[]},{"id":65635,"url":"https:\/\/lasprimeras.com.do\/index.php\/2023\/10\/30\/magistrada-eunisis-vasquez-recibe-la-mas-alta-distincion-concedida-por-el-papa-francisco\/","url_meta":{"origin":105166,"position":3},"title":"Magistrada Eunisis V\u00e1squez recibe la m\u00e1s alta distinci\u00f3n concedida por el Papa Francisco","author":"Nelson Feliz","date":"30 de octubre de 2023","format":false,"excerpt":"La Nunciatura Apost\u00f3lica de la Santa Sede en la Rep\u00fablica Dominicana y el arzobispo de Santo Domingo Primado de Am\u00e9rica, monse\u00f1or Francisco Ozoria Acosta, entregaron la condecoraci\u00f3n \u201cPro Ecclesia et Pontifice\u201d a la magistrada Eunisis V\u00e1squez Acosta, la m\u00e1s alta distinci\u00f3n que otorga el Papa Francisco. La condecoraci\u00f3n fue entregada\u2026","rel":"","context":"En \u00abNACIONALES\u00bb","block_context":{"text":"NACIONALES","link":"https:\/\/lasprimeras.com.do\/index.php\/category\/nacionales\/"},"img":{"alt_text":"Eunisis V\u00e1squez Acosta","src":"https:\/\/i0.wp.com\/lasprimeras.com.do\/wp-content\/uploads\/2023\/10\/Eunisis-Vasquez-Acosta.jpg?resize=350%2C200&ssl=1","width":350,"height":200,"srcset":"https:\/\/i0.wp.com\/lasprimeras.com.do\/wp-content\/uploads\/2023\/10\/Eunisis-Vasquez-Acosta.jpg?resize=350%2C200&ssl=1 1x, https:\/\/i0.wp.com\/lasprimeras.com.do\/wp-content\/uploads\/2023\/10\/Eunisis-Vasquez-Acosta.jpg?resize=525%2C300&ssl=1 1.5x, https:\/\/i0.wp.com\/lasprimeras.com.do\/wp-content\/uploads\/2023\/10\/Eunisis-Vasquez-Acosta.jpg?resize=700%2C400&ssl=1 2x"},"classes":[]},{"id":86800,"url":"https:\/\/lasprimeras.com.do\/index.php\/2024\/08\/01\/alcalde-dio-astacio-anuncia-creacion-de-la-orquesta-sinfonica-municipal\/","url_meta":{"origin":105166,"position":4},"title":"Alcalde D\u00edo Astacio anuncia creaci\u00f3n de la Orquesta Sinf\u00f3nica Municipal","author":"Nelson Feliz","date":"1 de agosto de 2024","format":false,"excerpt":"El alcalde D\u00edo Astacio anunci\u00f3 este jueves la creaci\u00f3n de la primera Orquesta Sinf\u00f3nica Municipal de Santo Domingo Este, el cual estar\u00e1 bajo la direcci\u00f3n art\u00edstica del destacado maestro de la m\u00fasica, Dante Cucurullo. Astacio manifest\u00f3 que desde la Alcald\u00eda se est\u00e1 creando plazas estables para que los m\u00fasicos puedan\u2026","rel":"","context":"En \u00abNACIONALES\u00bb","block_context":{"text":"NACIONALES","link":"https:\/\/lasprimeras.com.do\/index.php\/category\/nacionales\/"},"img":{"alt_text":"D\u00edo Astacio","src":"https:\/\/i0.wp.com\/lasprimeras.com.do\/wp-content\/uploads\/2024\/08\/Dio-Astacio-4.jpg?resize=350%2C200&ssl=1","width":350,"height":200,"srcset":"https:\/\/i0.wp.com\/lasprimeras.com.do\/wp-content\/uploads\/2024\/08\/Dio-Astacio-4.jpg?resize=350%2C200&ssl=1 1x, https:\/\/i0.wp.com\/lasprimeras.com.do\/wp-content\/uploads\/2024\/08\/Dio-Astacio-4.jpg?resize=525%2C300&ssl=1 1.5x"},"classes":[]},{"id":117048,"url":"https:\/\/lasprimeras.com.do\/index.php\/2025\/12\/06\/muere-rafael-ithier-el-maximo-lider-de-el-gran-combo-de-puerto-rico\/","url_meta":{"origin":105166,"position":5},"title":"Muere Rafael Ithier el m\u00e1ximo l\u00edder de El Gran Combo de Puerto Rico","author":"Nelson Feliz","date":"6 de diciembre de 2025","format":false,"excerpt":"Ten\u00eda 99 a\u00f1os de edad. San Juan, Puerto Rico, EFE - Fue el m\u00e1ximo mulato, cofundador y l\u00edder entre todos de la orquesta El Gran Combo de Puerto Rico por m\u00e1s de seis d\u00e9cadas. Rafael Ithier, icono del g\u00e9nero musical caribe\u00f1o de la salsa, deja un gran legado tras fallecer\u2026","rel":"","context":"En \u00abENTRETENIMIENTO\u00bb","block_context":{"text":"ENTRETENIMIENTO","link":"https:\/\/lasprimeras.com.do\/index.php\/category\/entretenimiento\/"},"img":{"alt_text":"El director del Gran Combo de Puerto Rico, Rafael Ithier, en una foto de archivo. (FUENTE EXTERNA)","src":"https:\/\/i0.wp.com\/lasprimeras.com.do\/wp-content\/uploads\/2025\/12\/Rafael-Ithier.jpg?resize=350%2C200&ssl=1","width":350,"height":200,"srcset":"https:\/\/i0.wp.com\/lasprimeras.com.do\/wp-content\/uploads\/2025\/12\/Rafael-Ithier.jpg?resize=350%2C200&ssl=1 1x, https:\/\/i0.wp.com\/lasprimeras.com.do\/wp-content\/uploads\/2025\/12\/Rafael-Ithier.jpg?resize=525%2C300&ssl=1 1.5x, https:\/\/i0.wp.com\/lasprimeras.com.do\/wp-content\/uploads\/2025\/12\/Rafael-Ithier.jpg?resize=700%2C400&ssl=1 2x"},"classes":[]}],"jetpack_sharing_enabled":true,"_links":{"self":[{"href":"https:\/\/lasprimeras.com.do\/index.php\/wp-json\/wp\/v2\/posts\/105166","targetHints":{"allow":["GET"]}}],"collection":[{"href":"https:\/\/lasprimeras.com.do\/index.php\/wp-json\/wp\/v2\/posts"}],"about":[{"href":"https:\/\/lasprimeras.com.do\/index.php\/wp-json\/wp\/v2\/types\/post"}],"author":[{"embeddable":true,"href":"https:\/\/lasprimeras.com.do\/index.php\/wp-json\/wp\/v2\/users\/10"}],"replies":[{"embeddable":true,"href":"https:\/\/lasprimeras.com.do\/index.php\/wp-json\/wp\/v2\/comments?post=105166"}],"version-history":[{"count":1,"href":"https:\/\/lasprimeras.com.do\/index.php\/wp-json\/wp\/v2\/posts\/105166\/revisions"}],"predecessor-version":[{"id":105168,"href":"https:\/\/lasprimeras.com.do\/index.php\/wp-json\/wp\/v2\/posts\/105166\/revisions\/105168"}],"wp:featuredmedia":[{"embeddable":true,"href":"https:\/\/lasprimeras.com.do\/index.php\/wp-json\/wp\/v2\/media\/105167"}],"wp:attachment":[{"href":"https:\/\/lasprimeras.com.do\/index.php\/wp-json\/wp\/v2\/media?parent=105166"}],"wp:term":[{"taxonomy":"category","embeddable":true,"href":"https:\/\/lasprimeras.com.do\/index.php\/wp-json\/wp\/v2\/categories?post=105166"},{"taxonomy":"post_tag","embeddable":true,"href":"https:\/\/lasprimeras.com.do\/index.php\/wp-json\/wp\/v2\/tags?post=105166"}],"curies":[{"name":"wp","href":"https:\/\/api.w.org\/{rel}","templated":true}]}}