{"id":105472,"date":"2025-08-04T09:38:46","date_gmt":"2025-08-04T13:38:46","guid":{"rendered":"https:\/\/lasprimeras.com.do\/?p=105472"},"modified":"2025-08-04T09:38:48","modified_gmt":"2025-08-04T13:38:48","slug":"mas-de-mil-personas-acuden-show-calles-de-verano-en-alto-manhattan","status":"publish","type":"post","link":"https:\/\/lasprimeras.com.do\/index.php\/2025\/08\/04\/mas-de-mil-personas-acuden-show-calles-de-verano-en-alto-manhattan\/","title":{"rendered":"M\u00e1s de mil personas acuden show \u00abCalles de Verano\u00bb en Alto Manhattan"},"content":{"rendered":"\n<p>El alcalde Eric Adams es recibido con v\u00edtores y slogan: \u00abCuatro m\u00e1s\u00bb<\/p>\n\n\n\n<figure class=\"wp-block-embed is-type-video is-provider-youtube wp-block-embed-youtube wp-embed-aspect-16-9 wp-has-aspect-ratio\"><div class=\"wp-block-embed__wrapper\">\n<iframe title=\"Alcalde Eric Adams se da ba\u00f1o de pueblo con dominicanos en el Alto Manhattan\" width=\"500\" height=\"281\" src=\"https:\/\/www.youtube.com\/embed\/CFwPGfiATlw?feature=oembed\" frameborder=\"0\" allow=\"accelerometer; autoplay; clipboard-write; encrypted-media; gyroscope; picture-in-picture; web-share\" referrerpolicy=\"strict-origin-when-cross-origin\" allowfullscreen><\/iframe>\n<\/div><\/figure>\n\n\n\n<p>Por Ram\u00f3n Mercedes<\/p>\n\n\n\n<p>NUEVA YORK.- M\u00e1s de mil personas acudieron este s\u00e1bado al show \u00abCalles de Verano\u00bb en el Alto Manhattan, con la presencia del alcalde Eric Adams, quien fue recibido con v\u00edtores y slogan: \u00abCuatro m\u00e1s\u00bb, \u00abEric-Eric Adams\u00bb y \u00abVuelve y vuelve\u00bb.<\/p>\n\n\n\n<p>\u00abCalles de Verano\u00bb (Summer Streets), se inici\u00f3 en Manhattan el pasado 26 de julio y se extender\u00e1 durante cinco s\u00e1bados consecutivos hasta el 23 de agosto.<\/p>\n\n\n\n<p>Al comenzar la actividad, el congresista Adriano Espaillat pas\u00f3 por el lugar, se dirigi\u00f3 al p\u00fablico, salud\u00f3 con parabienes para todos y reconociendo la positividad de eventos como Summer Streets y la buena labor que viene desempe\u00f1ando en el Departamento de Transporte (DOT), Ydanis Rodr\u00edguez. Luego se march\u00f3.<\/p>\n\n\n\n<p>Los artistas dominicanos Zeo Mu\u00f1oz y Sergio Vargas amenizaron el cierre de los eventos del d\u00eda, que iniciaron con cientos de bicicletas e igual cantidad de participantes, desde el Puente Brooklyn hasta Playa Quisqueya en Dickman con Broadway.<\/p>\n\n\n\n<p>\u00abEl Negrito de Villa\u00bb interpret\u00f3 sus temas m\u00e1s conocidos, poniendo a bailar parejas, personas a solas y a otros a bailotear sus contagiosos merengues.<\/p>\n\n\n\n<p>El alcalde lleg\u00f3 a eso de las 6:00 de la tarde (con pleno sol afuera) e inmediatamente subi\u00f3 a tarima, a su lado su fiel amigo y defensor de su reelecci\u00f3n, Ydanis Rodr\u00edguez, comisionado del DOT y quien sirviera de traductor a lo dicho por Adams.<\/p>\n\n\n\n<p>\u00abEstaba esperando a Sergio desde la semana pasada, pero aqu\u00ed lo tenemos\u00bb. \u00abNac\u00ed en Alabama, pero ya soy dominicano\u00bb. Este espacio \u00abSummer Streets\u00bb es para el disfrute de hombres, mujeres, ni\u00f1os, envejecientes y discapacitados\u00bb. \u00abQue siga la fiesta\u00bb, grit\u00f3 el alcalde.<\/p>\n\n\n\n<p>A esto, el artista Vargas contest\u00f3: \u00abEl aplauso, te queremos Eric\u00bb. \u00abDefinitivamente estamos comprometidos con quien se compromete con nosotros, porque de eso se trata, amor con amor se paga, por eso con mi amor te pagar\u00e9\u00bb. Los aplausos no se hicieron esperar.<\/p>\n\n\n\n<p>Luego, el ejecutivo municipal se dirigi\u00f3 a un restaurant contiguo al lugar de la actividad, para cenar al aire libre, fumarse un cigarrillo, conversar con cientos de quisqueyanos que se les acercaban, abordaban, otros solicitaban una foto, un aut\u00f3grafo y un saludo dirigido desde veh\u00edculos en marcha, acompa\u00f1ado del toque de bocina, entre otros buenos gestos hacia \u00e9l.<\/p>\n\n\n\n<p>El autor de esta cr\u00f3nica y los colegas Manuel Ruiz y Alduey Sierra ya est\u00e1bamos desde hac\u00eda unos 40 minutos en el restaurant; el alcalde, Ydanis y otros l\u00edderes comunitarios decidieron sentarse a escasos pies de nuestra mesa.<\/p>\n\n\n\n<p>Se entabl\u00f3 conversaci\u00f3n y una entrevista. Cerca de las 9:00 p.m. el alcalde decidi\u00f3 recorrer algunas calles aleda\u00f1as, visitar un parque y compartir con decenas de mujeres que jugaban bingo, para finalizar la noche.<\/p>\n","protected":false},"excerpt":{"rendered":"<p>El alcalde Eric Adams es recibido con v\u00edtores y slogan: \u00abCuatro m\u00e1s\u00bb Por Ram\u00f3n Mercedes NUEVA YORK.- M\u00e1s de mil personas acudieron este s\u00e1bado al show \u00abCalles de Verano\u00bb en&hellip;<\/p>\n","protected":false},"author":10,"featured_media":105473,"comment_status":"open","ping_status":"open","sticky":false,"template":"","format":"standard","meta":{"content-type":"","jetpack_post_was_ever_published":false,"_jetpack_newsletter_access":"","_jetpack_dont_email_post_to_subs":false,"_jetpack_newsletter_tier_id":0,"_jetpack_memberships_contains_paywalled_content":false,"_jetpack_memberships_contains_paid_content":false,"footnotes":""},"categories":[16289],"tags":[7883,22666,22665],"class_list":["post-105472","post","type-post","status-publish","format-standard","has-post-thumbnail","hentry","category-internacionales","tag-alto-manhattan","tag-calles-de-verano","tag-mas-de-mil-personas-acuden-show"],"jetpack_featured_media_url":"https:\/\/lasprimeras.com.do\/wp-content\/uploads\/2025\/08\/WhatsApp-Image-2025-08-04-at-6.44.28-AM.jpeg","jetpack-related-posts":[{"id":96230,"url":"https:\/\/lasprimeras.com.do\/index.php\/2025\/03\/28\/alcalde-nyc-asiste-encuentro-en-alto-manhattan-con-poca-asistencia-de-dominicanos\/","url_meta":{"origin":105472,"position":0},"title":"Alcalde NYC asiste encuentro en Alto Manhattan con poca asistencia de dominicanos","author":"Nelson Feliz","date":"28 de marzo de 2025","format":false,"excerpt":"Por Ram\u00f3n Mercedes NUEVA YORK.- El alcalde de esta ciudad, Eric Adams, asisti\u00f3 la noche de este lunes a un encuentro en el Alto Manhattan, que convocara su comisionado de Transporte de NYC (DOT), Ydanis Rodr\u00edguez, con la comunidad dominicana. Contrario a las convocatorias que con frecuencia efectuaba Rodr\u00edguez cuando\u2026","rel":"","context":"En \u00abINTERNACIONALES\u00bb","block_context":{"text":"INTERNACIONALES","link":"https:\/\/lasprimeras.com.do\/index.php\/category\/sin-categoria\/internacionales\/"},"img":{"alt_text":"Alcalde NYC asiste encuentro en Alto Manhattan con poca asistencia de dominicanos","src":"https:\/\/i0.wp.com\/lasprimeras.com.do\/wp-content\/uploads\/2025\/03\/WhatsApp-Image-2025-03-27-at-6.14.59-AM.jpeg?resize=350%2C200&ssl=1","width":350,"height":200,"srcset":"https:\/\/i0.wp.com\/lasprimeras.com.do\/wp-content\/uploads\/2025\/03\/WhatsApp-Image-2025-03-27-at-6.14.59-AM.jpeg?resize=350%2C200&ssl=1 1x, https:\/\/i0.wp.com\/lasprimeras.com.do\/wp-content\/uploads\/2025\/03\/WhatsApp-Image-2025-03-27-at-6.14.59-AM.jpeg?resize=525%2C300&ssl=1 1.5x"},"classes":[]},{"id":103276,"url":"https:\/\/lasprimeras.com.do\/index.php\/2025\/07\/14\/alcalde-eric-adams-se-da-bano-de-pueblo-durante-desfile-vegano-en-alto-manhattan\/","url_meta":{"origin":105472,"position":1},"title":"Alcalde Eric Adams se da ba\u00f1o de pueblo durante Desfile Vegano en Alto Manhattan","author":"Nelson Feliz","date":"14 de julio de 2025","format":false,"excerpt":"https:\/\/www.youtube.com\/watch?v=lRu5KCyZqG8 Por Ram\u00f3n Mercedes NUEVA YORK.- Este domingo se celebr\u00f3 el tercer aniversario del Desfile Vegano, teniendo como padrino al alcalde de esta ciudad, Eric Adams, quien recorri\u00f3 junto a decenas de dominicanos 20 cuadras de la concurrida avenida Saint Nicholas, d\u00e1ndose a su paso un ba\u00f1o de pueblo, abrazando,\u2026","rel":"","context":"En \u00abINTERNACIONALES\u00bb","block_context":{"text":"INTERNACIONALES","link":"https:\/\/lasprimeras.com.do\/index.php\/category\/sin-categoria\/internacionales\/"},"img":{"alt_text":"","src":"https:\/\/i0.wp.com\/lasprimeras.com.do\/wp-content\/uploads\/2025\/07\/WhatsApp-Image-2025-07-14-at-6.39.07-AM.jpeg?resize=350%2C200&ssl=1","width":350,"height":200},"classes":[]},{"id":97460,"url":"https:\/\/lasprimeras.com.do\/index.php\/2025\/04\/21\/enterate-ny-5\/","url_meta":{"origin":105472,"position":2},"title":"Ent\u00e9rate NY","author":"Nelson Feliz","date":"21 de abril de 2025","format":false,"excerpt":"PERIODISMO INFORMATIVO Y CR\u00cdTICO AL SERVICIO DE LA COMUNIDAD Por Ram\u00f3n Mercedes \u25baPinceladas sobre visita Eric Adams a RD: El alcalde NYC, Eric Adams, visit\u00f3 RD la semana pasada. Una pincelada, basada en los informes de una prestante dama pol\u00edtica de poder y relaciones en las diferentes \u00e1reas en dominicana.\u2026","rel":"","context":"En \u00abOPINI\u00d3N\u00bb","block_context":{"text":"OPINI\u00d3N","link":"https:\/\/lasprimeras.com.do\/index.php\/category\/opinion\/"},"img":{"alt_text":"","src":"https:\/\/i0.wp.com\/lasprimeras.com.do\/wp-content\/uploads\/2025\/03\/Ramon-Mercedes.jpeg?resize=350%2C200&ssl=1","width":350,"height":200},"classes":[]},{"id":105692,"url":"https:\/\/lasprimeras.com.do\/index.php\/2025\/08\/06\/alcalde-adams-valora-comunidad-dominicana-como-honesta-y-trabajadora\/","url_meta":{"origin":105472,"position":3},"title":"Alcalde Adams valora comunidad dominicana como honesta y trabajadora","author":"Nelson Feliz","date":"6 de agosto de 2025","format":false,"excerpt":"Por Ram\u00f3n Mercedes NUEVA YORK.- El alcalde de esta ciudad, Eric Adams, describi\u00f3 la comunidad dominicana como honesta y trabajadora. \u201cEs un placer estar entre ella, porque se siente en familia y como un dominicano m\u00e1s, ya que se siente c\u00f3modo en compartir todo el tiempo entre su gente\u201d, respondi\u00f3\u2026","rel":"","context":"En \u00abINTERNACIONALES\u00bb","block_context":{"text":"INTERNACIONALES","link":"https:\/\/lasprimeras.com.do\/index.php\/category\/sin-categoria\/internacionales\/"},"img":{"alt_text":"","src":"https:\/\/i0.wp.com\/lasprimeras.com.do\/wp-content\/uploads\/2025\/08\/WhatsApp-Image-2025-08-06-at-6.19.00-AM-1.jpeg?resize=350%2C200&ssl=1","width":350,"height":200,"srcset":"https:\/\/i0.wp.com\/lasprimeras.com.do\/wp-content\/uploads\/2025\/08\/WhatsApp-Image-2025-08-06-at-6.19.00-AM-1.jpeg?resize=350%2C200&ssl=1 1x, https:\/\/i0.wp.com\/lasprimeras.com.do\/wp-content\/uploads\/2025\/08\/WhatsApp-Image-2025-08-06-at-6.19.00-AM-1.jpeg?resize=525%2C300&ssl=1 1.5x"},"classes":[]},{"id":57195,"url":"https:\/\/lasprimeras.com.do\/index.php\/2023\/08\/09\/alcalde-eric-adams-abre-las-puertas-de-gracie-mansion-para-celebrar-la-herencia-dominicana\/","url_meta":{"origin":105472,"position":4},"title":"Alcalde Eric Adams abre las puertas de \u201cGracie Mansi\u00f3n\u201d para celebrar la herencia Dominicana","author":"Nelson Feliz","date":"9 de agosto de 2023","format":false,"excerpt":"Por Jos\u00e9 Zabala El alcalde Eric Adams recibi\u00f3 con los brazos abiertos a todos los sectores de la comunidad dominicana radicada en la ciudad de New York en su residencia la \u201cGracie Mansi\u00f3n\u201d\u00a0 a ritmo de merengue,\u00a0 bachata, rica gastronom\u00eda y bebidas de marcas criolla. Adams, realizo la actividad como\u2026","rel":"","context":"En \u00abENTRETENIMIENTO\u00bb","block_context":{"text":"ENTRETENIMIENTO","link":"https:\/\/lasprimeras.com.do\/index.php\/category\/entretenimiento\/"},"img":{"alt_text":"Erick Adams","src":"https:\/\/i0.wp.com\/lasprimeras.com.do\/wp-content\/uploads\/2023\/08\/Erick-Adams.jpg?resize=350%2C200&ssl=1","width":350,"height":200,"srcset":"https:\/\/i0.wp.com\/lasprimeras.com.do\/wp-content\/uploads\/2023\/08\/Erick-Adams.jpg?resize=350%2C200&ssl=1 1x, https:\/\/i0.wp.com\/lasprimeras.com.do\/wp-content\/uploads\/2023\/08\/Erick-Adams.jpg?resize=525%2C300&ssl=1 1.5x, https:\/\/i0.wp.com\/lasprimeras.com.do\/wp-content\/uploads\/2023\/08\/Erick-Adams.jpg?resize=700%2C400&ssl=1 2x"},"classes":[]},{"id":107269,"url":"https:\/\/lasprimeras.com.do\/index.php\/2025\/08\/25\/miles-asisten-a-clausura-summer-streets-en-el-bronx\/","url_meta":{"origin":105472,"position":5},"title":"Miles asisten a clausura Summer Streets en El Bronx","author":"Nelson Feliz","date":"25 de agosto de 2025","format":false,"excerpt":"https:\/\/www.youtube.com\/watch?v=2qN69J6lt0A Por Ram\u00f3n Mercedes NUEVA YORK.- Con la asistencia de m\u00e1s de 3,000 personas al evento art\u00edstico musical realizado en una tarima ubicada en plena avenida Grand Concourse con Kingbridge, en El Bronx, concluy\u00f3 este s\u00e1bado Summer Streets, el evento callejero m\u00e1s grande que organiza la alcald\u00eda de esta ciudad.\u2026","rel":"","context":"En \u00abINTERNACIONALES\u00bb","block_context":{"text":"INTERNACIONALES","link":"https:\/\/lasprimeras.com.do\/index.php\/category\/sin-categoria\/internacionales\/"},"img":{"alt_text":"","src":"https:\/\/i0.wp.com\/lasprimeras.com.do\/wp-content\/uploads\/2025\/08\/WhatsApp-Image-2025-08-25-at-6.20.08-AM.jpeg?resize=350%2C200&ssl=1","width":350,"height":200},"classes":[]}],"jetpack_sharing_enabled":true,"_links":{"self":[{"href":"https:\/\/lasprimeras.com.do\/index.php\/wp-json\/wp\/v2\/posts\/105472","targetHints":{"allow":["GET"]}}],"collection":[{"href":"https:\/\/lasprimeras.com.do\/index.php\/wp-json\/wp\/v2\/posts"}],"about":[{"href":"https:\/\/lasprimeras.com.do\/index.php\/wp-json\/wp\/v2\/types\/post"}],"author":[{"embeddable":true,"href":"https:\/\/lasprimeras.com.do\/index.php\/wp-json\/wp\/v2\/users\/10"}],"replies":[{"embeddable":true,"href":"https:\/\/lasprimeras.com.do\/index.php\/wp-json\/wp\/v2\/comments?post=105472"}],"version-history":[{"count":1,"href":"https:\/\/lasprimeras.com.do\/index.php\/wp-json\/wp\/v2\/posts\/105472\/revisions"}],"predecessor-version":[{"id":105474,"href":"https:\/\/lasprimeras.com.do\/index.php\/wp-json\/wp\/v2\/posts\/105472\/revisions\/105474"}],"wp:featuredmedia":[{"embeddable":true,"href":"https:\/\/lasprimeras.com.do\/index.php\/wp-json\/wp\/v2\/media\/105473"}],"wp:attachment":[{"href":"https:\/\/lasprimeras.com.do\/index.php\/wp-json\/wp\/v2\/media?parent=105472"}],"wp:term":[{"taxonomy":"category","embeddable":true,"href":"https:\/\/lasprimeras.com.do\/index.php\/wp-json\/wp\/v2\/categories?post=105472"},{"taxonomy":"post_tag","embeddable":true,"href":"https:\/\/lasprimeras.com.do\/index.php\/wp-json\/wp\/v2\/tags?post=105472"}],"curies":[{"name":"wp","href":"https:\/\/api.w.org\/{rel}","templated":true}]}}