{"id":105492,"date":"2025-08-04T11:37:50","date_gmt":"2025-08-04T15:37:50","guid":{"rendered":"https:\/\/lasprimeras.com.do\/?p=105492"},"modified":"2025-08-04T11:37:52","modified_gmt":"2025-08-04T15:37:52","slug":"supervision-en-montecristi-un-estado-presente-escuchando-y-protegiendo-su-territorio","status":"publish","type":"post","link":"https:\/\/lasprimeras.com.do\/index.php\/2025\/08\/04\/supervision-en-montecristi-un-estado-presente-escuchando-y-protegiendo-su-territorio\/","title":{"rendered":"Supervisi\u00f3n en Montecristi: Un Estado Presente, Escuchando y Protegiendo su Territorio"},"content":{"rendered":"\n<p class=\"wp-block-paragraph\">Autoridades del Ministerio de Medio Ambiente y Recursos Naturales, la Procuradur\u00eda Especializada para la Defensa del Medio Ambiente y los Recursos Naturales, el Servicio Nacional de Protecci\u00f3n Ambiental (SENPA), el Instituto Nacional de Recursos Hidr\u00e1ulicos (INDRHI), la Comisi\u00f3n de Medio Ambiente de la Universidad Aut\u00f3noma de Santo Domingo (UASD), la Coalici\u00f3n de Ambientalistas Independientes, realizaron un viaje de supervisi\u00f3n conjunto a la zona del r\u00edo Yaque del Norte, en la provincia Montecristi.<\/p>\n\n\n\n<p class=\"wp-block-paragraph\">El objetivo de esta jornada interinstitucional fue escuchar las inquietudes de los comunitarios, recabar informaci\u00f3n sobre las percepciones locales y conocer de primera mano las implicaciones sociales y ambientales del proyecto de construcci\u00f3n de un dique por parte del INDRHI.<\/p>\n\n\n\n<p class=\"wp-block-paragraph\">Esta obra se encuentra actualmente paralizada, y el Estado se ha movilizado con responsabilidad para abrir un espacio de di\u00e1logo informado entre todos los actores.<\/p>\n\n\n\n<p class=\"wp-block-paragraph\">Las instituciones participantes reiteran su compromiso con la protecci\u00f3n del medio ambiente, el fortalecimiento del tejido social y el respeto al proceso t\u00e9cnico y comunitario que sustenta la toma de decisiones p\u00fablicas.<\/p>\n\n\n\n<p class=\"wp-block-paragraph\">En este sentido, el Estado a trav\u00e9s del Ministerio de Medio Ambiente y Recursos Naturales reafirma que la preservaci\u00f3n de los ecosistemas constituye un eje transversal e irrenunciable para la realizaci\u00f3n de cualquier obra, priorizando la sostenibilidad, la legalidad y la armon\u00eda territorial en cada intervenci\u00f3n.<\/p>\n\n\n\n<p class=\"wp-block-paragraph\">Este tipo de ejercicios articulados refleja una naci\u00f3n que defiende su patrimonio natural, escucha activamente a sus comunidades y apuesta por decisiones p\u00fablicas leg\u00edtimas, sostenibles y profundamente vinculadas al bienestar colectivo y al futuro ambiental de la Rep\u00fablica Dominicana.<\/p>\n\n\n\n<p class=\"wp-block-paragraph\">Listado de Participantes:<\/p>\n\n\n\n<ul class=\"wp-block-list\">\n<li>Ministerio de Medio Ambiente<\/li>\n\n\n\n<li>Ing. Davis Aracena, Viceministro de Suelos y Aguas<\/li>\n\n\n\n<li>Sr. Miguel \u00c1ngel \u201cMaito\u201d Sabala, Director Provincial de Montecristi<\/li>\n\n\n\n<li>Sr. Jos\u00e9 Garc\u00eda, Asesor del Ministro<\/li>\n\n\n\n<li>Procuradur\u00eda Especializada de Medio Ambiente<\/li>\n\n\n\n<li>Magistrado Francisco Contreras, Titular Nacional<\/li>\n\n\n\n<li>Magistrada Martha Bret\u00f3n, Titular en Montecristi<\/li>\n\n\n\n<li>Servicio Nacional de Protecci\u00f3n Ambiental (SENPA)<\/li>\n\n\n\n<li>General de Brigada \u00c1ngel Alfredo Camacho Ubiera, ERD, Director General<\/li>\n\n\n\n<li>Coronel Parac Ger\u00f3nimo Jim\u00e9nez Villafa\u00f1a, FARD, Subdirector Provincial<\/li>\n\n\n\n<li>Instituto Nacional de Recursos Hidr\u00e1ulicos (INDRHI)<\/li>\n\n\n\n<li>Ing. Juan Carlos Nova<\/li>\n\n\n\n<li>Comisi\u00f3n de Medio Ambiente de la UASD<\/li>\n\n\n\n<li>Profesor Luis Carvajal<\/li>\n\n\n\n<li>Coalici\u00f3n de Ambientalistas Independientes<\/li>\n\n\n\n<li>Sr. Nelson Pimentel<\/li>\n<\/ul>\n","protected":false},"excerpt":{"rendered":"<p>Autoridades del Ministerio de Medio Ambiente y Recursos Naturales, la Procuradur\u00eda Especializada para la Defensa del Medio Ambiente y los Recursos Naturales, el Servicio Nacional de Protecci\u00f3n Ambiental (SENPA), el&hellip;<\/p>\n","protected":false},"author":10,"featured_media":105493,"comment_status":"open","ping_status":"open","sticky":false,"template":"","format":"standard","meta":{"content-type":"","_jetpack_newsletter_access":"","_jetpack_dont_email_post_to_subs":false,"_jetpack_newsletter_tier_id":0,"_jetpack_memberships_contains_paywalled_content":false,"_jetpack_feature_clip_id":0,"_jetpack_memberships_contains_paid_content":false,"footnotes":"","jetpack_post_was_ever_published":false},"categories":[35],"tags":[22679,2022,1686,22678],"class_list":["post-105492","post","type-post","status-publish","format-standard","has-post-thumbnail","hentry","category-nacionales","tag-escuchando-y-protegiendo-su-territorio","tag-montecristi","tag-supervision","tag-un-estado-presente"],"jetpack-related-posts":[{"id":65341,"url":"https:\/\/lasprimeras.com.do\/index.php\/2023\/10\/27\/medio-ambiente-mejorara-centros-de-vigilancia-en-areas-protegidas-de-puerto-plata-y-montecristi\/","url_meta":{"origin":105492,"position":0},"title":"Medio Ambiente mejorar\u00e1 centros de vigilancia en \u00e1reas protegidas de Puerto Plata y Montecristi","author":"Nelson Feliz","date":"27 de octubre de 2023","format":false,"excerpt":"El Viceministerio de \u00c1reas Protegidas inici\u00f3 el remozamiento de los espacios destinados a guardaparques en Estero Hondo y Laguna Cabarete y Goleta. El Ministerio de Medio Ambiente y Recursos Naturales (MMARN) inici\u00f3, con la cooperaci\u00f3n de la Fundaci\u00f3n Rosaida Gonz\u00e1lez, los trabajos para restaurar los centros de control y vigilancia\u2026","rel":"","context":"En \u00abNACIONALES\u00bb","block_context":{"text":"NACIONALES","link":"https:\/\/lasprimeras.com.do\/index.php\/category\/nacionales\/"},"img":{"alt_text":"Medio Ambiente","src":"https:\/\/i0.wp.com\/lasprimeras.com.do\/wp-content\/uploads\/2023\/10\/Medio-Ambiente-mejorara-centros-de-vigilancia-en-areas-protegidas-de-Puerto-Plata-y-Montecristi-2.jpg?resize=350%2C200&ssl=1","width":350,"height":200,"srcset":"https:\/\/i0.wp.com\/lasprimeras.com.do\/wp-content\/uploads\/2023\/10\/Medio-Ambiente-mejorara-centros-de-vigilancia-en-areas-protegidas-de-Puerto-Plata-y-Montecristi-2.jpg?resize=350%2C200&ssl=1 1x, https:\/\/i0.wp.com\/lasprimeras.com.do\/wp-content\/uploads\/2023\/10\/Medio-Ambiente-mejorara-centros-de-vigilancia-en-areas-protegidas-de-Puerto-Plata-y-Montecristi-2.jpg?resize=525%2C300&ssl=1 1.5x, https:\/\/i0.wp.com\/lasprimeras.com.do\/wp-content\/uploads\/2023\/10\/Medio-Ambiente-mejorara-centros-de-vigilancia-en-areas-protegidas-de-Puerto-Plata-y-Montecristi-2.jpg?resize=700%2C400&ssl=1 2x"},"classes":[]},{"id":84740,"url":"https:\/\/lasprimeras.com.do\/index.php\/2024\/06\/14\/poder-ejecutivo-no-respondera-ante-desmonte-ilegal-en-la-costa-de-buen-hombre\/","url_meta":{"origin":105492,"position":1},"title":"Poder Ejecutivo no responder\u00e1 ante desmonte ilegal en la costa de Buen Hombre","author":"Nelson Feliz","date":"14 de junio de 2024","format":false,"excerpt":"Instruye a responder de manera en\u00e9rgica ante desmonte ilegal de un \u00e1rea de bosque seco en Buen Hombre, Montecristi. El presidente de la Rep\u00fablica, Luis Abinader, dispuso que el Ministerio de Medio Ambiente y Recursos Naturales interpusiese en lo inmediato las acciones legales correspondientes para sancionar a los responsables por\u2026","rel":"","context":"En \u00abNACIONALES\u00bb","block_context":{"text":"NACIONALES","link":"https:\/\/lasprimeras.com.do\/index.php\/category\/nacionales\/"},"img":{"alt_text":"costa de Buen Hombre, en Villa V\u00e1squez, Montecristi","src":"https:\/\/i0.wp.com\/lasprimeras.com.do\/wp-content\/uploads\/2024\/06\/Costa-de-Buen-Hombre-en-Villa-Vasquez-Montecristi.jpg?resize=350%2C200&ssl=1","width":350,"height":200,"srcset":"https:\/\/i0.wp.com\/lasprimeras.com.do\/wp-content\/uploads\/2024\/06\/Costa-de-Buen-Hombre-en-Villa-Vasquez-Montecristi.jpg?resize=350%2C200&ssl=1 1x, https:\/\/i0.wp.com\/lasprimeras.com.do\/wp-content\/uploads\/2024\/06\/Costa-de-Buen-Hombre-en-Villa-Vasquez-Montecristi.jpg?resize=525%2C300&ssl=1 1.5x, https:\/\/i0.wp.com\/lasprimeras.com.do\/wp-content\/uploads\/2024\/06\/Costa-de-Buen-Hombre-en-Villa-Vasquez-Montecristi.jpg?resize=700%2C400&ssl=1 2x, https:\/\/i0.wp.com\/lasprimeras.com.do\/wp-content\/uploads\/2024\/06\/Costa-de-Buen-Hombre-en-Villa-Vasquez-Montecristi.jpg?resize=1050%2C600&ssl=1 3x"},"classes":[]},{"id":75657,"url":"https:\/\/lasprimeras.com.do\/index.php\/2024\/02\/03\/realizan-plantacion-de-mangles-en-bani-y-montecristi\/","url_meta":{"origin":105492,"position":2},"title":"Realizan plantaci\u00f3n de mangles en Ban\u00ed y Montecristi","author":"BIMARY DE JES\u00daS Matos","date":"3 de febrero de 2024","format":false,"excerpt":"Bani.-El Ministerio de Medio Ambiente y Recursos Naturales (MMARN) conmemor\u00f3 hoy el D\u00eda Mundial de la Conservaci\u00f3n de los Humedales con la plantaci\u00f3n de mangles en las salinas de Ban\u00ed y Montecristi. Estudiantes del Mindful Community School y miembros de la Fundaci\u00f3n Arco\u00edris hicieron la plantaci\u00f3n de 2,350 \u00e1rboles de\u2026","rel":"","context":"En \u00abNACIONALES\u00bb","block_context":{"text":"NACIONALES","link":"https:\/\/lasprimeras.com.do\/index.php\/category\/nacionales\/"},"img":{"alt_text":"","src":"https:\/\/i0.wp.com\/lasprimeras.com.do\/wp-content\/uploads\/2024\/02\/CANDIDATO-A-REGIDOR-Justicia-Social-JOSUE-MENDEZ-APOYARA-A-DIO-ASTACIO-DEL-PRM-10.webp?resize=350%2C200&ssl=1","width":350,"height":200,"srcset":"https:\/\/i0.wp.com\/lasprimeras.com.do\/wp-content\/uploads\/2024\/02\/CANDIDATO-A-REGIDOR-Justicia-Social-JOSUE-MENDEZ-APOYARA-A-DIO-ASTACIO-DEL-PRM-10.webp?resize=350%2C200&ssl=1 1x, https:\/\/i0.wp.com\/lasprimeras.com.do\/wp-content\/uploads\/2024\/02\/CANDIDATO-A-REGIDOR-Justicia-Social-JOSUE-MENDEZ-APOYARA-A-DIO-ASTACIO-DEL-PRM-10.webp?resize=525%2C300&ssl=1 1.5x, https:\/\/i0.wp.com\/lasprimeras.com.do\/wp-content\/uploads\/2024\/02\/CANDIDATO-A-REGIDOR-Justicia-Social-JOSUE-MENDEZ-APOYARA-A-DIO-ASTACIO-DEL-PRM-10.webp?resize=700%2C400&ssl=1 2x, https:\/\/i0.wp.com\/lasprimeras.com.do\/wp-content\/uploads\/2024\/02\/CANDIDATO-A-REGIDOR-Justicia-Social-JOSUE-MENDEZ-APOYARA-A-DIO-ASTACIO-DEL-PRM-10.webp?resize=1050%2C600&ssl=1 3x"},"classes":[]},{"id":136768,"url":"https:\/\/lasprimeras.com.do\/index.php\/2026\/08\/07\/senpa-fortalece-la-vigilancia-ambiental-en-todo-el-pais\/","url_meta":{"origin":105492,"position":3},"title":"SENPA fortalece la vigilancia ambiental en todo el pa\u00eds","author":"Nelson Feliz","date":"7 de agosto de 2026","format":false,"excerpt":"La instituci\u00f3n consolida el mayor per\u00edodo de crecimiento de su historia, ampliando su capacidad para proteger el patrimonio natural y hacer cumplir la legislaci\u00f3n ambiental en todo el territorio nacional SANTO DOMINGO, RD. \u2013 En apenas siete meses de 2026, el Servicio Nacional de Protecci\u00f3n Ambiental (SENPA) ya super\u00f3 los\u2026","rel":"","context":"En \u00abMEDIO AMBIENTE\u00bb","block_context":{"text":"MEDIO AMBIENTE","link":"https:\/\/lasprimeras.com.do\/index.php\/category\/medio-ambiente\/"},"img":{"alt_text":"","src":"https:\/\/i0.wp.com\/lasprimeras.com.do\/wp-content\/uploads\/2026\/08\/SENPA-1.jpg?resize=350%2C200&ssl=1","width":350,"height":200,"srcset":"https:\/\/i0.wp.com\/lasprimeras.com.do\/wp-content\/uploads\/2026\/08\/SENPA-1.jpg?resize=350%2C200&ssl=1 1x, https:\/\/i0.wp.com\/lasprimeras.com.do\/wp-content\/uploads\/2026\/08\/SENPA-1.jpg?resize=525%2C300&ssl=1 1.5x, https:\/\/i0.wp.com\/lasprimeras.com.do\/wp-content\/uploads\/2026\/08\/SENPA-1.jpg?resize=700%2C400&ssl=1 2x"},"classes":[]},{"id":90147,"url":"https:\/\/lasprimeras.com.do\/index.php\/2024\/10\/14\/ambientalistas-advierten-proyectos-mineros-como-en-el-cachon-requieren-el-permiso-social\/","url_meta":{"origin":105492,"position":4},"title":"Ambientalistas advierten proyectos mineros como en El Cach\u00f3n requieren el permiso social","author":"Nelson Feliz","date":"14 de octubre de 2024","format":false,"excerpt":"Varios expertos ambientalistas aseguraron que para la realizaci\u00f3n de cualquier proyecto minero en Rep\u00fablica Dominicana como el caso de la grancera en el distrito municipal de El Cach\u00f3n, provincia Barahona, se requiere del permiso social ambiental, que es el que otorga la comunidad y que est\u00e1 contemplado en la ley.\u2026","rel":"","context":"En \u00abNACIONALES\u00bb","block_context":{"text":"NACIONALES","link":"https:\/\/lasprimeras.com.do\/index.php\/category\/nacionales\/"},"img":{"alt_text":"Luis Carvajal","src":"https:\/\/i0.wp.com\/lasprimeras.com.do\/wp-content\/uploads\/2024\/10\/Luis-Carvajal.jpg?resize=350%2C200&ssl=1","width":350,"height":200,"srcset":"https:\/\/i0.wp.com\/lasprimeras.com.do\/wp-content\/uploads\/2024\/10\/Luis-Carvajal.jpg?resize=350%2C200&ssl=1 1x, https:\/\/i0.wp.com\/lasprimeras.com.do\/wp-content\/uploads\/2024\/10\/Luis-Carvajal.jpg?resize=525%2C300&ssl=1 1.5x, https:\/\/i0.wp.com\/lasprimeras.com.do\/wp-content\/uploads\/2024\/10\/Luis-Carvajal.jpg?resize=700%2C400&ssl=1 2x"},"classes":[]},{"id":49052,"url":"https:\/\/lasprimeras.com.do\/index.php\/2023\/05\/07\/ceara-hatton-supervisa-labores-de-vigilancia-del-parque-nacional-sierra-de-bahoruco\/","url_meta":{"origin":105492,"position":5},"title":"Ceara Hatton supervisa labores de vigilancia del Parque Nacional Sierra de Bahoruco\u00a0","author":"prenxa100","date":"7 de mayo de 2023","format":false,"excerpt":"Pondera el trabajo de los guardaparques y\u00a0los esfuerzos de su gesti\u00f3n por mejorar sus condiciones laborales\u00a0 Pedernales (RD). -\u00a0El ministro de Medio Ambiente y Recursos Naturales (MMARN), Miguel Ceara Hatton, realiz\u00f3 un extenso recorrido de supervisi\u00f3n de los caminos y la infraestructura de vigilancia del Parque Nacional Sierra de Bahoruco,\u2026","rel":"","context":"En \u00abNACIONALES\u00bb","block_context":{"text":"NACIONALES","link":"https:\/\/lasprimeras.com.do\/index.php\/category\/nacionales\/"},"img":{"alt_text":"","src":"","width":0,"height":0},"classes":[]}],"jetpack_sharing_enabled":true,"jetpack_featured_media_url":"https:\/\/lasprimeras.com.do\/wp-content\/uploads\/2025\/08\/Ministerio-de-Medio-Ambiente-1.jpg","_links":{"self":[{"href":"https:\/\/lasprimeras.com.do\/index.php\/wp-json\/wp\/v2\/posts\/105492","targetHints":{"allow":["GET"]}}],"collection":[{"href":"https:\/\/lasprimeras.com.do\/index.php\/wp-json\/wp\/v2\/posts"}],"about":[{"href":"https:\/\/lasprimeras.com.do\/index.php\/wp-json\/wp\/v2\/types\/post"}],"author":[{"embeddable":true,"href":"https:\/\/lasprimeras.com.do\/index.php\/wp-json\/wp\/v2\/users\/10"}],"replies":[{"embeddable":true,"href":"https:\/\/lasprimeras.com.do\/index.php\/wp-json\/wp\/v2\/comments?post=105492"}],"version-history":[{"count":1,"href":"https:\/\/lasprimeras.com.do\/index.php\/wp-json\/wp\/v2\/posts\/105492\/revisions"}],"predecessor-version":[{"id":105494,"href":"https:\/\/lasprimeras.com.do\/index.php\/wp-json\/wp\/v2\/posts\/105492\/revisions\/105494"}],"wp:featuredmedia":[{"embeddable":true,"href":"https:\/\/lasprimeras.com.do\/index.php\/wp-json\/wp\/v2\/media\/105493"}],"wp:attachment":[{"href":"https:\/\/lasprimeras.com.do\/index.php\/wp-json\/wp\/v2\/media?parent=105492"}],"wp:term":[{"taxonomy":"category","embeddable":true,"href":"https:\/\/lasprimeras.com.do\/index.php\/wp-json\/wp\/v2\/categories?post=105492"},{"taxonomy":"post_tag","embeddable":true,"href":"https:\/\/lasprimeras.com.do\/index.php\/wp-json\/wp\/v2\/tags?post=105492"}],"curies":[{"name":"wp","href":"https:\/\/api.w.org\/{rel}","templated":true}]}}