{"id":105525,"date":"2025-08-04T19:04:25","date_gmt":"2025-08-04T23:04:25","guid":{"rendered":"https:\/\/lasprimeras.com.do\/?p=105525"},"modified":"2025-08-04T19:04:27","modified_gmt":"2025-08-04T23:04:27","slug":"candidato-del-codia-de-la-regional-suroeste-llama-votar-en-proximas-elecciones","status":"publish","type":"post","link":"https:\/\/lasprimeras.com.do\/index.php\/2025\/08\/04\/candidato-del-codia-de-la-regional-suroeste-llama-votar-en-proximas-elecciones\/","title":{"rendered":"Candidato del CODIA de la Regional Suroeste llama votar en pr\u00f3ximas elecciones"},"content":{"rendered":"\n<p class=\"wp-block-paragraph\">La Regional Suroeste del Colegio Dominicano de Ingenieros, Arquitectos y Agrimensores (CODIA), celebrar\u00e1 elecciones para elegir nuevas autoridades este mi\u00e9rcoles.<\/p>\n\n\n\n<p class=\"wp-block-paragraph\">El candidato a la secretaria general ingeniero Raul Smith (Papo), llam\u00f3 a votar por la plancha n\u00famero uno bautizada como \u201cIdentidad Codiana\u201d, afirm\u00f3 que las perspectivas son promisorias para obtener el triunfo en los comicios de la Regional Suroeste del CODIA.<\/p>\n\n\n\n<p class=\"wp-block-paragraph\">\u201cCuento con el apoyo de todos los que inciden en el gremio, por tanto, llamo a los codianos acudir masivamente este mi\u00e9rcoles y ejercer el derecho al sufragio para fortalecer y consolidar a nuestra instituci\u00f3n\u201d, precis\u00f3 Smith.<\/p>\n\n\n\n<p class=\"wp-block-paragraph\">\u201cEs importante ejercer el derecho al voto para garantizar la unidad alrededor de los principios, objetivos y filosof\u00eda del CODIA, para como trabajar por el crecimiento de la sociedad y el bienestar social de los codianos\u201d, subray\u00f3<\/p>\n\n\n\n<p class=\"wp-block-paragraph\">\u201cVislumbramos unas elecciones internas exitosas este 6 de agosto, porque nuestra organizaci\u00f3n ha sido unida, abierta, solidaria y sobre todo democr\u00e1tica\u201d\u2019, puntualiz\u00f3.<\/p>\n","protected":false},"excerpt":{"rendered":"<p>La Regional Suroeste del Colegio Dominicano de Ingenieros, Arquitectos y Agrimensores (CODIA), celebrar\u00e1 elecciones para elegir nuevas autoridades este mi\u00e9rcoles. El candidato a la secretaria general ingeniero Raul Smith (Papo),&hellip;<\/p>\n","protected":false},"author":10,"featured_media":105526,"comment_status":"open","ping_status":"open","sticky":false,"template":"","format":"standard","meta":{"content-type":"","_jetpack_newsletter_access":"","_jetpack_dont_email_post_to_subs":false,"_jetpack_newsletter_tier_id":0,"_jetpack_memberships_contains_paywalled_content":false,"_jetpack_feature_clip_id":0,"_jetpack_memberships_contains_paid_content":false,"footnotes":"","jetpack_post_was_ever_published":false},"categories":[35],"tags":[4060],"class_list":["post-105525","post","type-post","status-publish","format-standard","has-post-thumbnail","hentry","category-nacionales","tag-codia"],"jetpack-related-posts":[{"id":135207,"url":"https:\/\/lasprimeras.com.do\/index.php\/2026\/07\/21\/denuncian-pasividad-e-indiferencia-de-los-directivos-del-codia\/","url_meta":{"origin":105525,"position":0},"title":"Denuncian pasividad e indiferencia de los directivos del CODIA","author":"Nelson Feliz","date":"21 de julio de 2026","format":false,"excerpt":"Profesionales de la ingenier\u00eda del PLD se preparan para recuperar regionales del CODIA ante indiferencia de los actuales directivos con sus colegiados. Santo Domingo = La corriente Dignidad Gremial Codiana, ap\u00e9ndice de la Secretar\u00eda de Asuntos Gremiales y Profesionales del Partido de la Liberaci\u00f3n Dominicana (PLD), lament\u00f3 la indiferencia de\u2026","rel":"","context":"En \u00abPOLITICA\u00bb","block_context":{"text":"POLITICA","link":"https:\/\/lasprimeras.com.do\/index.php\/category\/politica\/"},"img":{"alt_text":"","src":"https:\/\/i0.wp.com\/lasprimeras.com.do\/wp-content\/uploads\/2026\/07\/970d477b-406f-46cb-af1a-88b9dd069a3d.jpg?resize=350%2C200&ssl=1","width":350,"height":200,"srcset":"https:\/\/i0.wp.com\/lasprimeras.com.do\/wp-content\/uploads\/2026\/07\/970d477b-406f-46cb-af1a-88b9dd069a3d.jpg?resize=350%2C200&ssl=1 1x, https:\/\/i0.wp.com\/lasprimeras.com.do\/wp-content\/uploads\/2026\/07\/970d477b-406f-46cb-af1a-88b9dd069a3d.jpg?resize=525%2C300&ssl=1 1.5x, https:\/\/i0.wp.com\/lasprimeras.com.do\/wp-content\/uploads\/2026\/07\/970d477b-406f-46cb-af1a-88b9dd069a3d.jpg?resize=700%2C400&ssl=1 2x, https:\/\/i0.wp.com\/lasprimeras.com.do\/wp-content\/uploads\/2026\/07\/970d477b-406f-46cb-af1a-88b9dd069a3d.jpg?resize=1050%2C600&ssl=1 3x, https:\/\/i0.wp.com\/lasprimeras.com.do\/wp-content\/uploads\/2026\/07\/970d477b-406f-46cb-af1a-88b9dd069a3d.jpg?resize=1400%2C800&ssl=1 4x"},"classes":[]},{"id":101638,"url":"https:\/\/lasprimeras.com.do\/index.php\/2025\/06\/24\/pld-denuncia-indiferencia-directiva-del-codia-con-sus-colegiados\/","url_meta":{"origin":105525,"position":1},"title":"PLD denuncia indiferencia directiva del CODIA con sus colegiados","author":"Nelson Feliz","date":"24 de junio de 2025","format":false,"excerpt":"El titular de la Secretar\u00eda de Asuntos Gremiales y Profesionales (SAGP) del Partido de la Liberaci\u00f3n Dominicana (PLD), Francisco Mosquea, reiter\u00f3 sus cr\u00edticas a la pasividad con las que los directivos del Colegi\u00f3 de Ingenieros, Arquitectos y Agrimensores (CODIA) se manejan, que incluye la indiferencia hacia los colegiados del tradicional\u2026","rel":"","context":"En \u00abPOLITICA\u00bb","block_context":{"text":"POLITICA","link":"https:\/\/lasprimeras.com.do\/index.php\/category\/politica\/"},"img":{"alt_text":"Francisco Mosquea","src":"https:\/\/i0.wp.com\/lasprimeras.com.do\/wp-content\/uploads\/2025\/06\/Francisco-Mosquea.jpg?resize=350%2C200&ssl=1","width":350,"height":200,"srcset":"https:\/\/i0.wp.com\/lasprimeras.com.do\/wp-content\/uploads\/2025\/06\/Francisco-Mosquea.jpg?resize=350%2C200&ssl=1 1x, https:\/\/i0.wp.com\/lasprimeras.com.do\/wp-content\/uploads\/2025\/06\/Francisco-Mosquea.jpg?resize=525%2C300&ssl=1 1.5x, https:\/\/i0.wp.com\/lasprimeras.com.do\/wp-content\/uploads\/2025\/06\/Francisco-Mosquea.jpg?resize=700%2C400&ssl=1 2x"},"classes":[]},{"id":109520,"url":"https:\/\/lasprimeras.com.do\/index.php\/2025\/09\/18\/leonel-juramenta-a-roberto-duran-y-a-un-grupo-de-ingenieros-y-profesionales-de-santiago\/","url_meta":{"origin":105525,"position":2},"title":"Leonel  juramenta a Roberto Dur\u00e1n y a un grupo de ingenieros y profesionales de Santiago","author":"Nelson Feliz","date":"18 de septiembre de 2025","format":false,"excerpt":"El presidente de la Fuerza del Pueblo (FP), Leonel Fern\u00e1ndez, jurament\u00f3 al ingeniero civil Roberto Dur\u00e1n junto a un equipo de destacados profesionales y dirigentes gremiales de Santiago, provenientes del Partido de la Liberaci\u00f3n Dominicana (PLD). Dur\u00e1n, es un destacado ingeniero gremialista, expresidente en varias ocasiones de la Regional Norte\u2026","rel":"","context":"En \u00abPOLITICA\u00bb","block_context":{"text":"POLITICA","link":"https:\/\/lasprimeras.com.do\/index.php\/category\/politica\/"},"img":{"alt_text":"","src":"https:\/\/i0.wp.com\/lasprimeras.com.do\/wp-content\/uploads\/2025\/09\/leonel.jpg?resize=350%2C200&ssl=1","width":350,"height":200,"srcset":"https:\/\/i0.wp.com\/lasprimeras.com.do\/wp-content\/uploads\/2025\/09\/leonel.jpg?resize=350%2C200&ssl=1 1x, https:\/\/i0.wp.com\/lasprimeras.com.do\/wp-content\/uploads\/2025\/09\/leonel.jpg?resize=525%2C300&ssl=1 1.5x, https:\/\/i0.wp.com\/lasprimeras.com.do\/wp-content\/uploads\/2025\/09\/leonel.jpg?resize=700%2C400&ssl=1 2x"},"classes":[]},{"id":56302,"url":"https:\/\/lasprimeras.com.do\/index.php\/2023\/07\/30\/se-dividen-las-fuerzas-del-prm-con-miras-a-las-elecciones-para-elegir-directiva-del-codia\/","url_meta":{"origin":105525,"position":3},"title":"Se dividen las fuerzas del PRM con miras a las elecciones para elegir directiva del CODIA","author":"Nelson Feliz","date":"30 de julio de 2023","format":false,"excerpt":"Un conflicto a lo interno del sector que representa al gobernante Partido Revolucionario Moderno en el Colegio Dominicano de Ingenieros, Arquitectos y Agrimensores -codia- dividi\u00f3 las fuerzas de esta organizaci\u00f3n con miras a las elecciones para elegir a la direcci\u00f3n del gremio el pr\u00f3ximo viernes\u00a0cuatro. La divisi\u00f3n es producto de\u2026","rel":"","context":"En \u00abNACIONALES\u00bb","block_context":{"text":"NACIONALES","link":"https:\/\/lasprimeras.com.do\/index.php\/category\/nacionales\/"},"img":{"alt_text":"Elecciones Codia","src":"https:\/\/i0.wp.com\/lasprimeras.com.do\/wp-content\/uploads\/2023\/07\/Elecciones-Codia.jpg?resize=350%2C200&ssl=1","width":350,"height":200,"srcset":"https:\/\/i0.wp.com\/lasprimeras.com.do\/wp-content\/uploads\/2023\/07\/Elecciones-Codia.jpg?resize=350%2C200&ssl=1 1x, https:\/\/i0.wp.com\/lasprimeras.com.do\/wp-content\/uploads\/2023\/07\/Elecciones-Codia.jpg?resize=525%2C300&ssl=1 1.5x, https:\/\/i0.wp.com\/lasprimeras.com.do\/wp-content\/uploads\/2023\/07\/Elecciones-Codia.jpg?resize=700%2C400&ssl=1 2x, https:\/\/i0.wp.com\/lasprimeras.com.do\/wp-content\/uploads\/2023\/07\/Elecciones-Codia.jpg?resize=1050%2C600&ssl=1 3x"},"classes":[]},{"id":136703,"url":"https:\/\/lasprimeras.com.do\/index.php\/2026\/08\/06\/carolina-gana-presidencia-nacional-del-codia-con-arquitecto-richardson\/","url_meta":{"origin":105525,"position":4},"title":"Carolina gana presidencia nacional del CODIA con arquitecto Richardson","author":"Nelson Feliz","date":"6 de agosto de 2026","format":false,"excerpt":"_\u2022Apoyo al arquitecto George Richardson consolida presencia de Carolina Mej\u00eda en el liderazgo profesional del CODIA_ Santo Domingo.- El respaldo de la aspirante presidencial, Carolina Mej\u00eda, al arquitecto George Richardson contribuy\u00f3 a que \u00e9ste encabezara la plancha de consenso que result\u00f3 electa para dirigir el Colegio Dominicano de Ingenieros, Arquitectos\u2026","rel":"","context":"En \u00abPOLITICA\u00bb","block_context":{"text":"POLITICA","link":"https:\/\/lasprimeras.com.do\/index.php\/category\/politica\/"},"img":{"alt_text":"Carolina Mejia","src":"https:\/\/i0.wp.com\/lasprimeras.com.do\/wp-content\/uploads\/2026\/05\/Carolina-Mejia-1-2.jpg?resize=350%2C200&ssl=1","width":350,"height":200,"srcset":"https:\/\/i0.wp.com\/lasprimeras.com.do\/wp-content\/uploads\/2026\/05\/Carolina-Mejia-1-2.jpg?resize=350%2C200&ssl=1 1x, https:\/\/i0.wp.com\/lasprimeras.com.do\/wp-content\/uploads\/2026\/05\/Carolina-Mejia-1-2.jpg?resize=525%2C300&ssl=1 1.5x, https:\/\/i0.wp.com\/lasprimeras.com.do\/wp-content\/uploads\/2026\/05\/Carolina-Mejia-1-2.jpg?resize=700%2C400&ssl=1 2x"},"classes":[]},{"id":85098,"url":"https:\/\/lasprimeras.com.do\/index.php\/2024\/06\/22\/prm-nueva-vez-tras-la-presidencia-del-codia-presenta-a-george-richardson\/","url_meta":{"origin":105525,"position":5},"title":"PRM nueva vez tras la presidencia del CODIA, presenta a George Richardson","author":"Nelson Feliz","date":"22 de junio de 2024","format":false,"excerpt":"En una concurrida actividad el Partido Revolucionario Moderno present\u00f3 la candidatura a la presidencia del CODIA del Arq. George Richardson, un experto urbanista con maestr\u00eda en esa \u00e1rea y director de Planeamiento Urbano de la Liga Municipal Dominicana. Las elecciones del Codia est\u00e1n fijadas para el mes de julio y\u2026","rel":"","context":"En \u00abNACIONALES\u00bb","block_context":{"text":"NACIONALES","link":"https:\/\/lasprimeras.com.do\/index.php\/category\/nacionales\/"},"img":{"alt_text":"George Richardson","src":"https:\/\/i0.wp.com\/lasprimeras.com.do\/wp-content\/uploads\/2024\/06\/George-Richardson.jpg?resize=350%2C200&ssl=1","width":350,"height":200,"srcset":"https:\/\/i0.wp.com\/lasprimeras.com.do\/wp-content\/uploads\/2024\/06\/George-Richardson.jpg?resize=350%2C200&ssl=1 1x, https:\/\/i0.wp.com\/lasprimeras.com.do\/wp-content\/uploads\/2024\/06\/George-Richardson.jpg?resize=525%2C300&ssl=1 1.5x, https:\/\/i0.wp.com\/lasprimeras.com.do\/wp-content\/uploads\/2024\/06\/George-Richardson.jpg?resize=700%2C400&ssl=1 2x"},"classes":[]}],"jetpack_sharing_enabled":true,"jetpack_featured_media_url":"https:\/\/lasprimeras.com.do\/wp-content\/uploads\/2025\/08\/WhatsApp-Image-2025-08-04-at-6.06.34-PM.jpeg","_links":{"self":[{"href":"https:\/\/lasprimeras.com.do\/index.php\/wp-json\/wp\/v2\/posts\/105525","targetHints":{"allow":["GET"]}}],"collection":[{"href":"https:\/\/lasprimeras.com.do\/index.php\/wp-json\/wp\/v2\/posts"}],"about":[{"href":"https:\/\/lasprimeras.com.do\/index.php\/wp-json\/wp\/v2\/types\/post"}],"author":[{"embeddable":true,"href":"https:\/\/lasprimeras.com.do\/index.php\/wp-json\/wp\/v2\/users\/10"}],"replies":[{"embeddable":true,"href":"https:\/\/lasprimeras.com.do\/index.php\/wp-json\/wp\/v2\/comments?post=105525"}],"version-history":[{"count":1,"href":"https:\/\/lasprimeras.com.do\/index.php\/wp-json\/wp\/v2\/posts\/105525\/revisions"}],"predecessor-version":[{"id":105527,"href":"https:\/\/lasprimeras.com.do\/index.php\/wp-json\/wp\/v2\/posts\/105525\/revisions\/105527"}],"wp:featuredmedia":[{"embeddable":true,"href":"https:\/\/lasprimeras.com.do\/index.php\/wp-json\/wp\/v2\/media\/105526"}],"wp:attachment":[{"href":"https:\/\/lasprimeras.com.do\/index.php\/wp-json\/wp\/v2\/media?parent=105525"}],"wp:term":[{"taxonomy":"category","embeddable":true,"href":"https:\/\/lasprimeras.com.do\/index.php\/wp-json\/wp\/v2\/categories?post=105525"},{"taxonomy":"post_tag","embeddable":true,"href":"https:\/\/lasprimeras.com.do\/index.php\/wp-json\/wp\/v2\/tags?post=105525"}],"curies":[{"name":"wp","href":"https:\/\/api.w.org\/{rel}","templated":true}]}}