{"id":105528,"date":"2025-08-04T19:09:54","date_gmt":"2025-08-04T23:09:54","guid":{"rendered":"https:\/\/lasprimeras.com.do\/?p=105528"},"modified":"2025-08-04T19:09:56","modified_gmt":"2025-08-04T23:09:56","slug":"abinader-informa-500-mil-estudiantes-y-atletas-se-han-beneficiado-con-mas-de-900-intervenciones-de-instalaciones-deportivas-en-el-pais","status":"publish","type":"post","link":"https:\/\/lasprimeras.com.do\/index.php\/2025\/08\/04\/abinader-informa-500-mil-estudiantes-y-atletas-se-han-beneficiado-con-mas-de-900-intervenciones-de-instalaciones-deportivas-en-el-pais\/","title":{"rendered":"Abinader informa 500 mil estudiantes y atletas se han beneficiado con m\u00e1s de 900 intervenciones de instalaciones deportivas en el pa\u00eds"},"content":{"rendered":"\n<p class=\"wp-block-paragraph\"><strong>Asimismo, el mandatario anunci\u00f3 que el Gobierno a trav\u00e9s del INEFI ha beneficiado un mill\u00f3n 500 mil estudiantes y atletas con la entrega de 113 mil art\u00edculos deportivos y que en los Programas de Atletas de Alto Rendimiento se han beneficiado m\u00e1s de 60,000 mil personas y 150 centros educativos han sido impactados<\/strong><\/p>\n\n\n\n<p class=\"wp-block-paragraph\">El presidente Luis Abinader al presentar este lunes los avances en revalorizaci\u00f3n de la educaci\u00f3n f\u00edsica escolar, inform\u00f3 que el Gobierno a trav\u00e9s del INEFI ha favorecido 500 mil estudiantes y atletas que se han beneficiado con m\u00e1s de 900 intervenciones de instalaciones deportivas a nivel nacional.<\/p>\n\n\n\n<p class=\"wp-block-paragraph\">El mandatario destac\u00f3 durante LA Semanal con la Prensa c\u00f3mo el el INEFI transforma el deporte escolar, fomentando valores, salud y disciplina con formaci\u00f3n docente, entrega de utiler\u00eda, infraestructuras dignas y alianzas que impulsan el talento desde las aulas.<\/p>\n\n\n\n<p class=\"wp-block-paragraph\">Entrega de utiler\u00eda deportiva<\/p>\n\n\n\n<p class=\"wp-block-paragraph\">Al detallar los trabajos del INEFI, el mandatario inform\u00f3 que 1 mill\u00f3n 500 mil estudiantes y atletas se han beneficiado con la entrega de 113 mil art\u00edculos deportivos.<br>Entre estos art\u00edculos figuran: balones para jugar baloncesto, f\u00fatbol y voleibol, pelotas, bates y guantes de b\u00e9isbol, tableros y piezas de ajedrez, raquetas y mallas para la pr\u00e1ctica de b\u00e1dminton, mesas, raquetas y pelotas de tenis de mesa (ping pong), entre otros.<\/p>\n\n\n\n<p class=\"wp-block-paragraph\">Atletas con el INEFI<\/p>\n\n\n\n<p class=\"wp-block-paragraph\">El jefe de Estado explic\u00f3 que, en el Programa de Orientaci\u00f3n con Atletas de Alto Rendimiento, m\u00e1s de 60,000 personas fueron beneficiadas y que se impact\u00f3 a 150 centros educativos a nivel nacional.<\/p>\n\n\n\n<p class=\"wp-block-paragraph\">\u201cTodo esto en disciplinas como el judo, karate, boxeo, b\u00e1dminton, baloncesto voleibol y tenis de mesa\u201d, sostuvo el jefe del Estado.<\/p>\n\n\n\n<p class=\"wp-block-paragraph\">Capacitaci\u00f3n continua a docentes<\/p>\n\n\n\n<p class=\"wp-block-paragraph\">En este aspecto se inform\u00f3 que se ofrece programas de formaci\u00f3n, talleres, congresos, concursos y seminarios que busca fortalecer las competencias pedag\u00f3gicas y t\u00e9cnicas del personal docente.<\/p>\n\n\n\n<p class=\"wp-block-paragraph\">Los contenidos abarcan metodolog\u00edas de ense\u00f1anza, nuevas tendencias deportivas, t\u00e9cnicas de entrenamiento, inclusi\u00f3n y manejo de grupos y asegura una educaci\u00f3n f\u00edsica de calidad en las escuelas.<\/p>\n\n\n\n<p class=\"wp-block-paragraph\">Eventos y reconocimientos<\/p>\n\n\n\n<p class=\"wp-block-paragraph\">Entre estos destacan, el VIII Congreso Latinoamericano de Gerencia Deportiva; la Medalla al M\u00e9rito Magisterial de Educaci\u00f3n F\u00edsica; el Congreso Latinoamericano de Gerencia Deportiva; el VII Congreso Internacional de Educaci\u00f3n F\u00edsica y Deportiva; el Concurso de Clases de Calidad de Educaci\u00f3n F\u00edsica; el Congreso Internacional de Ciencia y T\u00e9cnica de la Educaci\u00f3n F\u00edsica y el Deporte Escolar y la entrega de kit did\u00e1ctico para la docencia de educaci\u00f3n f\u00edsica.<\/p>\n\n\n\n<p class=\"wp-block-paragraph\">Atletas destacados que participan en el programa<\/p>\n\n\n\n<p class=\"wp-block-paragraph\">Marileidy Paulino, Mar\u00eda Garc\u00eda, Gina Mambr\u00fa, Yunior Alc\u00e1ntara, Cristian Pinales, Luisito Pie, Felix D\u00edaz y Blanca Iris Alejo. Asimismo, Eva Brito, Juana Arrendel, Jos\u00e9 Fortuna y Wander Mateo.<\/p>\n\n\n\n<p class=\"wp-block-paragraph\">INEFI con el barrio<\/p>\n\n\n\n<p class=\"wp-block-paragraph\">Se trata de una iniciativa que ha beneficiado a m\u00e1s de 40 mil j\u00f3venes atletas, promoviendo un estilo de vida saludable mediante el deporte, con competiciones y exhibiciones. A la vez, promueve el bienestar en todas las edades mediante operativos m\u00e9dicos que han impactado ya unas 7 mil familias.<\/p>\n\n\n\n<p class=\"wp-block-paragraph\">INEFI con el Barrio ha sido llevado a barrios como Las Ca\u00f1itas, La Yuca, Villas Agr\u00edcolas, Las Caobas, Cristo Rey, La Ci\u00e9nega, Mejoraniento Social, Sabana Perdida, Gualey, La Toronja y Los Tres Brazos.<\/p>\n\n\n\n<p class=\"wp-block-paragraph\">Remozamiento de instalaciones deportivas<\/p>\n\n\n\n<p class=\"wp-block-paragraph\">Implica la rehabilitaci\u00f3n, mejora y mantenimiento de canchas, pistas, play y otros espacios destinados a la pr\u00e1ctica de actividad f\u00edsica y deporte escolar, logrando, a la fecha, 919 intervenciones que benefician a 500 mil atletas y estudiantes.<\/p>\n\n\n\n<p class=\"wp-block-paragraph\">Polideportivos desde cero<\/p>\n\n\n\n<p class=\"wp-block-paragraph\">Otras instalaciones han sido completamente construidas en esta gesti\u00f3n de gobierno, ubicadas en Capotillo, D.N., El\u00edas Pi\u00f1a, Santiago de los Caballeros, San Pedro de Macor\u00eds y Monte Plata. En esta \u00faltima provincia ser\u00e1 entregado la pr\u00f3xima semana el polideportivo de la Escuela Morayma Veloz, en Bayaguana.<\/p>\n\n\n\n<p class=\"wp-block-paragraph\">En proceso de construcci\u00f3n se encuentran 8 polideportivos en distintas partes del pa\u00eds y se construye un nuevo estadio de b\u00e9isbol en Prados de la Ca\u00f1a, SDE.<\/p>\n\n\n\n<p class=\"wp-block-paragraph\">X Juegos Escolares Deportivos Nacionales<\/p>\n\n\n\n<p class=\"wp-block-paragraph\">Estos fueron celebrados en el a\u00f1o 2023 en Barahona y las subsedes de San Juan de la Maguana, Azua y Bahoruco, con la participaci\u00f3n de m\u00e1s de 3,500 atletas en 19 disciplinas, provenientes de 18 regionales. La inversi\u00f3n fue de RD$610 millones.<\/p>\n\n\n\n<p class=\"wp-block-paragraph\">XI Juegos Escolares Deportivos Nacionales San Francisco 2025<\/p>\n\n\n\n<p class=\"wp-block-paragraph\">Esta nueva versi\u00f3n tendr\u00e1 lugar en septiembre en las subsedes de Salcedo, La Vega y Nagua, incrementando la participaci\u00f3n de atletas a 4,600 y la inversi\u00f3n a RD$650 millones. Tambi\u00e9n aumentan a 22 las disciplinas, siendo estas: ajedrez, atletismo, baloncesto, baloncesto 3&#215;3, b\u00e9isbol, boxeo, f\u00fatbol, gimnasia, balonmano, judo, karate, taekwondo, tenis de mesa, f\u00fatbol sala, lucha, softbol, badminton, voleibol, tenis y halterofilia.<\/p>\n\n\n\n<p class=\"wp-block-paragraph\">Acuerdos institucionales firmados por INEFI<\/p>\n\n\n\n<p class=\"wp-block-paragraph\">Noviembre 2022 \u2013 julio 2025<\/p>\n\n\n\n<ol class=\"wp-block-list\">\n<li>Yankees de Nueva York (MLb)<\/li>\n\n\n\n<li>Dodgers de Los \u00c1ngeles (MLB)<\/li>\n\n\n\n<li>Major League Baseball<\/li>\n\n\n\n<li>Fundaci\u00f3n Salesiana Don Bosco<\/li>\n\n\n\n<li>Fundaci\u00f3n Cibao FC<\/li>\n\n\n\n<li>Ministerio de la Juventud<\/li>\n\n\n\n<li>Alcald\u00eda del Distrito Nacional<\/li>\n\n\n\n<li>Direcci\u00f3n Nacional de Control de Drogas (DNCD)<\/li>\n\n\n\n<li>Federaci\u00f3n Dominicana de Atletismo<\/li>\n\n\n\n<li>Federaci\u00f3n Dominicana de Karate (Fedokarate)<\/li>\n\n\n\n<li>Federaci\u00f3n Dominicana de Nataci\u00f3n (Fedona)<\/li>\n\n\n\n<li>Edesur<\/li>\n\n\n\n<li>Asociaci\u00f3n de Instituciones Educativas Privadas (AINEP)<\/li>\n<\/ol>\n\n\n\n<p class=\"wp-block-paragraph\">\u00bfQu\u00e9 es el INEFI?<\/p>\n\n\n\n<p class=\"wp-block-paragraph\">El Instituto Nacional de Educaci\u00f3n F\u00edsica (INEFI) es una instituci\u00f3n, cuya misi\u00f3n principal es planificar, promover y desarrollar la educaci\u00f3n f\u00edsica, el deporte escolar y la recreaci\u00f3n en el sistema educativo preuniversitario p\u00fablico y privado.<\/p>\n\n\n\n<p class=\"wp-block-paragraph\">Rol del INEFI<\/p>\n\n\n\n<p class=\"wp-block-paragraph\">Formaci\u00f3n integral de los estudiantes, esta fomenta el desarrollo f\u00edsico, emocional y social de los ni\u00f1os y j\u00f3venes en las escuelas.<\/p>\n\n\n\n<p class=\"wp-block-paragraph\">Capacitaci\u00f3n docente, ofrece formaci\u00f3n continua y acompa\u00f1amiento t\u00e9cnico a los profesores de educaci\u00f3n f\u00edsica.<\/p>\n\n\n\n<p class=\"wp-block-paragraph\">Infraestructura deportiva escolar, construye, remoza y equipa instalaciones deportivas en centros educativos p\u00fablicos.<\/p>\n\n\n\n<p class=\"wp-block-paragraph\">Organizaci\u00f3n de eventos escolares, organiza competencias y juegos escolares que fomentan valores ciudadanos como respeto, la disciplina, y el trabajo en equipo.<\/p>\n\n\n\n<p class=\"wp-block-paragraph\">Contribuci\u00f3n al desarrollo deportivo nacional, identifica y estimula talentos deportivos desde edades tempranas.<\/p>\n\n\n\n<p class=\"wp-block-paragraph\">Colaboraci\u00f3n interinstitucional, crea alianzas con entidades p\u00fablicas y privadas para fortalecer programas deportivos y educativos, nacionales e internacionales.<\/p>\n","protected":false},"excerpt":{"rendered":"<p>Asimismo, el mandatario anunci\u00f3 que el Gobierno a trav\u00e9s del INEFI ha beneficiado un mill\u00f3n 500 mil estudiantes y atletas con la entrega de 113 mil art\u00edculos deportivos y que&hellip;<\/p>\n","protected":false},"author":10,"featured_media":105529,"comment_status":"open","ping_status":"open","sticky":false,"template":"","format":"standard","meta":{"content-type":"","_jetpack_newsletter_access":"","_jetpack_dont_email_post_to_subs":false,"_jetpack_newsletter_tier_id":0,"_jetpack_memberships_contains_paywalled_content":false,"_jetpack_feature_clip_id":0,"_jetpack_memberships_contains_paid_content":false,"footnotes":"","jetpack_post_was_ever_published":false},"categories":[630,25],"tags":[22696,22698,22697,17362,67],"class_list":["post-105528","post","type-post","status-publish","format-standard","has-post-thumbnail","hentry","category-deportes","category-portada","tag-500-mil-estudiantes-y-atletas","tag-900-intervenciones","tag-beneficiado","tag-instalaciones-deportivas","tag-luis-abinader"],"jetpack-related-posts":[{"id":83221,"url":"https:\/\/lasprimeras.com.do\/index.php\/2024\/05\/13\/abinader-en-esta-gestion-de-gobierno-se-entregaron-mas-de-mil-instalaciones-deportivas\/","url_meta":{"origin":105528,"position":0},"title":"Abinader: en esta gesti\u00f3n de gobierno se entregaron m\u00e1s de mil instalaciones deportivas","author":"Nelson Feliz","date":"13 de mayo de 2024","format":false,"excerpt":"Indic\u00f3 tambi\u00e9n que se entregaron RD$ 235 millones al Comit\u00e9 Ol\u00edmpico Dominicano para los Juegos Ol\u00edmpicos de Par\u00eds 2024, incluyendo fondos para la reparaci\u00f3n, clasificaci\u00f3n y participaci\u00f3n de los atletas y se ha retornado la autonom\u00eda financiera a las Federaciones Deportivas Nacionales. El presidente Luis Abinader inform\u00f3 este lunes que\u2026","rel":"","context":"En \u00abPORTADA\u00bb","block_context":{"text":"PORTADA","link":"https:\/\/lasprimeras.com.do\/index.php\/category\/portada\/"},"img":{"alt_text":"Luis Abinader","src":"https:\/\/i0.wp.com\/lasprimeras.com.do\/wp-content\/uploads\/2024\/05\/Luis-Abinader-LS-1.jpg?resize=350%2C200&ssl=1","width":350,"height":200,"srcset":"https:\/\/i0.wp.com\/lasprimeras.com.do\/wp-content\/uploads\/2024\/05\/Luis-Abinader-LS-1.jpg?resize=350%2C200&ssl=1 1x, https:\/\/i0.wp.com\/lasprimeras.com.do\/wp-content\/uploads\/2024\/05\/Luis-Abinader-LS-1.jpg?resize=525%2C300&ssl=1 1.5x, https:\/\/i0.wp.com\/lasprimeras.com.do\/wp-content\/uploads\/2024\/05\/Luis-Abinader-LS-1.jpg?resize=700%2C400&ssl=1 2x"},"classes":[]},{"id":135627,"url":"https:\/\/lasprimeras.com.do\/index.php\/2026\/07\/25\/abinader-entrega-moderno-centro-de-iniciacion-deportiva-en-la-escuela-santo-domingo-savio\/","url_meta":{"origin":105528,"position":1},"title":"Abinader entrega moderno Centro de Iniciaci\u00f3n Deportiva en la Escuela Santo Domingo Savio","author":"Nelson Feliz","date":"25 de julio de 2026","format":false,"excerpt":"Director del INEFI, Alberto Rodr\u00edguez destaca transformaci\u00f3n hist\u00f3rica del deporte escolar y resalta que las escuelas son la cantera donde nacen los futuros campeones de Rep\u00fablica Dominicana Padre Ram\u00f3n Erinel Quezada agradece al presidente Abinader por hacer realidad un sue\u00f1o de la comunidad educativa y resalta que el nuevo Centro\u2026","rel":"","context":"En \u00abDEPORTES\u00bb","block_context":{"text":"DEPORTES","link":"https:\/\/lasprimeras.com.do\/index.php\/category\/deportes\/"},"img":{"alt_text":"","src":"https:\/\/i0.wp.com\/lasprimeras.com.do\/wp-content\/uploads\/2026\/07\/Luis-Abinader-1-1.jpg?resize=350%2C200&ssl=1","width":350,"height":200,"srcset":"https:\/\/i0.wp.com\/lasprimeras.com.do\/wp-content\/uploads\/2026\/07\/Luis-Abinader-1-1.jpg?resize=350%2C200&ssl=1 1x, https:\/\/i0.wp.com\/lasprimeras.com.do\/wp-content\/uploads\/2026\/07\/Luis-Abinader-1-1.jpg?resize=525%2C300&ssl=1 1.5x, https:\/\/i0.wp.com\/lasprimeras.com.do\/wp-content\/uploads\/2026\/07\/Luis-Abinader-1-1.jpg?resize=700%2C400&ssl=1 2x"},"classes":[]},{"id":134976,"url":"https:\/\/lasprimeras.com.do\/index.php\/2026\/07\/18\/presidente-abinader-entrega-remozado-el-club-deportivo-dante-lemoniel\/","url_meta":{"origin":105528,"position":2},"title":"Presidente Abinader entrega remozado el Club Deportivo Dante Lemoniel","author":"Nelson Feliz","date":"18 de julio de 2026","format":false,"excerpt":"El ministro Kelvin Cruz asegura que su gesti\u00f3n marcar\u00e1 un antes y un despu\u00e9s en el deporte Obra fortalecer\u00e1 la pr\u00e1ctica deportiva, contribuir\u00e1 a la prevenci\u00f3n de la delincuencia y fomentar\u00e1 la sana convivencia social Santo Domingo.\u2013 El presidente Luis Abinader entreg\u00f3 este s\u00e1bado el remozado Club Deportivo Dante Lemoniel,\u2026","rel":"","context":"En \u00abDEPORTES\u00bb","block_context":{"text":"DEPORTES","link":"https:\/\/lasprimeras.com.do\/index.php\/category\/deportes\/"},"img":{"alt_text":"Club Deportivo Dante Lemoniel","src":"https:\/\/i0.wp.com\/lasprimeras.com.do\/wp-content\/uploads\/2026\/07\/Club-Deportivo-Dante-Lemoniel-1-scaled.jpg?resize=350%2C200&ssl=1","width":350,"height":200,"srcset":"https:\/\/i0.wp.com\/lasprimeras.com.do\/wp-content\/uploads\/2026\/07\/Club-Deportivo-Dante-Lemoniel-1-scaled.jpg?resize=350%2C200&ssl=1 1x, https:\/\/i0.wp.com\/lasprimeras.com.do\/wp-content\/uploads\/2026\/07\/Club-Deportivo-Dante-Lemoniel-1-scaled.jpg?resize=525%2C300&ssl=1 1.5x, https:\/\/i0.wp.com\/lasprimeras.com.do\/wp-content\/uploads\/2026\/07\/Club-Deportivo-Dante-Lemoniel-1-scaled.jpg?resize=700%2C400&ssl=1 2x, https:\/\/i0.wp.com\/lasprimeras.com.do\/wp-content\/uploads\/2026\/07\/Club-Deportivo-Dante-Lemoniel-1-scaled.jpg?resize=1050%2C600&ssl=1 3x, https:\/\/i0.wp.com\/lasprimeras.com.do\/wp-content\/uploads\/2026\/07\/Club-Deportivo-Dante-Lemoniel-1-scaled.jpg?resize=1400%2C800&ssl=1 4x"},"classes":[]},{"id":135525,"url":"https:\/\/lasprimeras.com.do\/index.php\/2026\/07\/24\/atletas-de-los-juegos-escolares-del-inefi-van-a-los-centroamericanos-2026\/","url_meta":{"origin":105528,"position":3},"title":"Atletas de los Juegos Escolares del Inefi van a los Centroamericanos 2026","author":"Nelson Feliz","date":"24 de julio de 2026","format":false,"excerpt":"Santo Domingo.\u2013 Seis atletas formados en los Juegos Escolares Deportivos Nacionales, organizados por el Instituto Nacional de Educaci\u00f3n F\u00edsica (Inefi), representar\u00e1n a la Rep\u00fablica Dominicana en los XXV Juegos Centroamericanos y del Caribe Santo Domingo 2026, tras superar un proceso de selecci\u00f3n que incluy\u00f3 a 32 estudiantes-atletas surgidos del deporte\u2026","rel":"","context":"En \u00abDEPORTES\u00bb","block_context":{"text":"DEPORTES","link":"https:\/\/lasprimeras.com.do\/index.php\/category\/deportes\/"},"img":{"alt_text":"","src":"https:\/\/i0.wp.com\/lasprimeras.com.do\/wp-content\/uploads\/2026\/07\/INEFI.jpg?resize=350%2C200&ssl=1","width":350,"height":200,"srcset":"https:\/\/i0.wp.com\/lasprimeras.com.do\/wp-content\/uploads\/2026\/07\/INEFI.jpg?resize=350%2C200&ssl=1 1x, https:\/\/i0.wp.com\/lasprimeras.com.do\/wp-content\/uploads\/2026\/07\/INEFI.jpg?resize=525%2C300&ssl=1 1.5x, https:\/\/i0.wp.com\/lasprimeras.com.do\/wp-content\/uploads\/2026\/07\/INEFI.jpg?resize=700%2C400&ssl=1 2x"},"classes":[]},{"id":133223,"url":"https:\/\/lasprimeras.com.do\/index.php\/2026\/06\/11\/abinader-inaugura-techado-deportivo-escolar-en-el-municipio-de-cevicos\/","url_meta":{"origin":105528,"position":4},"title":"Abinader inaugura techado deportivo-escolar en el municipio de Cevicos","author":"Nelson Feliz","date":"11 de junio de 2026","format":false,"excerpt":"M\u00e1s tarde, el mandatario entregar\u00e1 otro techado en la Escuela Francisco Henr\u00edquez y Carvajal, en el municipio de Cotu\u00ed, que beneficiar\u00e1 a m\u00e1s de 900 estudiantes S\u00e1nchez Ram\u00edrez.\u2013 El presidente Luis Abinader dej\u00f3 inaugurado este jueves un techado deportivo-escolar en la Escuela Narciso Alberti, en el municipio de Cevicos, una\u2026","rel":"","context":"En \u00abNACIONALES\u00bb","block_context":{"text":"NACIONALES","link":"https:\/\/lasprimeras.com.do\/index.php\/category\/nacionales\/"},"img":{"alt_text":"","src":"https:\/\/i0.wp.com\/lasprimeras.com.do\/wp-content\/uploads\/2026\/06\/IMG-20260611-WA0449.jpg?resize=350%2C200&ssl=1","width":350,"height":200,"srcset":"https:\/\/i0.wp.com\/lasprimeras.com.do\/wp-content\/uploads\/2026\/06\/IMG-20260611-WA0449.jpg?resize=350%2C200&ssl=1 1x, https:\/\/i0.wp.com\/lasprimeras.com.do\/wp-content\/uploads\/2026\/06\/IMG-20260611-WA0449.jpg?resize=525%2C300&ssl=1 1.5x, https:\/\/i0.wp.com\/lasprimeras.com.do\/wp-content\/uploads\/2026\/06\/IMG-20260611-WA0449.jpg?resize=700%2C400&ssl=1 2x, https:\/\/i0.wp.com\/lasprimeras.com.do\/wp-content\/uploads\/2026\/06\/IMG-20260611-WA0449.jpg?resize=1050%2C600&ssl=1 3x"},"classes":[]},{"id":114640,"url":"https:\/\/lasprimeras.com.do\/index.php\/2025\/09\/15\/sns-e-inefi-garantizan-servicios-de-salud-durante-los-juegos-deportivos-escolares-nacionales-2025\/","url_meta":{"origin":105528,"position":5},"title":"SNS e INEFI garantizan servicios de salud durante los Juegos Deportivos Escolares Nacionales 2025","author":"Nelson Feliz","date":"15 de septiembre de 2025","format":false,"excerpt":"El Servicio Nacional de Salud (SNS) y el Instituto Nacional de Educaci\u00f3n F\u00edsica (INEFI) firmaron este lunes un convenio de colaboraci\u00f3n interinstitucional para garantizar la asistencia m\u00e9dica integral durante los Juegos Deportivos Escolares Nacionales 2025. El acuerdo fue rubricado por el doctor Mario Lama y el director ejecutivo del INEFI,\u2026","rel":"","context":"En \u00abDEPORTES\u00bb","block_context":{"text":"DEPORTES","link":"https:\/\/lasprimeras.com.do\/index.php\/category\/deportes\/"},"img":{"alt_text":"","src":"https:\/\/i0.wp.com\/lasprimeras.com.do\/wp-content\/uploads\/2025\/11\/SNS-e-INEFI.jpg?resize=350%2C200&ssl=1","width":350,"height":200,"srcset":"https:\/\/i0.wp.com\/lasprimeras.com.do\/wp-content\/uploads\/2025\/11\/SNS-e-INEFI.jpg?resize=350%2C200&ssl=1 1x, https:\/\/i0.wp.com\/lasprimeras.com.do\/wp-content\/uploads\/2025\/11\/SNS-e-INEFI.jpg?resize=525%2C300&ssl=1 1.5x, https:\/\/i0.wp.com\/lasprimeras.com.do\/wp-content\/uploads\/2025\/11\/SNS-e-INEFI.jpg?resize=700%2C400&ssl=1 2x"},"classes":[]}],"jetpack_sharing_enabled":true,"jetpack_featured_media_url":"https:\/\/lasprimeras.com.do\/wp-content\/uploads\/2025\/08\/inefi.jpg","_links":{"self":[{"href":"https:\/\/lasprimeras.com.do\/index.php\/wp-json\/wp\/v2\/posts\/105528","targetHints":{"allow":["GET"]}}],"collection":[{"href":"https:\/\/lasprimeras.com.do\/index.php\/wp-json\/wp\/v2\/posts"}],"about":[{"href":"https:\/\/lasprimeras.com.do\/index.php\/wp-json\/wp\/v2\/types\/post"}],"author":[{"embeddable":true,"href":"https:\/\/lasprimeras.com.do\/index.php\/wp-json\/wp\/v2\/users\/10"}],"replies":[{"embeddable":true,"href":"https:\/\/lasprimeras.com.do\/index.php\/wp-json\/wp\/v2\/comments?post=105528"}],"version-history":[{"count":1,"href":"https:\/\/lasprimeras.com.do\/index.php\/wp-json\/wp\/v2\/posts\/105528\/revisions"}],"predecessor-version":[{"id":105530,"href":"https:\/\/lasprimeras.com.do\/index.php\/wp-json\/wp\/v2\/posts\/105528\/revisions\/105530"}],"wp:featuredmedia":[{"embeddable":true,"href":"https:\/\/lasprimeras.com.do\/index.php\/wp-json\/wp\/v2\/media\/105529"}],"wp:attachment":[{"href":"https:\/\/lasprimeras.com.do\/index.php\/wp-json\/wp\/v2\/media?parent=105528"}],"wp:term":[{"taxonomy":"category","embeddable":true,"href":"https:\/\/lasprimeras.com.do\/index.php\/wp-json\/wp\/v2\/categories?post=105528"},{"taxonomy":"post_tag","embeddable":true,"href":"https:\/\/lasprimeras.com.do\/index.php\/wp-json\/wp\/v2\/tags?post=105528"}],"curies":[{"name":"wp","href":"https:\/\/api.w.org\/{rel}","templated":true}]}}