{"id":105566,"date":"2025-08-04T22:42:50","date_gmt":"2025-08-05T02:42:50","guid":{"rendered":"https:\/\/lasprimeras.com.do\/?p=105566"},"modified":"2025-08-04T22:42:52","modified_gmt":"2025-08-05T02:42:52","slug":"eps-suma-dos-nuevas-oficinas-en-santo-domingo-y-santiago","status":"publish","type":"post","link":"https:\/\/lasprimeras.com.do\/index.php\/2025\/08\/04\/eps-suma-dos-nuevas-oficinas-en-santo-domingo-y-santiago\/","title":{"rendered":"EPS suma dos nuevas oficinas en Santo Domingo y Santiago"},"content":{"rendered":"\n<p class=\"wp-block-paragraph\"><strong>Amplian su red log\u00edstica y fortaleciendo su modelo de franquicias.<\/strong><\/p>\n\n\n\n<p class=\"wp-block-paragraph\">En l\u00ednea con su plan de expansi\u00f3n y compromiso con el desarrollo de emprendedores locales, EPS anuncia la apertura de dos nuevas oficinas en Santo Domingo y Santiago alcanzando con estas un total de 102 localidades activas a nivel nacional.<\/p>\n\n\n\n<p class=\"wp-block-paragraph\">Estas aperturas refuerzan su liderazgo en el sector log\u00edstico nacional y consolidan la confianza de sus franquiciados en el crecimiento del modelo.<\/p>\n\n\n\n<p class=\"wp-block-paragraph\">La primera de estas nuevas oficinas, EPS Los Cacicazgos, ubicada en la Avenida R\u00f3mulo Betancourt # 557, esquina San Pio X, en el exclusivo sector Los Cacicazgos, Santo Domingo.<\/p>\n\n\n\n<p class=\"wp-block-paragraph\">Esta nueva localidad es la segunda oficina franquiciada de la Sra. Maricarmen Frontera, quien ya opera exitosamente otra sucursal de EPS en el sector Piantini y ahora ampl\u00eda su presencia con esta nueva apertura.<\/p>\n\n\n\n<p class=\"wp-block-paragraph\">De igual forma, en la ciudad coraz\u00f3n, fue inaugurada EPS Plaza Los \u00c1lamos, ubicada en la Calle Marginal, M\u00f3dulo 4, Plaza Los \u00c1lamos, en Santiago de los Caballeros.<br>Esta apertura representa la segunda franquicia de la Sra. Raquel Peguero, quien inici\u00f3 su trayectoria como colaboradora de EPS y m\u00e1s adelante abri\u00f3 su primera oficina en el sector Gurabo de la misma ciudad. Hoy, consolida su crecimiento empresarial al liderar con \u00e9xito dos oficinas bajo el respaldo de la marca.<\/p>\n\n\n\n<p class=\"wp-block-paragraph\">\u201cEl hecho de que dos de nuestras franquiciadas decidan expandirse con una segunda oficina es una clara se\u00f1al de que el modelo EPS funciona y genera valor. Nos enorgullece ver c\u00f3mo estas emprendedoras, que conocen profundamente nuestro servicio y filosof\u00eda, siguen apostando por el crecimiento con nosotros\u201d, afirm\u00f3 Larissa Savi\u00f1\u00f3n, gerente de Franquicias de EPS.<\/p>\n\n\n\n<p class=\"wp-block-paragraph\">Ambas nuevas oficinas ofrecen el portafolio completo de servicios log\u00edsticos de EPS: servicios de entrega nacional e internacional, transporte de carga a\u00e9rea y mar\u00edtima, servicios de trasporte de compras desde Estados Unidos hasta la Republica Dominicana en las modalidades de Priority o Economy entre otros muchos servicios, todo con atenci\u00f3n personalizada y horarios convenientes pensados para facilitar la experiencia del cliente.<\/p>\n\n\n\n<p class=\"wp-block-paragraph\">Como parte de su compromiso con la transparencia y la satisfacci\u00f3n del cliente, EPS ha revisado sus tarifas y eliminado el redondeo en todas sus oficinas, lo que se traduce en precios m\u00e1s competitivos.<\/p>\n\n\n\n<p class=\"wp-block-paragraph\">Adem\u00e1s, mantiene beneficios altamente valorados por sus usuarios, como el delivery gratuito y el servicio de retorno de mercanc\u00edas sin costo adicional, reafirmando as\u00ed su enfoque en brindar soluciones log\u00edsticas convenientes y accesibles.<\/p>\n\n\n\n<p class=\"wp-block-paragraph\">\u201cCon estas aperturas, EPS suma ya 102 oficinas activas en todo el pa\u00eds, reafirmando su liderazgo como la red log\u00edstica m\u00e1s extensa y cercana a los dominicanos. Este crecimiento continuo no solo fortalece la cobertura nacional, sino que tambi\u00e9n representa una oportunidad concreta de desarrollo para emprendedores locales que buscan establecer negocios s\u00f3lidos con el respaldo de una nuestra marca, ya muy reconocida en el pa\u00eds e internacionalmente\u201d, dijo Luis Antonio Menicucci, vicepresidente de Ventas y Mercadeo de EPS.<\/p>\n\n\n\n<p class=\"wp-block-paragraph\">EPS reafirma su compromiso de seguir creciendo junto a sus franquiciados, conectando sue\u00f1os, negocios y soluciones log\u00edsticas a trav\u00e9s de un servicio confiable, r\u00e1pido y seguro.<\/p>\n","protected":false},"excerpt":{"rendered":"<p>Amplian su red log\u00edstica y fortaleciendo su modelo de franquicias. En l\u00ednea con su plan de expansi\u00f3n y compromiso con el desarrollo de emprendedores locales, EPS anuncia la apertura de&hellip;<\/p>\n","protected":false},"author":10,"featured_media":105567,"comment_status":"open","ping_status":"open","sticky":false,"template":"","format":"standard","meta":{"content-type":"","_jetpack_newsletter_access":"","_jetpack_dont_email_post_to_subs":false,"_jetpack_newsletter_tier_id":0,"_jetpack_memberships_contains_paywalled_content":false,"_jetpack_feature_clip_id":0,"_jetpack_memberships_contains_paid_content":false,"footnotes":"","jetpack_post_was_ever_published":false},"categories":[35],"tags":[22726,22725,1049,806],"class_list":["post-105566","post","type-post","status-publish","format-standard","has-post-thumbnail","hentry","category-nacionales","tag-eps","tag-nuevas-oficinas","tag-santiago","tag-santo-domingo"],"jetpack-related-posts":[{"id":59910,"url":"https:\/\/lasprimeras.com.do\/index.php\/2023\/09\/08\/presidente-abinader-abre-punto-gob-en-santiago\/","url_meta":{"origin":105566,"position":0},"title":"Presidente Abinader abre Punto GOB en Santiago","author":"Nelson Feliz","date":"8 de septiembre de 2023","format":false,"excerpt":"El presidente de la Rep\u00fablica, Luis Abinader inaugurar\u00e1 este un nuevo Punto GOB, el cual beneficiar\u00e1 a m\u00e1s de un mill\u00f3n de habitantes de la zona norte del pa\u00eds. Este centro estar\u00e1 ubicado en la tienda La Sirena de la avenida Estrella Sadhal\u00e1, en Santiago. Este centro de servicios presenciales\u2026","rel":"","context":"En \u00abSin categor\u00eda\u00bb","block_context":{"text":"Sin categor\u00eda","link":"https:\/\/lasprimeras.com.do\/index.php\/category\/sin-categoria\/"},"img":{"alt_text":"Luis Abinader","src":"https:\/\/i0.wp.com\/lasprimeras.com.do\/wp-content\/uploads\/2023\/09\/Luis-Abinader-3.jpg?resize=350%2C200&ssl=1","width":350,"height":200,"srcset":"https:\/\/i0.wp.com\/lasprimeras.com.do\/wp-content\/uploads\/2023\/09\/Luis-Abinader-3.jpg?resize=350%2C200&ssl=1 1x, https:\/\/i0.wp.com\/lasprimeras.com.do\/wp-content\/uploads\/2023\/09\/Luis-Abinader-3.jpg?resize=525%2C300&ssl=1 1.5x, https:\/\/i0.wp.com\/lasprimeras.com.do\/wp-content\/uploads\/2023\/09\/Luis-Abinader-3.jpg?resize=700%2C400&ssl=1 2x"},"classes":[]},{"id":77285,"url":"https:\/\/lasprimeras.com.do\/index.php\/2024\/02\/19\/coopseguros-fortalecera-servicios-en-la-romana-con-nueva-sucursal\/","url_meta":{"origin":105566,"position":1},"title":"COOPSEGUROS fortalecer\u00e1 servicios en La Romana con nueva sucursal","author":"Nelson Feliz","date":"19 de febrero de 2024","format":false,"excerpt":"Soto dijo que se proyecta un crecimiento exponencial de la aseguradora en la regi\u00f3n Este. En La Romana se fortalecer\u00e1 el servicio a m\u00e1s de mil clientes. Por Jos\u00e9 Rafael Paula Sosa La Cooperativa Nacional de Seguros (COOPSEGUROS) abri\u00f3 su sucursal en la provincia La Romana, para extender sus servicios\u2026","rel":"","context":"En \u00abECONOM\u00cdA\u00bb","block_context":{"text":"ECONOM\u00cdA","link":"https:\/\/lasprimeras.com.do\/index.php\/category\/economia\/"},"img":{"alt_text":"COOPSEGUROS","src":"https:\/\/i0.wp.com\/lasprimeras.com.do\/wp-content\/uploads\/2024\/02\/23-Apertura-en-Barahona-oficina-de-coopersevicios-.jpg?resize=350%2C200&ssl=1","width":350,"height":200,"srcset":"https:\/\/i0.wp.com\/lasprimeras.com.do\/wp-content\/uploads\/2024\/02\/23-Apertura-en-Barahona-oficina-de-coopersevicios-.jpg?resize=350%2C200&ssl=1 1x, https:\/\/i0.wp.com\/lasprimeras.com.do\/wp-content\/uploads\/2024\/02\/23-Apertura-en-Barahona-oficina-de-coopersevicios-.jpg?resize=525%2C300&ssl=1 1.5x, https:\/\/i0.wp.com\/lasprimeras.com.do\/wp-content\/uploads\/2024\/02\/23-Apertura-en-Barahona-oficina-de-coopersevicios-.jpg?resize=700%2C400&ssl=1 2x"},"classes":[]},{"id":138026,"url":"https:\/\/lasprimeras.com.do\/index.php\/2026\/08\/24\/voluntariado-banreservas-impacta-a-miles-de-familias-en-primer-ano-de-gestion-de-la-doctora-carmen-alicia-quijano\/","url_meta":{"origin":105566,"position":2},"title":"Voluntariado Banreservas impacta a miles de familias en primer a\u00f1o de gesti\u00f3n de la doctora Carmen Alicia Quijano","author":"Nelson Feliz","date":"24 de agosto de 2026","format":false,"excerpt":"Programas de salud, educaci\u00f3n, protecci\u00f3n ambiental y asistencia social han llevado apoyo a comunidades del Gran Santo Domingo, Santiago, San Crist\u00f3bal, Montecristi, Puerto Plata, Villa Altagracia y otras localidades del pa\u00eds. Santo Domingo. \u2013 El Voluntariado Banreservas ha impactado a miles de familias de distintas comunidades del pa\u00eds durante el\u2026","rel":"","context":"En \u00abPORTADA\u00bb","block_context":{"text":"PORTADA","link":"https:\/\/lasprimeras.com.do\/index.php\/category\/portada\/"},"img":{"alt_text":"Carmen Alicia Quijano","src":"https:\/\/i0.wp.com\/lasprimeras.com.do\/wp-content\/uploads\/2026\/08\/Carmen-Alicia-Quijano.jpg?resize=350%2C200&ssl=1","width":350,"height":200,"srcset":"https:\/\/i0.wp.com\/lasprimeras.com.do\/wp-content\/uploads\/2026\/08\/Carmen-Alicia-Quijano.jpg?resize=350%2C200&ssl=1 1x, https:\/\/i0.wp.com\/lasprimeras.com.do\/wp-content\/uploads\/2026\/08\/Carmen-Alicia-Quijano.jpg?resize=525%2C300&ssl=1 1.5x, https:\/\/i0.wp.com\/lasprimeras.com.do\/wp-content\/uploads\/2026\/08\/Carmen-Alicia-Quijano.jpg?resize=700%2C400&ssl=1 2x"},"classes":[]},{"id":109689,"url":"https:\/\/lasprimeras.com.do\/index.php\/2025\/09\/21\/intrant-anuncia-la-primera-carrera-de-5-km-en-el-marco-de-la-8va-semana-nacional-de-movilidad-sostenible-2025\/","url_meta":{"origin":105566,"position":3},"title":"INTRANT anuncia la primera carrera de 5 Km en el marco de la 8va Semana Nacional de Movilidad Sostenible 2025\u00a0","author":"Nelson Feliz","date":"21 de septiembre de 2025","format":false,"excerpt":"El Instituto Nacional de Tr\u00e1nsito y Transporte Terrestre (Intrant) anunci\u00f3 la realizaci\u00f3n de la \u201cPrimera Carrera 5k por una Movilidad Sostenible\u201d, que forma parte de la 8va edici\u00f3n de la Semana Nacional de Movilidad Sostenible 2025.\u00a0La carrera se celebrar\u00e1 el domingo 28 de septiembre, en el marco del D\u00eda Mundial\u2026","rel":"","context":"En \u00abDEPORTES\u00bb","block_context":{"text":"DEPORTES","link":"https:\/\/lasprimeras.com.do\/index.php\/category\/deportes\/"},"img":{"alt_text":"","src":"https:\/\/i0.wp.com\/lasprimeras.com.do\/wp-content\/uploads\/2025\/09\/Milton-Morrison.jpg?resize=350%2C200&ssl=1","width":350,"height":200,"srcset":"https:\/\/i0.wp.com\/lasprimeras.com.do\/wp-content\/uploads\/2025\/09\/Milton-Morrison.jpg?resize=350%2C200&ssl=1 1x, https:\/\/i0.wp.com\/lasprimeras.com.do\/wp-content\/uploads\/2025\/09\/Milton-Morrison.jpg?resize=525%2C300&ssl=1 1.5x, https:\/\/i0.wp.com\/lasprimeras.com.do\/wp-content\/uploads\/2025\/09\/Milton-Morrison.jpg?resize=700%2C400&ssl=1 2x"},"classes":[]},{"id":128064,"url":"https:\/\/lasprimeras.com.do\/index.php\/2026\/04\/17\/leonel-fernandez-encabezara-agenda-de-actividades-este-fin-de-semana-en-santiago-la-romana-y-santo-domingo\/","url_meta":{"origin":105566,"position":4},"title":"Leonel Fern\u00e1ndez encabezar\u00e1 agenda de actividades este fin de semana en Santiago, La Romana y Santo Domingo","author":"Nelson Feliz","date":"17 de abril de 2026","format":false,"excerpt":"El expresidente de la Rep\u00fablica y presidente del partido Fuerza del Pueblo, Leonel Fern\u00e1ndez, desarrollar\u00e1 una agenda de actividades durante este fin de semana en Santiago, La Romana y Santo Domingo, como parte de su din\u00e1mica de trabajo pol\u00edtico y contacto con distintos sectores del pa\u00eds. La jornada del l\u00edder\u2026","rel":"","context":"En \u00abPOLITICA\u00bb","block_context":{"text":"POLITICA","link":"https:\/\/lasprimeras.com.do\/index.php\/category\/politica\/"},"img":{"alt_text":"","src":"https:\/\/i0.wp.com\/lasprimeras.com.do\/wp-content\/uploads\/2025\/05\/Leonel-Fernandez-1.jpg?resize=350%2C200&ssl=1","width":350,"height":200,"srcset":"https:\/\/i0.wp.com\/lasprimeras.com.do\/wp-content\/uploads\/2025\/05\/Leonel-Fernandez-1.jpg?resize=350%2C200&ssl=1 1x, https:\/\/i0.wp.com\/lasprimeras.com.do\/wp-content\/uploads\/2025\/05\/Leonel-Fernandez-1.jpg?resize=525%2C300&ssl=1 1.5x"},"classes":[]},{"id":134535,"url":"https:\/\/lasprimeras.com.do\/index.php\/2026\/07\/12\/voluntariado-banreservas-inaugura-su-primera-sede-en-la-region-norte-y-fortalece-su-labor-social\/","url_meta":{"origin":105566,"position":5},"title":"Voluntariado Banreservas inaugura su primera sede en la regi\u00f3n Norte y fortalece su labor social","author":"Nelson Feliz","date":"12 de julio de 2026","format":false,"excerpt":"Santiago de los Caballeros. \u2013 El Voluntariado Banreservas inaugur\u00f3 en Santiago de los Caballeros su primera oficina fuera de Santo Domingo, un paso hist\u00f3rico que fortalece su capacidad de respuesta y ampl\u00eda el alcance de los programas sociales que desarrolla en beneficio de las comunidades de la regi\u00f3n Norte. Las\u2026","rel":"","context":"En \u00abPORTADA\u00bb","block_context":{"text":"PORTADA","link":"https:\/\/lasprimeras.com.do\/index.php\/category\/portada\/"},"img":{"alt_text":"","src":"https:\/\/i0.wp.com\/lasprimeras.com.do\/wp-content\/uploads\/2026\/07\/voluntariado-1.jpg?resize=350%2C200&ssl=1","width":350,"height":200,"srcset":"https:\/\/i0.wp.com\/lasprimeras.com.do\/wp-content\/uploads\/2026\/07\/voluntariado-1.jpg?resize=350%2C200&ssl=1 1x, https:\/\/i0.wp.com\/lasprimeras.com.do\/wp-content\/uploads\/2026\/07\/voluntariado-1.jpg?resize=525%2C300&ssl=1 1.5x, https:\/\/i0.wp.com\/lasprimeras.com.do\/wp-content\/uploads\/2026\/07\/voluntariado-1.jpg?resize=700%2C400&ssl=1 2x"},"classes":[]}],"jetpack_sharing_enabled":true,"jetpack_featured_media_url":"https:\/\/lasprimeras.com.do\/wp-content\/uploads\/2025\/08\/Arturo-Menicucci-Luis-Menicucci-Maricarmen-Frontera-Dino-Menicucci-Luis-Antonio-Menicucci.jpg","_links":{"self":[{"href":"https:\/\/lasprimeras.com.do\/index.php\/wp-json\/wp\/v2\/posts\/105566","targetHints":{"allow":["GET"]}}],"collection":[{"href":"https:\/\/lasprimeras.com.do\/index.php\/wp-json\/wp\/v2\/posts"}],"about":[{"href":"https:\/\/lasprimeras.com.do\/index.php\/wp-json\/wp\/v2\/types\/post"}],"author":[{"embeddable":true,"href":"https:\/\/lasprimeras.com.do\/index.php\/wp-json\/wp\/v2\/users\/10"}],"replies":[{"embeddable":true,"href":"https:\/\/lasprimeras.com.do\/index.php\/wp-json\/wp\/v2\/comments?post=105566"}],"version-history":[{"count":1,"href":"https:\/\/lasprimeras.com.do\/index.php\/wp-json\/wp\/v2\/posts\/105566\/revisions"}],"predecessor-version":[{"id":105568,"href":"https:\/\/lasprimeras.com.do\/index.php\/wp-json\/wp\/v2\/posts\/105566\/revisions\/105568"}],"wp:featuredmedia":[{"embeddable":true,"href":"https:\/\/lasprimeras.com.do\/index.php\/wp-json\/wp\/v2\/media\/105567"}],"wp:attachment":[{"href":"https:\/\/lasprimeras.com.do\/index.php\/wp-json\/wp\/v2\/media?parent=105566"}],"wp:term":[{"taxonomy":"category","embeddable":true,"href":"https:\/\/lasprimeras.com.do\/index.php\/wp-json\/wp\/v2\/categories?post=105566"},{"taxonomy":"post_tag","embeddable":true,"href":"https:\/\/lasprimeras.com.do\/index.php\/wp-json\/wp\/v2\/tags?post=105566"}],"curies":[{"name":"wp","href":"https:\/\/api.w.org\/{rel}","templated":true}]}}