{"id":105572,"date":"2025-08-05T07:10:48","date_gmt":"2025-08-05T11:10:48","guid":{"rendered":"https:\/\/lasprimeras.com.do\/?p=105572"},"modified":"2025-08-05T07:10:50","modified_gmt":"2025-08-05T11:10:50","slug":"temblor-magnitud-5-2-se-registra-en-el-mar-caribe-cerca-de-la-isla-saona","status":"publish","type":"post","link":"https:\/\/lasprimeras.com.do\/index.php\/2025\/08\/05\/temblor-magnitud-5-2-se-registra-en-el-mar-caribe-cerca-de-la-isla-saona\/","title":{"rendered":"Temblor magnitud 5.2 se registra en el mar Caribe cerca de la isla Saona"},"content":{"rendered":"\n<p><strong>El portal del Instituto Sismol\u00f3gico muestra unos 20 temblores registrados en las \u00faltimas 24 horas.<\/strong><\/p>\n\n\n\n<p>Un sismo de magnitud 5.2 en la escala de Richter se registr\u00f3 la ma\u00f1ana de este martes en aguas del mar Caribe, cerca de la isla Saona, seg\u00fan confirm\u00f3 el Instituto Nacional de Sismolog\u00eda de la Universidad Aut\u00f3noma de Santo Domingo.<\/p>\n\n\n\n<p>Pedro Salazar, analista de datos s\u00edsmicos inform\u00f3 que el evento ocurri\u00f3 a las 5:23 de la ma\u00f1ana, con epicentro a 40.8 kil\u00f3metros al este de Mano Juan, en la isla Saona, con una profundidad de 164 kil\u00f3metros.<\/p>\n\n\n\n<p>El temblor se sinti\u00f3 en comunidades cercanas como La Romana, Boca de Yuma y Bayah\u00edbe, sin que se haya reportado da\u00f1os por el momento.<\/p>\n\n\n\n<p>Se recuerda que la isla Hispaniola mantiene una actividad s\u00edsmica activa, y el portal del Instituto Sismol\u00f3gico muestra unos 20 temblores registrados en las \u00faltimas 24 horas.<\/p>\n","protected":false},"excerpt":{"rendered":"<p>El portal del Instituto Sismol\u00f3gico muestra unos 20 temblores registrados en las \u00faltimas 24 horas. Un sismo de magnitud 5.2 en la escala de Richter se registr\u00f3 la ma\u00f1ana de&hellip;<\/p>\n","protected":false},"author":10,"featured_media":105573,"comment_status":"open","ping_status":"open","sticky":false,"template":"","format":"standard","meta":{"content-type":"","jetpack_post_was_ever_published":false,"_jetpack_newsletter_access":"","_jetpack_dont_email_post_to_subs":false,"_jetpack_newsletter_tier_id":0,"_jetpack_memberships_contains_paywalled_content":false,"_jetpack_memberships_contains_paid_content":false,"footnotes":""},"categories":[35,25],"tags":[2533,3790,22727,22728],"class_list":["post-105572","post","type-post","status-publish","format-standard","has-post-thumbnail","hentry","category-nacionales","category-portada","tag-isla-saona","tag-mar-caribe","tag-se-registra","tag-temblor-magnitud-5-2"],"jetpack_featured_media_url":"https:\/\/lasprimeras.com.do\/wp-content\/uploads\/2025\/08\/sismo.png","jetpack-related-posts":[{"id":50808,"url":"https:\/\/lasprimeras.com.do\/index.php\/2023\/05\/24\/en-lo-que-va-de-2023-se-han-registrado-mas-sismos-sentidos-que-el-promedio-anual-situacion-no-debe-preocupar\/","url_meta":{"origin":105572,"position":0},"title":"En lo que va de 2023 se han registrado m\u00e1s sismos sentidos que el promedio anual; situaci\u00f3n no debe preocupar","author":"prenxa100","date":"24 de mayo de 2023","format":false,"excerpt":"Este y el Cibao registrado m\u00e1s sismos sentidos o de magnitud mayor a 3.8, seg\u00fan el Centro Sismol\u00f3gico Santo Domingo - En lo que va de a\u00f1o en Rep\u00fablica Dominicana se han registrado m\u00e1s sismos sentidos, o que son de magnitud mayor a 3.8, que los que en promedio se\u2026","rel":"","context":"En \u00abNACIONALES\u00bb","block_context":{"text":"NACIONALES","link":"https:\/\/lasprimeras.com.do\/index.php\/category\/nacionales\/"},"img":{"alt_text":"","src":"","width":0,"height":0},"classes":[]},{"id":98157,"url":"https:\/\/lasprimeras.com.do\/index.php\/2025\/05\/02\/dominicanos-nyc-muestran-preocupacion-por-constantes-temblores-tierra-rd\/","url_meta":{"origin":105572,"position":1},"title":"Dominicanos NYC muestran preocupaci\u00f3n por constantes temblores tierra RD","author":"Nelson Feliz","date":"2 de mayo de 2025","format":false,"excerpt":"Por Ram\u00f3n Mercedes NUEVA YORK.- Dominicanos en el Alto Manhattan muestran preocupaciones debido a que en los \u00faltimos 16 meses en la Rep\u00fablica Dominicana han ocurrido m\u00e1s de 20 temblores de tierra con magnitudes sobre los 4 grados, sismo significativo, pero con da\u00f1o poco probable. La noche del pasado lunes\u2026","rel":"","context":"En \u00abINTERNACIONALES\u00bb","block_context":{"text":"INTERNACIONALES","link":"https:\/\/lasprimeras.com.do\/index.php\/category\/sin-categoria\/internacionales\/"},"img":{"alt_text":"Dominicanos NYC muestran preocupaci\u00f3n por constantes temblores tierra RD","src":"https:\/\/i0.wp.com\/lasprimeras.com.do\/wp-content\/uploads\/2025\/05\/WhatsApp-Image-2025-05-02-at-6.11.53-AM-1.jpeg?resize=350%2C200&ssl=1","width":350,"height":200,"srcset":"https:\/\/i0.wp.com\/lasprimeras.com.do\/wp-content\/uploads\/2025\/05\/WhatsApp-Image-2025-05-02-at-6.11.53-AM-1.jpeg?resize=350%2C200&ssl=1 1x, https:\/\/i0.wp.com\/lasprimeras.com.do\/wp-content\/uploads\/2025\/05\/WhatsApp-Image-2025-05-02-at-6.11.53-AM-1.jpeg?resize=525%2C300&ssl=1 1.5x, https:\/\/i0.wp.com\/lasprimeras.com.do\/wp-content\/uploads\/2025\/05\/WhatsApp-Image-2025-05-02-at-6.11.53-AM-1.jpeg?resize=700%2C400&ssl=1 2x"},"classes":[]},{"id":71957,"url":"https:\/\/lasprimeras.com.do\/index.php\/2023\/12\/25\/16-sismos-se-han-registrado-en-tres-dias-en-la-zona-de-miches-y-samana\/","url_meta":{"origin":105572,"position":2},"title":"16 sismos se han registrado en tres d\u00edas en la zona de Miches y Saman\u00e1","author":"Nelson Feliz","date":"25 de diciembre de 2023","format":false,"excerpt":"-Osiris de Le\u00f3n advierte mayor\u00eda de sismos se han concentrado en una zona donde en 1946 ocurri\u00f3 el mayor terremoto registrado en la regi\u00f3n. -Al mediod\u00eda de este lunes van siete temblores en la zona. En los \u00faltimos tres d\u00edas han ocurrido al menos 16 sismos en las proximidades de\u2026","rel":"","context":"En \u00abNACIONALES\u00bb","block_context":{"text":"NACIONALES","link":"https:\/\/lasprimeras.com.do\/index.php\/category\/nacionales\/"},"img":{"alt_text":"","src":"https:\/\/i0.wp.com\/lasprimeras.com.do\/wp-content\/uploads\/2023\/12\/sismos-1.jpeg?resize=350%2C200&ssl=1","width":350,"height":200,"srcset":"https:\/\/i0.wp.com\/lasprimeras.com.do\/wp-content\/uploads\/2023\/12\/sismos-1.jpeg?resize=350%2C200&ssl=1 1x, https:\/\/i0.wp.com\/lasprimeras.com.do\/wp-content\/uploads\/2023\/12\/sismos-1.jpeg?resize=525%2C300&ssl=1 1.5x, https:\/\/i0.wp.com\/lasprimeras.com.do\/wp-content\/uploads\/2023\/12\/sismos-1.jpeg?resize=700%2C400&ssl=1 2x, https:\/\/i0.wp.com\/lasprimeras.com.do\/wp-content\/uploads\/2023\/12\/sismos-1.jpeg?resize=1050%2C600&ssl=1 3x"},"classes":[]},{"id":81314,"url":"https:\/\/lasprimeras.com.do\/index.php\/2024\/04\/19\/temblor-en-republica-dominicana-hoy-19-de-abril-reporte-oficial-de-ultimos-sismos-en-vivo-segun-cns\/","url_meta":{"origin":105572,"position":3},"title":"Temblor en Rep\u00fablica Dominicana hoy, 19 de abril &#8211; reporte oficial de \u00faltimos sismos en vivo, seg\u00fan CNS","author":"BIMARY DE JES\u00daS Matos","date":"19 de abril de 2024","format":false,"excerpt":"RD.-Rep\u00fablica Dominicana es un pa\u00eds que registra sismos de mayor y menor magnitud, ya que se encuentra en una regi\u00f3n altamente s\u00edsmica. En esta isla se encuentra dos fallas principales que son responsables de la mayor\u00eda de los temblores: la\u00a0Zona de Falla Septentrional,\u00a0que corre desde el norte del pa\u00eds, y\u2026","rel":"","context":"En \u00abNACIONALES\u00bb","block_context":{"text":"NACIONALES","link":"https:\/\/lasprimeras.com.do\/index.php\/category\/nacionales\/"},"img":{"alt_text":"","src":"https:\/\/i0.wp.com\/lasprimeras.com.do\/wp-content\/uploads\/2024\/04\/OBYJIF5325CIBLBRDRP23PKX2E.webp?resize=350%2C200&ssl=1","width":350,"height":200},"classes":[]},{"id":80274,"url":"https:\/\/lasprimeras.com.do\/index.php\/2024\/04\/06\/vuelve-a-temblar-tierra-en-nueva-york-se-esperan-mas-replicas\/","url_meta":{"origin":105572,"position":4},"title":"Vuelve a temblar tierra en Nueva York; se esperan m\u00e1s r\u00e9plicas","author":"BIMARY DE JES\u00daS Matos","date":"6 de abril de 2024","format":false,"excerpt":"NUEVA YORK \u2013 Despu\u00e9s del inusual temblor de las 10:20 am de 4.8 con epicentro en Nueva Jersey que se sinti\u00f3 en la ciudad de Nueva York y en otras del noreste de Estados Unidos, una r\u00e9plica de intensidad 4.0 y de al menos 5 segundos se sinti\u00f3 a las\u2026","rel":"","context":"En \u00abSin categor\u00eda\u00bb","block_context":{"text":"Sin categor\u00eda","link":"https:\/\/lasprimeras.com.do\/index.php\/category\/sin-categoria\/"},"img":{"alt_text":"","src":"https:\/\/i0.wp.com\/lasprimeras.com.do\/wp-content\/uploads\/2024\/04\/7732165e-59b5-469e-b387-0f6a1c64e0ad-1024x576-5.jpeg?resize=350%2C200&ssl=1","width":350,"height":200,"srcset":"https:\/\/i0.wp.com\/lasprimeras.com.do\/wp-content\/uploads\/2024\/04\/7732165e-59b5-469e-b387-0f6a1c64e0ad-1024x576-5.jpeg?resize=350%2C200&ssl=1 1x, https:\/\/i0.wp.com\/lasprimeras.com.do\/wp-content\/uploads\/2024\/04\/7732165e-59b5-469e-b387-0f6a1c64e0ad-1024x576-5.jpeg?resize=525%2C300&ssl=1 1.5x, https:\/\/i0.wp.com\/lasprimeras.com.do\/wp-content\/uploads\/2024\/04\/7732165e-59b5-469e-b387-0f6a1c64e0ad-1024x576-5.jpeg?resize=700%2C400&ssl=1 2x"},"classes":[]},{"id":81317,"url":"https:\/\/lasprimeras.com.do\/index.php\/2024\/04\/19\/temblor-en-japon-hoy-jueves-18-de-abril-hora-exacta-magnitud-y-epicentro-del-ultimo-temblor\/","url_meta":{"origin":105572,"position":5},"title":"Temblor en Jap\u00f3n hoy, jueves 18 de abril: hora exacta, magnitud y epicentro del \u00faltimo temblor","author":"BIMARY DE JES\u00daS Matos","date":"19 de abril de 2024","format":false,"excerpt":"Jap\u00f3n .-n\u00a0terremoto en Jap\u00f3n de magnitud 6,4\u00a0sacudi\u00f3 el mi\u00e9rcoles por la noche la costa occidental de la isla de Shikoku, registrando un\u00a0\u201cd\u00e9bil 6\u2033\u00a0en la escala de intensidad s\u00edsmica de la\u00a0Agencia Meteorol\u00f3gica de Jap\u00f3n (JMA) (que va del 1 al 7). No se inform\u00f3 inicialmente de heridos, da\u00f1os o amenaza de\u2026","rel":"","context":"En \u00abSin categor\u00eda\u00bb","block_context":{"text":"Sin categor\u00eda","link":"https:\/\/lasprimeras.com.do\/index.php\/category\/sin-categoria\/"},"img":{"alt_text":"","src":"https:\/\/i0.wp.com\/lasprimeras.com.do\/wp-content\/uploads\/2024\/04\/7AKI7KHHTNHQZASVMK6GRL7OAM.webp?resize=350%2C200&ssl=1","width":350,"height":200},"classes":[]}],"jetpack_sharing_enabled":true,"_links":{"self":[{"href":"https:\/\/lasprimeras.com.do\/index.php\/wp-json\/wp\/v2\/posts\/105572","targetHints":{"allow":["GET"]}}],"collection":[{"href":"https:\/\/lasprimeras.com.do\/index.php\/wp-json\/wp\/v2\/posts"}],"about":[{"href":"https:\/\/lasprimeras.com.do\/index.php\/wp-json\/wp\/v2\/types\/post"}],"author":[{"embeddable":true,"href":"https:\/\/lasprimeras.com.do\/index.php\/wp-json\/wp\/v2\/users\/10"}],"replies":[{"embeddable":true,"href":"https:\/\/lasprimeras.com.do\/index.php\/wp-json\/wp\/v2\/comments?post=105572"}],"version-history":[{"count":1,"href":"https:\/\/lasprimeras.com.do\/index.php\/wp-json\/wp\/v2\/posts\/105572\/revisions"}],"predecessor-version":[{"id":105574,"href":"https:\/\/lasprimeras.com.do\/index.php\/wp-json\/wp\/v2\/posts\/105572\/revisions\/105574"}],"wp:featuredmedia":[{"embeddable":true,"href":"https:\/\/lasprimeras.com.do\/index.php\/wp-json\/wp\/v2\/media\/105573"}],"wp:attachment":[{"href":"https:\/\/lasprimeras.com.do\/index.php\/wp-json\/wp\/v2\/media?parent=105572"}],"wp:term":[{"taxonomy":"category","embeddable":true,"href":"https:\/\/lasprimeras.com.do\/index.php\/wp-json\/wp\/v2\/categories?post=105572"},{"taxonomy":"post_tag","embeddable":true,"href":"https:\/\/lasprimeras.com.do\/index.php\/wp-json\/wp\/v2\/tags?post=105572"}],"curies":[{"name":"wp","href":"https:\/\/api.w.org\/{rel}","templated":true}]}}