{"id":105575,"date":"2025-08-05T07:24:22","date_gmt":"2025-08-05T11:24:22","guid":{"rendered":"https:\/\/lasprimeras.com.do\/?p=105575"},"modified":"2025-08-05T07:24:24","modified_gmt":"2025-08-05T11:24:24","slug":"muere-el-escritor-y-exministro-de-cultura-jose-rafael-lantigua","status":"publish","type":"post","link":"https:\/\/lasprimeras.com.do\/index.php\/2025\/08\/05\/muere-el-escritor-y-exministro-de-cultura-jose-rafael-lantigua\/","title":{"rendered":"Muere el escritor y exministro de Cultura Jos\u00e9 Rafael Lantigua"},"content":{"rendered":"\n<p><strong>Intelectual clave de las letras dominicanas y autor de una extensa obra po\u00e9tica y ensay\u00edstica.<\/strong><\/p>\n\n\n\n<p>Severo Rivera<\/p>\n\n\n\n<p>Falleci\u00f3 la madrugada de este martes el exministro de Cultura, el escritor y acad\u00e9mico Jos\u00e9 Rafael Lantigua, luego de librar una batalla contra una enfermedad que lo mantuvo en cama durante varias semanas.<\/p>\n\n\n\n<p>La informaci\u00f3n fue ofrecida a Diario Libre por Omar de la Cruz, director del Festival de Cine Global de Santo Domingo.<\/p>\n\n\n\n<p>&#8220;Lamentamos informar el fallecimiento del director de la Revista Global y del Centro de Estudios de la Cultura de nuestra instituci\u00f3n, Jos\u00e9 Rafael Lantigua. Luego tendremos las informaciones sobre las honras f\u00fanebres. Paz a su alma&#8221;, expres\u00f3 De la Cruz.<\/p>\n\n\n\n<p>Durante a\u00f1os, Lantigua escribi\u00f3 la columna Raciones de Letras, que se publica cada viernes en la secci\u00f3n Tiempo Libre de Diario Libre, donde abordaba temas de literatura y de sus protagonistas.<\/p>\n\n\n\n<p>Nacido en Moca, Rep\u00fablica Dominicana, el 17 de septiembre de 1948, Jos\u00e9 Rafael Lantigua fue elegido miembro numerario de la Academia Dominicana de la Lengua (ADL) en 2006 e ingres\u00f3 formalmente el 16 de junio de 2008 con un discurso titulado La conducta literaria: el discurso fundacional.<\/p>\n\n\n\n<p>Le respondi\u00f3, en nombre de la instituci\u00f3n, el entonces arzobispo de Santo Domingo, Nicol\u00e1s de Jes\u00fas L\u00f3pez Rodr\u00edguez.<\/p>\n\n\n\n<figure class=\"wp-block-image size-large\"><img decoding=\"async\" width=\"1024\" height=\"680\" src=\"https:\/\/lasprimeras.com.do\/wp-content\/uploads\/2025\/08\/leo-1024x680.jpeg\" alt=\"\" class=\"wp-image-105577\" srcset=\"https:\/\/lasprimeras.com.do\/wp-content\/uploads\/2025\/08\/leo-1024x680.jpeg 1024w, https:\/\/lasprimeras.com.do\/wp-content\/uploads\/2025\/08\/leo-300x199.jpeg 300w, https:\/\/lasprimeras.com.do\/wp-content\/uploads\/2025\/08\/leo-768x510.jpeg 768w, https:\/\/lasprimeras.com.do\/wp-content\/uploads\/2025\/08\/leo.jpeg 1280w\" sizes=\"(max-width: 1024px) 100vw, 1024px\" \/><\/figure>\n\n\n\n<p>Ocupaba la silla A de la ADL, que perteneci\u00f3 originalmente al fundador y primer presidente de esa corporaci\u00f3n, Adolfo Alejandro Nouel, expresidente de la Rep\u00fablica y arzobispo de Santo Domingo.<\/p>\n\n\n\n<p>Lantigua era ensayista, poeta y periodista. Obtuvo el t\u00edtulo de licenciado en Ciencias de la Educaci\u00f3n, menci\u00f3n Letras, cum laude, por la Universidad Nacional Pedro Henr\u00edquez Ure\u00f1a (UNPHU).<\/p>\n\n\n\n<p>Una vida dedicada a la cultura y la literatura<\/p>\n\n\n\n<p>Entre sus m\u00faltiples responsabilidades, se desempe\u00f1\u00f3 como:<\/p>\n\n\n\n<p>\u00b7 Director de Biblioteca, suplemento literario del diario \u00daltima Hora (1985\u20132000), donde promovi\u00f3 activamente la literatura nacional e internacional.<\/p>\n\n\n\n<p>\u00b7 Presidente de la Comisi\u00f3n Permanente de la Feria del Libro (1997\u20132000) y fundador de la Feria Internacional del Libro de Santo Domingo.<\/p>\n\n\n\n<p>\u00b7 Ministro de Cultura de la Rep\u00fablica Dominicana entre 2004 y 2008.<\/p>\n\n\n\n<p>Fue tambi\u00e9n director del Centro de Estudios de la Cultura de la Fundaci\u00f3n Global Democracia y Desarrollo (Funglode), miembro de su Consejo Directivo y responsable de la direcci\u00f3n editorial de la Revista Global.<\/p>\n\n\n\n<p>Dict\u00f3 conferencias y cursos especializados en literatura, gesti\u00f3n cultural, publicidad, comunicaci\u00f3n, educaci\u00f3n y pol\u00edticas p\u00fablicas tanto en el pa\u00eds como en el extranjero.<\/p>\n\n\n\n<figure class=\"wp-block-image size-large\"><img decoding=\"async\" width=\"1024\" height=\"678\" src=\"https:\/\/lasprimeras.com.do\/wp-content\/uploads\/2025\/08\/Leonel-Fernandez-y-Jose-Rafael-Lantigua-1024x678.jpeg\" alt=\"\" class=\"wp-image-105578\" srcset=\"https:\/\/lasprimeras.com.do\/wp-content\/uploads\/2025\/08\/Leonel-Fernandez-y-Jose-Rafael-Lantigua-1024x678.jpeg 1024w, https:\/\/lasprimeras.com.do\/wp-content\/uploads\/2025\/08\/Leonel-Fernandez-y-Jose-Rafael-Lantigua-300x199.jpeg 300w, https:\/\/lasprimeras.com.do\/wp-content\/uploads\/2025\/08\/Leonel-Fernandez-y-Jose-Rafael-Lantigua-768x509.jpeg 768w, https:\/\/lasprimeras.com.do\/wp-content\/uploads\/2025\/08\/Leonel-Fernandez-y-Jose-Rafael-Lantigua.jpeg 1279w\" sizes=\"(max-width: 1024px) 100vw, 1024px\" \/><\/figure>\n\n\n\n<p>Obra publicada y reconocimientos<\/p>\n\n\n\n<p>Su producci\u00f3n literaria fue vasta y diversa. Entre sus t\u00edtulos m\u00e1s destacados se encuentran:<\/p>\n\n\n\n<p>\u00b7 Domingo Moreno Jimenes, ap\u00f3stol de la poes\u00eda (1980)<\/p>\n\n\n\n<p>\u00b7 Hacia una revalorizaci\u00f3n del ideal duartiano (1985)<\/p>\n\n\n\n<p>\u00b7 La conjura del tiempo: memorias del hombre dominicano (1994)<\/p>\n\n\n\n<p>\u00b7 El oficio de la palabra: conversaciones literarias (1995)<\/p>\n\n\n\n<p>\u00b7 Islas en el Sol, con Francisco L\u00f3pez Sacha (1999)<\/p>\n\n\n\n<p>\u00b7 Buscando tiempo para leer. Los 10 derechos del posible lector (2000)<\/p>\n\n\n\n<p>\u00b7 Semblanzas del coraz\u00f3n: memorias y nostalgias (2001)<\/p>\n\n\n\n<p>\u00b7 Encuesta sobre h\u00e1bitos de lectura en Rep\u00fablica Dominicana (2003)<\/p>\n\n\n\n<p>\u00b7 Cuaderno de sombras (2015)<\/p>\n\n\n\n<p>\u00b7 Un encuentro con el comandante: letras racionadas (2016)<\/p>\n\n\n\n<p>Tambi\u00e9n escribi\u00f3 obras po\u00e9ticas como Sobre un tiempo de esperanzas, Los j\u00fabilos \u00edntimos y textos biogr\u00e1ficos como Duarte en el Ideal y Biograf\u00eda de un poeta.<\/p>\n\n\n\n<p>Entre sus reconocimientos figuran:<br>\u00b7 Premio Nacional de Ensayo (1977)<\/p>\n\n\n\n<p>\u00b7 Premio Nacional de Periodismo del Club de Prensa Extranjera (1989)<\/p>\n\n\n\n<p>\u00b7 Premio Pro-Cultura del Ateneo Amantes de la Luz (2003)<\/p>\n\n\n\n<p>\u00b7 Premio Narciso Gonz\u00e1lez al Intelectual del A\u00f1o (2003)<\/p>\n\n\n\n<p>\u00b7 Premio de la Academia Dominicana de la Lengua (2003)<\/p>\n\n\n\n<p>\u00b7 Premio Eugenio Deschamps (2007)<\/p>\n\n\n\n<p>\u00b7 Declarado Hijo Adoptivo de Santiago de los Caballeros (2008)<\/p>\n\n\n\n<p>\u00b7 Declarado Hijo Meritorio de Moca (2008)<\/p>\n\n\n\n<p>Su legado<\/p>\n\n\n\n<p>En los \u00faltimos a\u00f1os, adem\u00e1s de su trabajo institucional, Lantigua public\u00f3 ensayos y art\u00edculos desde la ADL, entre ellos: Balaguer, Bosch y Moreno Jimenes, La nueva novela dominicana, Mariano Lebr\u00f3n Savi\u00f1\u00f3n: el fuego de la palabra peregrina, y T\u00e1cticas y texturas del silencio.<\/p>\n\n\n\n<p>Fue tambi\u00e9n objeto de homenajes por parte de sus colegas, como el Coloquio sobre la obra po\u00e9tica de Jos\u00e9 Rafael Lantigua (2018) y el ciclo Poetas de la Academia.<\/p>\n\n\n\n<p>Su obra y legado seguir\u00e1n iluminando el pensamiento literario y cultural de la Rep\u00fablica Dominicana.<\/p>\n\n\n\n<p>Fuente Diario Libre<\/p>\n","protected":false},"excerpt":{"rendered":"<p>Intelectual clave de las letras dominicanas y autor de una extensa obra po\u00e9tica y ensay\u00edstica. Severo Rivera Falleci\u00f3 la madrugada de este martes el exministro de Cultura, el escritor y&hellip;<\/p>\n","protected":false},"author":10,"featured_media":105576,"comment_status":"open","ping_status":"open","sticky":false,"template":"","format":"standard","meta":{"content-type":"","jetpack_post_was_ever_published":false,"_jetpack_newsletter_access":"","_jetpack_dont_email_post_to_subs":false,"_jetpack_newsletter_tier_id":0,"_jetpack_memberships_contains_paywalled_content":false,"_jetpack_memberships_contains_paid_content":false,"footnotes":""},"categories":[35,25],"tags":[2737,22729,22730,650],"class_list":["post-105575","post","type-post","status-publish","format-standard","has-post-thumbnail","hentry","category-nacionales","category-portada","tag-escritor","tag-exministro-de-cultura","tag-jose-rafael-lantigua","tag-muere"],"jetpack_featured_media_url":"https:\/\/lasprimeras.com.do\/wp-content\/uploads\/2025\/08\/Jose_Rafael_Lantigua-removebg-preview.png","jetpack-related-posts":[{"id":105663,"url":"https:\/\/lasprimeras.com.do\/index.php\/2025\/08\/05\/fp-expresa-su-profundo-pesar-por-el-fallecimiento-de-jose-rafael-lantigua\/","url_meta":{"origin":105575,"position":0},"title":"FP expresa su profundo pesar por el fallecimiento de Jos\u00e9 Rafael Lantigua","author":"Nelson Feliz","date":"5 de agosto de 2025","format":false,"excerpt":"El partido Fuerza del Pueblo (FP) expresa su m\u00e1s profundo pesar por el fallecimiento del doctor Jos\u00e9 Rafael Lantigua, destacado intelectual y titular de nuestra Secretar\u00eda de Cultura. Su partida representa una p\u00e9rdida irreparable para el pensamiento nacional, el desarrollo cultural y para todos los que valoramos la defensa de\u2026","rel":"","context":"En \u00abPOLITICA\u00bb","block_context":{"text":"POLITICA","link":"https:\/\/lasprimeras.com.do\/index.php\/category\/politica\/"},"img":{"alt_text":"","src":"https:\/\/i0.wp.com\/lasprimeras.com.do\/wp-content\/uploads\/2025\/08\/Jose_Rafael_Lantigua-removebg-preview.png?resize=350%2C200&ssl=1","width":350,"height":200,"srcset":"https:\/\/i0.wp.com\/lasprimeras.com.do\/wp-content\/uploads\/2025\/08\/Jose_Rafael_Lantigua-removebg-preview.png?resize=350%2C200&ssl=1 1x, https:\/\/i0.wp.com\/lasprimeras.com.do\/wp-content\/uploads\/2025\/08\/Jose_Rafael_Lantigua-removebg-preview.png?resize=525%2C300&ssl=1 1.5x"},"classes":[]},{"id":113237,"url":"https:\/\/lasprimeras.com.do\/index.php\/2025\/10\/30\/karina-jimenez-gana-premio-periodismo-turistico-epifanio-lantigua\/","url_meta":{"origin":105575,"position":1},"title":"Karina Jim\u00e9nez gana premio Periodismo Tur\u00edstico Epifanio Lantigua","author":"Nelson Feliz","date":"30 de octubre de 2025","format":false,"excerpt":"Gan\u00f3 en la categor\u00eda Periodismo Impreso La periodista Karina Jim\u00e9nez fue reconocida la noche de este martes en la XXI edici\u00f3n del Premio Nacional de Periodismo Tur\u00edstico Epifanio Lantigua (PEL 2025), que organiza anualmente la Asociaci\u00f3n Dominicana de Prensa Tur\u00edstica (Adompretur), por su trabajo titulado \u201cUn baile con sabor a\u2026","rel":"","context":"En \u00abTURISMO\u00bb","block_context":{"text":"TURISMO","link":"https:\/\/lasprimeras.com.do\/index.php\/category\/turismo\/"},"img":{"alt_text":"","src":"https:\/\/i0.wp.com\/lasprimeras.com.do\/wp-content\/uploads\/2025\/10\/Karina-Jimenez.jpg?resize=350%2C200&ssl=1","width":350,"height":200,"srcset":"https:\/\/i0.wp.com\/lasprimeras.com.do\/wp-content\/uploads\/2025\/10\/Karina-Jimenez.jpg?resize=350%2C200&ssl=1 1x, https:\/\/i0.wp.com\/lasprimeras.com.do\/wp-content\/uploads\/2025\/10\/Karina-Jimenez.jpg?resize=525%2C300&ssl=1 1.5x, https:\/\/i0.wp.com\/lasprimeras.com.do\/wp-content\/uploads\/2025\/10\/Karina-Jimenez.jpg?resize=700%2C400&ssl=1 2x"},"classes":[]},{"id":57280,"url":"https:\/\/lasprimeras.com.do\/index.php\/2023\/08\/10\/informan-funglode-participara-en-la-xxv-feria-internacional-del-libro\/","url_meta":{"origin":105575,"position":2},"title":"Informan Funglode participar\u00e1 en la XXV Feria Internacional del Libro","author":"Nelson Feliz","date":"10 de agosto de 2023","format":false,"excerpt":"El director del Centro de Estudios para la Cultura de la Fundaci\u00f3n Global Democracia y Desarrollo (Funglode), Jos\u00e9 Rafael Lantigua, inform\u00f3 que esa ONG participar\u00e1 en la XXV Feria Internacional del Libro (FIL) de Santo Domingo, debido a que fueron superados los obst\u00e1culos que imped\u00edan su presencia en el evento.\u2026","rel":"","context":"En \u00abNACIONALES\u00bb","block_context":{"text":"NACIONALES","link":"https:\/\/lasprimeras.com.do\/index.php\/category\/nacionales\/"},"img":{"alt_text":"","src":"","width":0,"height":0},"classes":[]},{"id":124467,"url":"https:\/\/lasprimeras.com.do\/index.php\/2026\/03\/12\/documental-dominicano-diablos-cojuelos-reconocido-en-cannes\/","url_meta":{"origin":105575,"position":3},"title":"Documental dominicano \u201cDiablos Cojuelos\u201d reconocido en Cannes","author":"Nelson Feliz","date":"12 de marzo de 2026","format":false,"excerpt":"El documental dominicano \"Diablos Cojuelos: El Coraz\u00f3n de La Vega\", dirigido por Denny Feliz y F\u00e9lix Limardo, obtuvo el premio Best Director Documentary Feature en el World Film Festival de Cannes, reconocimiento que coloca al tradicional carnaval vegano en uno de los escenarios cinematogr\u00e1ficos m\u00e1s prestigiosos del mundo. La producci\u00f3n\u2026","rel":"","context":"En \u00abENTRETENIMIENTO\u00bb","block_context":{"text":"ENTRETENIMIENTO","link":"https:\/\/lasprimeras.com.do\/index.php\/category\/entretenimiento\/"},"img":{"alt_text":"Diablos Cojuelos","src":"https:\/\/i0.wp.com\/lasprimeras.com.do\/wp-content\/uploads\/2026\/03\/Diablos-Cojuelos.jpg?resize=350%2C200&ssl=1","width":350,"height":200,"srcset":"https:\/\/i0.wp.com\/lasprimeras.com.do\/wp-content\/uploads\/2026\/03\/Diablos-Cojuelos.jpg?resize=350%2C200&ssl=1 1x, https:\/\/i0.wp.com\/lasprimeras.com.do\/wp-content\/uploads\/2026\/03\/Diablos-Cojuelos.jpg?resize=525%2C300&ssl=1 1.5x, https:\/\/i0.wp.com\/lasprimeras.com.do\/wp-content\/uploads\/2026\/03\/Diablos-Cojuelos.jpg?resize=700%2C400&ssl=1 2x"},"classes":[]},{"id":101843,"url":"https:\/\/lasprimeras.com.do\/index.php\/2025\/06\/27\/presidente-del-indotel-felicita-a-jose-enrique-garcia-por-premio-pedro-henriquez-urena-2025\/","url_meta":{"origin":105575,"position":4},"title":"Presidente del INDOTEL felicita a Jos\u00e9 Enrique Garc\u00eda por Premio Pedro Henr\u00edquez Ure\u00f1a 2025","author":"Nelson Feliz","date":"27 de junio de 2025","format":false,"excerpt":"El presidente del Instituto Dominicano de las Telecomunicaciones (INDOTEL), Guido G\u00f3mez Mazara, felicit\u00f3 al escritor y poeta Jos\u00e9 Enrique Garc\u00eda y lo calific\u00f3 como una verdadera gloria de las letras nacionales, luego de este resultar ganador del Premio Internacional Pedro Henr\u00edquez Ure\u00f1a 2025 otorgado por el Ministerio de Cultura. G\u00f3mez\u2026","rel":"","context":"En \u00abNACIONALES\u00bb","block_context":{"text":"NACIONALES","link":"https:\/\/lasprimeras.com.do\/index.php\/category\/nacionales\/"},"img":{"alt_text":"Guido G\u00f3mez Mazara","src":"https:\/\/i0.wp.com\/lasprimeras.com.do\/wp-content\/uploads\/2025\/06\/Guido-Gomez-Mazara-1-1.jpg?resize=350%2C200&ssl=1","width":350,"height":200,"srcset":"https:\/\/i0.wp.com\/lasprimeras.com.do\/wp-content\/uploads\/2025\/06\/Guido-Gomez-Mazara-1-1.jpg?resize=350%2C200&ssl=1 1x, https:\/\/i0.wp.com\/lasprimeras.com.do\/wp-content\/uploads\/2025\/06\/Guido-Gomez-Mazara-1-1.jpg?resize=525%2C300&ssl=1 1.5x, https:\/\/i0.wp.com\/lasprimeras.com.do\/wp-content\/uploads\/2025\/06\/Guido-Gomez-Mazara-1-1.jpg?resize=700%2C400&ssl=1 2x"},"classes":[]},{"id":112734,"url":"https:\/\/lasprimeras.com.do\/index.php\/2025\/10\/27\/premio-pel-2025-celebrara-el-martes-el-periodismo-turistico-dominicano\/","url_meta":{"origin":105575,"position":5},"title":"Premio PEL 2025 celebrar\u00e1 el martes el periodismo tur\u00edstico dominicano","author":"Nelson Feliz","date":"27 de octubre de 2025","format":false,"excerpt":"M\u00e1s de 50 periodistas y comunicadores compiten en las diferentes categor\u00edas de este galard\u00f3n de Adompretur, que ser\u00e1 entregado el martes 28 de octubre. Todo est\u00e1 preparado para la entrega del Premio Nacional de Periodismo Tur\u00edstico Epifanio Lantigua (PEL) 2025, el reconocimiento m\u00e1s importante del periodismo tur\u00edstico dominicano. La gala\u2026","rel":"","context":"En \u00abTURISMO\u00bb","block_context":{"text":"TURISMO","link":"https:\/\/lasprimeras.com.do\/index.php\/category\/turismo\/"},"img":{"alt_text":"","src":"https:\/\/i0.wp.com\/lasprimeras.com.do\/wp-content\/uploads\/2025\/08\/Sarah-Hernandez.jpg?resize=350%2C200&ssl=1","width":350,"height":200,"srcset":"https:\/\/i0.wp.com\/lasprimeras.com.do\/wp-content\/uploads\/2025\/08\/Sarah-Hernandez.jpg?resize=350%2C200&ssl=1 1x, https:\/\/i0.wp.com\/lasprimeras.com.do\/wp-content\/uploads\/2025\/08\/Sarah-Hernandez.jpg?resize=525%2C300&ssl=1 1.5x, https:\/\/i0.wp.com\/lasprimeras.com.do\/wp-content\/uploads\/2025\/08\/Sarah-Hernandez.jpg?resize=700%2C400&ssl=1 2x"},"classes":[]}],"jetpack_sharing_enabled":true,"_links":{"self":[{"href":"https:\/\/lasprimeras.com.do\/index.php\/wp-json\/wp\/v2\/posts\/105575","targetHints":{"allow":["GET"]}}],"collection":[{"href":"https:\/\/lasprimeras.com.do\/index.php\/wp-json\/wp\/v2\/posts"}],"about":[{"href":"https:\/\/lasprimeras.com.do\/index.php\/wp-json\/wp\/v2\/types\/post"}],"author":[{"embeddable":true,"href":"https:\/\/lasprimeras.com.do\/index.php\/wp-json\/wp\/v2\/users\/10"}],"replies":[{"embeddable":true,"href":"https:\/\/lasprimeras.com.do\/index.php\/wp-json\/wp\/v2\/comments?post=105575"}],"version-history":[{"count":1,"href":"https:\/\/lasprimeras.com.do\/index.php\/wp-json\/wp\/v2\/posts\/105575\/revisions"}],"predecessor-version":[{"id":105579,"href":"https:\/\/lasprimeras.com.do\/index.php\/wp-json\/wp\/v2\/posts\/105575\/revisions\/105579"}],"wp:featuredmedia":[{"embeddable":true,"href":"https:\/\/lasprimeras.com.do\/index.php\/wp-json\/wp\/v2\/media\/105576"}],"wp:attachment":[{"href":"https:\/\/lasprimeras.com.do\/index.php\/wp-json\/wp\/v2\/media?parent=105575"}],"wp:term":[{"taxonomy":"category","embeddable":true,"href":"https:\/\/lasprimeras.com.do\/index.php\/wp-json\/wp\/v2\/categories?post=105575"},{"taxonomy":"post_tag","embeddable":true,"href":"https:\/\/lasprimeras.com.do\/index.php\/wp-json\/wp\/v2\/tags?post=105575"}],"curies":[{"name":"wp","href":"https:\/\/api.w.org\/{rel}","templated":true}]}}