{"id":105585,"date":"2025-08-05T08:05:38","date_gmt":"2025-08-05T12:05:38","guid":{"rendered":"https:\/\/lasprimeras.com.do\/?p=105585"},"modified":"2025-08-05T08:05:40","modified_gmt":"2025-08-05T12:05:40","slug":"el-senador-carlos-gomez-impulsa-el-desarrollo-emprendedor-en-moca","status":"publish","type":"post","link":"https:\/\/lasprimeras.com.do\/index.php\/2025\/08\/05\/el-senador-carlos-gomez-impulsa-el-desarrollo-emprendedor-en-moca\/","title":{"rendered":"El Senador Carlos G\u00f3mez impulsa el desarrollo emprendedor en Moca"},"content":{"rendered":"\n<p><strong>Promipyme entrega RD$100 millones en cr\u00e9ditos a 400 microempresarios en la provincia Espaillat.<\/strong><\/p>\n\n\n\n<p>Por: Nicolas Grull\u00f3n Ubi\u00f1as<\/p>\n\n\n\n<p>El Consejo Nacional de Promoci\u00f3n y Apoyo a la Micro, Peque\u00f1a y Mediana Empresa (Promipyme) en coordinaci\u00f3n con el senador Carlos G\u00f3mez encabez\u00f3 el acto de entrega de RD$100 millones en pr\u00e9stamos a 400 microempresarios y emprendedores de la provincia Espaillat.<\/p>\n\n\n\n<p>Durante sus palabras de bienvenida, el senador G\u00f3mez expres\u00f3: \u201cHoy iniciamos la ma\u00f1ana con entusiasmo y esperanza, al celebrar el fruto de un esfuerzo colectivo: la entrega de pr\u00e9stamos a micro, peque\u00f1os y medianos empresarios, as\u00ed como a emprendedores de nuestra provincia, como resultado directo de la feria de financiamiento que impulsamos con el firme prop\u00f3sito de incentivar el comercio local.<\/p>\n\n\n\n<p>Este acto simboliza ayuda real, protecci\u00f3n concreta, y sobre todo, una apuesta decidida por el crecimiento, por el empleo digno y por el desarrollo sostenible de nuestras comunidades.<\/p>\n\n\n\n<p>&#8220;Estoy convencido de que entre m\u00e1s fortalecemos el sector privado, menos personas depender\u00e1n del Estado. Por eso, mantengo firme mi compromiso como senador de seguir promoviendo iniciativas que impulsen a quienes cada d\u00eda generan empleo, innovaci\u00f3n y oportunidades en nuestra provincia&#8221;, sostuvo el legislador.<\/p>\n\n\n\n<figure class=\"wp-block-image size-full\"><img decoding=\"async\" width=\"900\" height=\"601\" src=\"https:\/\/lasprimeras.com.do\/wp-content\/uploads\/2025\/08\/Promipyme.jpg\" alt=\"\" class=\"wp-image-105587\" srcset=\"https:\/\/lasprimeras.com.do\/wp-content\/uploads\/2025\/08\/Promipyme.jpg 900w, https:\/\/lasprimeras.com.do\/wp-content\/uploads\/2025\/08\/Promipyme-300x200.jpg 300w, https:\/\/lasprimeras.com.do\/wp-content\/uploads\/2025\/08\/Promipyme-768x513.jpg 768w\" sizes=\"(max-width: 900px) 100vw, 900px\" \/><\/figure>\n\n\n\n<p>Como dijo Peter Drucker: \u2018La mejor forma de predecir el futuro es crearlo\u2019. Y eso es justamente lo que hacemos hoy: crear futuro apostando por el emprendimiento, la productividad y el trabajo honesto.\u201d<\/p>\n\n\n\n<p>El acto se celebr\u00f3 en el &#8220;Teatro Don Bosco de la Iglesia Salesiana&#8221; y cont\u00f3 con la participaci\u00f3n del director de Promipyme, Fabricio G\u00f3mez Mazara, quien destac\u00f3 que el 56% de los pr\u00e9stamos fue otorgado a mujeres emprendedoras, reafirmando as\u00ed el enfoque de g\u00e9nero que promueve la instituci\u00f3n.<\/p>\n\n\n\n<figure class=\"wp-block-image size-full\"><img decoding=\"async\" width=\"900\" height=\"601\" src=\"https:\/\/lasprimeras.com.do\/wp-content\/uploads\/2025\/08\/Promipyme-1.jpg\" alt=\"\" class=\"wp-image-105588\" srcset=\"https:\/\/lasprimeras.com.do\/wp-content\/uploads\/2025\/08\/Promipyme-1.jpg 900w, https:\/\/lasprimeras.com.do\/wp-content\/uploads\/2025\/08\/Promipyme-1-300x200.jpg 300w, https:\/\/lasprimeras.com.do\/wp-content\/uploads\/2025\/08\/Promipyme-1-768x513.jpg 768w\" sizes=\"(max-width: 900px) 100vw, 900px\" \/><\/figure>\n\n\n\n<p>G\u00f3mez Mazara tambi\u00e9n resalt\u00f3 el impacto del programa \u201cTu Firma es Tu Garant\u00eda\u201d, que permite a emprendedores no bancarizados acceder a financiamiento sin necesidad de garantes, y valor\u00f3 que m\u00e1s del 52% de los desembolsos a nivel nacional han sido dirigidos a mujeres.<\/p>\n\n\n\n<p>Mientras, que el senador Carlos G\u00f3mez agradeci\u00f3 al equipo de Promipyme, en particular a las oficinas de Moca y Gaspar Hern\u00e1ndez, por su trabajo cercano y comprometido, as\u00ed como al presidente Luis Abinader, por su respaldo a las mipymes y por su visi\u00f3n de desarrollo econ\u00f3mico inclusivo.<\/p>\n\n\n\n<p>\u201cSigamos apostando por nuestra gente, por quienes creen, producen y se levantan cada d\u00eda para avanzar. \u00a1Vamos por m\u00e1s, Espaillat!\u201d, concluy\u00f3 el senador.<\/p>\n","protected":false},"excerpt":{"rendered":"<p>Promipyme entrega RD$100 millones en cr\u00e9ditos a 400 microempresarios en la provincia Espaillat. Por: Nicolas Grull\u00f3n Ubi\u00f1as El Consejo Nacional de Promoci\u00f3n y Apoyo a la Micro, Peque\u00f1a y Mediana&hellip;<\/p>\n","protected":false},"author":10,"featured_media":105586,"comment_status":"open","ping_status":"open","sticky":false,"template":"","format":"standard","meta":{"content-type":"","jetpack_post_was_ever_published":false,"_jetpack_newsletter_access":"","_jetpack_dont_email_post_to_subs":false,"_jetpack_newsletter_tier_id":0,"_jetpack_memberships_contains_paywalled_content":false,"_jetpack_memberships_contains_paid_content":false,"footnotes":""},"categories":[39,25],"tags":[3787,363,9787,2030,9533,1101],"class_list":["post-105585","post","type-post","status-publish","format-standard","has-post-thumbnail","hentry","category-economia","category-portada","tag-carlos-gomez","tag-desarrollo","tag-emprendedor","tag-moca","tag-promipyme","tag-senador"],"jetpack_featured_media_url":"https:\/\/lasprimeras.com.do\/wp-content\/uploads\/2025\/08\/Carlos-Gomez.jpg","jetpack-related-posts":[{"id":93870,"url":"https:\/\/lasprimeras.com.do\/index.php\/2025\/02\/21\/promipyme-impulsa-economia-de-salcedo-con-rd70-millones-en-creditos-para-emprendedores\/","url_meta":{"origin":105585,"position":0},"title":"Promipyme impulsa econom\u00eda de Salcedo con RD$70 millones en cr\u00e9ditos para emprendedores","author":"Nelson Feliz","date":"21 de febrero de 2025","format":false,"excerpt":"El Consejo Nacional de Promoci\u00f3n y Apoyo a la Micro, Peque\u00f1a y Mediana Empresa (Promipyme) realiz\u00f3 la entrega de RD$70 millones en pr\u00e9stamos a 230 emprendedores y empresarios de la provincia Hermanas Mirabal. El acto, celebrado en el Sal\u00f3n Manuel Tejada Florentino de la Gobernaci\u00f3n Provincial, cont\u00f3 con la presencia\u2026","rel":"","context":"En \u00abECONOM\u00cdA\u00bb","block_context":{"text":"ECONOM\u00cdA","link":"https:\/\/lasprimeras.com.do\/index.php\/category\/economia\/"},"img":{"alt_text":"Fabricio G\u00f3mez Mazara","src":"https:\/\/i0.wp.com\/lasprimeras.com.do\/wp-content\/uploads\/2025\/02\/Fabricio-Gomez-Mazara-1.jpg?resize=350%2C200&ssl=1","width":350,"height":200,"srcset":"https:\/\/i0.wp.com\/lasprimeras.com.do\/wp-content\/uploads\/2025\/02\/Fabricio-Gomez-Mazara-1.jpg?resize=350%2C200&ssl=1 1x, https:\/\/i0.wp.com\/lasprimeras.com.do\/wp-content\/uploads\/2025\/02\/Fabricio-Gomez-Mazara-1.jpg?resize=525%2C300&ssl=1 1.5x, https:\/\/i0.wp.com\/lasprimeras.com.do\/wp-content\/uploads\/2025\/02\/Fabricio-Gomez-Mazara-1.jpg?resize=700%2C400&ssl=1 2x"},"classes":[]},{"id":94918,"url":"https:\/\/lasprimeras.com.do\/index.php\/2025\/03\/07\/promipyme-entrega-rd45-millones-en-creditos-a-micro-y-pequenos-empresarios-en-el-seibo\/","url_meta":{"origin":105585,"position":1},"title":"Promipyme entrega RD$45 millones en cr\u00e9ditos a micro y peque\u00f1os empresarios en El Seibo","author":"Nelson Feliz","date":"7 de marzo de 2025","format":false,"excerpt":"Desde la llegada del economista Fabricio G\u00f3mez Mazara a la direcci\u00f3n de Promipyme en noviembre de 2023, la instituci\u00f3n ha desembolsado m\u00e1s de RD$8,440 millones, de los cuales el 52% ha sido otorgado a mujeres. El Consejo Nacional de Promoci\u00f3n y Apoyo a la Micro, Peque\u00f1a y Mediana Empresa (Promipyme)\u2026","rel":"","context":"En \u00abECONOM\u00cdA\u00bb","block_context":{"text":"ECONOM\u00cdA","link":"https:\/\/lasprimeras.com.do\/index.php\/category\/economia\/"},"img":{"alt_text":"Fabricio G\u00f3mez Mazara","src":"https:\/\/i0.wp.com\/lasprimeras.com.do\/wp-content\/uploads\/2025\/03\/Fabricio-Gomez-Mazara.jpg?resize=350%2C200&ssl=1","width":350,"height":200,"srcset":"https:\/\/i0.wp.com\/lasprimeras.com.do\/wp-content\/uploads\/2025\/03\/Fabricio-Gomez-Mazara.jpg?resize=350%2C200&ssl=1 1x, https:\/\/i0.wp.com\/lasprimeras.com.do\/wp-content\/uploads\/2025\/03\/Fabricio-Gomez-Mazara.jpg?resize=525%2C300&ssl=1 1.5x, https:\/\/i0.wp.com\/lasprimeras.com.do\/wp-content\/uploads\/2025\/03\/Fabricio-Gomez-Mazara.jpg?resize=700%2C400&ssl=1 2x"},"classes":[]},{"id":82317,"url":"https:\/\/lasprimeras.com.do\/index.php\/2024\/05\/01\/emprendedores-de-santo-domingo-este-reciben-apoyo-de-45-millones-de-pesos-en-creditos-de-promipyme\/","url_meta":{"origin":105585,"position":2},"title":"Emprendedores de Santo Domingo Este reciben apoyo de 45 millones de pesos en cr\u00e9ditos de Promipyme","author":"BIMARY DE JES\u00daS Matos","date":"1 de mayo de 2024","format":false,"excerpt":"Santo Domingo Este.- Promipyme, en su esfuerzo continuo por fortalecer a los micro, medianos y peque\u00f1os empresarios, entreg\u00f3 cr\u00e9ditos por valor de 45 millones de pesos dominicanos este martes 30 de abril a 300 ciudadanos de Santo Domingo Este. Fabricio G\u00f3mez Mazara, director general de la instituci\u00f3n, encabez\u00f3 la entrega\u2026","rel":"","context":"En \u00abPORTADA\u00bb","block_context":{"text":"PORTADA","link":"https:\/\/lasprimeras.com.do\/index.php\/category\/portada\/"},"img":{"alt_text":"","src":"https:\/\/i0.wp.com\/lasprimeras.com.do\/wp-content\/uploads\/2024\/05\/WhatsApp-Image-2024-05-01-at-9.11.52-AM-scaled.jpeg?resize=350%2C200&ssl=1","width":350,"height":200,"srcset":"https:\/\/i0.wp.com\/lasprimeras.com.do\/wp-content\/uploads\/2024\/05\/WhatsApp-Image-2024-05-01-at-9.11.52-AM-scaled.jpeg?resize=350%2C200&ssl=1 1x, https:\/\/i0.wp.com\/lasprimeras.com.do\/wp-content\/uploads\/2024\/05\/WhatsApp-Image-2024-05-01-at-9.11.52-AM-scaled.jpeg?resize=525%2C300&ssl=1 1.5x, https:\/\/i0.wp.com\/lasprimeras.com.do\/wp-content\/uploads\/2024\/05\/WhatsApp-Image-2024-05-01-at-9.11.52-AM-scaled.jpeg?resize=700%2C400&ssl=1 2x, https:\/\/i0.wp.com\/lasprimeras.com.do\/wp-content\/uploads\/2024\/05\/WhatsApp-Image-2024-05-01-at-9.11.52-AM-scaled.jpeg?resize=1050%2C600&ssl=1 3x, https:\/\/i0.wp.com\/lasprimeras.com.do\/wp-content\/uploads\/2024\/05\/WhatsApp-Image-2024-05-01-at-9.11.52-AM-scaled.jpeg?resize=1400%2C800&ssl=1 4x"},"classes":[]},{"id":79264,"url":"https:\/\/lasprimeras.com.do\/index.php\/2024\/03\/25\/david-ortiz-impulsa-el-emprendimiento-exhorta-a-visitar-promipyme-para-obtener-prestamos\/","url_meta":{"origin":105585,"position":3},"title":"David Ort\u00edz impulsa el emprendimiento: exhorta a visitar Promipyme para obtener pr\u00e9stamos","author":"BIMARY DE JES\u00daS Matos","date":"25 de marzo de 2024","format":false,"excerpt":"Martin Restituyo Santo Domingo. - David Ort\u00edz, distinguido ex pelotero de las Grandes Ligas, realiz\u00f3 un llamado a los emprendedores dominicanos para que se acerquen a Promipyme con el objetivo de acceder a su variada oferta de pr\u00e9stamos, destacando las competitivas tasas de inter\u00e9s que maneja la instituci\u00f3n. Durante una\u2026","rel":"","context":"En \u00abNACIONALES\u00bb","block_context":{"text":"NACIONALES","link":"https:\/\/lasprimeras.com.do\/index.php\/category\/nacionales\/"},"img":{"alt_text":"","src":"https:\/\/i0.wp.com\/lasprimeras.com.do\/wp-content\/uploads\/2024\/03\/IMG-20240325-WA0021.jpg?resize=350%2C200&ssl=1","width":350,"height":200,"srcset":"https:\/\/i0.wp.com\/lasprimeras.com.do\/wp-content\/uploads\/2024\/03\/IMG-20240325-WA0021.jpg?resize=350%2C200&ssl=1 1x, https:\/\/i0.wp.com\/lasprimeras.com.do\/wp-content\/uploads\/2024\/03\/IMG-20240325-WA0021.jpg?resize=525%2C300&ssl=1 1.5x, https:\/\/i0.wp.com\/lasprimeras.com.do\/wp-content\/uploads\/2024\/03\/IMG-20240325-WA0021.jpg?resize=700%2C400&ssl=1 2x, https:\/\/i0.wp.com\/lasprimeras.com.do\/wp-content\/uploads\/2024\/03\/IMG-20240325-WA0021.jpg?resize=1050%2C600&ssl=1 3x"},"classes":[]},{"id":80145,"url":"https:\/\/lasprimeras.com.do\/index.php\/2024\/04\/04\/promipyme-impulsa-el-progreso-en-hato-mayor-con-creditos-por-rd22-6-millones-2\/","url_meta":{"origin":105585,"position":4},"title":"Promipyme impulsa el progreso en Hato Mayor con cr\u00e9ditos por RD$22.6 millones","author":"BIMARY DE JES\u00daS Matos","date":"4 de abril de 2024","format":false,"excerpt":"Santo Domingo.-La entidad empodera a 150 emprendedores y emprendedoras, priorizando el liderazgo femenino como parte esencial del desarrollo econ\u00f3mico y social de la provincia.Promipyme canaliz\u00f3 cr\u00e9ditos por un total de RD$22.6 millones en la provincia de Hato Mayor, beneficiando a 150 microempresarios y emprendedores de los sectores de servicios, industria\u2026","rel":"","context":"En \u00abECONOM\u00cdA\u00bb","block_context":{"text":"ECONOM\u00cdA","link":"https:\/\/lasprimeras.com.do\/index.php\/category\/economia\/"},"img":{"alt_text":"","src":"https:\/\/i0.wp.com\/lasprimeras.com.do\/wp-content\/uploads\/2024\/04\/IMG-20240403-WA0033-scaled-1.jpg?resize=350%2C200&ssl=1","width":350,"height":200,"srcset":"https:\/\/i0.wp.com\/lasprimeras.com.do\/wp-content\/uploads\/2024\/04\/IMG-20240403-WA0033-scaled-1.jpg?resize=350%2C200&ssl=1 1x, https:\/\/i0.wp.com\/lasprimeras.com.do\/wp-content\/uploads\/2024\/04\/IMG-20240403-WA0033-scaled-1.jpg?resize=525%2C300&ssl=1 1.5x, https:\/\/i0.wp.com\/lasprimeras.com.do\/wp-content\/uploads\/2024\/04\/IMG-20240403-WA0033-scaled-1.jpg?resize=700%2C400&ssl=1 2x, https:\/\/i0.wp.com\/lasprimeras.com.do\/wp-content\/uploads\/2024\/04\/IMG-20240403-WA0033-scaled-1.jpg?resize=1050%2C600&ssl=1 3x, https:\/\/i0.wp.com\/lasprimeras.com.do\/wp-content\/uploads\/2024\/04\/IMG-20240403-WA0033-scaled-1.jpg?resize=1400%2C800&ssl=1 4x"},"classes":[]},{"id":80067,"url":"https:\/\/lasprimeras.com.do\/index.php\/2024\/04\/03\/promipyme-impulsa-el-progreso-en-hato-mayor-con-creditos-por-rd22-6-millones\/","url_meta":{"origin":105585,"position":5},"title":"Promipyme impulsa el progreso en Hato Mayor con cr\u00e9ditos por RD$22.6 millones","author":"BIMARY DE JES\u00daS Matos","date":"3 de abril de 2024","format":false,"excerpt":"Martin Restituyo San Pedro de Macor\u00eds. Promipyme canaliz\u00f3 cr\u00e9ditos por un total de RD$22.6 millones en la provincia de Hato Mayor, beneficiando a 150 microempresarios y emprendedores de los sectores de servicios, industria y comercio. De estos cr\u00e9ditos, el 61% fueron dirigidos a mujeres, reafirmando el compromiso de la entidad\u2026","rel":"","context":"En \u00abPORTADA\u00bb","block_context":{"text":"PORTADA","link":"https:\/\/lasprimeras.com.do\/index.php\/category\/portada\/"},"img":{"alt_text":"","src":"https:\/\/i0.wp.com\/lasprimeras.com.do\/wp-content\/uploads\/2024\/04\/410c902c-e477-4045-a012-16cab1f03902.jpeg?resize=350%2C200&ssl=1","width":350,"height":200,"srcset":"https:\/\/i0.wp.com\/lasprimeras.com.do\/wp-content\/uploads\/2024\/04\/410c902c-e477-4045-a012-16cab1f03902.jpeg?resize=350%2C200&ssl=1 1x, https:\/\/i0.wp.com\/lasprimeras.com.do\/wp-content\/uploads\/2024\/04\/410c902c-e477-4045-a012-16cab1f03902.jpeg?resize=525%2C300&ssl=1 1.5x, https:\/\/i0.wp.com\/lasprimeras.com.do\/wp-content\/uploads\/2024\/04\/410c902c-e477-4045-a012-16cab1f03902.jpeg?resize=700%2C400&ssl=1 2x, https:\/\/i0.wp.com\/lasprimeras.com.do\/wp-content\/uploads\/2024\/04\/410c902c-e477-4045-a012-16cab1f03902.jpeg?resize=1050%2C600&ssl=1 3x"},"classes":[]}],"jetpack_sharing_enabled":true,"_links":{"self":[{"href":"https:\/\/lasprimeras.com.do\/index.php\/wp-json\/wp\/v2\/posts\/105585","targetHints":{"allow":["GET"]}}],"collection":[{"href":"https:\/\/lasprimeras.com.do\/index.php\/wp-json\/wp\/v2\/posts"}],"about":[{"href":"https:\/\/lasprimeras.com.do\/index.php\/wp-json\/wp\/v2\/types\/post"}],"author":[{"embeddable":true,"href":"https:\/\/lasprimeras.com.do\/index.php\/wp-json\/wp\/v2\/users\/10"}],"replies":[{"embeddable":true,"href":"https:\/\/lasprimeras.com.do\/index.php\/wp-json\/wp\/v2\/comments?post=105585"}],"version-history":[{"count":1,"href":"https:\/\/lasprimeras.com.do\/index.php\/wp-json\/wp\/v2\/posts\/105585\/revisions"}],"predecessor-version":[{"id":105589,"href":"https:\/\/lasprimeras.com.do\/index.php\/wp-json\/wp\/v2\/posts\/105585\/revisions\/105589"}],"wp:featuredmedia":[{"embeddable":true,"href":"https:\/\/lasprimeras.com.do\/index.php\/wp-json\/wp\/v2\/media\/105586"}],"wp:attachment":[{"href":"https:\/\/lasprimeras.com.do\/index.php\/wp-json\/wp\/v2\/media?parent=105585"}],"wp:term":[{"taxonomy":"category","embeddable":true,"href":"https:\/\/lasprimeras.com.do\/index.php\/wp-json\/wp\/v2\/categories?post=105585"},{"taxonomy":"post_tag","embeddable":true,"href":"https:\/\/lasprimeras.com.do\/index.php\/wp-json\/wp\/v2\/tags?post=105585"}],"curies":[{"name":"wp","href":"https:\/\/api.w.org\/{rel}","templated":true}]}}