{"id":105599,"date":"2025-08-05T09:07:24","date_gmt":"2025-08-05T13:07:24","guid":{"rendered":"https:\/\/lasprimeras.com.do\/?p=105599"},"modified":"2025-08-05T09:07:26","modified_gmt":"2025-08-05T13:07:26","slug":"bauta-rojas-denuncia-crisis-agricola-en-la-republica-dominicana-es-catastrofica","status":"publish","type":"post","link":"https:\/\/lasprimeras.com.do\/index.php\/2025\/08\/05\/bauta-rojas-denuncia-crisis-agricola-en-la-republica-dominicana-es-catastrofica\/","title":{"rendered":"Bauta Rojas denuncia crisis agr\u00edcola en la Rep\u00fablica Dominicana es catastr\u00f3fica"},"content":{"rendered":"\n<p>El secretario de Organizaci\u00f3n del Partido La Fuerza del Pueblo, Bautista Rojas G\u00f3mez, manifest\u00f3 hoy su preocupaci\u00f3n por la situaci\u00f3n cr\u00edtica que enfrenta la agricultura en la Rep\u00fablica Dominicana.<\/p>\n\n\n\n<p>En una declaraci\u00f3n en el programa A Diario, Rojas G\u00f3mez revel\u00f3 que m\u00e1s de 4 millones de quintales de arroz fueron importados desde otros pa\u00edses, pero lamentablemente, el pueblo dominicano no se benefici\u00f3 de esta importaci\u00f3n, ya que el arroz fue exportado hacia Hait\u00ed.<\/p>\n\n\n\n<p>El exministro de Salud Publica, resalt\u00f3 que las factor\u00edas de arroz en San Francisco de Macor\u00eds, Bajo Yuna y otras provincias productoras del cereal est\u00e1n colapsadas, debido a que no han recibido los fondos correspondientes a la pignoraci\u00f3n del a\u00f1o pasado.<\/p>\n\n\n\n<p>El dirigente de la Fuerza del Pueblo, afirm\u00f3 que esta falta de apoyo financiero ha agravado la situaci\u00f3n, dejando a los productores sin recursos para operar y mantener sus cosechas.<\/p>\n\n\n\n<p>Rojas G\u00f3mez calific\u00f3 la situaci\u00f3n agr\u00edcola como catastr\u00f3fica, subrayando que esta crisis ha resultado en una escasez significativa de arroz en el mercado local, lo que a su vez ha provocado un aumento en los precios en los comercios nacionales.<\/p>\n\n\n\n<p>Advirti\u00f3 que esta crisis ha provocado una escasez de arroz en los mercados locales, lo que ha llevado a un notable incremento en los precios en los comercios nacionales.<\/p>\n\n\n\n<p>Rojas G\u00f3mez hizo un llamado urgente al gobierno y a las instituciones correspondientes para que tomen medidas inmediatas que garanticen la recuperaci\u00f3n del sector agr\u00edcola y el bienestar de los dominicanos, asegurando que el arroz producido en el pa\u00eds sea prioritariamente destinado al consumo interno.<\/p>\n","protected":false},"excerpt":{"rendered":"<p>El secretario de Organizaci\u00f3n del Partido La Fuerza del Pueblo, Bautista Rojas G\u00f3mez, manifest\u00f3 hoy su preocupaci\u00f3n por la situaci\u00f3n cr\u00edtica que enfrenta la agricultura en la Rep\u00fablica Dominicana. En&hellip;<\/p>\n","protected":false},"author":10,"featured_media":54531,"comment_status":"open","ping_status":"open","sticky":false,"template":"","format":"standard","meta":{"content-type":"","jetpack_post_was_ever_published":false,"_jetpack_newsletter_access":"","_jetpack_dont_email_post_to_subs":false,"_jetpack_newsletter_tier_id":0,"_jetpack_memberships_contains_paywalled_content":false,"_jetpack_memberships_contains_paid_content":false,"footnotes":""},"categories":[39,25],"tags":[3291,22741,158,1226],"class_list":["post-105599","post","type-post","status-publish","format-standard","has-post-thumbnail","hentry","category-economia","category-portada","tag-bauta-rojas","tag-crisis-agricola","tag-fuerza-del-pueblo","tag-republica-dominicana"],"jetpack_featured_media_url":"https:\/\/lasprimeras.com.do\/wp-content\/uploads\/2023\/07\/Bauta-Rojas.jpg","jetpack-related-posts":[{"id":127761,"url":"https:\/\/lasprimeras.com.do\/index.php\/2026\/04\/15\/bauta-rojas-gomez-plantea-soluciones-ante-efectos-de-lluvias\/","url_meta":{"origin":105599,"position":0},"title":"Bauta Rojas G\u00f3mez plantea soluciones ante efectos de lluvias","author":"Nelson Feliz","date":"15 de abril de 2026","format":false,"excerpt":"Rojas G\u00f3mez alerta sobre da\u00f1os ambientales en el pa\u00eds. El exsenador por la provincia Hermanas Mirabal y dirigente de la Fuerza del Pueblo, Bautista Rojas G\u00f3mez, inform\u00f3 que el Presidente Luis Abinader, no ha llevado soluciones concretas en los recorridos realizados en distintos barrios del Gran Santo Domingo, donde se\u2026","rel":"","context":"En \u00abPOLITICA\u00bb","block_context":{"text":"POLITICA","link":"https:\/\/lasprimeras.com.do\/index.php\/category\/politica\/"},"img":{"alt_text":"Bautista Rojas G\u00f3mez","src":"https:\/\/i0.wp.com\/lasprimeras.com.do\/wp-content\/uploads\/2023\/07\/Bauta-Rojas.jpg?resize=350%2C200&ssl=1","width":350,"height":200,"srcset":"https:\/\/i0.wp.com\/lasprimeras.com.do\/wp-content\/uploads\/2023\/07\/Bauta-Rojas.jpg?resize=350%2C200&ssl=1 1x, https:\/\/i0.wp.com\/lasprimeras.com.do\/wp-content\/uploads\/2023\/07\/Bauta-Rojas.jpg?resize=525%2C300&ssl=1 1.5x, https:\/\/i0.wp.com\/lasprimeras.com.do\/wp-content\/uploads\/2023\/07\/Bauta-Rojas.jpg?resize=700%2C400&ssl=1 2x"},"classes":[]},{"id":52293,"url":"https:\/\/lasprimeras.com.do\/index.php\/2023\/06\/08\/bauta-rojas-anuncia-que-aspirara-nueva-vez-a-la-senaduria-de-hermanas-mirabal\/","url_meta":{"origin":105599,"position":1},"title":"Bauta Rojas anuncia que aspirara nueva vez a la senadur\u00eda de Hermanas Mirabal","author":"prenxa100","date":"8 de junio de 2023","format":false,"excerpt":"El senador de la Fuerza del Pueblo por la provincia Hermanas Mirabal, doctor Bautista Rojas G\u00f3mez, anunci\u00f3 que asumi\u00f3 el compromiso de continuar siendo su representante en el Senado de la Rep\u00fablica. Rojas G\u00f3mez, dijo que est\u00e1 convencido y comprometido con el desarrollo social y econ\u00f3mico de la provincia Hermanas\u2026","rel":"","context":"En \u00abPORTADA\u00bb","block_context":{"text":"PORTADA","link":"https:\/\/lasprimeras.com.do\/index.php\/category\/portada\/"},"img":{"alt_text":"","src":"","width":0,"height":0},"classes":[]},{"id":61314,"url":"https:\/\/lasprimeras.com.do\/index.php\/2023\/09\/25\/bauta-acusa-a-vinicio-castillo-seman-de-ser-un-agente-pagado-por-el-gobierno\/","url_meta":{"origin":105599,"position":2},"title":"Bauta acusa a Vinicio Castillo Sem\u00e1n de ser un agente pagado por el gobierno","author":"Nelson Feliz","date":"25 de septiembre de 2023","format":false,"excerpt":"El miembro de la Direcci\u00f3n Pol\u00edtica del Partido Fuerza del Pueblo, Bautista Rojas G\u00f3mez, calific\u00f3 a Vinicio Castillo Sem\u00e1n de ser un agente pagado por el gobierno y quien es una persona mal agradecida. Rojas G\u00f3mez, dijo que el dirigente de la Fuerza Nacional progresista est\u00e1 vinculado a negocios con\u2026","rel":"","context":"En \u00abPORTADA\u00bb","block_context":{"text":"PORTADA","link":"https:\/\/lasprimeras.com.do\/index.php\/category\/portada\/"},"img":{"alt_text":"Bautista Rojas G\u00f3mez","src":"https:\/\/i0.wp.com\/lasprimeras.com.do\/wp-content\/uploads\/2023\/07\/Bauta-Rojas.jpg?resize=350%2C200&ssl=1","width":350,"height":200,"srcset":"https:\/\/i0.wp.com\/lasprimeras.com.do\/wp-content\/uploads\/2023\/07\/Bauta-Rojas.jpg?resize=350%2C200&ssl=1 1x, https:\/\/i0.wp.com\/lasprimeras.com.do\/wp-content\/uploads\/2023\/07\/Bauta-Rojas.jpg?resize=525%2C300&ssl=1 1.5x, https:\/\/i0.wp.com\/lasprimeras.com.do\/wp-content\/uploads\/2023\/07\/Bauta-Rojas.jpg?resize=700%2C400&ssl=1 2x"},"classes":[]},{"id":128082,"url":"https:\/\/lasprimeras.com.do\/index.php\/2026\/04\/19\/ministro-de-agricultura-republica-dominicana-lidera-produccion-de-arroz-en-caribe-y-centroamerica\/","url_meta":{"origin":105599,"position":3},"title":"Ministro de Agricultura: Rep\u00fablica Dominicana lidera producci\u00f3n de arroz en Caribe y Centroam\u00e9rica","author":"Nelson Feliz","date":"19 de abril de 2026","format":false,"excerpt":"En el lanzamiento del inicio de la cosecha de arroz, encabezado por el presidente Luis Abinader, tambi\u00e9n destaca que la comida del pueblo dominicano est\u00e1 garantizada; inventarios de arroz superan los 5 millones de quintales Director de ADOFA, Heraldo Suero, resalta el liderazgo del presidente Abinader y su respaldo constante\u2026","rel":"","context":"En \u00abECONOM\u00cdA\u00bb","block_context":{"text":"ECONOM\u00cdA","link":"https:\/\/lasprimeras.com.do\/index.php\/category\/economia\/"},"img":{"alt_text":"","src":"https:\/\/i0.wp.com\/lasprimeras.com.do\/wp-content\/uploads\/2026\/04\/arroz-1.jpg?resize=350%2C200&ssl=1","width":350,"height":200,"srcset":"https:\/\/i0.wp.com\/lasprimeras.com.do\/wp-content\/uploads\/2026\/04\/arroz-1.jpg?resize=350%2C200&ssl=1 1x, https:\/\/i0.wp.com\/lasprimeras.com.do\/wp-content\/uploads\/2026\/04\/arroz-1.jpg?resize=525%2C300&ssl=1 1.5x, https:\/\/i0.wp.com\/lasprimeras.com.do\/wp-content\/uploads\/2026\/04\/arroz-1.jpg?resize=700%2C400&ssl=1 2x"},"classes":[]},{"id":70617,"url":"https:\/\/lasprimeras.com.do\/index.php\/2023\/12\/12\/bauta-rojas-abandona-reunion-del-cnm-donde-se-eligen-jueces-del-tc\/","url_meta":{"origin":105599,"position":4},"title":"Bauta Rojas abandona reuni\u00f3n del CNM donde se eligen jueces del TC","author":"Nelson Feliz","date":"12 de diciembre de 2023","format":false,"excerpt":"El senador y miembro del Consejo Nacional de la Magistratura (CNM), Bautista Rojas G\u00f3mez, abandon\u00f3 el lunes la reuni\u00f3n de selecci\u00f3n de los cinco nuevos jueces para el Tribunal Constitucional. \"Yo me retiro, ellos siguen en su cosa, no estoy de acuerdo con lo que est\u00e1 sucediendo ah\u00ed\", dijo el\u2026","rel":"","context":"En \u00abPORTADA\u00bb","block_context":{"text":"PORTADA","link":"https:\/\/lasprimeras.com.do\/index.php\/category\/portada\/"},"img":{"alt_text":"Bautista Rojas G\u00f3mez","src":"https:\/\/i0.wp.com\/lasprimeras.com.do\/wp-content\/uploads\/2023\/12\/Bautista-Rojas-Gomez.jpg?resize=350%2C200&ssl=1","width":350,"height":200,"srcset":"https:\/\/i0.wp.com\/lasprimeras.com.do\/wp-content\/uploads\/2023\/12\/Bautista-Rojas-Gomez.jpg?resize=350%2C200&ssl=1 1x, https:\/\/i0.wp.com\/lasprimeras.com.do\/wp-content\/uploads\/2023\/12\/Bautista-Rojas-Gomez.jpg?resize=525%2C300&ssl=1 1.5x, https:\/\/i0.wp.com\/lasprimeras.com.do\/wp-content\/uploads\/2023\/12\/Bautista-Rojas-Gomez.jpg?resize=700%2C400&ssl=1 2x"},"classes":[]},{"id":70310,"url":"https:\/\/lasprimeras.com.do\/index.php\/2023\/12\/10\/leonel-fernandez-dice-bauta-rojas-tendra-un-triunfo-apoteosico\/","url_meta":{"origin":105599,"position":5},"title":"Leonel Fern\u00e1ndez dice Bauta Rojas tendr\u00e1 un triunfo apote\u00f3sico","author":"Nelson Feliz","date":"10 de diciembre de 2023","format":false,"excerpt":"El entusiasmo de la gente para recibir al l\u00edder de la Fuerza del Pueblo (FP) se dej\u00f3 sentir en cada una de las expresiones rebosantes de baile y alegr\u00eda en las calles de los municipios de la provincia Hermanas Mirabal en la marcha caravana por diferentes pueblos del nordeste. El\u2026","rel":"","context":"En \u00abSin categor\u00eda\u00bb","block_context":{"text":"Sin categor\u00eda","link":"https:\/\/lasprimeras.com.do\/index.php\/category\/sin-categoria\/"},"img":{"alt_text":"Leonel Fern\u00e1ndez","src":"https:\/\/i0.wp.com\/lasprimeras.com.do\/wp-content\/uploads\/2023\/12\/Leonel-Fernandez-2-2.jpg?resize=350%2C200&ssl=1","width":350,"height":200,"srcset":"https:\/\/i0.wp.com\/lasprimeras.com.do\/wp-content\/uploads\/2023\/12\/Leonel-Fernandez-2-2.jpg?resize=350%2C200&ssl=1 1x, https:\/\/i0.wp.com\/lasprimeras.com.do\/wp-content\/uploads\/2023\/12\/Leonel-Fernandez-2-2.jpg?resize=525%2C300&ssl=1 1.5x, https:\/\/i0.wp.com\/lasprimeras.com.do\/wp-content\/uploads\/2023\/12\/Leonel-Fernandez-2-2.jpg?resize=700%2C400&ssl=1 2x"},"classes":[]}],"jetpack_sharing_enabled":true,"_links":{"self":[{"href":"https:\/\/lasprimeras.com.do\/index.php\/wp-json\/wp\/v2\/posts\/105599","targetHints":{"allow":["GET"]}}],"collection":[{"href":"https:\/\/lasprimeras.com.do\/index.php\/wp-json\/wp\/v2\/posts"}],"about":[{"href":"https:\/\/lasprimeras.com.do\/index.php\/wp-json\/wp\/v2\/types\/post"}],"author":[{"embeddable":true,"href":"https:\/\/lasprimeras.com.do\/index.php\/wp-json\/wp\/v2\/users\/10"}],"replies":[{"embeddable":true,"href":"https:\/\/lasprimeras.com.do\/index.php\/wp-json\/wp\/v2\/comments?post=105599"}],"version-history":[{"count":2,"href":"https:\/\/lasprimeras.com.do\/index.php\/wp-json\/wp\/v2\/posts\/105599\/revisions"}],"predecessor-version":[{"id":105601,"href":"https:\/\/lasprimeras.com.do\/index.php\/wp-json\/wp\/v2\/posts\/105599\/revisions\/105601"}],"wp:featuredmedia":[{"embeddable":true,"href":"https:\/\/lasprimeras.com.do\/index.php\/wp-json\/wp\/v2\/media\/54531"}],"wp:attachment":[{"href":"https:\/\/lasprimeras.com.do\/index.php\/wp-json\/wp\/v2\/media?parent=105599"}],"wp:term":[{"taxonomy":"category","embeddable":true,"href":"https:\/\/lasprimeras.com.do\/index.php\/wp-json\/wp\/v2\/categories?post=105599"},{"taxonomy":"post_tag","embeddable":true,"href":"https:\/\/lasprimeras.com.do\/index.php\/wp-json\/wp\/v2\/tags?post=105599"}],"curies":[{"name":"wp","href":"https:\/\/api.w.org\/{rel}","templated":true}]}}