{"id":105617,"date":"2025-08-05T10:55:45","date_gmt":"2025-08-05T14:55:45","guid":{"rendered":"https:\/\/lasprimeras.com.do\/?p=105617"},"modified":"2025-08-05T10:55:46","modified_gmt":"2025-08-05T14:55:46","slug":"jce-habilita-formulario-digital-acercate-para-actualizar-datos-de-la-ciudadania-con-miras-a-nueva-cedula","status":"publish","type":"post","link":"https:\/\/lasprimeras.com.do\/index.php\/2025\/08\/05\/jce-habilita-formulario-digital-acercate-para-actualizar-datos-de-la-ciudadania-con-miras-a-nueva-cedula\/","title":{"rendered":"JCE habilita formulario digital \u201cAc\u00e9rcate\u201d para actualizar datos de la ciudadan\u00eda con miras a nueva c\u00e9dula"},"content":{"rendered":"\n<p>La Junta Central Electoral (JCE) puso en funcionamiento el formulario digital \u201cAc\u00e9rcate\u201d como parte de los trabajos previos que realiza la instituci\u00f3n en la ruta que desarrolla hacia el cambio de la c\u00e9dula, previsto para iniciar en el \u00faltimo trimestre del a\u00f1o.<\/p>\n\n\n\n<p>El \u201cAc\u00e9rcate\u201d busca tener datos de contacto actualizados de la ciudadan\u00eda, a fin de que la instituci\u00f3n pueda comunicarse con ellos, en caso de ser necesario, antes del inicio del proceso.<\/p>\n\n\n\n<p>\u201cComo se ha explicado en diferentes encuentros de socializaci\u00f3n que el cambio de la c\u00e9dula trae consigo una nueva depuraci\u00f3n del Registro Civil. De manera proactiva la JCE tiene equipos de trabajo verificando que los datos de las actas de nacimiento coincidan con los de la c\u00e9dula. <\/p>\n\n\n\n<p>En ese proceso, existe la posibilidad de que se requiera contactar al ciudadano\/a para obtener de ellos cualquier informaci\u00f3n adicional o confirmaci\u00f3n que deba ser suministrada por ellos\u201d, explic\u00f3 la JCE a trav\u00e9s de su Direcci\u00f3n de Comunicaciones.<\/p>\n\n\n\n<p>La instituci\u00f3n record\u00f3 que, anterior al a\u00f1o 1997, la C\u00e9dula de Identidad y el Registro Civil se manejaban por separado de manera que para una persona obtener c\u00e9dula no se requer\u00eda de su acta de nacimiento.<\/p>\n\n\n\n<p>Se\u00f1ala que esa problem\u00e1tica se ha ido solucionando en la medida que se han desarrollado los diferentes procesos de transformaci\u00f3n y modernizaci\u00f3n llevados a cabo por la JCE, as\u00ed como los esfuerzos realizados en ocasi\u00f3n de renovaciones anteriores, sin embargo, pueden persistir situaciones que ameriten contactar a la ciudadan\u00eda para ser atendidas.<\/p>\n\n\n\n<p>En esta ocasi\u00f3n se est\u00e1 trabajando de manera previa al proceso de cambio de c\u00e9dula para que, finalmente, la ciudadan\u00eda cuente con un registro civil depurado, procurando agilizar el proceso de verificaci\u00f3n que permita subsanar cualquier situaci\u00f3n identificada, antes de que el ciudadano\/a se presente a solicitar su nuevo documento.<\/p>\n\n\n\n<p>Al formulario digital de contacto \u201cAc\u00e9rcate\u201d se accede de manera directa a trav\u00e9s del enlace ac\u00e9rcate.jce.gob.do y est\u00e1 colgado en el portal digital de la JCE. Tambi\u00e9n estar\u00e1 siendo difundido en los dem\u00e1s canales digitales de la instituci\u00f3n.<\/p>\n\n\n\n<p>En el mismo solo se requiere completar los datos de contacto que se indican y enviarlo, por esa misma v\u00eda, para que est\u00e9n disponibles en caso de que un representante de la instituci\u00f3n requiera establecer comunicaci\u00f3n con alg\u00fan ciudadano\/a.<\/p>\n\n\n\n<p>Se recuerda que la JCE est\u00e1 trabajando de manera permanente y proactiva en el proceso de cambio de c\u00e9dula, para que una vez inicie, la ciudadan\u00eda cuente con un servicio \u00e1gil, efectivo, depurado y seguro.<\/p>\n","protected":false},"excerpt":{"rendered":"<p>La Junta Central Electoral (JCE) puso en funcionamiento el formulario digital \u201cAc\u00e9rcate\u201d como parte de los trabajos previos que realiza la instituci\u00f3n en la ruta que desarrolla hacia el cambio&hellip;<\/p>\n","protected":false},"author":10,"featured_media":105618,"comment_status":"open","ping_status":"open","sticky":false,"template":"","format":"standard","meta":{"content-type":"","jetpack_post_was_ever_published":false,"_jetpack_newsletter_access":"","_jetpack_dont_email_post_to_subs":false,"_jetpack_newsletter_tier_id":0,"_jetpack_memberships_contains_paywalled_content":false,"_jetpack_memberships_contains_paid_content":false,"footnotes":""},"categories":[35,25],"tags":[22755,22756,9111,22754,2828,183,17174],"class_list":["post-105617","post","type-post","status-publish","format-standard","has-post-thumbnail","hentry","category-nacionales","category-portada","tag-acercate","tag-actualizar-datos","tag-ciudadania","tag-formulario-digital","tag-habilita","tag-jce","tag-nueva-cedula"],"jetpack_featured_media_url":"https:\/\/lasprimeras.com.do\/wp-content\/uploads\/2025\/08\/jce-acercate.jpg","jetpack-related-posts":[{"id":124739,"url":"https:\/\/lasprimeras.com.do\/index.php\/2026\/03\/16\/robert-polanco-destaca-eficiencia-de-jce-en-proceso-de-emision-de-la-nueva-cedula\/","url_meta":{"origin":105617,"position":0},"title":"Robert Polanco destaca eficiencia de JCE en proceso de emisi\u00f3n de la nueva c\u00e9dula","author":"Nelson Feliz","date":"16 de marzo de 2026","format":false,"excerpt":"_Director de Propeep valora agilidad y calidad del servicio ofrecido por la Junta Central Electoral_ El director de Proyectos Estrat\u00e9gicos y Especiales de la Presidencia (Propeep), Robert Polanco, recibi\u00f3 este lunes su nueva c\u00e9dula de identidad y electoral, acto donde destac\u00f3 la eficiencia con que la Junta Central Electoral (JCE)\u2026","rel":"","context":"En \u00abNACIONALES\u00bb","block_context":{"text":"NACIONALES","link":"https:\/\/lasprimeras.com.do\/index.php\/category\/nacionales\/"},"img":{"alt_text":"","src":"https:\/\/i0.wp.com\/lasprimeras.com.do\/wp-content\/uploads\/2026\/03\/IMG-20260316-WA0401.jpg?resize=350%2C200&ssl=1","width":350,"height":200,"srcset":"https:\/\/i0.wp.com\/lasprimeras.com.do\/wp-content\/uploads\/2026\/03\/IMG-20260316-WA0401.jpg?resize=350%2C200&ssl=1 1x, https:\/\/i0.wp.com\/lasprimeras.com.do\/wp-content\/uploads\/2026\/03\/IMG-20260316-WA0401.jpg?resize=525%2C300&ssl=1 1.5x, https:\/\/i0.wp.com\/lasprimeras.com.do\/wp-content\/uploads\/2026\/03\/IMG-20260316-WA0401.jpg?resize=700%2C400&ssl=1 2x, https:\/\/i0.wp.com\/lasprimeras.com.do\/wp-content\/uploads\/2026\/03\/IMG-20260316-WA0401.jpg?resize=1050%2C600&ssl=1 3x"},"classes":[]},{"id":127521,"url":"https:\/\/lasprimeras.com.do\/index.php\/2026\/04\/13\/jce-inicio-este-domingo-la-renovacion-de-la-nueva-cedula-a-nivel-nacional\/","url_meta":{"origin":105617,"position":1},"title":"JCE inici\u00f3 este domingo la renovaci\u00f3n de la nueva c\u00e9dula a nivel nacional","author":"Nelson Feliz","date":"13 de abril de 2026","format":false,"excerpt":"La Junta Central Electoral (JCE) inici\u00f3 oficialmente este domingo el proceso de renovaci\u00f3n de la c\u00e9dula de identidad y la c\u00e9dula de identidad y electoral en todo el territorio nacional. A partir de esta fecha, la ciudadan\u00eda podr\u00e1 realizar la captura de sus datos biom\u00e9tricos y personales con entrega inmediata\u2026","rel":"","context":"En \u00abNACIONALES\u00bb","block_context":{"text":"NACIONALES","link":"https:\/\/lasprimeras.com.do\/index.php\/category\/nacionales\/"},"img":{"alt_text":"","src":"https:\/\/i0.wp.com\/lasprimeras.com.do\/wp-content\/uploads\/2025\/11\/JCE.jpg?resize=350%2C200&ssl=1","width":350,"height":200,"srcset":"https:\/\/i0.wp.com\/lasprimeras.com.do\/wp-content\/uploads\/2025\/11\/JCE.jpg?resize=350%2C200&ssl=1 1x, https:\/\/i0.wp.com\/lasprimeras.com.do\/wp-content\/uploads\/2025\/11\/JCE.jpg?resize=525%2C300&ssl=1 1.5x, https:\/\/i0.wp.com\/lasprimeras.com.do\/wp-content\/uploads\/2025\/11\/JCE.jpg?resize=700%2C400&ssl=1 2x"},"classes":[]},{"id":119292,"url":"https:\/\/lasprimeras.com.do\/index.php\/2026\/01\/10\/jce-presenta-a-la-ciudadania-plataforma-digital-del-observatorio-de-participacion-politica-de-las-mujeres-2\/","url_meta":{"origin":105617,"position":2},"title":"JCE presenta a la ciudadan\u00eda plataforma digital del Observatorio de Participaci\u00f3n Pol\u00edtica de las Mujeres","author":"Nelson Feliz","date":"10 de enero de 2026","format":false,"excerpt":"Junta Central Electoral informa que se llevar\u00e1 a cabo la captura de datos biom\u00e9tricos y personales para el proceso de la renovaci\u00f3n de la c\u00e9dula La Junta Central Electoral (JCE), a trav\u00e9s de la Comisi\u00f3n de Pol\u00edticas de Igualdad de G\u00e9nero de la instituci\u00f3n, present\u00f3 a la ciudadan\u00eda a trav\u00e9s\u2026","rel":"","context":"En \u00abNACIONALES\u00bb","block_context":{"text":"NACIONALES","link":"https:\/\/lasprimeras.com.do\/index.php\/category\/nacionales\/"},"img":{"alt_text":"","src":"https:\/\/i0.wp.com\/lasprimeras.com.do\/wp-content\/uploads\/2025\/06\/jce-2.jpg?resize=350%2C200&ssl=1","width":350,"height":200,"srcset":"https:\/\/i0.wp.com\/lasprimeras.com.do\/wp-content\/uploads\/2025\/06\/jce-2.jpg?resize=350%2C200&ssl=1 1x, https:\/\/i0.wp.com\/lasprimeras.com.do\/wp-content\/uploads\/2025\/06\/jce-2.jpg?resize=525%2C300&ssl=1 1.5x, https:\/\/i0.wp.com\/lasprimeras.com.do\/wp-content\/uploads\/2025\/06\/jce-2.jpg?resize=700%2C400&ssl=1 2x"},"classes":[]},{"id":120360,"url":"https:\/\/lasprimeras.com.do\/index.php\/2026\/01\/22\/jce-presenta-avances-del-cambio-de-la-nueva-cedula-a-organizaciones-politicas\/","url_meta":{"origin":105617,"position":3},"title":"JCE presenta avances del cambio de la nueva c\u00e9dula a organizaciones pol\u00edticas","author":"Nelson Feliz","date":"22 de enero de 2026","format":false,"excerpt":"La Junta Central Electoral (JCE) realiz\u00f3 este jueves una sesi\u00f3n informativa y operativa dirigida a delegados de las organizaciones pol\u00edticas, con el objetivo de presentar los avances en el flujo del proceso de cambio de la c\u00e9dula de identidad y c\u00e9dula de identidad y electoral. La reuni\u00f3n fue encabezada por\u2026","rel":"","context":"En \u00abSin categor\u00eda\u00bb","block_context":{"text":"Sin categor\u00eda","link":"https:\/\/lasprimeras.com.do\/index.php\/category\/sin-categoria\/"},"img":{"alt_text":"","src":"https:\/\/i0.wp.com\/lasprimeras.com.do\/wp-content\/uploads\/2026\/01\/Avances-1.jpg?resize=350%2C200&ssl=1","width":350,"height":200,"srcset":"https:\/\/i0.wp.com\/lasprimeras.com.do\/wp-content\/uploads\/2026\/01\/Avances-1.jpg?resize=350%2C200&ssl=1 1x, https:\/\/i0.wp.com\/lasprimeras.com.do\/wp-content\/uploads\/2026\/01\/Avances-1.jpg?resize=525%2C300&ssl=1 1.5x, https:\/\/i0.wp.com\/lasprimeras.com.do\/wp-content\/uploads\/2026\/01\/Avances-1.jpg?resize=700%2C400&ssl=1 2x"},"classes":[]},{"id":121265,"url":"https:\/\/lasprimeras.com.do\/index.php\/2026\/02\/02\/jce-entrega-nueva-cedula-a-personas-con-discapacidad-y-miembros-del-salon-de-la-fama\/","url_meta":{"origin":105617,"position":4},"title":"JCE entrega nueva c\u00e9dula a personas con discapacidad y miembros del Sal\u00f3n de la Fama","author":"Nelson Feliz","date":"2 de febrero de 2026","format":false,"excerpt":"Hirayda Marcelle Fern\u00e1ndez Guzm\u00e1n, David Ortiz, Juan Marichal, el presidente de la JCE, Rom\u00e1n Andr\u00e9s J\u00e1quez Liranzo; Pedro Mart\u00ednez y Dolores Altagracia Fern\u00e1ndez S\u00e1nchez. (FUENTE EXTERNA)","rel":"","context":"En \u00abNACIONALES\u00bb","block_context":{"text":"NACIONALES","link":"https:\/\/lasprimeras.com.do\/index.php\/category\/nacionales\/"},"img":{"alt_text":"Hirayda Marcelle Fern\u00e1ndez Guzm\u00e1n, David Ortiz, Juan Marichal, el presidente de la JCE, Rom\u00e1n Andr\u00e9s J\u00e1quez Liranzo; Pedro Mart\u00ednez y Dolores Altagracia Fern\u00e1ndez S\u00e1nchez. (FUENTE EXTERNA)","src":"https:\/\/i0.wp.com\/lasprimeras.com.do\/wp-content\/uploads\/2026\/02\/FAMA.jpg?resize=350%2C200&ssl=1","width":350,"height":200,"srcset":"https:\/\/i0.wp.com\/lasprimeras.com.do\/wp-content\/uploads\/2026\/02\/FAMA.jpg?resize=350%2C200&ssl=1 1x, https:\/\/i0.wp.com\/lasprimeras.com.do\/wp-content\/uploads\/2026\/02\/FAMA.jpg?resize=525%2C300&ssl=1 1.5x, https:\/\/i0.wp.com\/lasprimeras.com.do\/wp-content\/uploads\/2026\/02\/FAMA.jpg?resize=700%2C400&ssl=1 2x"},"classes":[]},{"id":122699,"url":"https:\/\/lasprimeras.com.do\/index.php\/2026\/02\/20\/pleno-de-la-camara-de-cuentas-obtiene-nueva-cedula-de-identidad-y-electoral-en-la-jce\/","url_meta":{"origin":105617,"position":5},"title":"Pleno de la C\u00e1mara de Cuentas obtiene nueva c\u00e9dula de identidad y electoral en la JCE","author":"Nelson Feliz","date":"20 de febrero de 2026","format":false,"excerpt":"La presidenta y los miembros del Pleno de la C\u00e1mara de Cuentas de la Rep\u00fablica Dominicana (CCRD) realizaron el proceso de renovaci\u00f3n de la c\u00e9dula de identidad y electoral en la sede central de la Junta Central Electoral (JCE). Emma Polanco y los dem\u00e1s ejecutivos de la CCRD completaron los\u2026","rel":"","context":"En \u00abNACIONALES\u00bb","block_context":{"text":"NACIONALES","link":"https:\/\/lasprimeras.com.do\/index.php\/category\/nacionales\/"},"img":{"alt_text":"","src":"https:\/\/i0.wp.com\/lasprimeras.com.do\/wp-content\/uploads\/2026\/02\/IMG-20260220-WA0314-scaled.jpg?resize=350%2C200&ssl=1","width":350,"height":200,"srcset":"https:\/\/i0.wp.com\/lasprimeras.com.do\/wp-content\/uploads\/2026\/02\/IMG-20260220-WA0314-scaled.jpg?resize=350%2C200&ssl=1 1x, https:\/\/i0.wp.com\/lasprimeras.com.do\/wp-content\/uploads\/2026\/02\/IMG-20260220-WA0314-scaled.jpg?resize=525%2C300&ssl=1 1.5x, https:\/\/i0.wp.com\/lasprimeras.com.do\/wp-content\/uploads\/2026\/02\/IMG-20260220-WA0314-scaled.jpg?resize=700%2C400&ssl=1 2x, https:\/\/i0.wp.com\/lasprimeras.com.do\/wp-content\/uploads\/2026\/02\/IMG-20260220-WA0314-scaled.jpg?resize=1050%2C600&ssl=1 3x, https:\/\/i0.wp.com\/lasprimeras.com.do\/wp-content\/uploads\/2026\/02\/IMG-20260220-WA0314-scaled.jpg?resize=1400%2C800&ssl=1 4x"},"classes":[]}],"jetpack_sharing_enabled":true,"_links":{"self":[{"href":"https:\/\/lasprimeras.com.do\/index.php\/wp-json\/wp\/v2\/posts\/105617","targetHints":{"allow":["GET"]}}],"collection":[{"href":"https:\/\/lasprimeras.com.do\/index.php\/wp-json\/wp\/v2\/posts"}],"about":[{"href":"https:\/\/lasprimeras.com.do\/index.php\/wp-json\/wp\/v2\/types\/post"}],"author":[{"embeddable":true,"href":"https:\/\/lasprimeras.com.do\/index.php\/wp-json\/wp\/v2\/users\/10"}],"replies":[{"embeddable":true,"href":"https:\/\/lasprimeras.com.do\/index.php\/wp-json\/wp\/v2\/comments?post=105617"}],"version-history":[{"count":1,"href":"https:\/\/lasprimeras.com.do\/index.php\/wp-json\/wp\/v2\/posts\/105617\/revisions"}],"predecessor-version":[{"id":105619,"href":"https:\/\/lasprimeras.com.do\/index.php\/wp-json\/wp\/v2\/posts\/105617\/revisions\/105619"}],"wp:featuredmedia":[{"embeddable":true,"href":"https:\/\/lasprimeras.com.do\/index.php\/wp-json\/wp\/v2\/media\/105618"}],"wp:attachment":[{"href":"https:\/\/lasprimeras.com.do\/index.php\/wp-json\/wp\/v2\/media?parent=105617"}],"wp:term":[{"taxonomy":"category","embeddable":true,"href":"https:\/\/lasprimeras.com.do\/index.php\/wp-json\/wp\/v2\/categories?post=105617"},{"taxonomy":"post_tag","embeddable":true,"href":"https:\/\/lasprimeras.com.do\/index.php\/wp-json\/wp\/v2\/tags?post=105617"}],"curies":[{"name":"wp","href":"https:\/\/api.w.org\/{rel}","templated":true}]}}