{"id":105620,"date":"2025-08-05T11:17:53","date_gmt":"2025-08-05T15:17:53","guid":{"rendered":"https:\/\/lasprimeras.com.do\/?p=105620"},"modified":"2025-08-05T11:17:55","modified_gmt":"2025-08-05T15:17:55","slug":"abinader-recibe-a-estudiantes-meritorios-hijos-de-padres-dominicanos-en-nueva-york","status":"publish","type":"post","link":"https:\/\/lasprimeras.com.do\/index.php\/2025\/08\/05\/abinader-recibe-a-estudiantes-meritorios-hijos-de-padres-dominicanos-en-nueva-york\/","title":{"rendered":"Abinader recibe a estudiantes meritorios hijos de padres dominicanos en Nueva York"},"content":{"rendered":"\n<p><strong>\u201cEste ser\u00e1 siempre su pa\u00eds y tendremos las puertas abiertas para cada uno de ustedes\u201d<\/strong><\/p>\n\n\n\n<p>El presidente Luis Abinader recibi\u00f3 a 30 estudiantes meritorios, hijos de padres dominicanos que residen en Nueva York, Estados Unidos. Esto con el objetivo de fortalecer las ra\u00edces dominicanas en cada uno de esos j\u00f3venes, incentivarlos a mantener el contacto con sus familiares y motivarlos a aprovechar sus talentos para el beneficio de ambos territorios.<\/p>\n\n\n\n<p>Se trata de una nueva iniciativa del consulado dominicano en Nueva York, encabezada por Jes\u00fas -Chu- V\u00e1squez, c\u00f3nsul en esa ciudad, a trav\u00e9s de la cual fueron invitados a la Rep\u00fablica Dominicana para conocer mas a fondo nuestra historia, instituciones y las comunidades en las que nacieron sus padres.<\/p>\n\n\n\n<p>El mandatario, previo a saludar personalmente a cada estudiante, les invit\u00f3 a optar por la doble nacionalidad y obtener su pasaporte dominicano. \u201cEste ser\u00e1 siempre su pa\u00eds y tendremos las puertas abiertas para cada uno de ustedes, por eso, conozcan bien el pa\u00eds, conozcan su historia\u201d.<\/p>\n\n\n\n<p>De su lado, V\u00e1squez manifest\u00f3 que buscan convertirlos en \u201cembajadores de un segmento poblacional joven donde hemos ido perdiendo incidencia\u201d, a trav\u00e9s de campa\u00f1as apoyadas tambi\u00e9n por el sector privado.<\/p>\n\n\n\n<p>Motivar a estudiantes dominicanos del sector p\u00fablico<\/p>\n\n\n\n<p>De igual forma, V\u00e1squez inform\u00f3 que ya est\u00e1n trabajando en una nueva fase de este programa que busca motivar a los estudiantes dominicanos de las escuelas p\u00fablicas, seleccionando a los 50 mejores con el objetivo de llevarlos a la ciudad de Nueva York en un intercambio cultural.<\/p>\n\n\n\n<p>\u201cAs\u00ed creamos mas oportunidades para personas de segmentos vulnerables, adem\u00e1s, premiamos su talento, premiamos las cosas buenas\u201d.<\/p>\n\n\n\n<p>Actividades a desarrollar<\/p>\n\n\n\n<p>Durante su estad\u00eda en el pa\u00eds, que se extender\u00e1 hasta el pr\u00f3ximo domingo, estos j\u00f3venes de ra\u00edces dominicanas visitar\u00e1n el Instituto Duartiano, la Universidad Aut\u00f3noma de Santo Domingo (UASD), el Congreso Nacional, la Liga Municipal Dominicana, la Junta Central Electoral, el Ministerio de Cultura, museos y m\u00e1s.<\/p>\n\n\n\n<p>Adem\u00e1s, ser\u00e1n llevados a los lugares de origen de sus padres, entre estos, Santiago, La Vega, Puerto Plata, los municipios de Tenares y Salcedo en la provincia Hermanas Mirabal, entre otros. Asimismo, sostendr\u00e1n encuentros con personalidades de diversos \u00e1mbitos como, David Ortiz, Pep\u00edn Corripio, Manny Cruz, el equipo de voleibol Las Reina del Caribe y la historiadora Mu-Kien Sang Ben.<\/p>\n\n\n\n<p>Los estudiantes meritorios fueron escogidos en un proceso transparente por las autoridades educativas del Estado de Nueva York y buscan aumentar de 30 a 50, los beneficiados para el pr\u00f3ximo a\u00f1o.<\/p>\n","protected":false},"excerpt":{"rendered":"<p>\u201cEste ser\u00e1 siempre su pa\u00eds y tendremos las puertas abiertas para cada uno de ustedes\u201d El presidente Luis Abinader recibi\u00f3 a 30 estudiantes meritorios, hijos de padres dominicanos que residen&hellip;<\/p>\n","protected":false},"author":10,"featured_media":105621,"comment_status":"open","ping_status":"open","sticky":false,"template":"","format":"standard","meta":{"content-type":"","jetpack_post_was_ever_published":false,"_jetpack_newsletter_access":"","_jetpack_dont_email_post_to_subs":false,"_jetpack_newsletter_tier_id":0,"_jetpack_memberships_contains_paywalled_content":false,"_jetpack_memberships_contains_paid_content":false,"footnotes":""},"categories":[35,25],"tags":[22030,22757,67,104],"class_list":["post-105620","post","type-post","status-publish","format-standard","has-post-thumbnail","hentry","category-nacionales","category-portada","tag-estudiantes-meritorios","tag-hijos-de-padres-dominicanos","tag-luis-abinader","tag-nueva-york"],"jetpack_featured_media_url":"https:\/\/lasprimeras.com.do\/wp-content\/uploads\/2025\/08\/Luis-Abinader.jpg","jetpack-related-posts":[{"id":104168,"url":"https:\/\/lasprimeras.com.do\/index.php\/2025\/07\/22\/entregan-premios-a-estudiantes-meritorios-dominicanos-en-nueva-york\/","url_meta":{"origin":105620,"position":0},"title":"Entregan premios a estudiantes meritorios dominicanos en Nueva York","author":"Nelson Feliz","date":"22 de julio de 2025","format":false,"excerpt":"El presidente Luis Abinader recibir\u00e1 a estudiantes dominicanos meritorios. Nueva York, EE. UU. \u2013 Treinta estudiantes de ascendencia dominicana, reconocidos por su excelencia acad\u00e9mica en el estado de Nueva York, recibieron tabletas electr\u00f3nicas donadas por la Fundaci\u00f3n Rica, como parte del programa \u201cOr\u00edgenes de Excelencia\u201d, una iniciativa que celebra el\u2026","rel":"","context":"En \u00abINTERNACIONALES\u00bb","block_context":{"text":"INTERNACIONALES","link":"https:\/\/lasprimeras.com.do\/index.php\/category\/sin-categoria\/internacionales\/"},"img":{"alt_text":"estudiantes meritorios dominicanos","src":"https:\/\/i0.wp.com\/lasprimeras.com.do\/wp-content\/uploads\/2025\/07\/estudiantes-meritorios-dominicanos.jpg?resize=350%2C200&ssl=1","width":350,"height":200,"srcset":"https:\/\/i0.wp.com\/lasprimeras.com.do\/wp-content\/uploads\/2025\/07\/estudiantes-meritorios-dominicanos.jpg?resize=350%2C200&ssl=1 1x, https:\/\/i0.wp.com\/lasprimeras.com.do\/wp-content\/uploads\/2025\/07\/estudiantes-meritorios-dominicanos.jpg?resize=525%2C300&ssl=1 1.5x, https:\/\/i0.wp.com\/lasprimeras.com.do\/wp-content\/uploads\/2025\/07\/estudiantes-meritorios-dominicanos.jpg?resize=700%2C400&ssl=1 2x"},"classes":[]},{"id":59196,"url":"https:\/\/lasprimeras.com.do\/index.php\/2023\/08\/31\/abinader-recibe-estudiantes-meritorios-hijos-de-dominicanos-en-el-exterior\/","url_meta":{"origin":105620,"position":1},"title":"Abinader recibe estudiantes meritorios hijos de dominicanos en el exterior","author":"Nelson Feliz","date":"31 de agosto de 2023","format":false,"excerpt":"El presidente Luis Abinader recibi\u00f3 la ma\u00f1ana de este jueves a un grupo de 17 estudiantes meritorios hijos de dominicanos residentes en el exterior. Previo a su encuentro con el jefe de Estado, los estudiantes realizaron un recorrido por la casa de gobierno, donde conocieron la estructura completa y su\u2026","rel":"","context":"En \u00abNACIONALES\u00bb","block_context":{"text":"NACIONALES","link":"https:\/\/lasprimeras.com.do\/index.php\/category\/nacionales\/"},"img":{"alt_text":"","src":"https:\/\/i0.wp.com\/lasprimeras.com.do\/wp-content\/uploads\/2023\/08\/MERITORIOS.jpg?resize=350%2C200&ssl=1","width":350,"height":200,"srcset":"https:\/\/i0.wp.com\/lasprimeras.com.do\/wp-content\/uploads\/2023\/08\/MERITORIOS.jpg?resize=350%2C200&ssl=1 1x, https:\/\/i0.wp.com\/lasprimeras.com.do\/wp-content\/uploads\/2023\/08\/MERITORIOS.jpg?resize=525%2C300&ssl=1 1.5x, https:\/\/i0.wp.com\/lasprimeras.com.do\/wp-content\/uploads\/2023\/08\/MERITORIOS.jpg?resize=700%2C400&ssl=1 2x"},"classes":[]},{"id":94722,"url":"https:\/\/lasprimeras.com.do\/index.php\/2025\/03\/04\/presidente-del-senado-anuncia-respaldo-a-proyectos-en-favor-de-la-diaspora\/","url_meta":{"origin":105620,"position":2},"title":"Presidente del Senado anuncia respaldo a proyectos en favor de la di\u00e1spora","author":"Nelson Feliz","date":"4 de marzo de 2025","format":false,"excerpt":"El presidente del Senado, Ricardo de los Santos, recibi\u00f3 este lunes la visita del c\u00f3nsul dominicano en la ciudad de New York, Jes\u00fas Antonio V\u00e1squez, quien acudi\u00f3 a presentarle varias iniciativas que favorecen a los dominicanos residentes en esa urbe. En sus planteamientos, el c\u00f3nsul dominicano present\u00f3 un proyecto de\u2026","rel":"","context":"En \u00abNACIONALES\u00bb","block_context":{"text":"NACIONALES","link":"https:\/\/lasprimeras.com.do\/index.php\/category\/nacionales\/"},"img":{"alt_text":"Ricardo de los Santos","src":"https:\/\/i0.wp.com\/lasprimeras.com.do\/wp-content\/uploads\/2025\/03\/Ricardo-de-los-Santos-3.jpg?resize=350%2C200&ssl=1","width":350,"height":200,"srcset":"https:\/\/i0.wp.com\/lasprimeras.com.do\/wp-content\/uploads\/2025\/03\/Ricardo-de-los-Santos-3.jpg?resize=350%2C200&ssl=1 1x, https:\/\/i0.wp.com\/lasprimeras.com.do\/wp-content\/uploads\/2025\/03\/Ricardo-de-los-Santos-3.jpg?resize=525%2C300&ssl=1 1.5x, https:\/\/i0.wp.com\/lasprimeras.com.do\/wp-content\/uploads\/2025\/03\/Ricardo-de-los-Santos-3.jpg?resize=700%2C400&ssl=1 2x"},"classes":[]},{"id":109932,"url":"https:\/\/lasprimeras.com.do\/index.php\/2025\/09\/23\/mescyt-entrega-108-nuevas-becas-a-estudiantes-meritorios-para-continuar-su-formacion-superior\/","url_meta":{"origin":105620,"position":3},"title":"MESCyT entrega 108 nuevas becas a estudiantes meritorios para continuar su formaci\u00f3n superior","author":"Nelson Feliz","date":"23 de septiembre de 2025","format":false,"excerpt":"El Ministerio de Educaci\u00f3n Superior, Ciencia y Tecnolog\u00eda, (MESCyT) entreg\u00f3 un nuevo grupo de becas nacionales a estudiantes meritorios, seleccionados entre m\u00e1s de 80 mil solicitudes recibidas durante la convocatoria. De acuerdo con las autoridades, la meta es otorgar 8,000 becas, lo que resalta a\u00fan m\u00e1s el m\u00e9rito acad\u00e9mico de\u2026","rel":"","context":"En \u00abNACIONALES\u00bb","block_context":{"text":"NACIONALES","link":"https:\/\/lasprimeras.com.do\/index.php\/category\/nacionales\/"},"img":{"alt_text":"","src":"https:\/\/i0.wp.com\/lasprimeras.com.do\/wp-content\/uploads\/2025\/09\/becas.jpg?resize=350%2C200&ssl=1","width":350,"height":200,"srcset":"https:\/\/i0.wp.com\/lasprimeras.com.do\/wp-content\/uploads\/2025\/09\/becas.jpg?resize=350%2C200&ssl=1 1x, https:\/\/i0.wp.com\/lasprimeras.com.do\/wp-content\/uploads\/2025\/09\/becas.jpg?resize=525%2C300&ssl=1 1.5x, https:\/\/i0.wp.com\/lasprimeras.com.do\/wp-content\/uploads\/2025\/09\/becas.jpg?resize=700%2C400&ssl=1 2x"},"classes":[]},{"id":100850,"url":"https:\/\/lasprimeras.com.do\/index.php\/2025\/06\/12\/consul-dominicano-anuncia-visita-de-30-estudiantes-sobresalientes-de-ny-a-la-rd\/","url_meta":{"origin":105620,"position":4},"title":"C\u00f3nsul dominicano anuncia visita de 30 estudiantes sobresalientes de NY a la RD","author":"Nelson Feliz","date":"12 de junio de 2025","format":false,"excerpt":"Nueva York.\u2013 Los mejores 30 estudiantes descendientes de dominicanos en la ciudad de Nueva York viajar\u00e1n el pr\u00f3ximo mes de agosto a la Rep\u00fablica Dominicana con el objetivo de estrechar lazos con la tierra de origen de sus familias, en una iniciativa sin precedentes impulsada por el Consulado General dominicano.\u2026","rel":"","context":"En \u00abINTERNACIONALES\u00bb","block_context":{"text":"INTERNACIONALES","link":"https:\/\/lasprimeras.com.do\/index.php\/category\/sin-categoria\/internacionales\/"},"img":{"alt_text":"Jes\u00fas V\u00e1squez Mart\u00ednez","src":"https:\/\/i0.wp.com\/lasprimeras.com.do\/wp-content\/uploads\/2025\/06\/Jesus-Vasquez-Martinez.jpg?resize=350%2C200&ssl=1","width":350,"height":200,"srcset":"https:\/\/i0.wp.com\/lasprimeras.com.do\/wp-content\/uploads\/2025\/06\/Jesus-Vasquez-Martinez.jpg?resize=350%2C200&ssl=1 1x, https:\/\/i0.wp.com\/lasprimeras.com.do\/wp-content\/uploads\/2025\/06\/Jesus-Vasquez-Martinez.jpg?resize=525%2C300&ssl=1 1.5x, https:\/\/i0.wp.com\/lasprimeras.com.do\/wp-content\/uploads\/2025\/06\/Jesus-Vasquez-Martinez.jpg?resize=700%2C400&ssl=1 2x"},"classes":[]},{"id":52105,"url":"https:\/\/lasprimeras.com.do\/index.php\/2023\/06\/07\/consul-general-de-rd-en-chicago-reconoce-labor-de-elvin-tineo\/","url_meta":{"origin":105620,"position":5},"title":"C\u00f3nsul general de RD en Chicago reconoce labor de Elvin Tineo","author":"prenxa100","date":"7 de junio de 2023","format":false,"excerpt":"NUEVA YORK, ESTADOS UNIDOS. El c\u00f3nsul general dominicano en Chicago, El\u00edas Brache, reconoci\u00f3 Elvin Tineo, quien es el director de los operativos m\u00f3viles consulares de Nueva York, por su valiosa colaboraci\u00f3n en las jornadas que se han estado realizando en Ohio y otros estados del medio Oeste de los Estados\u2026","rel":"","context":"En \u00abSin categor\u00eda\u00bb","block_context":{"text":"Sin categor\u00eda","link":"https:\/\/lasprimeras.com.do\/index.php\/category\/sin-categoria\/"},"img":{"alt_text":"","src":"","width":0,"height":0},"classes":[]}],"jetpack_sharing_enabled":true,"_links":{"self":[{"href":"https:\/\/lasprimeras.com.do\/index.php\/wp-json\/wp\/v2\/posts\/105620","targetHints":{"allow":["GET"]}}],"collection":[{"href":"https:\/\/lasprimeras.com.do\/index.php\/wp-json\/wp\/v2\/posts"}],"about":[{"href":"https:\/\/lasprimeras.com.do\/index.php\/wp-json\/wp\/v2\/types\/post"}],"author":[{"embeddable":true,"href":"https:\/\/lasprimeras.com.do\/index.php\/wp-json\/wp\/v2\/users\/10"}],"replies":[{"embeddable":true,"href":"https:\/\/lasprimeras.com.do\/index.php\/wp-json\/wp\/v2\/comments?post=105620"}],"version-history":[{"count":1,"href":"https:\/\/lasprimeras.com.do\/index.php\/wp-json\/wp\/v2\/posts\/105620\/revisions"}],"predecessor-version":[{"id":105622,"href":"https:\/\/lasprimeras.com.do\/index.php\/wp-json\/wp\/v2\/posts\/105620\/revisions\/105622"}],"wp:featuredmedia":[{"embeddable":true,"href":"https:\/\/lasprimeras.com.do\/index.php\/wp-json\/wp\/v2\/media\/105621"}],"wp:attachment":[{"href":"https:\/\/lasprimeras.com.do\/index.php\/wp-json\/wp\/v2\/media?parent=105620"}],"wp:term":[{"taxonomy":"category","embeddable":true,"href":"https:\/\/lasprimeras.com.do\/index.php\/wp-json\/wp\/v2\/categories?post=105620"},{"taxonomy":"post_tag","embeddable":true,"href":"https:\/\/lasprimeras.com.do\/index.php\/wp-json\/wp\/v2\/tags?post=105620"}],"curies":[{"name":"wp","href":"https:\/\/api.w.org\/{rel}","templated":true}]}}