{"id":105635,"date":"2025-08-05T12:59:24","date_gmt":"2025-08-05T16:59:24","guid":{"rendered":"https:\/\/lasprimeras.com.do\/?p=105635"},"modified":"2025-08-05T12:59:26","modified_gmt":"2025-08-05T16:59:26","slug":"radhames-camacho-inicio-de-ano-escolar-con-sistema-educativo-abandonado","status":"publish","type":"post","link":"https:\/\/lasprimeras.com.do\/index.php\/2025\/08\/05\/radhames-camacho-inicio-de-ano-escolar-con-sistema-educativo-abandonado\/","title":{"rendered":"Radham\u00e9s Camacho: Inicio de a\u00f1o escolar con sistema educativo abandonado"},"content":{"rendered":"\n<p><strong>\u201cEl Pueblo Dominicano merece del Gobierno del presidente Luis Abinader que preste mayor atenci\u00f3n a la educaci\u00f3n\u201d.<\/strong><\/p>\n\n\n\n<p>El titular de la Secretar\u00eda de Asuntos Magisteriales del Partido de la Liberaci\u00f3n Dominicana (PLD), Radham\u00e9s Camacho, quien es miembro de su Comit\u00e9 Pol\u00edtico, ratific\u00f3 lo denunciado en la v\u00edspera de que el nuevo a\u00f1o escolar iniciar\u00e1 con malas condiciones f\u00edsicas de los planteles escolares, sobrepoblaci\u00f3n estudiantil y aulas sin terminar por cinco a\u00f1os consecutivos, deterior\u00e1ndose.<\/p>\n\n\n\n<p>Camacho respondi\u00f3 a los comunicadores que le abordaron sobre el tema fundamentando su afirmaci\u00f3n en los informes ofrecidos por los maestros y maestras desde todos los rincones del pa\u00eds.<\/p>\n\n\n\n<p>\u201cEs que en la rueda de prensa del lunes presentamos con im\u00e1genes ejemplo de deterioro de la planta f\u00edsica en escuelas de todo el pa\u00eds y tambi\u00e9n presentamos muestras de escuelas dejadas en avanzada construcci\u00f3n que no se le ha hecho nada en el actual Gobierno\u201d, dijo.<\/p>\n\n\n\n<p>Ratific\u00f3 que solo lograron concluir 2,915 en el 2024 de las m\u00e1s de 10,000 aulas que dej\u00f3 la gesti\u00f3n de Danilo Medina y el PLD en construcci\u00f3n, pero que se ha anunciado que llevar\u00edan ni\u00f1os de 3 a\u00f1os a las escuelas.<\/p>\n\n\n\n<p>\u00bfComo se explica que teniendo las familias sin cupos para sus hijos en las escuelas se anuncie el ingreso de ni\u00f1os de tres a\u00f1os a la escolaridad, sin contar con una estructura escolar adecuada?, pregunt\u00f3 Camacho.<\/p>\n\n\n\n<p>Record\u00f3 que ni\u00f1os de tres a\u00f1os necesitan una atenci\u00f3n especializada en las escuelas, un cuidado detallado por la propia condici\u00f3n de los menores.<\/p>\n\n\n\n<p>\u201cEl Pueblo Dominicano merece del Gobierno del presidente Luis Abinader una atenci\u00f3n delicada al sistema educativo, porque es ah\u00ed en donde descansa la garant\u00eda del progreso\u201d, afirm\u00f3.<\/p>\n\n\n\n<p>Radham\u00e9s Camacho particip\u00f3 junto a Melanio Paredes, los educadores y dirigentes del PLD, Andr\u00e9s de las Mercedes y Edwin Ricardo, y una veintena de maestros, maestra y t\u00e9cnicos de educaci\u00f3n en la rueda de prensa del PLD en las estad\u00edsticas a mano se denunci\u00f3 el colapso del sistema educativo en la gesti\u00f3n de gobierno del PRM.<\/p>\n","protected":false},"excerpt":{"rendered":"<p>\u201cEl Pueblo Dominicano merece del Gobierno del presidente Luis Abinader que preste mayor atenci\u00f3n a la educaci\u00f3n\u201d. El titular de la Secretar\u00eda de Asuntos Magisteriales del Partido de la Liberaci\u00f3n&hellip;<\/p>\n","protected":false},"author":10,"featured_media":105636,"comment_status":"open","ping_status":"open","sticky":false,"template":"","format":"standard","meta":{"content-type":"","jetpack_post_was_ever_published":false,"_jetpack_newsletter_access":"","_jetpack_dont_email_post_to_subs":false,"_jetpack_newsletter_tier_id":0,"_jetpack_memberships_contains_paywalled_content":false,"_jetpack_memberships_contains_paid_content":false,"footnotes":""},"categories":[16559,25],"tags":[9962,3800,14253,10975],"class_list":["post-105635","post","type-post","status-publish","format-standard","has-post-thumbnail","hentry","category-politica","category-portada","tag-abandonado","tag-ano-escolar","tag-radhames-camacho","tag-sistema-educativo"],"jetpack_featured_media_url":"https:\/\/lasprimeras.com.do\/wp-content\/uploads\/2025\/08\/Radhames-Camacho.jpeg","jetpack-related-posts":[{"id":105843,"url":"https:\/\/lasprimeras.com.do\/index.php\/2025\/08\/07\/radhames-camacho-unos-300-mil-ninos-quedaran-fuera-de-las-aulas\/","url_meta":{"origin":105635,"position":0},"title":"Radham\u00e9s Camacho: Unos 300 mil ni\u00f1os quedar\u00e1n fuera de las aulas","author":"Nelson Feliz","date":"7 de agosto de 2025","format":false,"excerpt":"Incertidumbre en los hogares dominicanos porque se desconoce en qu\u00e9 condiciones iniciara el a\u00f1o escolar. El secretario de Asuntos Magisteriales del Partido de la Liberaci\u00f3n Dominicana, Radham\u00e9s Camacho, revel\u00f3 que existe un nivel de incertidumbre en las escuelas porque no se sabe en qu\u00e9 condiciones iniciar\u00e1 el a\u00f1o escolar 2025-2026\u2026","rel":"","context":"En \u00abPOLITICA\u00bb","block_context":{"text":"POLITICA","link":"https:\/\/lasprimeras.com.do\/index.php\/category\/politica\/"},"img":{"alt_text":"Radham\u00e9s Camacho","src":"https:\/\/i0.wp.com\/lasprimeras.com.do\/wp-content\/uploads\/2024\/07\/Radhames-Camacho.jpg?resize=350%2C200&ssl=1","width":350,"height":200,"srcset":"https:\/\/i0.wp.com\/lasprimeras.com.do\/wp-content\/uploads\/2024\/07\/Radhames-Camacho.jpg?resize=350%2C200&ssl=1 1x, https:\/\/i0.wp.com\/lasprimeras.com.do\/wp-content\/uploads\/2024\/07\/Radhames-Camacho.jpg?resize=525%2C300&ssl=1 1.5x, https:\/\/i0.wp.com\/lasprimeras.com.do\/wp-content\/uploads\/2024\/07\/Radhames-Camacho.jpg?resize=700%2C400&ssl=1 2x"},"classes":[]},{"id":107493,"url":"https:\/\/lasprimeras.com.do\/index.php\/2025\/08\/27\/camacho-denuncia-que-la-educacion-haya-retrocedido-tres-decadas-en-el-gobierno-del-prm\/","url_meta":{"origin":105635,"position":1},"title":"Camacho denuncia que la educaci\u00f3n haya retrocedido tres d\u00e9cadas en el Gobierno del PRM","author":"Nelson Feliz","date":"27 de agosto de 2025","format":false,"excerpt":"El titular de la Secretar\u00eda de Asuntos Magisteriales del Partido de la Liberaci\u00f3n Dominicana (PLD), Radham\u00e9s Camacho, lament\u00f3 que la Rep\u00fablica Dominicana volviera a confrontar dificultades similares a las de hace tres d\u00e9cadas, tales como d\u00e9ficit de aulas, falta de materiales escolares, inseguridad en los centros educativos, carencia de uniformes,\u2026","rel":"","context":"En \u00abPOLITICA\u00bb","block_context":{"text":"POLITICA","link":"https:\/\/lasprimeras.com.do\/index.php\/category\/politica\/"},"img":{"alt_text":"","src":"https:\/\/i0.wp.com\/lasprimeras.com.do\/wp-content\/uploads\/2025\/08\/Radhames-Camacho-1.jpg?resize=350%2C200&ssl=1","width":350,"height":200,"srcset":"https:\/\/i0.wp.com\/lasprimeras.com.do\/wp-content\/uploads\/2025\/08\/Radhames-Camacho-1.jpg?resize=350%2C200&ssl=1 1x, https:\/\/i0.wp.com\/lasprimeras.com.do\/wp-content\/uploads\/2025\/08\/Radhames-Camacho-1.jpg?resize=525%2C300&ssl=1 1.5x, https:\/\/i0.wp.com\/lasprimeras.com.do\/wp-content\/uploads\/2025\/08\/Radhames-Camacho-1.jpg?resize=700%2C400&ssl=1 2x"},"classes":[]},{"id":117013,"url":"https:\/\/lasprimeras.com.do\/index.php\/2025\/12\/07\/radhames-camacho-instala-equipos-de-coordinacion-en-bahoruco-barahona-y-azua\/","url_meta":{"origin":105635,"position":2},"title":"Radham\u00e9s Camacho instala equipos de coordinaci\u00f3n en Bahoruco, Barahona y Azua","author":"Nelson Feliz","date":"7 de diciembre de 2025","format":false,"excerpt":"En intensa jornada la corriente magisterial Eugenio Mar\u00eda de Hostos del PLD, instala los equipos de coordinaci\u00f3n en Bahoruco, Barahona y Azua En una intensa agenda de fin de semana la direcci\u00f3n nacional de la Corriente Magisterial Eugenio Mar\u00eda de Hostos jurament\u00f3 y dej\u00f3 en funcionamiento las coordinaciones municipales en\u2026","rel":"","context":"En \u00abPOLITICA\u00bb","block_context":{"text":"POLITICA","link":"https:\/\/lasprimeras.com.do\/index.php\/category\/politica\/"},"img":{"alt_text":"Radham\u00e9s Camacho","src":"https:\/\/i0.wp.com\/lasprimeras.com.do\/wp-content\/uploads\/2025\/12\/camacho-1.jpg?resize=350%2C200&ssl=1","width":350,"height":200,"srcset":"https:\/\/i0.wp.com\/lasprimeras.com.do\/wp-content\/uploads\/2025\/12\/camacho-1.jpg?resize=350%2C200&ssl=1 1x, https:\/\/i0.wp.com\/lasprimeras.com.do\/wp-content\/uploads\/2025\/12\/camacho-1.jpg?resize=525%2C300&ssl=1 1.5x, https:\/\/i0.wp.com\/lasprimeras.com.do\/wp-content\/uploads\/2025\/12\/camacho-1.jpg?resize=700%2C400&ssl=1 2x, https:\/\/i0.wp.com\/lasprimeras.com.do\/wp-content\/uploads\/2025\/12\/camacho-1.jpg?resize=1050%2C600&ssl=1 3x"},"classes":[]},{"id":105961,"url":"https:\/\/lasprimeras.com.do\/index.php\/2025\/08\/08\/radhames-camacho-el-gobierno-trabaja-sin-planificacion-improvisa\/","url_meta":{"origin":105635,"position":3},"title":"Radham\u00e9s Camacho : El Gobierno trabaja sin planificaci\u00f3n, improvisa","author":"Nelson Feliz","date":"8 de agosto de 2025","format":false,"excerpt":"Profesor Radham\u00e9s Camacho reitera que el PRM en Educaci\u00f3n no se prepar\u00f3 para gobernar El miembro del Comit\u00e9 Pol\u00edtico del Partido de la Liberaci\u00f3n Dominicana (PLD), titular de la secretar\u00eda de Asuntos Magisteriales de la organizaci\u00f3n asegur\u00f3 que la admisi\u00f3n del presidente Luis Abinader de que no existen en los\u2026","rel":"","context":"En \u00abPOLITICA\u00bb","block_context":{"text":"POLITICA","link":"https:\/\/lasprimeras.com.do\/index.php\/category\/politica\/"},"img":{"alt_text":"","src":"https:\/\/i0.wp.com\/lasprimeras.com.do\/wp-content\/uploads\/2025\/08\/Radhames-Camacho.jpg?resize=350%2C200&ssl=1","width":350,"height":200},"classes":[]},{"id":113042,"url":"https:\/\/lasprimeras.com.do\/index.php\/2025\/10\/29\/radhames-camacho-el-pais-ya-vive-en-estado-de-emergencia-con-tormenta-o-sin-tormenta\/","url_meta":{"origin":105635,"position":4},"title":"Radham\u00e9s Camacho: El pa\u00eds ya vive en estado de emergencia, con tormenta o sin tormenta","author":"Nelson Feliz","date":"29 de octubre de 2025","format":false,"excerpt":"\u201cEs imposible oponerse a medidas que busquen salvar vidas, pero no podemos olvidar que este pa\u00eds vive en emergencia permanente por los tantos inconvenientes\u201d. El miembro del Comit\u00e9 Pol\u00edtico del Partido de la Liberaci\u00f3n Dominicana (PLD), Radham\u00e9s Camacho, advirti\u00f3 que la Rep\u00fablica Dominicana ya se encuentra en una situaci\u00f3n de\u2026","rel":"","context":"En \u00abPOLITICA\u00bb","block_context":{"text":"POLITICA","link":"https:\/\/lasprimeras.com.do\/index.php\/category\/politica\/"},"img":{"alt_text":"Radham\u00e9s Camacho","src":"https:\/\/i0.wp.com\/lasprimeras.com.do\/wp-content\/uploads\/2025\/10\/Radhames-Camacho0213.jpg?resize=350%2C200&ssl=1","width":350,"height":200,"srcset":"https:\/\/i0.wp.com\/lasprimeras.com.do\/wp-content\/uploads\/2025\/10\/Radhames-Camacho0213.jpg?resize=350%2C200&ssl=1 1x, https:\/\/i0.wp.com\/lasprimeras.com.do\/wp-content\/uploads\/2025\/10\/Radhames-Camacho0213.jpg?resize=525%2C300&ssl=1 1.5x"},"classes":[]},{"id":123372,"url":"https:\/\/lasprimeras.com.do\/index.php\/2026\/02\/27\/radhames-camacho-el-gobierno-del-prm-se-ha-desplomado\/","url_meta":{"origin":105635,"position":5},"title":"Radham\u00e9s Camacho: El Gobierno del PRM se ha desplomado","author":"Nelson Feliz","date":"27 de febrero de 2026","format":false,"excerpt":"El coordinador nacional de la corriente Eugenio Mar\u00eda de Hostos, profesor Radham\u00e9s Camacho, afirm\u00f3 que el Gobierno del PRM \u201cse quem\u00f3, porque no estudi\u00f3 su clase\u201d Camacho respondi\u00f3 a los periodistas al participar en un encuentro del Secretariado Partido-Sociedad del Partido de la Liberaci\u00f3n Dominicana (PLD) realizado en la Oficina\u2026","rel":"","context":"En \u00abPOLITICA\u00bb","block_context":{"text":"POLITICA","link":"https:\/\/lasprimeras.com.do\/index.php\/category\/politica\/"},"img":{"alt_text":"","src":"https:\/\/i0.wp.com\/lasprimeras.com.do\/wp-content\/uploads\/2025\/09\/Radhames-Camacho.jpg?resize=350%2C200&ssl=1","width":350,"height":200,"srcset":"https:\/\/i0.wp.com\/lasprimeras.com.do\/wp-content\/uploads\/2025\/09\/Radhames-Camacho.jpg?resize=350%2C200&ssl=1 1x, https:\/\/i0.wp.com\/lasprimeras.com.do\/wp-content\/uploads\/2025\/09\/Radhames-Camacho.jpg?resize=525%2C300&ssl=1 1.5x, https:\/\/i0.wp.com\/lasprimeras.com.do\/wp-content\/uploads\/2025\/09\/Radhames-Camacho.jpg?resize=700%2C400&ssl=1 2x"},"classes":[]}],"jetpack_sharing_enabled":true,"_links":{"self":[{"href":"https:\/\/lasprimeras.com.do\/index.php\/wp-json\/wp\/v2\/posts\/105635","targetHints":{"allow":["GET"]}}],"collection":[{"href":"https:\/\/lasprimeras.com.do\/index.php\/wp-json\/wp\/v2\/posts"}],"about":[{"href":"https:\/\/lasprimeras.com.do\/index.php\/wp-json\/wp\/v2\/types\/post"}],"author":[{"embeddable":true,"href":"https:\/\/lasprimeras.com.do\/index.php\/wp-json\/wp\/v2\/users\/10"}],"replies":[{"embeddable":true,"href":"https:\/\/lasprimeras.com.do\/index.php\/wp-json\/wp\/v2\/comments?post=105635"}],"version-history":[{"count":1,"href":"https:\/\/lasprimeras.com.do\/index.php\/wp-json\/wp\/v2\/posts\/105635\/revisions"}],"predecessor-version":[{"id":105637,"href":"https:\/\/lasprimeras.com.do\/index.php\/wp-json\/wp\/v2\/posts\/105635\/revisions\/105637"}],"wp:featuredmedia":[{"embeddable":true,"href":"https:\/\/lasprimeras.com.do\/index.php\/wp-json\/wp\/v2\/media\/105636"}],"wp:attachment":[{"href":"https:\/\/lasprimeras.com.do\/index.php\/wp-json\/wp\/v2\/media?parent=105635"}],"wp:term":[{"taxonomy":"category","embeddable":true,"href":"https:\/\/lasprimeras.com.do\/index.php\/wp-json\/wp\/v2\/categories?post=105635"},{"taxonomy":"post_tag","embeddable":true,"href":"https:\/\/lasprimeras.com.do\/index.php\/wp-json\/wp\/v2\/tags?post=105635"}],"curies":[{"name":"wp","href":"https:\/\/api.w.org\/{rel}","templated":true}]}}