{"id":105645,"date":"2025-08-05T18:37:59","date_gmt":"2025-08-05T22:37:59","guid":{"rendered":"https:\/\/lasprimeras.com.do\/?p=105645"},"modified":"2025-08-05T18:38:00","modified_gmt":"2025-08-05T22:38:00","slug":"alcaldia-del-dn-celebra-los-527-anos-de-la-fundacion-de-santo-domingo","status":"publish","type":"post","link":"https:\/\/lasprimeras.com.do\/index.php\/2025\/08\/05\/alcaldia-del-dn-celebra-los-527-anos-de-la-fundacion-de-santo-domingo\/","title":{"rendered":"Alcald\u00eda del DN celebra los 527 a\u00f1os de la fundaci\u00f3n de Santo Domingo"},"content":{"rendered":"\n<p><strong>La edil Carolina Mej\u00eda encabez\u00f3 las actividades, que incluyeron una misa en la Catedral Primada de Am\u00e9rica.<\/strong><\/p>\n\n\n\n<p>La alcaldesa del Distrito Nacional, Carolina Mej\u00eda, encabez\u00f3 este martes los actos de la conmemoraci\u00f3n de los 527 a\u00f1os de la fundaci\u00f3n de Santo Domingo, &#8220;motivo por el cual se iz\u00f3 la bandera nacional y la de la ciudad, se ley\u00f3 una proclama y se realiz\u00f3 la tradicional misa&#8221;.<\/p>\n\n\n\n<p>La misa fue realizada en la Catedral Primada de Am\u00e9rica por monse\u00f1or Ram\u00f3n Benito \u00c1ngeles.<\/p>\n\n\n\n<p>Una nota de prensa del ADN, indica que los actos de este martes iniciaron con la interpretaci\u00f3n del Himno Nacional y el izamiento de ambas insignias, con la interpretaci\u00f3n de los himnos, a cargo de la Banda de M\u00fasica del Cuerpo de Bomberos del DN.<\/p>\n\n\n\n<p>&#8220;Durante la misa, Mej\u00eda renov\u00f3 el compromiso de servicio con la ciudad y enumer\u00f3 parte de los trabajos realizados desde la Alcald\u00eda del Distrito Nacional para llevar bienestar a los capitale\u00f1os&#8221;, indica el documento.<\/p>\n\n\n\n<p>ADN dice sigue trabajando por Santo Domingo<\/p>\n\n\n\n<p>La Alcald\u00eda dice que contin\u00faa trabajando para la transformaci\u00f3n de la capital y que, &#8220;muestra de ello es un conjunto de obras que forman parte del Plan Integrado de Santo Domingo, incluyendo al Malec\u00f3n Deportivo y el Paseo 30 de Mayo, obras que reafirman la vocaci\u00f3n de la ciudad como tur\u00edstica, activa y saludable, que vive de frente al mar&#8221;.<\/p>\n\n\n\n<p>En el acto, Mej\u00eda resalt\u00f3 el logro de haber entregado m\u00e1s de 200 parques y plazas para el disfrute de los capitale\u00f1os, devolviendo espacios que se convierten en el coraz\u00f3n de los sectores.<\/p>\n\n\n\n<p>As\u00ed como el gran \u00e9xito alcanzado con el programa Sectores Iluminados M\u00e1s Seguros, con el que se han instalado 10 mil luminarias LED e instalado 200 c\u00e1maras de videovigilancia en distintos puntos de la ciudad.<\/p>\n\n\n\n<p>En ese sentido, Carolina se\u00f1al\u00f3 los trabajos del Bulevar Pedro Livio Cede\u00f1o, donde se realizar\u00e1n mejoras estructurales, paisaj\u00edsticas y de uso recreativo, beneficiando a sectores circundantes como Villas Agr\u00edcolas y el Ensanche Luper\u00f3n.<\/p>\n\n\n\n<p>Mej\u00eda afirm\u00f3 que m\u00e1s all\u00e1 de las obras, &#8220;celebramos hoy por el alma de esta ciudad que son sus habitantes&#8221;.<\/p>\n\n\n\n<p>&#8220;Yo termino mis palabras dando gracias a Dios por la oportunidad de servirle a Santo Domingo&#8221;, finaliz\u00f3 la ejecutiva municipal.<\/p>\n\n\n\n<p>Monse\u00f1or valora gesti\u00f3n<\/p>\n\n\n\n<p>Al oficiar la misa, monse\u00f1or Ram\u00f3n Benito \u00c1ngeles agradeci\u00f3 la visi\u00f3n de servicio de la gesti\u00f3n encabezada por Mej\u00eda.<\/p>\n\n\n\n<p>&#8220;Carolina con todo su equipo, con todos y cada uno, y con todos los que hoy aqu\u00ed son invitados especiales para manifestar su solidaridad con su visi\u00f3n y con su servicio. Dios les bendiga&#8221;, expres\u00f3.<\/p>\n\n\n\n<p>El religioso reconoci\u00f3 la hospitalidad y la acogida de la ciudad, por lo que invit\u00f3 a emular la gran sonrisa con la que Carolina Mej\u00eda ejerce su rol diariamente.<\/p>\n\n\n\n<p>&#8220;No nos podemos detener, aunque sea en un rinconcito de la ciudad, tener un ambiente de acogida, de limpieza, de amor y de total cercan\u00eda con el pueblo y con la gente. Es maravilloso esto&#8221;, a\u00f1adi\u00f3.<\/p>\n\n\n\n<p>Representaci\u00f3n hist\u00f3rica<\/p>\n\n\n\n<p>Un balc\u00f3n del Palacio Consistorial fue donde se dio lectura a la proclama, a cargo del personaje &#8220;heraldo de la colonia&#8221;, en la que realiz\u00f3 un recorrido hist\u00f3rico de Santo Domingo, ponderando la importancia de que la familia del almirante Crist\u00f3bal Col\u00f3n residiera en la ciudad.<\/p>\n\n\n\n<p>Asimismo, se realiz\u00f3 un cuadro teatral en el que se resalt\u00f3 la importancia del origen de la ubicaci\u00f3n de la ciudad.<\/p>\n","protected":false},"excerpt":{"rendered":"<p>La edil Carolina Mej\u00eda encabez\u00f3 las actividades, que incluyeron una misa en la Catedral Primada de Am\u00e9rica. La alcaldesa del Distrito Nacional, Carolina Mej\u00eda, encabez\u00f3 este martes los actos de&hellip;<\/p>\n","protected":false},"author":10,"featured_media":105646,"comment_status":"open","ping_status":"open","sticky":false,"template":"","format":"standard","meta":{"content-type":"","jetpack_post_was_ever_published":false,"_jetpack_newsletter_access":"","_jetpack_dont_email_post_to_subs":false,"_jetpack_newsletter_tier_id":0,"_jetpack_memberships_contains_paywalled_content":false,"_jetpack_memberships_contains_paid_content":false,"footnotes":""},"categories":[35,25],"tags":[22773,3147,1304,3461,806],"class_list":["post-105645","post","type-post","status-publish","format-standard","has-post-thumbnail","hentry","category-nacionales","category-portada","tag-527-anos","tag-alcaldia-del-dn","tag-celebra","tag-fundacion","tag-santo-domingo"],"jetpack_featured_media_url":"https:\/\/lasprimeras.com.do\/wp-content\/uploads\/2025\/08\/carolina-mejia-1.jpg","jetpack-related-posts":[{"id":69383,"url":"https:\/\/lasprimeras.com.do\/index.php\/2023\/12\/02\/prm-inscribe-candidatura-de-carolina-mejia-a-la-alcaldia-del-dn\/","url_meta":{"origin":105645,"position":0},"title":"PRM inscribe candidatura de Carolina Mej\u00eda a la alcald\u00eda del DN","author":"BIMARY DE JES\u00daS Matos","date":"2 de diciembre de 2023","format":false,"excerpt":"Santo Domingo.-El Partido Revolucionario Moderno (PRM) inscribi\u00f3 este viernes a Carolina Mej\u00eda como su candidata a la Alcald\u00eda del Distrito Nacional (ADN) para las elecciones de febrero de 2024, y a Stalin Alc\u00e1ntara como vicealcalde. Los documentos fueron depositados ante la Junta del Distrito Nacional por una comisi\u00f3n encabezada por\u2026","rel":"","context":"En \u00abSin categor\u00eda\u00bb","block_context":{"text":"Sin categor\u00eda","link":"https:\/\/lasprimeras.com.do\/index.php\/category\/sin-categoria\/"},"img":{"alt_text":"","src":"https:\/\/i0.wp.com\/lasprimeras.com.do\/wp-content\/uploads\/2023\/12\/WhatsApp-Image-2023-11-30-at-12.17.33-PM-1.jpeg?resize=350%2C200&ssl=1","width":350,"height":200,"srcset":"https:\/\/i0.wp.com\/lasprimeras.com.do\/wp-content\/uploads\/2023\/12\/WhatsApp-Image-2023-11-30-at-12.17.33-PM-1.jpeg?resize=350%2C200&ssl=1 1x, https:\/\/i0.wp.com\/lasprimeras.com.do\/wp-content\/uploads\/2023\/12\/WhatsApp-Image-2023-11-30-at-12.17.33-PM-1.jpeg?resize=525%2C300&ssl=1 1.5x"},"classes":[]},{"id":70565,"url":"https:\/\/lasprimeras.com.do\/index.php\/2023\/12\/12\/alcaldia-dn-enciende-arbol-navideno-en-el-parque-eugenio-maria-de-hostos\/","url_meta":{"origin":105645,"position":1},"title":"Alcald\u00eda DN enciende \u00e1rbol navide\u00f1o en el Parque Eugenio Mar\u00eda de Hostos","author":"Nelson Feliz","date":"12 de diciembre de 2023","format":false,"excerpt":"La alcaldesa del Distrito Nacional Carolina Mej\u00eda expres\u00f3 su alegr\u00eda al dar inicio a las festividades con el encendido del \u00e1rbol navide\u00f1o, en el Parque Eugenio Mar\u00eda de Hostos, resaltando la importancia de compartir momentos especiales durante esta temporada. \u00abEs un honor para la alcald\u00eda dar inicio a las festividades\u2026","rel":"","context":"En \u00abNACIONALES\u00bb","block_context":{"text":"NACIONALES","link":"https:\/\/lasprimeras.com.do\/index.php\/category\/nacionales\/"},"img":{"alt_text":"Carolina Mej\u00eda","src":"https:\/\/i0.wp.com\/lasprimeras.com.do\/wp-content\/uploads\/2023\/12\/Carolina-Mejia.jpeg?resize=350%2C200&ssl=1","width":350,"height":200,"srcset":"https:\/\/i0.wp.com\/lasprimeras.com.do\/wp-content\/uploads\/2023\/12\/Carolina-Mejia.jpeg?resize=350%2C200&ssl=1 1x, https:\/\/i0.wp.com\/lasprimeras.com.do\/wp-content\/uploads\/2023\/12\/Carolina-Mejia.jpeg?resize=525%2C300&ssl=1 1.5x, https:\/\/i0.wp.com\/lasprimeras.com.do\/wp-content\/uploads\/2023\/12\/Carolina-Mejia.jpeg?resize=700%2C400&ssl=1 2x"},"classes":[]},{"id":92779,"url":"https:\/\/lasprimeras.com.do\/index.php\/2025\/01\/14\/codia-conmemora-62-anos-de-fundacion-con-una-misa-de-accion-de-gracias-y-otros-actos\/","url_meta":{"origin":105645,"position":2},"title":"CODIA conmemora 62 a\u00f1os de fundaci\u00f3n con una misa de acci\u00f3n de gracias y otros actos","author":"Nelson Feliz","date":"14 de enero de 2025","format":false,"excerpt":"El Presidente ingeniero Carlos Eligi\u00f3 Mendoza D\u00edaz, envi\u00f3 un mensaje de felicitaci\u00f3n a todos los ingenieros y colegiados. El pasado s\u00e1bado 11 de Enero se cumpli\u00f3 62 a\u00f1os de fundaci\u00f3n del Colegio Dominicano de Ingenieros, Arquitectos y Agrimensores, CODIA. En tal virtud el Presidente de la entidad, ingeniero Carlos Eligi\u00f3\u2026","rel":"","context":"En \u00abNACIONALES\u00bb","block_context":{"text":"NACIONALES","link":"https:\/\/lasprimeras.com.do\/index.php\/category\/nacionales\/"},"img":{"alt_text":"","src":"https:\/\/i0.wp.com\/lasprimeras.com.do\/wp-content\/uploads\/2025\/01\/misa.jpg?resize=350%2C200&ssl=1","width":350,"height":200,"srcset":"https:\/\/i0.wp.com\/lasprimeras.com.do\/wp-content\/uploads\/2025\/01\/misa.jpg?resize=350%2C200&ssl=1 1x, https:\/\/i0.wp.com\/lasprimeras.com.do\/wp-content\/uploads\/2025\/01\/misa.jpg?resize=525%2C300&ssl=1 1.5x, https:\/\/i0.wp.com\/lasprimeras.com.do\/wp-content\/uploads\/2025\/01\/misa.jpg?resize=700%2C400&ssl=1 2x"},"classes":[]},{"id":49263,"url":"https:\/\/lasprimeras.com.do\/index.php\/2023\/05\/09\/pnvc-celebra-50-aniversario-con-misa-de-accion-de-gracias\/","url_meta":{"origin":105645,"position":3},"title":"PNVC celebra 50 aniversario con misa de acci\u00f3n de gracias","author":"prenxa100","date":"9 de mayo de 2023","format":false,"excerpt":"SANTO DOMINGO.-. El Partido Nacional Voluntad Ciudadana (PNVC) junto a su presidente Juan Cohen y el Comit\u00e9 Pol\u00edtico invita a toda su militancia, ciudadanos, empresarios, personalidades del \u00e1mbito pol\u00edtico y social de todo el pa\u00eds a participar en la Misa de acci\u00f3n de gracias, tras cumplir 50 a\u00f1os desde su\u2026","rel":"","context":"En \u00abSin categor\u00eda\u00bb","block_context":{"text":"Sin categor\u00eda","link":"https:\/\/lasprimeras.com.do\/index.php\/category\/sin-categoria\/"},"img":{"alt_text":"","src":"","width":0,"height":0},"classes":[]},{"id":57459,"url":"https:\/\/lasprimeras.com.do\/index.php\/2023\/08\/13\/celebran-misa-por-el-24-aniversario-de-fundacion-de-las-empresas-distribuidoras-de-electricidad\/","url_meta":{"origin":105645,"position":4},"title":"Celebran misa por el 24 aniversario de fundaci\u00f3n de las Empresas Distribuidoras de Electricidad","author":"Nelson Feliz","date":"13 de agosto de 2023","format":false,"excerpt":"El Consejo Unificado de las Empresas Distribuidoras de Electricidad (CUED) ofreci\u00f3 una misa en Acci\u00f3n de Gracias en conmemoraci\u00f3n del 24 aniversario de la fundaci\u00f3n las empresas Edesur, Edenorte y Edeeste. La Eucarist\u00eda fue oficiada por el padre Jos\u00e9 Arismendy De Le\u00f3n Helena en la Parroquia San Judas Tadeo del\u2026","rel":"","context":"En \u00abNACIONALES\u00bb","block_context":{"text":"NACIONALES","link":"https:\/\/lasprimeras.com.do\/index.php\/category\/nacionales\/"},"img":{"alt_text":"sector electrico","src":"https:\/\/i0.wp.com\/lasprimeras.com.do\/wp-content\/uploads\/2023\/08\/sector-electrico.jpg?resize=350%2C200&ssl=1","width":350,"height":200,"srcset":"https:\/\/i0.wp.com\/lasprimeras.com.do\/wp-content\/uploads\/2023\/08\/sector-electrico.jpg?resize=350%2C200&ssl=1 1x, https:\/\/i0.wp.com\/lasprimeras.com.do\/wp-content\/uploads\/2023\/08\/sector-electrico.jpg?resize=525%2C300&ssl=1 1.5x, https:\/\/i0.wp.com\/lasprimeras.com.do\/wp-content\/uploads\/2023\/08\/sector-electrico.jpg?resize=700%2C400&ssl=1 2x"},"classes":[]},{"id":56411,"url":"https:\/\/lasprimeras.com.do\/index.php\/2023\/07\/31\/alcaldia-del-dn-inaugura-parque-villa-juana-en-homenaje-a-leo-corporan\/","url_meta":{"origin":105645,"position":5},"title":"Alcald\u00eda del DN inaugura parque Villa Juana en homenaje a Leo Corpor\u00e1n","author":"Nelson Feliz","date":"31 de julio de 2023","format":false,"excerpt":"El parque que ahora cuenta con \u00e1rea infantil y de gimnasio se realiz\u00f3 con una inversi\u00f3n de RD$5 millones. La alcaldesa del Distrito Nacional, Carolina Mej\u00eda, rindi\u00f3 un homenaje al cronista deportivo Leo Corpor\u00e1n al colocar su nombre en la placa del nuevo parque Villa Juana, que por a\u00f1os la\u2026","rel":"","context":"En \u00abNACIONALES\u00bb","block_context":{"text":"NACIONALES","link":"https:\/\/lasprimeras.com.do\/index.php\/category\/nacionales\/"},"img":{"alt_text":"Carolina Mejia","src":"https:\/\/i0.wp.com\/lasprimeras.com.do\/wp-content\/uploads\/2023\/07\/Carolina-Mejia-1.jpg?resize=350%2C200&ssl=1","width":350,"height":200,"srcset":"https:\/\/i0.wp.com\/lasprimeras.com.do\/wp-content\/uploads\/2023\/07\/Carolina-Mejia-1.jpg?resize=350%2C200&ssl=1 1x, https:\/\/i0.wp.com\/lasprimeras.com.do\/wp-content\/uploads\/2023\/07\/Carolina-Mejia-1.jpg?resize=525%2C300&ssl=1 1.5x, https:\/\/i0.wp.com\/lasprimeras.com.do\/wp-content\/uploads\/2023\/07\/Carolina-Mejia-1.jpg?resize=700%2C400&ssl=1 2x"},"classes":[]}],"jetpack_sharing_enabled":true,"_links":{"self":[{"href":"https:\/\/lasprimeras.com.do\/index.php\/wp-json\/wp\/v2\/posts\/105645","targetHints":{"allow":["GET"]}}],"collection":[{"href":"https:\/\/lasprimeras.com.do\/index.php\/wp-json\/wp\/v2\/posts"}],"about":[{"href":"https:\/\/lasprimeras.com.do\/index.php\/wp-json\/wp\/v2\/types\/post"}],"author":[{"embeddable":true,"href":"https:\/\/lasprimeras.com.do\/index.php\/wp-json\/wp\/v2\/users\/10"}],"replies":[{"embeddable":true,"href":"https:\/\/lasprimeras.com.do\/index.php\/wp-json\/wp\/v2\/comments?post=105645"}],"version-history":[{"count":1,"href":"https:\/\/lasprimeras.com.do\/index.php\/wp-json\/wp\/v2\/posts\/105645\/revisions"}],"predecessor-version":[{"id":105647,"href":"https:\/\/lasprimeras.com.do\/index.php\/wp-json\/wp\/v2\/posts\/105645\/revisions\/105647"}],"wp:featuredmedia":[{"embeddable":true,"href":"https:\/\/lasprimeras.com.do\/index.php\/wp-json\/wp\/v2\/media\/105646"}],"wp:attachment":[{"href":"https:\/\/lasprimeras.com.do\/index.php\/wp-json\/wp\/v2\/media?parent=105645"}],"wp:term":[{"taxonomy":"category","embeddable":true,"href":"https:\/\/lasprimeras.com.do\/index.php\/wp-json\/wp\/v2\/categories?post=105645"},{"taxonomy":"post_tag","embeddable":true,"href":"https:\/\/lasprimeras.com.do\/index.php\/wp-json\/wp\/v2\/tags?post=105645"}],"curies":[{"name":"wp","href":"https:\/\/api.w.org\/{rel}","templated":true}]}}