{"id":105648,"date":"2025-08-05T18:44:09","date_gmt":"2025-08-05T22:44:09","guid":{"rendered":"https:\/\/lasprimeras.com.do\/?p=105648"},"modified":"2025-08-05T18:44:10","modified_gmt":"2025-08-05T22:44:10","slug":"indomet-emite-alerta-por-tormentas-electricas-en-santo-domingo-y-otras-provincias","status":"publish","type":"post","link":"https:\/\/lasprimeras.com.do\/index.php\/2025\/08\/05\/indomet-emite-alerta-por-tormentas-electricas-en-santo-domingo-y-otras-provincias\/","title":{"rendered":"Indomet emite alerta por tormentas el\u00e9ctricas en Santo Domingo y otras provincias"},"content":{"rendered":"\n<p><strong>La directora de la instituci\u00f3n, Gloria Ceballos, exhort\u00f3 a la poblaci\u00f3n a tomar precauciones ante estas condiciones del tiempo.<\/strong><\/p>\n\n\n\n<p>La directora del Instituto Dominicano de Meteorolog\u00eda (Indomet), Gloria Ceballos, inform\u00f3 la tarde de este martes que se est\u00e1n registrando tormentas el\u00e9ctricas en diferentes zonas del pa\u00eds, incluyendo el Gran Santo Domingo y la regi\u00f3n fronteriza.<\/p>\n\n\n\n<p>Las provincias afectadas por este fen\u00f3meno son Montecristi, Dajab\u00f3n, El\u00edas Pi\u00f1a, Independencia, Pedernales, Santiago Rodr\u00edguez y Bahoruco.<\/p>\n\n\n\n<p>Adem\u00e1s, Ceballos indic\u00f3 que se esperan tormentas con intensa actividad el\u00e9ctrica en Azua y San Juan.<\/p>\n\n\n\n<p>A trav\u00e9s de su cuenta de X, la funcionaria tambi\u00e9n public\u00f3 videos de usuarios sobre aguaceros con fuertes vientos y granizos en Santo Domingo Norte.<\/p>\n\n\n\n<p>Exhort\u00f3 a la poblaci\u00f3n a tomar precauciones ante estas condiciones del tiempo, provocadas por una vaguada que ha estado incidiendo en el territorio nacional durante los \u00faltimos d\u00edas.<\/p>\n\n\n\n<p>Este llamado cobra mayor relevancia tras un tr\u00e1gico suceso ocurrido el pasado fin de semana, cuando dos ni\u00f1os perdieron la vida al ser alcanzados por un rayo mientras se ba\u00f1aban en un play del sector Palav\u00e9, en Manoguayabo, Santo Domingo Oeste.<\/p>\n\n\n\n<p>Un tercer menor result\u00f3 herido y permanece ingresado en un centro de salud, donde se recupera de las quemaduras causadas por el impacto el\u00e9ctrico.<\/p>\n\n\n\n<p>\u00bfQu\u00e9 es una tormenta el\u00e9ctrica?<\/p>\n\n\n\n<p>Una tormenta el\u00e9ctrica es un fen\u00f3meno meteorol\u00f3gico caracterizado por la presencia de rayos, acompa\u00f1ados de truenos, vientos fuertes y lluvias intensas.<\/p>\n\n\n\n<p>En algunos casos, pueden presentarse tambi\u00e9n granizadas, nevadas o incluso ocurrir sin precipitaciones visibles.<\/p>\n\n\n\n<p>Recomendaciones durante una tormenta el\u00e9ctrica:<\/p>\n\n\n\n<p>Evita permanecer en lugares altos como cerros o monta\u00f1as.<\/p>\n\n\n\n<p>Al\u00e9jate de estructuras met\u00e1licas como antenas, postes el\u00e9ctricos, vallas y paraguas con punta de metal.<\/p>\n\n\n\n<p>No te refugies bajo \u00e1rboles ni te quedes en espacios abiertos.<\/p>\n\n\n\n<p>Ref\u00fagiate dentro de un veh\u00edculo con el motor apagado.<\/p>\n\n\n\n<p>Evita el contacto con el agua, tanto en exteriores como en interiores.<\/p>\n","protected":false},"excerpt":{"rendered":"<p>La directora de la instituci\u00f3n, Gloria Ceballos, exhort\u00f3 a la poblaci\u00f3n a tomar precauciones ante estas condiciones del tiempo. La directora del Instituto Dominicano de Meteorolog\u00eda (Indomet), Gloria Ceballos, inform\u00f3&hellip;<\/p>\n","protected":false},"author":10,"featured_media":101979,"comment_status":"open","ping_status":"open","sticky":false,"template":"","format":"standard","meta":{"content-type":"","jetpack_post_was_ever_published":false,"_jetpack_newsletter_access":"","_jetpack_dont_email_post_to_subs":false,"_jetpack_newsletter_tier_id":0,"_jetpack_memberships_contains_paywalled_content":false,"_jetpack_memberships_contains_paid_content":false,"footnotes":""},"categories":[35],"tags":[484,13553,806,6681],"class_list":["post-105648","post","type-post","status-publish","format-standard","has-post-thumbnail","hentry","category-nacionales","tag-alerta","tag-indomet","tag-santo-domingo","tag-tormentas-electricas"],"jetpack_featured_media_url":"https:\/\/lasprimeras.com.do\/wp-content\/uploads\/2025\/06\/Indomet.jpg","jetpack-related-posts":[{"id":127845,"url":"https:\/\/lasprimeras.com.do\/index.php\/2026\/04\/16\/gloria-ceballos-alerta-por-lluvias-en-el-centro-y-este-de-rd\/","url_meta":{"origin":105648,"position":0},"title":"Gloria Ceballos: Alerta por lluvias en el centro y este de RD","author":"Nelson Feliz","date":"16 de abril de 2026","format":false,"excerpt":"La directora del Indomet hizo un llamado a la poblaci\u00f3n a tomar precauciones esta tarde La directora del Instituto Dominicano de Meteorolog\u00eda (Indomet), Gloria Ceballos, advirti\u00f3 que durante la tarde de este jueves se registra una fuerte actividad convectiva en la zona este, noreste y el centro del pa\u00eds, debido\u2026","rel":"","context":"En \u00abCLIMA\u00bb","block_context":{"text":"CLIMA","link":"https:\/\/lasprimeras.com.do\/index.php\/category\/clima\/"},"img":{"alt_text":"","src":"https:\/\/i0.wp.com\/lasprimeras.com.do\/wp-content\/uploads\/2025\/10\/Gloria-Ceballos.jpg?resize=350%2C200&ssl=1","width":350,"height":200,"srcset":"https:\/\/i0.wp.com\/lasprimeras.com.do\/wp-content\/uploads\/2025\/10\/Gloria-Ceballos.jpg?resize=350%2C200&ssl=1 1x, https:\/\/i0.wp.com\/lasprimeras.com.do\/wp-content\/uploads\/2025\/10\/Gloria-Ceballos.jpg?resize=525%2C300&ssl=1 1.5x, https:\/\/i0.wp.com\/lasprimeras.com.do\/wp-content\/uploads\/2025\/10\/Gloria-Ceballos.jpg?resize=700%2C400&ssl=1 2x"},"classes":[]},{"id":87589,"url":"https:\/\/lasprimeras.com.do\/index.php\/2024\/08\/14\/indomet-informa-que-la-tormenta-ernesto-provoca-lluvias-y-vientos-en-rd\/","url_meta":{"origin":105648,"position":1},"title":"Indomet informa que la Tormenta Ernesto provoca lluvias y vientos en RD","author":"Nelson Feliz","date":"14 de agosto de 2024","format":false,"excerpt":"El Instituto Dominicano de Meteorolog\u00eda (Indomet) inform\u00f3 este mi\u00e9rcoles que la nubosidad procedente de la tormenta tropical Ernesto, localizada al este\/sureste de San Juan, Puerto Rico, seguir\u00e1 produciendo lluvias, tormentas el\u00e9ctricas y r\u00e1fagas de viento desde horas de la ma\u00f1ana en varias provincias del pa\u00eds. Entre las provincias afectadas se\u2026","rel":"","context":"En \u00abNACIONALES\u00bb","block_context":{"text":"NACIONALES","link":"https:\/\/lasprimeras.com.do\/index.php\/category\/nacionales\/"},"img":{"alt_text":"indomet","src":"https:\/\/i0.wp.com\/lasprimeras.com.do\/wp-content\/uploads\/2024\/08\/indomet.jpg?resize=350%2C200&ssl=1","width":350,"height":200,"srcset":"https:\/\/i0.wp.com\/lasprimeras.com.do\/wp-content\/uploads\/2024\/08\/indomet.jpg?resize=350%2C200&ssl=1 1x, https:\/\/i0.wp.com\/lasprimeras.com.do\/wp-content\/uploads\/2024\/08\/indomet.jpg?resize=525%2C300&ssl=1 1.5x"},"classes":[]},{"id":125883,"url":"https:\/\/lasprimeras.com.do\/index.php\/2026\/03\/27\/indomet-modifica-los-niveles-de-alerta-meteorologicas-15-provincias-estan-verde\/","url_meta":{"origin":105648,"position":2},"title":"Indomet modifica los niveles de alerta meteorol\u00f3gicas, 15 provincias est\u00e1n verde","author":"Nelson Feliz","date":"27 de marzo de 2026","format":false,"excerpt":"El Instituto Dominicano de Meteorogia inform\u00f3 que Hoy,\u00a0durante las horas matutinas, estar\u00e1n present\u00e1ndose lluvias d\u00e9biles a moderadas sobre Monte Cristi, Puerto Plata, Espaillat Mar\u00eda Trinidad S\u00e1nchez, Saman\u00e1, La Altagracia, entre otras. Para la tarde, estas precipitaciones se intensificar\u00e1n, por la incidencia de la vaguada, ocurriendo aguaceros moderados a fuertes, acompa\u00f1ados\u2026","rel":"","context":"En \u00abCLIMA\u00bb","block_context":{"text":"CLIMA","link":"https:\/\/lasprimeras.com.do\/index.php\/category\/clima\/"},"img":{"alt_text":"Disminuyen las precipitaciones hoy y ma\u00f1ana, las lluvias volver\u00e1n el domingo","src":"https:\/\/i0.wp.com\/lasprimeras.com.do\/wp-content\/uploads\/2026\/01\/LLUVIA.jpg?resize=350%2C200&ssl=1","width":350,"height":200,"srcset":"https:\/\/i0.wp.com\/lasprimeras.com.do\/wp-content\/uploads\/2026\/01\/LLUVIA.jpg?resize=350%2C200&ssl=1 1x, https:\/\/i0.wp.com\/lasprimeras.com.do\/wp-content\/uploads\/2026\/01\/LLUVIA.jpg?resize=525%2C300&ssl=1 1.5x"},"classes":[]},{"id":113360,"url":"https:\/\/lasprimeras.com.do\/index.php\/2025\/11\/02\/indomet-advierte-onda-tropical-y-vaguada-seguira-provocando-aguaceros-con-tormentas-electricas\/","url_meta":{"origin":105648,"position":3},"title":"INDOMET advierte onda tropical y vaguada seguir\u00e1 provocando aguaceros con tormentas el\u00e9ctricas","author":"Nelson Feliz","date":"2 de noviembre de 2025","format":false,"excerpt":"SE MANTIENEN LOS ALERTAS Y AVISOS METEOROL\u00d3GICOS El Instituto Dominicano De Meteorolog\u00eda inform\u00f3 este domingo que debido al tr\u00e1nsito de una onda tropical sobre el territorio dominicano m\u00e1s la incidencia de una vaguada en los niveles altos de la troposfera, seguir\u00e1n los aguaceros con tormentas el\u00e9ctricas y r\u00e1fagas de viento,\u2026","rel":"","context":"En \u00abCLIMA\u00bb","block_context":{"text":"CLIMA","link":"https:\/\/lasprimeras.com.do\/index.php\/category\/clima\/"},"img":{"alt_text":"","src":"https:\/\/i0.wp.com\/lasprimeras.com.do\/wp-content\/uploads\/2025\/10\/lluvias.jpg?resize=350%2C200&ssl=1","width":350,"height":200,"srcset":"https:\/\/i0.wp.com\/lasprimeras.com.do\/wp-content\/uploads\/2025\/10\/lluvias.jpg?resize=350%2C200&ssl=1 1x, https:\/\/i0.wp.com\/lasprimeras.com.do\/wp-content\/uploads\/2025\/10\/lluvias.jpg?resize=525%2C300&ssl=1 1.5x, https:\/\/i0.wp.com\/lasprimeras.com.do\/wp-content\/uploads\/2025\/10\/lluvias.jpg?resize=700%2C400&ssl=1 2x"},"classes":[]},{"id":91124,"url":"https:\/\/lasprimeras.com.do\/index.php\/2024\/11\/10\/onda-tropical-y-vaguada-produciran-aguaceros-tormentas-electricas-en-las-proximas-24-a-48-horas\/","url_meta":{"origin":105648,"position":4},"title":"Onda Tropical y Vaguada producir\u00e1n aguaceros, tormentas el\u00e9ctricas en las pr\u00f3ximas 24 a 48 horas","author":"Nelson Feliz","date":"10 de noviembre de 2024","format":false,"excerpt":"Varias provincias en alertas y avisos meteorol\u00f3gicos. El Instituto Dominicano de Meteorolog\u00eda (INDOMET) informo hoy producto de la inestabilidad de la vaguada y la humedad de la onda tropical, desde la madrugada ocurren nublados con lluvias, tronadas y aisladas r\u00e1fagas de viento, en puntos del sureste caribe\u00f1o y nordeste Atl\u00e1ntico;\u2026","rel":"","context":"En \u00abNACIONALES\u00bb","block_context":{"text":"NACIONALES","link":"https:\/\/lasprimeras.com.do\/index.php\/category\/nacionales\/"},"img":{"alt_text":"","src":"https:\/\/i0.wp.com\/lasprimeras.com.do\/wp-content\/uploads\/2023\/07\/lluvias-1.jpg?resize=350%2C200&ssl=1","width":350,"height":200,"srcset":"https:\/\/i0.wp.com\/lasprimeras.com.do\/wp-content\/uploads\/2023\/07\/lluvias-1.jpg?resize=350%2C200&ssl=1 1x, https:\/\/i0.wp.com\/lasprimeras.com.do\/wp-content\/uploads\/2023\/07\/lluvias-1.jpg?resize=525%2C300&ssl=1 1.5x"},"classes":[]},{"id":103851,"url":"https:\/\/lasprimeras.com.do\/index.php\/2025\/07\/19\/indomet-vigilancia-activa-onda-tropical-podria-convertirse-en-ciclon\/","url_meta":{"origin":105648,"position":5},"title":"Indomet vigilancia activa: Onda tropical podr\u00eda convertirse en cicl\u00f3n","author":"Nelson Feliz","date":"19 de julio de 2025","format":false,"excerpt":"El Instituto Nacional de Meteorolog\u00eda (Indomet) inform\u00f3 que se mantiene bajo vigilancia una onda tropical que interact\u00faa con un \u00e1rea de baja presi\u00f3n localizada sobre el Atl\u00e1ntico central. Seg\u00fan explic\u00f3 la directora de la entidad, Gloria Ceballos, este sistema tiene un 10% de probabilidad de convertirse en cicl\u00f3n tropical en\u2026","rel":"","context":"En \u00abNACIONALES\u00bb","block_context":{"text":"NACIONALES","link":"https:\/\/lasprimeras.com.do\/index.php\/category\/nacionales\/"},"img":{"alt_text":"","src":"https:\/\/i0.wp.com\/lasprimeras.com.do\/wp-content\/uploads\/2025\/07\/onda-tropical.jpg?resize=350%2C200&ssl=1","width":350,"height":200,"srcset":"https:\/\/i0.wp.com\/lasprimeras.com.do\/wp-content\/uploads\/2025\/07\/onda-tropical.jpg?resize=350%2C200&ssl=1 1x, https:\/\/i0.wp.com\/lasprimeras.com.do\/wp-content\/uploads\/2025\/07\/onda-tropical.jpg?resize=525%2C300&ssl=1 1.5x"},"classes":[]}],"jetpack_sharing_enabled":true,"_links":{"self":[{"href":"https:\/\/lasprimeras.com.do\/index.php\/wp-json\/wp\/v2\/posts\/105648","targetHints":{"allow":["GET"]}}],"collection":[{"href":"https:\/\/lasprimeras.com.do\/index.php\/wp-json\/wp\/v2\/posts"}],"about":[{"href":"https:\/\/lasprimeras.com.do\/index.php\/wp-json\/wp\/v2\/types\/post"}],"author":[{"embeddable":true,"href":"https:\/\/lasprimeras.com.do\/index.php\/wp-json\/wp\/v2\/users\/10"}],"replies":[{"embeddable":true,"href":"https:\/\/lasprimeras.com.do\/index.php\/wp-json\/wp\/v2\/comments?post=105648"}],"version-history":[{"count":1,"href":"https:\/\/lasprimeras.com.do\/index.php\/wp-json\/wp\/v2\/posts\/105648\/revisions"}],"predecessor-version":[{"id":105649,"href":"https:\/\/lasprimeras.com.do\/index.php\/wp-json\/wp\/v2\/posts\/105648\/revisions\/105649"}],"wp:featuredmedia":[{"embeddable":true,"href":"https:\/\/lasprimeras.com.do\/index.php\/wp-json\/wp\/v2\/media\/101979"}],"wp:attachment":[{"href":"https:\/\/lasprimeras.com.do\/index.php\/wp-json\/wp\/v2\/media?parent=105648"}],"wp:term":[{"taxonomy":"category","embeddable":true,"href":"https:\/\/lasprimeras.com.do\/index.php\/wp-json\/wp\/v2\/categories?post=105648"},{"taxonomy":"post_tag","embeddable":true,"href":"https:\/\/lasprimeras.com.do\/index.php\/wp-json\/wp\/v2\/tags?post=105648"}],"curies":[{"name":"wp","href":"https:\/\/api.w.org\/{rel}","templated":true}]}}