{"id":105650,"date":"2025-08-05T18:49:20","date_gmt":"2025-08-05T22:49:20","guid":{"rendered":"https:\/\/lasprimeras.com.do\/?p=105650"},"modified":"2025-08-05T18:49:21","modified_gmt":"2025-08-05T22:49:21","slug":"diputados-aprueban-la-ley-de-alquileres-de-bienes-inmuebles-y-desahucios","status":"publish","type":"post","link":"https:\/\/lasprimeras.com.do\/index.php\/2025\/08\/05\/diputados-aprueban-la-ley-de-alquileres-de-bienes-inmuebles-y-desahucios\/","title":{"rendered":"Diputados aprueban la ley de alquileres de Bienes Inmuebles y Desahucios"},"content":{"rendered":"\n<p>La C\u00e1mara de Diputados aprob\u00f3 en \u00fanica lectura las modificaciones que realiz\u00f3 el Senado al proyecto de Ley de Alquileres de Bienes Inmuebles y Desahucios.<\/p>\n\n\n\n<p>La pieza tiene como objetivo regular los contratos de arrendamiento de viviendas, locales comerciales y espacios destinados a actividades sin fines de lucro.<\/p>\n\n\n\n<p>Con esta aprobaci\u00f3n, el Congreso Nacional convierte en norma el proyecto, que pasar\u00e1 al Poder Ejecutivo para su promulgaci\u00f3n y publicaci\u00f3n.<\/p>\n\n\n\n<p>La pieza, de autor\u00eda de Alfredo Pacheco, fue sometido el 19 de agosto del a\u00f1o pasado, durante la legislatura agosto-enero.<\/p>\n\n\n\n<p>En ese per\u00edodo no tuvo aprobaci\u00f3n y pas\u00f3 a la legislatura febrero-julio, pero tampoco fue aprobado en su totalidad por desacuerdos entre los senadores.<\/p>\n\n\n\n<p>En esta legislatura extraordinaria fue reintroducido por el asamble\u00edsta para discutirse en el ciclo legislativo adicional.<\/p>\n\n\n\n<p>La iniciativa hace \u00e9nfasis en los precios, la renovaci\u00f3n de contratos, el abandono del inmueble y la cantidad de dep\u00f3sitos requeridos.<\/p>\n\n\n\n<p>En esta sesi\u00f3n tambi\u00e9n se aprobaron tres proyectos de gran envergadura para la naci\u00f3n: el Ministerio de Justicia, el de Fiscalizaci\u00f3n del Congreso y el de Bien de Familia.<\/p>\n\n\n\n<p>Las \u00faltimas modificaciones del Senado<\/p>\n\n\n\n<p>Entre los cambios propuestos en la sesi\u00f3n de ayer se incluyen:<\/p>\n\n\n\n<p>Pedro Catrain (PRM-Saman\u00e1) plante\u00f3 que los dep\u00f3sitos no sean superiores a dos meses. Los diputados hab\u00edan propuesto tres, luego de las consultas p\u00fablicas realizadas con los sectores interesados. Qued\u00f3 en dos.<\/p>\n\n\n\n<p>Aneudy Santos (PRM-San Jos\u00e9 de Ocoa) propuso que al art\u00edculo 3, sobre alquileres con fines comerciales o asociaciones sin fines de lucro, se le agregue una cl\u00e1usula que permita optar por la v\u00eda arbitral para dirimir sus conflictos.<\/p>\n\n\n\n<p>Odal\u00eds Rodr\u00edguez (PRM-Valverde) sugiri\u00f3 que el plazo para dictar sentencia en materia de alquileres sea de 30 d\u00edas, a partir de que el expediente est\u00e9 en estado de fallo.<br>Todas las propuestas de modificaci\u00f3n fueron aprobadas con la mayor\u00eda de los votos.<\/p>\n\n\n\n<p>El proyecto de Ley de Alquileres de Bienes Inmuebles y Desahucios hace \u00e9nfasis en los precios, la renovaci\u00f3n de contratos, el abandono del inmueble y la cantidad de dep\u00f3sitos requeridos.<\/p>\n\n\n\n<p>El art\u00edculo 8 establece que el ajuste de precio ya no debe ser unidireccional, sino por mutuo acuerdo, y que el aumento no debe superar el 10 % de la renta actual.<\/p>\n\n\n\n<p>El art\u00edculo 10 se\u00f1ala que no ponerse al d\u00eda con los pagos podr\u00eda causar la suspensi\u00f3n del contrato, mientras que el 11 establece que la pareja o el hijo del inquilino podr\u00e1 asumir el contrato si este fallece.<\/p>\n","protected":false},"excerpt":{"rendered":"<p>La C\u00e1mara de Diputados aprob\u00f3 en \u00fanica lectura las modificaciones que realiz\u00f3 el Senado al proyecto de Ley de Alquileres de Bienes Inmuebles y Desahucios. La pieza tiene como objetivo&hellip;<\/p>\n","protected":false},"author":10,"featured_media":87995,"comment_status":"open","ping_status":"open","sticky":false,"template":"","format":"standard","meta":{"content-type":"","jetpack_post_was_ever_published":false,"_jetpack_newsletter_access":"","_jetpack_dont_email_post_to_subs":false,"_jetpack_newsletter_tier_id":0,"_jetpack_memberships_contains_paywalled_content":false,"_jetpack_memberships_contains_paid_content":false,"footnotes":""},"categories":[35],"tags":[273,22774,274,21741],"class_list":["post-105650","post","type-post","status-publish","format-standard","has-post-thumbnail","hentry","category-nacionales","tag-aprueban","tag-bienes-inmuebles-y-desahucios","tag-diputados","tag-ley-de-alquileres"],"jetpack_featured_media_url":"https:\/\/lasprimeras.com.do\/wp-content\/uploads\/2024\/08\/Alfredo-Pacheco.jpeg","jetpack-related-posts":[{"id":105514,"url":"https:\/\/lasprimeras.com.do\/index.php\/2025\/08\/04\/senado-aprobo-en-segunda-lectura-el-proyecto-de-ley-de-alquileres-de-bienes-inmuebles-y-desahucios\/","url_meta":{"origin":105650,"position":0},"title":"Senado aprob\u00f3 en segunda lectura el Proyecto de Ley de Alquileres de Bienes Inmuebles y Desahucios","author":"Nelson Feliz","date":"4 de agosto de 2025","format":false,"excerpt":"Este proyecto de Ley autor\u00eda del presidente de la C\u00e1mara Baja, Alfredo Pacheco Osoria, tiene el prop\u00f3sito de regular el alquiler de bienes inmuebles destinados a la vivienda, al comercio y actividades sin fines de lucro. El Senado de la Rep\u00fablica aprob\u00f3 en segunda lectura y con modificaciones, el Proyecto\u2026","rel":"","context":"En \u00abNACIONALES\u00bb","block_context":{"text":"NACIONALES","link":"https:\/\/lasprimeras.com.do\/index.php\/category\/nacionales\/"},"img":{"alt_text":"","src":"https:\/\/i0.wp.com\/lasprimeras.com.do\/wp-content\/uploads\/2025\/08\/ricardo-2.jpg?resize=350%2C200&ssl=1","width":350,"height":200,"srcset":"https:\/\/i0.wp.com\/lasprimeras.com.do\/wp-content\/uploads\/2025\/08\/ricardo-2.jpg?resize=350%2C200&ssl=1 1x, https:\/\/i0.wp.com\/lasprimeras.com.do\/wp-content\/uploads\/2025\/08\/ricardo-2.jpg?resize=525%2C300&ssl=1 1.5x, https:\/\/i0.wp.com\/lasprimeras.com.do\/wp-content\/uploads\/2025\/08\/ricardo-2.jpg?resize=700%2C400&ssl=1 2x"},"classes":[]},{"id":104673,"url":"https:\/\/lasprimeras.com.do\/index.php\/2025\/07\/25\/aprobada-en-dos-lectura-por-el-senado-la-reforma-al-codigo-tributario-en-rd\/","url_meta":{"origin":105650,"position":1},"title":"Aprobada en dos lectura por el Senado la reforma al C\u00f3digo Tributario en RD","author":"Nelson Feliz","date":"25 de julio de 2025","format":false,"excerpt":"El Senado de la Rep\u00fablica Dominicana aprob\u00f3, en dos lecturas consecutivas y con car\u00e1cter de urgencia, el Proyecto de Ley que modifica el art\u00edculo 56 del C\u00f3digo Tributario, contenido en la Ley 11-92, previamente alterado por la Ley 495-06 sobre Rectificaci\u00f3n Tributaria. La iniciativa fue enviada por el Poder Ejecutivo.\u2026","rel":"","context":"En \u00abNACIONALES\u00bb","block_context":{"text":"NACIONALES","link":"https:\/\/lasprimeras.com.do\/index.php\/category\/nacionales\/"},"img":{"alt_text":"","src":"https:\/\/i0.wp.com\/lasprimeras.com.do\/wp-content\/uploads\/2025\/07\/senado-3.jpg?resize=350%2C200&ssl=1","width":350,"height":200,"srcset":"https:\/\/i0.wp.com\/lasprimeras.com.do\/wp-content\/uploads\/2025\/07\/senado-3.jpg?resize=350%2C200&ssl=1 1x, https:\/\/i0.wp.com\/lasprimeras.com.do\/wp-content\/uploads\/2025\/07\/senado-3.jpg?resize=525%2C300&ssl=1 1.5x, https:\/\/i0.wp.com\/lasprimeras.com.do\/wp-content\/uploads\/2025\/07\/senado-3.jpg?resize=700%2C400&ssl=1 2x"},"classes":[]},{"id":55844,"url":"https:\/\/lasprimeras.com.do\/index.php\/2023\/07\/25\/poder-ejecutivo-convoca-al-congreso-nacional-a-legislatura-extraordinaria\/","url_meta":{"origin":105650,"position":2},"title":"Poder Ejecutivo convoca al Congreso Nacional a legislatura extraordinaria","author":"Nelson Feliz","date":"25 de julio de 2023","format":false,"excerpt":"El presidente Luis Abinader convoc\u00f3 mediante decreto al Congreso Nacional a una legislatura extraordinaria para conocer varios proyectos de ley que est\u00e1n en debate en el Senado y la C\u00e1mara de Diputados. En el decreto 335-23, le\u00eddo en la sesi\u00f3n de hoy por el presidente de la C\u00e1mara Baja, Alfredo\u2026","rel":"","context":"En \u00abNACIONALES\u00bb","block_context":{"text":"NACIONALES","link":"https:\/\/lasprimeras.com.do\/index.php\/category\/nacionales\/"},"img":{"alt_text":"Luis Abinader","src":"https:\/\/i0.wp.com\/lasprimeras.com.do\/wp-content\/uploads\/2023\/07\/Luis-Abinader-PP-1.jpg?resize=350%2C200&ssl=1","width":350,"height":200,"srcset":"https:\/\/i0.wp.com\/lasprimeras.com.do\/wp-content\/uploads\/2023\/07\/Luis-Abinader-PP-1.jpg?resize=350%2C200&ssl=1 1x, https:\/\/i0.wp.com\/lasprimeras.com.do\/wp-content\/uploads\/2023\/07\/Luis-Abinader-PP-1.jpg?resize=525%2C300&ssl=1 1.5x"},"classes":[]},{"id":105284,"url":"https:\/\/lasprimeras.com.do\/index.php\/2025\/08\/01\/senado-convirtio-en-ley-los-proyectos-de-leyes-organica-del-ministerio-de-justicia\/","url_meta":{"origin":105650,"position":3},"title":"Senado convirti\u00f3 en Ley los proyectos de Leyes Org\u00e1nica del Ministerio de Justicia","author":"Nelson Feliz","date":"1 de agosto de 2025","format":false,"excerpt":"En primera sesi\u00f3n de legislatura extraordinaria los senadores aprobaron a unanimidad este jueves las modificaciones sugeridas por el Poder Ejecutivo. Por Adalgisa S\u00e1nchez El Senado de la Rep\u00fablica acogi\u00f3 y aprob\u00f3 en \u00fanica lectura las observaciones realizadas por el Poder Ejecutivo a la Ley Org\u00e1nica del Ministerio de Justicia, presentada\u2026","rel":"","context":"En \u00abNACIONALES\u00bb","block_context":{"text":"NACIONALES","link":"https:\/\/lasprimeras.com.do\/index.php\/category\/nacionales\/"},"img":{"alt_text":"","src":"https:\/\/i0.wp.com\/lasprimeras.com.do\/wp-content\/uploads\/2025\/08\/Senado-de-la-Republica-3.jpg?resize=350%2C200&ssl=1","width":350,"height":200,"srcset":"https:\/\/i0.wp.com\/lasprimeras.com.do\/wp-content\/uploads\/2025\/08\/Senado-de-la-Republica-3.jpg?resize=350%2C200&ssl=1 1x, https:\/\/i0.wp.com\/lasprimeras.com.do\/wp-content\/uploads\/2025\/08\/Senado-de-la-Republica-3.jpg?resize=525%2C300&ssl=1 1.5x, https:\/\/i0.wp.com\/lasprimeras.com.do\/wp-content\/uploads\/2025\/08\/Senado-de-la-Republica-3.jpg?resize=700%2C400&ssl=1 2x"},"classes":[]},{"id":103564,"url":"https:\/\/lasprimeras.com.do\/index.php\/2025\/07\/16\/bancos-advierten-que-la-nueva-ley-de-alquileres-les-asigna-funciones-que-no-les-corresponden\/","url_meta":{"origin":105650,"position":4},"title":"Bancos advierten que la nueva ley de alquileres les asigna funciones que no les corresponden","author":"Nelson Feliz","date":"16 de julio de 2025","format":false,"excerpt":"La imposici\u00f3n de esta obligaci\u00f3n desborda la funci\u00f3n financiera y convierte a los bancos en un actor involuntario, advierte la banca. La Asociaci\u00f3n de Bancos M\u00faltiples de la Rep\u00fablica Dominicana (ABA) advirti\u00f3 al Congreso Nacional sobre los riesgos legales y operativos que implicar\u00eda aprobar sin modificaciones el Proyecto de Ley\u2026","rel":"","context":"En \u00abECONOM\u00cdA\u00bb","block_context":{"text":"ECONOM\u00cdA","link":"https:\/\/lasprimeras.com.do\/index.php\/category\/economia\/"},"img":{"alt_text":"","src":"https:\/\/i0.wp.com\/lasprimeras.com.do\/wp-content\/uploads\/2025\/07\/ABA.jpg?resize=350%2C200&ssl=1","width":350,"height":200,"srcset":"https:\/\/i0.wp.com\/lasprimeras.com.do\/wp-content\/uploads\/2025\/07\/ABA.jpg?resize=350%2C200&ssl=1 1x, https:\/\/i0.wp.com\/lasprimeras.com.do\/wp-content\/uploads\/2025\/07\/ABA.jpg?resize=525%2C300&ssl=1 1.5x, https:\/\/i0.wp.com\/lasprimeras.com.do\/wp-content\/uploads\/2025\/07\/ABA.jpg?resize=700%2C400&ssl=1 2x"},"classes":[]},{"id":48688,"url":"https:\/\/lasprimeras.com.do\/index.php\/2023\/05\/02\/diputados-aprueban-en-dos-sesiones-seguidas-proyecto-de-ley-de-primer-empleo\/","url_meta":{"origin":105650,"position":5},"title":"Diputados aprueban en dos sesiones seguidas proyecto de ley de primer empleo","author":"prenxa100","date":"2 de mayo de 2023","format":false,"excerpt":"SANTO DOMINGO\u2013 La C\u00e1mara de Diputados declar\u00f3 de urgencia y aprob\u00f3 en dos sesiones consecutivas este martes el proyecto de ley que crea el primer empleo en la Rep\u00fablica Dominicana. La iniciativa ha sido aprobada en varias legislaturas en la C\u00e1mara de Diputados y viene a abrir la puerta al\u2026","rel":"","context":"En \u00abNACIONALES\u00bb","block_context":{"text":"NACIONALES","link":"https:\/\/lasprimeras.com.do\/index.php\/category\/nacionales\/"},"img":{"alt_text":"","src":"","width":0,"height":0},"classes":[]}],"jetpack_sharing_enabled":true,"_links":{"self":[{"href":"https:\/\/lasprimeras.com.do\/index.php\/wp-json\/wp\/v2\/posts\/105650","targetHints":{"allow":["GET"]}}],"collection":[{"href":"https:\/\/lasprimeras.com.do\/index.php\/wp-json\/wp\/v2\/posts"}],"about":[{"href":"https:\/\/lasprimeras.com.do\/index.php\/wp-json\/wp\/v2\/types\/post"}],"author":[{"embeddable":true,"href":"https:\/\/lasprimeras.com.do\/index.php\/wp-json\/wp\/v2\/users\/10"}],"replies":[{"embeddable":true,"href":"https:\/\/lasprimeras.com.do\/index.php\/wp-json\/wp\/v2\/comments?post=105650"}],"version-history":[{"count":1,"href":"https:\/\/lasprimeras.com.do\/index.php\/wp-json\/wp\/v2\/posts\/105650\/revisions"}],"predecessor-version":[{"id":105651,"href":"https:\/\/lasprimeras.com.do\/index.php\/wp-json\/wp\/v2\/posts\/105650\/revisions\/105651"}],"wp:featuredmedia":[{"embeddable":true,"href":"https:\/\/lasprimeras.com.do\/index.php\/wp-json\/wp\/v2\/media\/87995"}],"wp:attachment":[{"href":"https:\/\/lasprimeras.com.do\/index.php\/wp-json\/wp\/v2\/media?parent=105650"}],"wp:term":[{"taxonomy":"category","embeddable":true,"href":"https:\/\/lasprimeras.com.do\/index.php\/wp-json\/wp\/v2\/categories?post=105650"},{"taxonomy":"post_tag","embeddable":true,"href":"https:\/\/lasprimeras.com.do\/index.php\/wp-json\/wp\/v2\/tags?post=105650"}],"curies":[{"name":"wp","href":"https:\/\/api.w.org\/{rel}","templated":true}]}}