{"id":105657,"date":"2025-08-05T19:44:19","date_gmt":"2025-08-05T23:44:19","guid":{"rendered":"https:\/\/lasprimeras.com.do\/?p=105657"},"modified":"2025-08-05T19:44:21","modified_gmt":"2025-08-05T23:44:21","slug":"senado-y-medio-ambiente-ampliaran-programa-de-responsabilidad-social-firman-acuerdo","status":"publish","type":"post","link":"https:\/\/lasprimeras.com.do\/index.php\/2025\/08\/05\/senado-y-medio-ambiente-ampliaran-programa-de-responsabilidad-social-firman-acuerdo\/","title":{"rendered":"Senado y Medio Ambiente ampliaran programa de responsabilidad social, firman acuerdo"},"content":{"rendered":"\n<p>El presidente del Senado de la Rep\u00fablica y el ministro de Medio Ambiente y Recursos Naturales (MMARN) firmaron este martes un acuerdo de colaboraci\u00f3n interinstitucional para coordinar esfuerzos a los fines de implementar un amplio programa integral de responsabilidad social y ambiental que fomente la conciencia ciudadana sobre la preservaci\u00f3n del medio ambiente, capacitar a colaboradores del Senado y comunidades en las \u00e1reas de sostenibilidad.<\/p>\n\n\n\n<p>El convenio establece el impulso de pr\u00e1cticas de producci\u00f3n limpia en su quehacer institucional. Como parte de la alianza, la C\u00e1mara Alta recibir\u00e1 acompa\u00f1amiento en jornadas de reforestaci\u00f3n y restauraci\u00f3n ecol\u00f3gica de ecosistemas degradados, as\u00ed como cualquier otra iniciativa orientada a la protecci\u00f3n de los recursos naturales y la resiliencia clim\u00e1tica, contribuyendo as\u00ed, con el fortalecimiento de la sostenibilidad en el pa\u00eds.<\/p>\n\n\n\n<p>Tras realizar el acto de firma, el presidente de la C\u00e1mara Alta, Ricardo de los Santos, dijo que el principal objetivo de este acuerdo es que, \u201ccomo ciudadanos cuidemos de nuestro medio ambiente, porque hablar de ambiente, es hablar de vida, de la humana y de la protecci\u00f3n por la fauna, la flora y de todo el planeta. Debemos trabajar en esto para el beneficio de las futuras generaciones\u201d, precis\u00f3.<\/p>\n\n\n\n<p>En el encuentro, De los Santos inform\u00f3 que el Senado de la Rep\u00fablica ya plant\u00f3 su primer bosque en el Parque Nacional Humedales del Ozama como parte de la iniciativa de fomentar y cuidar el medio ambiente, y adelant\u00f3, que, en conjunto con el Ministerio de Medio Ambiente se propone plantar un bosque en las 31 provincias, y el Distrito Nacional, en coordinaci\u00f3n con las oficinas senatoriales.<\/p>\n\n\n\n<p>En tanto que el ministro de Medio Ambiente, Pa\u00edno Henr\u00edquez, se\u00f1al\u00f3 que este acuerdo va a reflejar acciones inmediatas con el Ministerio del Medio Ambiente y el Senado de la Rep\u00fablica, las cuales impactar\u00e1n de manera positiva a favor del ambiente.<\/p>\n\n\n\n<p>\u201cDe esta manera lo que buscamos es que nuestras instituciones generen menos residuos, y los residuos que se generen lo hagamos de una manera ordenada y separada uno de otros, para aprovecharlo de forma sostenible y que utilicemos ese importante recurso para hacer consumo energ\u00e9tico, hacer un consumo m\u00e1s sostenible y que impacte menos en las necesidades de generaci\u00f3n el\u00e9ctrica, que ustedes saben que en gran parte se produce con generaci\u00f3n de gases de efecto invernadero\u201d, dijo.<\/p>\n\n\n\n<p>Seg\u00fan especifica uno de los considerandos de este acuerdo, \u201cla preservaci\u00f3n del medio ambiente constituye una responsabilidad compartida entre el Estado, la sociedad civil, los sectores productivos y todas las instituciones p\u00fablicas\u201d.<\/p>\n\n\n\n<p>Es en ese sentido que el Senado de la Rep\u00fablica asume el compromiso de asumir con criterio y pr\u00e1ctica la ejecuci\u00f3n de acciones que vayan en consonancia con este fundamento.<\/p>\n\n\n\n<p>Como parte de los asistentes a la firma del acuerdo de colaboraci\u00f3n, asistieron los senadores L\u00eda Ynocencia D\u00edaz, Franklin Romero Morillo, Odalis Rodr\u00edguez, Antonio Marte, Dagoberto Rodr\u00edguez Adames, Ginnette Bournigal de Jim\u00e9nez, Mar\u00eda Mercedes Ortiz, Jonhson Encarnaci\u00f3n, Pedro Tineo, Daniel Rivera, Gustavo Lara, Pedro Catrain, Santiago Zorrilla, y Mois\u00e9s Ayala.<\/p>\n\n\n\n<p>En tanto que, por el ministerio de Medio Ambiente asistieron Ana Pimentel, viceministra de Cambio Clim\u00e1tico y Sostenibilidad, Maireny Infante, directora t\u00e9cnica del despacho del ministro, Lorenlay Mota, encargada de Protocolo, Carlos Daniel Taveras, director de Producci\u00f3n y Consumo Sostenible y Luisina Mi\u00f1oso, encargada de Articulaci\u00f3n de Iniciativas Empresariales.<\/p>\n","protected":false},"excerpt":{"rendered":"<p>El presidente del Senado de la Rep\u00fablica y el ministro de Medio Ambiente y Recursos Naturales (MMARN) firmaron este martes un acuerdo de colaboraci\u00f3n interinstitucional para coordinar esfuerzos a los&hellip;<\/p>\n","protected":false},"author":10,"featured_media":105658,"comment_status":"open","ping_status":"open","sticky":false,"template":"","format":"standard","meta":{"content-type":"","jetpack_post_was_ever_published":false,"_jetpack_newsletter_access":"","_jetpack_dont_email_post_to_subs":false,"_jetpack_newsletter_tier_id":0,"_jetpack_memberships_contains_paywalled_content":false,"_jetpack_memberships_contains_paid_content":false,"footnotes":""},"categories":[35,25],"tags":[22778,22777,3533,563,444,1906,22779,413],"class_list":["post-105657","post","type-post","status-publish","format-standard","has-post-thumbnail","hentry","category-nacionales","category-portada","tag-amplio-programa","tag-firman-acuerdo","tag-implementacion","tag-medio-ambiente","tag-ministerio","tag-republica","tag-responsabilidad-social","tag-senado"],"jetpack_featured_media_url":"https:\/\/lasprimeras.com.do\/wp-content\/uploads\/2025\/08\/senado.jpg","jetpack-related-posts":[{"id":86897,"url":"https:\/\/lasprimeras.com.do\/index.php\/2024\/08\/02\/presidente-senado-y-subsecretario-estado-de-crecimiento-economico-energia-y-medio-ambiente-de-eu-se-reunen\/","url_meta":{"origin":105657,"position":0},"title":"Presidente Senado y Subsecretario Estado de Crecimiento Econ\u00f3mico, Energ\u00eda y Medio Ambiente de EU se re\u00fanen","author":"Nelson Feliz","date":"2 de agosto de 2024","format":false,"excerpt":"El presidente del Senado de la Rep\u00fablica, Ricardo de los Santos, y el Subsecretario de Estado para el Crecimiento Econ\u00f3mico, Energ\u00eda y Medio Ambiente de los Estados Unidos, Jos\u00e9 W. Fern\u00e1ndez, sostuvieron este viernes una reuni\u00f3n de trabajo, donde abordaron temas de inter\u00e9s nacional y legislativo. El presidente De los\u2026","rel":"","context":"En \u00abNACIONALES\u00bb","block_context":{"text":"NACIONALES","link":"https:\/\/lasprimeras.com.do\/index.php\/category\/nacionales\/"},"img":{"alt_text":"","src":"https:\/\/i0.wp.com\/lasprimeras.com.do\/wp-content\/uploads\/2024\/08\/senado-2.jpg?resize=350%2C200&ssl=1","width":350,"height":200,"srcset":"https:\/\/i0.wp.com\/lasprimeras.com.do\/wp-content\/uploads\/2024\/08\/senado-2.jpg?resize=350%2C200&ssl=1 1x, https:\/\/i0.wp.com\/lasprimeras.com.do\/wp-content\/uploads\/2024\/08\/senado-2.jpg?resize=525%2C300&ssl=1 1.5x, https:\/\/i0.wp.com\/lasprimeras.com.do\/wp-content\/uploads\/2024\/08\/senado-2.jpg?resize=700%2C400&ssl=1 2x"},"classes":[]},{"id":60488,"url":"https:\/\/lasprimeras.com.do\/index.php\/2023\/09\/14\/senado-y-el-tc-firman-acuerdo-de-cooperacion-interinstitucional\/","url_meta":{"origin":105657,"position":1},"title":"Senado y el TC firman acuerdo de cooperaci\u00f3n interinstitucional","author":"Nelson Feliz","date":"14 de septiembre de 2023","format":false,"excerpt":"Los presidentes de ambas entidades, Ricardo De los Santos, y Milton Ray Guevara, acordaron elaborar una estrategia basada en temas puntuales para desarrollarlas de manera conjunta. El Senado de la Rep\u00fablica Dominicana y el Tribunal Constitucional (TC) acordaron establecer v\u00ednculos de cooperaci\u00f3n interinstitucional para desarrollar iniciativas dentro del marco de\u2026","rel":"","context":"En \u00abNACIONALES\u00bb","block_context":{"text":"NACIONALES","link":"https:\/\/lasprimeras.com.do\/index.php\/category\/nacionales\/"},"img":{"alt_text":"ACUERDO SENADO","src":"https:\/\/i0.wp.com\/lasprimeras.com.do\/wp-content\/uploads\/2023\/09\/FIRMA-ACUERDO-SENADO-4.jpg?resize=350%2C200&ssl=1","width":350,"height":200,"srcset":"https:\/\/i0.wp.com\/lasprimeras.com.do\/wp-content\/uploads\/2023\/09\/FIRMA-ACUERDO-SENADO-4.jpg?resize=350%2C200&ssl=1 1x, https:\/\/i0.wp.com\/lasprimeras.com.do\/wp-content\/uploads\/2023\/09\/FIRMA-ACUERDO-SENADO-4.jpg?resize=525%2C300&ssl=1 1.5x, https:\/\/i0.wp.com\/lasprimeras.com.do\/wp-content\/uploads\/2023\/09\/FIRMA-ACUERDO-SENADO-4.jpg?resize=700%2C400&ssl=1 2x"},"classes":[]},{"id":60771,"url":"https:\/\/lasprimeras.com.do\/index.php\/2023\/09\/18\/senado-firma-acuerdo-con-la-universidad-castilla-la-marcha-para-formacion-educativa\/","url_meta":{"origin":105657,"position":2},"title":"Senado firma acuerdo con la Universidad Castilla-La Marcha para formaci\u00f3n educativa","author":"Nelson Feliz","date":"18 de septiembre de 2023","format":false,"excerpt":"\u00a0El acuerdo permitir\u00e1 a senadores, funcionarios y colaboradores\u00a0 de la C\u00e1mara Alta, realizar maestr\u00edas de derecho constitucional y derecho p\u00fablico, de manera presencial. El presidente del Senado de la Rep\u00fablica, Ricardo De los Santos,\u00a0 firm\u00f3 un acuerdo de colaboraci\u00f3n con representantes de la Universidad de Castilla-La Mancha (UCLM), para ofrecer\u2026","rel":"","context":"En \u00abNACIONALES\u00bb","block_context":{"text":"NACIONALES","link":"https:\/\/lasprimeras.com.do\/index.php\/category\/nacionales\/"},"img":{"alt_text":"","src":"https:\/\/i0.wp.com\/lasprimeras.com.do\/wp-content\/uploads\/2023\/09\/senado-1-1.jpg?resize=350%2C200&ssl=1","width":350,"height":200,"srcset":"https:\/\/i0.wp.com\/lasprimeras.com.do\/wp-content\/uploads\/2023\/09\/senado-1-1.jpg?resize=350%2C200&ssl=1 1x, https:\/\/i0.wp.com\/lasprimeras.com.do\/wp-content\/uploads\/2023\/09\/senado-1-1.jpg?resize=525%2C300&ssl=1 1.5x, https:\/\/i0.wp.com\/lasprimeras.com.do\/wp-content\/uploads\/2023\/09\/senado-1-1.jpg?resize=700%2C400&ssl=1 2x"},"classes":[]},{"id":92789,"url":"https:\/\/lasprimeras.com.do\/index.php\/2025\/01\/15\/medio-ambiente-inicia-la-temporada-2025-de-observacion-de-ballenas-jorobadas-en-samana\/","url_meta":{"origin":105657,"position":3},"title":"Medio Ambiente inicia la Temporada 2025 de Observaci\u00f3n de Ballenas Jorobadas en Saman\u00e1","author":"Nelson Feliz","date":"15 de enero de 2025","format":false,"excerpt":"El Ministerio de Medio Ambiente dej\u00f3 iniciada la Temporada de Observaci\u00f3n de Ballenas Jorobadas en la Bah\u00eda de Saman\u00e1 2025, con la firma de la renovaci\u00f3n de un acuerdo interinstitucional para garantizar la correcta gesti\u00f3n y desarrollo sostenible de esta actividad ecotur\u00edstica, que se extender\u00e1 desde el 15 de enero\u2026","rel":"","context":"En \u00abNACIONALES\u00bb","block_context":{"text":"NACIONALES","link":"https:\/\/lasprimeras.com.do\/index.php\/category\/nacionales\/"},"img":{"alt_text":"Medio Ambiente firma acuerdo interinstitucional que inicia la Temporada 2025 de Observaci\u00f3n de Ballenas Jorobadas en Saman\u00e1.","src":"https:\/\/i0.wp.com\/lasprimeras.com.do\/wp-content\/uploads\/2025\/01\/Medio-Ambiente-firma-acuerdo-interinstitucional-que-inicia-la-Temporada-2025-de-Observacion-de-Ballenas-Jorobadas-en-Samana.jpg?resize=350%2C200&ssl=1","width":350,"height":200,"srcset":"https:\/\/i0.wp.com\/lasprimeras.com.do\/wp-content\/uploads\/2025\/01\/Medio-Ambiente-firma-acuerdo-interinstitucional-que-inicia-la-Temporada-2025-de-Observacion-de-Ballenas-Jorobadas-en-Samana.jpg?resize=350%2C200&ssl=1 1x, https:\/\/i0.wp.com\/lasprimeras.com.do\/wp-content\/uploads\/2025\/01\/Medio-Ambiente-firma-acuerdo-interinstitucional-que-inicia-la-Temporada-2025-de-Observacion-de-Ballenas-Jorobadas-en-Samana.jpg?resize=525%2C300&ssl=1 1.5x, https:\/\/i0.wp.com\/lasprimeras.com.do\/wp-content\/uploads\/2025\/01\/Medio-Ambiente-firma-acuerdo-interinstitucional-que-inicia-la-Temporada-2025-de-Observacion-de-Ballenas-Jorobadas-en-Samana.jpg?resize=700%2C400&ssl=1 2x"},"classes":[]},{"id":93864,"url":"https:\/\/lasprimeras.com.do\/index.php\/2025\/02\/21\/presidente-del-senado-apoya-la-modificacion-a-ley-de-residuos-solidos\/","url_meta":{"origin":105657,"position":4},"title":"Presidente del Senado apoya la modificaci\u00f3n a ley de Residuos S\u00f3lidos","author":"Nelson Feliz","date":"21 de febrero de 2025","format":false,"excerpt":"El presidente del Senado de la Rep\u00fablica, Ricardo De Los Santos, dijo que apoya la modificaci\u00f3n a ley General de Gesti\u00f3n Integral y Procedimiento de Residuos S\u00f3lidos en la Rep\u00fablica Dominicana. El senador dijo \u201cEstamos escuchando todos los sectores para la modificaci\u00f3n a la ya debatida ley\u201d, asegur\u00f3 Ricardo De\u2026","rel":"","context":"En \u00abNACIONALES\u00bb","block_context":{"text":"NACIONALES","link":"https:\/\/lasprimeras.com.do\/index.php\/category\/nacionales\/"},"img":{"alt_text":"Ricardo De Los Santos","src":"https:\/\/i0.wp.com\/lasprimeras.com.do\/wp-content\/uploads\/2025\/02\/Ricardo-De-Los-Santos.jpg?resize=350%2C200&ssl=1","width":350,"height":200,"srcset":"https:\/\/i0.wp.com\/lasprimeras.com.do\/wp-content\/uploads\/2025\/02\/Ricardo-De-Los-Santos.jpg?resize=350%2C200&ssl=1 1x, https:\/\/i0.wp.com\/lasprimeras.com.do\/wp-content\/uploads\/2025\/02\/Ricardo-De-Los-Santos.jpg?resize=525%2C300&ssl=1 1.5x, https:\/\/i0.wp.com\/lasprimeras.com.do\/wp-content\/uploads\/2025\/02\/Ricardo-De-Los-Santos.jpg?resize=700%2C400&ssl=1 2x"},"classes":[]},{"id":66422,"url":"https:\/\/lasprimeras.com.do\/index.php\/2023\/11\/06\/senado-deposita-ofrenda-floral-en-monumento-a-los-constituyentes-en-san-cristobal\/","url_meta":{"origin":105657,"position":5},"title":"Senado deposita ofrenda floral en Monumento a los Constituyentes en San Crist\u00f3bal","author":"Nelson Feliz","date":"6 de noviembre de 2023","format":false,"excerpt":"Una comisi\u00f3n del Senado de la Rep\u00fablica deposit\u00f3 una ofrenda floral en el Monumento a los Constituyentes en San Crist\u00f3bal, en ocasi\u00f3n del 179 aniversario de la Constituci\u00f3n de la Rep\u00fablica. El senador de la provincia Peravia, Milc\u00edades Franjul, junto al representante de San Crist\u00f3bal en la C\u00e1mara Alta, Franklin\u2026","rel":"","context":"En \u00abNACIONALES\u00bb","block_context":{"text":"NACIONALES","link":"https:\/\/lasprimeras.com.do\/index.php\/category\/nacionales\/"},"img":{"alt_text":"Milc\u00edades Franjul","src":"https:\/\/i0.wp.com\/lasprimeras.com.do\/wp-content\/uploads\/2023\/11\/Milciades-Franjul-1.jpg?resize=350%2C200&ssl=1","width":350,"height":200,"srcset":"https:\/\/i0.wp.com\/lasprimeras.com.do\/wp-content\/uploads\/2023\/11\/Milciades-Franjul-1.jpg?resize=350%2C200&ssl=1 1x, https:\/\/i0.wp.com\/lasprimeras.com.do\/wp-content\/uploads\/2023\/11\/Milciades-Franjul-1.jpg?resize=525%2C300&ssl=1 1.5x, https:\/\/i0.wp.com\/lasprimeras.com.do\/wp-content\/uploads\/2023\/11\/Milciades-Franjul-1.jpg?resize=700%2C400&ssl=1 2x"},"classes":[]}],"jetpack_sharing_enabled":true,"_links":{"self":[{"href":"https:\/\/lasprimeras.com.do\/index.php\/wp-json\/wp\/v2\/posts\/105657","targetHints":{"allow":["GET"]}}],"collection":[{"href":"https:\/\/lasprimeras.com.do\/index.php\/wp-json\/wp\/v2\/posts"}],"about":[{"href":"https:\/\/lasprimeras.com.do\/index.php\/wp-json\/wp\/v2\/types\/post"}],"author":[{"embeddable":true,"href":"https:\/\/lasprimeras.com.do\/index.php\/wp-json\/wp\/v2\/users\/10"}],"replies":[{"embeddable":true,"href":"https:\/\/lasprimeras.com.do\/index.php\/wp-json\/wp\/v2\/comments?post=105657"}],"version-history":[{"count":1,"href":"https:\/\/lasprimeras.com.do\/index.php\/wp-json\/wp\/v2\/posts\/105657\/revisions"}],"predecessor-version":[{"id":105659,"href":"https:\/\/lasprimeras.com.do\/index.php\/wp-json\/wp\/v2\/posts\/105657\/revisions\/105659"}],"wp:featuredmedia":[{"embeddable":true,"href":"https:\/\/lasprimeras.com.do\/index.php\/wp-json\/wp\/v2\/media\/105658"}],"wp:attachment":[{"href":"https:\/\/lasprimeras.com.do\/index.php\/wp-json\/wp\/v2\/media?parent=105657"}],"wp:term":[{"taxonomy":"category","embeddable":true,"href":"https:\/\/lasprimeras.com.do\/index.php\/wp-json\/wp\/v2\/categories?post=105657"},{"taxonomy":"post_tag","embeddable":true,"href":"https:\/\/lasprimeras.com.do\/index.php\/wp-json\/wp\/v2\/tags?post=105657"}],"curies":[{"name":"wp","href":"https:\/\/api.w.org\/{rel}","templated":true}]}}