{"id":105663,"date":"2025-08-05T19:59:16","date_gmt":"2025-08-05T23:59:16","guid":{"rendered":"https:\/\/lasprimeras.com.do\/?p=105663"},"modified":"2025-08-05T19:59:18","modified_gmt":"2025-08-05T23:59:18","slug":"fp-expresa-su-profundo-pesar-por-el-fallecimiento-de-jose-rafael-lantigua","status":"publish","type":"post","link":"https:\/\/lasprimeras.com.do\/index.php\/2025\/08\/05\/fp-expresa-su-profundo-pesar-por-el-fallecimiento-de-jose-rafael-lantigua\/","title":{"rendered":"FP expresa su profundo pesar por el fallecimiento de Jos\u00e9 Rafael Lantigua"},"content":{"rendered":"\n<p>El partido Fuerza del Pueblo (FP) expresa su m\u00e1s profundo pesar por el fallecimiento del doctor Jos\u00e9 Rafael Lantigua, destacado intelectual y titular de nuestra Secretar\u00eda de Cultura. <\/p>\n\n\n\n<p>Su partida representa una p\u00e9rdida irreparable para el pensamiento nacional, el desarrollo cultural y para todos los que valoramos la defensa de la identidad dominicana.<\/p>\n\n\n\n<p>El doctor Lantigua dedic\u00f3 su vida al servicio de la cultura, las letras y el pa\u00eds. Su compromiso con las causas sociales y su entrega a la promoci\u00f3n de los valores culturales fueron pilares fundamentales en su trayectoria, la cual deja una huella imborrable en la vida p\u00fablica nacional.<\/p>\n\n\n\n<p>En este momento de dolor, acompa\u00f1amos solidariamente a su esposa, Miguelina Hern\u00e1ndez de Lantigua; a sus hijos, Jos\u00e9 Rolando, Pablo Jos\u00e9 y Mar\u00eda Miguelina; as\u00ed como a sus nietos, nueros, hermanos y dem\u00e1s familiares.<\/p>\n\n\n\n<p>Los restos del Dr. Lantigua est\u00e1n siendo velados en la Funeraria Blandino, ubicada en la avenida Abraham Lincoln, capilla E, desde la tarde del martes 5 de agosto. <\/p>\n\n\n\n<p>La misa de cuerpo presente se llevar\u00e1 a cabo el mi\u00e9rcoles 6, a las 10:00 a.m., y posteriormente ser\u00e1 sepultado en el Parque Cementerio Puerta del Cielo, donde recibir\u00e1 cristiana sepultura.<\/p>\n\n\n\n<p>El doctor Jos\u00e9 Rafael Lantigua fue Secretario de Estado de Cultura de la Rep\u00fablica Dominicana, cargo desde el cual impuls\u00f3 importantes pol\u00edticas p\u00fablicas en favor del desarrollo cultural nacional.<\/p>\n\n\n\n<p>Fue tambi\u00e9n fundador de la Feria Internacional del Libro de Santo Domingo, uno de los eventos culturales m\u00e1s relevantes del pa\u00eds, y autor de una prol\u00edfica obra literaria, que abarca ensayos, cr\u00edtica cultural y textos sobre la historia y la identidad dominicana.<\/p>\n\n\n\n<p>Su legado intelectual y su compromiso con la cultura permanecer\u00e1n como referentes indispensables para las futuras generaciones.<\/p>\n\n\n\n<p>Desde la Fuerza del Pueblo reiteramos nuestro reconocimiento a su legado y elevamos una oraci\u00f3n por su descanso eterno. <\/p>\n\n\n\n<p>La cultura dominicana pierde hoy a uno de sus m\u00e1s firmes defensores, y nuestra organizaci\u00f3n a un compa\u00f1ero leal, sabio y comprometido.<\/p>\n\n\n\n<p>En paz descanse su alma.<\/p>\n","protected":false},"excerpt":{"rendered":"<p>El partido Fuerza del Pueblo (FP) expresa su m\u00e1s profundo pesar por el fallecimiento del doctor Jos\u00e9 Rafael Lantigua, destacado intelectual y titular de nuestra Secretar\u00eda de Cultura. Su partida&hellip;<\/p>\n","protected":false},"author":10,"featured_media":105576,"comment_status":"open","ping_status":"open","sticky":false,"template":"","format":"standard","meta":{"content-type":"","jetpack_post_was_ever_published":false,"_jetpack_newsletter_access":"","_jetpack_dont_email_post_to_subs":false,"_jetpack_newsletter_tier_id":0,"_jetpack_memberships_contains_paywalled_content":false,"_jetpack_memberships_contains_paid_content":false,"footnotes":""},"categories":[16559,25],"tags":[1065,158,22730,22782,22783],"class_list":["post-105663","post","type-post","status-publish","format-standard","has-post-thumbnail","hentry","category-politica","category-portada","tag-fallecimiento","tag-fuerza-del-pueblo","tag-jose-rafael-lantigua","tag-secretaria-de-cultura","tag-su-profundo-pesar"],"jetpack_featured_media_url":"https:\/\/lasprimeras.com.do\/wp-content\/uploads\/2025\/08\/Jose_Rafael_Lantigua-removebg-preview.png","jetpack-related-posts":[{"id":105575,"url":"https:\/\/lasprimeras.com.do\/index.php\/2025\/08\/05\/muere-el-escritor-y-exministro-de-cultura-jose-rafael-lantigua\/","url_meta":{"origin":105663,"position":0},"title":"Muere el escritor y exministro de Cultura Jos\u00e9 Rafael Lantigua","author":"Nelson Feliz","date":"5 de agosto de 2025","format":false,"excerpt":"Intelectual clave de las letras dominicanas y autor de una extensa obra po\u00e9tica y ensay\u00edstica. Severo Rivera Falleci\u00f3 la madrugada de este martes el exministro de Cultura, el escritor y acad\u00e9mico Jos\u00e9 Rafael Lantigua, luego de librar una batalla contra una enfermedad que lo mantuvo en cama durante varias semanas.\u2026","rel":"","context":"En \u00abNACIONALES\u00bb","block_context":{"text":"NACIONALES","link":"https:\/\/lasprimeras.com.do\/index.php\/category\/nacionales\/"},"img":{"alt_text":"","src":"https:\/\/i0.wp.com\/lasprimeras.com.do\/wp-content\/uploads\/2025\/08\/Jose_Rafael_Lantigua-removebg-preview.png?resize=350%2C200&ssl=1","width":350,"height":200,"srcset":"https:\/\/i0.wp.com\/lasprimeras.com.do\/wp-content\/uploads\/2025\/08\/Jose_Rafael_Lantigua-removebg-preview.png?resize=350%2C200&ssl=1 1x, https:\/\/i0.wp.com\/lasprimeras.com.do\/wp-content\/uploads\/2025\/08\/Jose_Rafael_Lantigua-removebg-preview.png?resize=525%2C300&ssl=1 1.5x"},"classes":[]},{"id":49699,"url":"https:\/\/lasprimeras.com.do\/index.php\/2023\/05\/13\/fuerza-cultural-del-pueblo-deja-instalados-directores-municipales-provincia-santo-domingo\/","url_meta":{"origin":105663,"position":1},"title":"Fuerza Cultural del Pueblo deja instalados directores\u00a0municipales provincia Santo Domingo","author":"prenxa100","date":"13 de mayo de 2023","format":false,"excerpt":"Santo Domingo, RD.-\u00a0La Fuerza Cultural del Pueblo\u00a0en el marco de los trabajos de organizaci\u00f3n y crecimiento de las estructuras territoriales de Fuerza del Pueblo (FP), dej\u00f3 instalado su equipo de direcci\u00f3n en los municipios que componen la provincia Santo Domingo, responsable de coordinar y ejecutar las pol\u00edticas culturales en sus\u2026","rel":"","context":"En \u00abSin categor\u00eda\u00bb","block_context":{"text":"Sin categor\u00eda","link":"https:\/\/lasprimeras.com.do\/index.php\/category\/sin-categoria\/"},"img":{"alt_text":"","src":"","width":0,"height":0},"classes":[]},{"id":113237,"url":"https:\/\/lasprimeras.com.do\/index.php\/2025\/10\/30\/karina-jimenez-gana-premio-periodismo-turistico-epifanio-lantigua\/","url_meta":{"origin":105663,"position":2},"title":"Karina Jim\u00e9nez gana premio Periodismo Tur\u00edstico Epifanio Lantigua","author":"Nelson Feliz","date":"30 de octubre de 2025","format":false,"excerpt":"Gan\u00f3 en la categor\u00eda Periodismo Impreso La periodista Karina Jim\u00e9nez fue reconocida la noche de este martes en la XXI edici\u00f3n del Premio Nacional de Periodismo Tur\u00edstico Epifanio Lantigua (PEL 2025), que organiza anualmente la Asociaci\u00f3n Dominicana de Prensa Tur\u00edstica (Adompretur), por su trabajo titulado \u201cUn baile con sabor a\u2026","rel":"","context":"En \u00abTURISMO\u00bb","block_context":{"text":"TURISMO","link":"https:\/\/lasprimeras.com.do\/index.php\/category\/turismo\/"},"img":{"alt_text":"","src":"https:\/\/i0.wp.com\/lasprimeras.com.do\/wp-content\/uploads\/2025\/10\/Karina-Jimenez.jpg?resize=350%2C200&ssl=1","width":350,"height":200,"srcset":"https:\/\/i0.wp.com\/lasprimeras.com.do\/wp-content\/uploads\/2025\/10\/Karina-Jimenez.jpg?resize=350%2C200&ssl=1 1x, https:\/\/i0.wp.com\/lasprimeras.com.do\/wp-content\/uploads\/2025\/10\/Karina-Jimenez.jpg?resize=525%2C300&ssl=1 1.5x, https:\/\/i0.wp.com\/lasprimeras.com.do\/wp-content\/uploads\/2025\/10\/Karina-Jimenez.jpg?resize=700%2C400&ssl=1 2x"},"classes":[]},{"id":96392,"url":"https:\/\/lasprimeras.com.do\/index.php\/2025\/03\/30\/abinader-reconocimiento-al-dr-rafael-lantigua-por-sus-aportes-en-el-consulado-dominicano-en-ny\/","url_meta":{"origin":105663,"position":3},"title":"Abinader reconocimiento al Dr. Rafael Lantigua por sus aportes en el Consulado Dominicano en NY","author":"Nelson Feliz","date":"30 de marzo de 2025","format":false,"excerpt":"Alcalde Eric Adams, senador federal Adriano Espaillat, y comitiva de la gobernaci\u00f3n encabezan actividad. El presidente de la Rep\u00fablica Dominicana, Luis Abinader, destac\u00f3 las cualidades humanas y profesionales del doctor Rafael Lantigua durante un emotivo acto de reconocimiento celebrado en la ciudad de Nueva York, resaltando sus aportes en el\u2026","rel":"","context":"En \u00abENTRETENIMIENTO\u00bb","block_context":{"text":"ENTRETENIMIENTO","link":"https:\/\/lasprimeras.com.do\/index.php\/category\/entretenimiento\/"},"img":{"alt_text":"Dr. Rafael Lantigua","src":"https:\/\/i0.wp.com\/lasprimeras.com.do\/wp-content\/uploads\/2025\/03\/Dr.-Rafael-Lantigua.jpg?resize=350%2C200&ssl=1","width":350,"height":200,"srcset":"https:\/\/i0.wp.com\/lasprimeras.com.do\/wp-content\/uploads\/2025\/03\/Dr.-Rafael-Lantigua.jpg?resize=350%2C200&ssl=1 1x, https:\/\/i0.wp.com\/lasprimeras.com.do\/wp-content\/uploads\/2025\/03\/Dr.-Rafael-Lantigua.jpg?resize=525%2C300&ssl=1 1.5x, https:\/\/i0.wp.com\/lasprimeras.com.do\/wp-content\/uploads\/2025\/03\/Dr.-Rafael-Lantigua.jpg?resize=700%2C400&ssl=1 2x"},"classes":[]},{"id":57280,"url":"https:\/\/lasprimeras.com.do\/index.php\/2023\/08\/10\/informan-funglode-participara-en-la-xxv-feria-internacional-del-libro\/","url_meta":{"origin":105663,"position":4},"title":"Informan Funglode participar\u00e1 en la XXV Feria Internacional del Libro","author":"Nelson Feliz","date":"10 de agosto de 2023","format":false,"excerpt":"El director del Centro de Estudios para la Cultura de la Fundaci\u00f3n Global Democracia y Desarrollo (Funglode), Jos\u00e9 Rafael Lantigua, inform\u00f3 que esa ONG participar\u00e1 en la XXV Feria Internacional del Libro (FIL) de Santo Domingo, debido a que fueron superados los obst\u00e1culos que imped\u00edan su presencia en el evento.\u2026","rel":"","context":"En \u00abNACIONALES\u00bb","block_context":{"text":"NACIONALES","link":"https:\/\/lasprimeras.com.do\/index.php\/category\/nacionales\/"},"img":{"alt_text":"","src":"","width":0,"height":0},"classes":[]},{"id":76203,"url":"https:\/\/lasprimeras.com.do\/index.php\/2024\/02\/08\/muere-el-artista-plastico-rafael-perez-concepcion-chepe\/","url_meta":{"origin":105663,"position":5},"title":"Muere el artista pl\u00e1stico Rafael P\u00e9rez Concepci\u00f3n &#8220;Chepe","author":"BIMARY DE JES\u00daS Matos","date":"8 de febrero de 2024","format":false,"excerpt":"Santo Domingo.-La Fuerza Cultural del Pueblo (FCP) expres\u00f3 su pesar por el fallecimiento del artista pl\u00e1stico Jos\u00e9 Rafael P\u00e9rez Concepci\u00f3n -Chepe-. Ten\u00eda 48 a\u00f1os. \u201cNos unimos al dolor que hoy embarga a toda la comunidad art\u00edstica nacional, por el fallecimiento del artista Rafael P\u00e9rez Concepci\u00f3n\u201d, indica un comunicado.\u00a0 La Fuerza\u2026","rel":"","context":"En \u00abENTRETENIMIENTO\u00bb","block_context":{"text":"ENTRETENIMIENTO","link":"https:\/\/lasprimeras.com.do\/index.php\/category\/entretenimiento\/"},"img":{"alt_text":"","src":"https:\/\/i0.wp.com\/lasprimeras.com.do\/wp-content\/uploads\/2024\/02\/65c3f9e670578.jpeg?resize=350%2C200&ssl=1","width":350,"height":200,"srcset":"https:\/\/i0.wp.com\/lasprimeras.com.do\/wp-content\/uploads\/2024\/02\/65c3f9e670578.jpeg?resize=350%2C200&ssl=1 1x, https:\/\/i0.wp.com\/lasprimeras.com.do\/wp-content\/uploads\/2024\/02\/65c3f9e670578.jpeg?resize=525%2C300&ssl=1 1.5x, https:\/\/i0.wp.com\/lasprimeras.com.do\/wp-content\/uploads\/2024\/02\/65c3f9e670578.jpeg?resize=700%2C400&ssl=1 2x"},"classes":[]}],"jetpack_sharing_enabled":true,"_links":{"self":[{"href":"https:\/\/lasprimeras.com.do\/index.php\/wp-json\/wp\/v2\/posts\/105663","targetHints":{"allow":["GET"]}}],"collection":[{"href":"https:\/\/lasprimeras.com.do\/index.php\/wp-json\/wp\/v2\/posts"}],"about":[{"href":"https:\/\/lasprimeras.com.do\/index.php\/wp-json\/wp\/v2\/types\/post"}],"author":[{"embeddable":true,"href":"https:\/\/lasprimeras.com.do\/index.php\/wp-json\/wp\/v2\/users\/10"}],"replies":[{"embeddable":true,"href":"https:\/\/lasprimeras.com.do\/index.php\/wp-json\/wp\/v2\/comments?post=105663"}],"version-history":[{"count":1,"href":"https:\/\/lasprimeras.com.do\/index.php\/wp-json\/wp\/v2\/posts\/105663\/revisions"}],"predecessor-version":[{"id":105664,"href":"https:\/\/lasprimeras.com.do\/index.php\/wp-json\/wp\/v2\/posts\/105663\/revisions\/105664"}],"wp:featuredmedia":[{"embeddable":true,"href":"https:\/\/lasprimeras.com.do\/index.php\/wp-json\/wp\/v2\/media\/105576"}],"wp:attachment":[{"href":"https:\/\/lasprimeras.com.do\/index.php\/wp-json\/wp\/v2\/media?parent=105663"}],"wp:term":[{"taxonomy":"category","embeddable":true,"href":"https:\/\/lasprimeras.com.do\/index.php\/wp-json\/wp\/v2\/categories?post=105663"},{"taxonomy":"post_tag","embeddable":true,"href":"https:\/\/lasprimeras.com.do\/index.php\/wp-json\/wp\/v2\/tags?post=105663"}],"curies":[{"name":"wp","href":"https:\/\/api.w.org\/{rel}","templated":true}]}}