{"id":105665,"date":"2025-08-05T20:17:37","date_gmt":"2025-08-06T00:17:37","guid":{"rendered":"https:\/\/lasprimeras.com.do\/?p=105665"},"modified":"2025-08-05T20:17:43","modified_gmt":"2025-08-06T00:17:43","slug":"defensa-publica-y-onaprep-firman-convenio-a-favor-de-los-derechos-de-los-privados-de-libertad","status":"publish","type":"post","link":"https:\/\/lasprimeras.com.do\/index.php\/2025\/08\/05\/defensa-publica-y-onaprep-firman-convenio-a-favor-de-los-derechos-de-los-privados-de-libertad\/","title":{"rendered":"Defensa P\u00fablica y ONAPREP firman convenio a favor de los derechos de los privados de libertad"},"content":{"rendered":"\n<p>La Oficina Nacional de Defensa P\u00fablica (ONDP) y la Oficina Nacional de Apoyo a la Reforma Penitenciaria (ONAPREP) suscribieron un convenio de colaboraci\u00f3n interinstitucional, con el objetivo de trabajar de manera conjunta en la defensa de los derechos fundamentales y la mejora de las condiciones de vida de las personas privadas de libertad en la Rep\u00fablica Dominicana.<\/p>\n\n\n\n<p>El acuerdo fue rubricado en la sede de la Defensa P\u00fablica por los directores de ambas instituciones: el licenciado Rodolfo Valent\u00edn Santos, director de la ONDP, y el doctor Roberto Santana, director de ONAPREP.<\/p>\n\n\n\n<figure class=\"wp-block-embed is-type-video is-provider-youtube wp-block-embed-youtube wp-embed-aspect-16-9 wp-has-aspect-ratio\"><div class=\"wp-block-embed__wrapper\">\n<iframe title=\"Roberto Santana felicita grandioso equipo de profesionalesa la ONDP\" width=\"500\" height=\"281\" src=\"https:\/\/www.youtube.com\/embed\/EZbsofGfhI4?feature=oembed\" frameborder=\"0\" allow=\"accelerometer; autoplay; clipboard-write; encrypted-media; gyroscope; picture-in-picture; web-share\" referrerpolicy=\"strict-origin-when-cross-origin\" allowfullscreen><\/iframe>\n<\/div><\/figure>\n\n\n\n<p>Durante el acto, el Dr. Santana felicit\u00f3 a la ONDP por el \u201cgrandioso equipo de profesionales\u201d que la conforma, destacando que la magnitud del acuerdo representa un hito significativo en la construcci\u00f3n de un sistema penitenciario m\u00e1s humano.<\/p>\n\n\n\n<p>Subray\u00f3 la importancia de aunar esfuerzos para garantizar un trato digno y respetuoso hacia las personas privadas de libertad.<\/p>\n\n\n\n<p>De su lado, Rodolfo Valent\u00edn Santos resalt\u00f3 la voluntad pol\u00edtica del presidente de la Rep\u00fablica, Luis Rodolfo Abinader Corona, a quien reconoci\u00f3 por impulsar una verdadera reforma penitenciaria que garantice el debido proceso y el respeto a la dignidad humana.<\/p>\n\n\n\n<figure class=\"wp-block-embed is-type-video is-provider-youtube wp-block-embed-youtube wp-embed-aspect-16-9 wp-has-aspect-ratio\"><div class=\"wp-block-embed__wrapper\">\n<iframe title=\"Rodolfo Valent\u00edn resalta voluntad del presidente Abinader a favor de los privados de libertad\" width=\"500\" height=\"281\" src=\"https:\/\/www.youtube.com\/embed\/D8iWWr5cmsc?feature=oembed\" frameborder=\"0\" allow=\"accelerometer; autoplay; clipboard-write; encrypted-media; gyroscope; picture-in-picture; web-share\" referrerpolicy=\"strict-origin-when-cross-origin\" allowfullscreen><\/iframe>\n<\/div><\/figure>\n\n\n\n<p>\u201cEste acuerdo es prueba fehaciente de que estamos avanzando hacia un sistema penal m\u00e1s justo y humano\u201d, afirm\u00f3.<\/p>\n\n\n\n<p>Un compromiso con la transformaci\u00f3n penitenciaria<\/p>\n\n\n\n<p>El convenio establece un r\u00e9gimen de colaboraci\u00f3n mutua orientado a:<\/p>\n\n\n\n<p>Continuar brindando asistencia legal gratuita con alta calidad a personas privadas de libertad.<\/p>\n\n\n\n<p>Reducir la poblaci\u00f3n en prisi\u00f3n preventiva.<\/p>\n\n\n\n<p>Fortalecer la reinserci\u00f3n social de los beneficiarios de medidas alternativas a la prisi\u00f3n.<\/p>\n\n\n\n<p>La ONDP se compromete, entre otras acciones, a:<\/p>\n\n\n\n<p>Participar activamente en mesas de trabajo conjuntas con ONAPREP.<\/p>\n\n\n\n<p>Colaborar en el desarrollo de un protocolo para la cobertura de garant\u00edas econ\u00f3micas para personas en prisi\u00f3n preventiva.<\/p>\n\n\n\n<p>Promover el uso de medidas alternativas a la prisi\u00f3n como v\u00eda para combatir el hacinamiento carcelario.<\/p>\n\n\n\n<p>Facilitar espacios educativos y laborales para pasantes universitarios integrados al programa que desarrolla ONAPREP.<\/p>\n\n\n\n<p>Por su parte, ONAPREP se compromete a:<\/p>\n\n\n\n<p>Identificar las necesidades formativas y de asistencia t\u00e9cnica derivadas de la reforma penitenciaria.<\/p>\n\n\n\n<p>Facilitar herramientas y espacios para el desarrollo de los programas acordados.<\/p>\n\n\n\n<p>Colaborar en la implementaci\u00f3n de programas de seguimiento y apoyo para personas liberadas, con el fin de garantizar su reintegraci\u00f3n y evitar la reincidencia.<\/p>\n\n\n\n<p>Reforma penitenciaria: un mandato presidencial<\/p>\n\n\n\n<p>Este convenio se enmarca en las acciones emanadas del Decreto n\u00fam. 240-24, mediante el cual el presidente Luis Abinader cre\u00f3 ONAPREP como \u00f3rgano desconcentrado del Ministerio de la Presidencia, con la misi\u00f3n de coordinar y dirigir los esfuerzos de reforma del sistema penitenciario y correccional en apoyo al Ministerio P\u00fablico.<\/p>\n\n\n\n<p>En tanto, la ONDP, \u00f3rgano constitucional regulado por la Ley 277-04 y consagrado en el art\u00edculo 176 de la Constituci\u00f3n de 2024, contin\u00faa cumpliendo su misi\u00f3n de garantizar el acceso a la justicia a personas en condici\u00f3n de vulnerabilidad, a trav\u00e9s de una asistencia legal de calidad, t\u00e9cnica y humana, prestada por un equipo con alta vocaci\u00f3n de servicio.<\/p>\n\n\n\n<p>Un paso firme hacia una justicia m\u00e1s humana<\/p>\n\n\n\n<p>Con la firma de este convenio, ambas instituciones ratifican su compromiso con la construcci\u00f3n de un sistema de justicia que promueva la dignidad humana, combata el uso excesivo de la prisi\u00f3n preventiva y favorezca una reforma penitenciaria integral, con enfoque en los derechos humanos y la reintegraci\u00f3n efectiva de quienes cumplen una sanci\u00f3n penal.<\/p>\n","protected":false},"excerpt":{"rendered":"<p>La Oficina Nacional de Defensa P\u00fablica (ONDP) y la Oficina Nacional de Apoyo a la Reforma Penitenciaria (ONAPREP) suscribieron un convenio de colaboraci\u00f3n interinstitucional, con el objetivo de trabajar de&hellip;<\/p>\n","protected":false},"author":10,"featured_media":105666,"comment_status":"open","ping_status":"open","sticky":false,"template":"","format":"standard","meta":{"content-type":"","jetpack_post_was_ever_published":false,"_jetpack_newsletter_access":"","_jetpack_dont_email_post_to_subs":false,"_jetpack_newsletter_tier_id":0,"_jetpack_memberships_contains_paywalled_content":false,"_jetpack_memberships_contains_paid_content":false,"footnotes":""},"categories":[35,25],"tags":[3581,5459,154,11753,17925,22784],"class_list":["post-105665","post","type-post","status-publish","format-standard","has-post-thumbnail","hentry","category-nacionales","category-portada","tag-convenio","tag-defensa-publica","tag-derechos","tag-dignidad","tag-onaprep","tag-personas-privadas-de-libertad"],"jetpack_featured_media_url":"https:\/\/lasprimeras.com.do\/wp-content\/uploads\/2025\/08\/acuerdo.jpg","jetpack-related-posts":[{"id":94921,"url":"https:\/\/lasprimeras.com.do\/index.php\/2025\/03\/07\/defensa-publica-y-onaprep-avanzan-acciones-para-mejorar-condiciones-de-personas-privadas-de-libertad\/","url_meta":{"origin":105665,"position":0},"title":"Defensa P\u00fablica y ONAPREP avanzan acciones para mejorar condiciones de personas privadas de libertad","author":"Nelson Feliz","date":"7 de marzo de 2025","format":false,"excerpt":"El director de la Oficina Nacional de Defensa P\u00fablica (ONDP), Rodolfo Valent\u00edn Santos, sostuvo un encuentro de trabajo con el director de la Oficina Nacional de Apoyo a la Reforma Penitenciaria (ONAPREP), Roberto Santana, con el prop\u00f3sito de dar seguimiento a las acciones conjuntas dirigidas a mejorar las condiciones de\u2026","rel":"","context":"En \u00abNACIONALES\u00bb","block_context":{"text":"NACIONALES","link":"https:\/\/lasprimeras.com.do\/index.php\/category\/nacionales\/"},"img":{"alt_text":"Rodolfo Valent\u00edn Santos","src":"https:\/\/i0.wp.com\/lasprimeras.com.do\/wp-content\/uploads\/2025\/03\/Rodolfo-Valentin-Santos.jpg?resize=350%2C200&ssl=1","width":350,"height":200,"srcset":"https:\/\/i0.wp.com\/lasprimeras.com.do\/wp-content\/uploads\/2025\/03\/Rodolfo-Valentin-Santos.jpg?resize=350%2C200&ssl=1 1x, https:\/\/i0.wp.com\/lasprimeras.com.do\/wp-content\/uploads\/2025\/03\/Rodolfo-Valentin-Santos.jpg?resize=525%2C300&ssl=1 1.5x"},"classes":[]},{"id":95569,"url":"https:\/\/lasprimeras.com.do\/index.php\/2025\/03\/14\/ondp-y-onapre-buscan-disminuir-prision-preventiva-mediante-pagos-de-garantias-economicas\/","url_meta":{"origin":105665,"position":1},"title":"ONDP y ONAPRE buscan disminuir prision preventiva mediante pagos de garantias economicas","author":"Nelson Feliz","date":"14 de marzo de 2025","format":false,"excerpt":"La Oficina Nacional de Defensa P\u00fablica (ONDP) y la Oficina Nacional de Apoyo a la Reforma Penitenciaria (ONAPREP) avanzan en la b\u00fasqueda de soluciones para descongestionar los centros penitenciarios del pa\u00eds, mediante la creaci\u00f3n de un mecanismo que permita cubrir las garant\u00edas econ\u00f3micas impuestas a personas privadas de libertad con\u2026","rel":"","context":"En \u00abNACIONALES\u00bb","block_context":{"text":"NACIONALES","link":"https:\/\/lasprimeras.com.do\/index.php\/category\/nacionales\/"},"img":{"alt_text":"Rodolfo Valent\u00edn Santos","src":"https:\/\/i0.wp.com\/lasprimeras.com.do\/wp-content\/uploads\/2025\/03\/Rodolfo-Valentin-Santos-1.jpg?resize=350%2C200&ssl=1","width":350,"height":200,"srcset":"https:\/\/i0.wp.com\/lasprimeras.com.do\/wp-content\/uploads\/2025\/03\/Rodolfo-Valentin-Santos-1.jpg?resize=350%2C200&ssl=1 1x, https:\/\/i0.wp.com\/lasprimeras.com.do\/wp-content\/uploads\/2025\/03\/Rodolfo-Valentin-Santos-1.jpg?resize=525%2C300&ssl=1 1.5x"},"classes":[]},{"id":113329,"url":"https:\/\/lasprimeras.com.do\/index.php\/2025\/10\/31\/defensa-publica-reafirma-compromiso-con-la-transformacion-del-sistema-penitenciario-dominicano\/","url_meta":{"origin":105665,"position":2},"title":"Defensa P\u00fablica reafirma compromiso con la transformaci\u00f3n del sistema penitenciario dominicano","author":"Nelson Feliz","date":"31 de octubre de 2025","format":false,"excerpt":"La Oficina Nacional de Defensa P\u00fablica particip\u00f3 en la firma de acuerdos estrat\u00e9gicos junto a la Oficina Nacional de Apoyo a la Reforma Penitenciaria (Onaprep) y m\u00e1s de 40 instituciones p\u00fablicas, privadas y de la sociedad civil; en un acto encabezado por el presidente de la Rep\u00fablica Luis Abinader en\u2026","rel":"","context":"En \u00abNACIONALES\u00bb","block_context":{"text":"NACIONALES","link":"https:\/\/lasprimeras.com.do\/index.php\/category\/nacionales\/"},"img":{"alt_text":"Oficina Nacional de Defensa P\u00fablica","src":"https:\/\/i0.wp.com\/lasprimeras.com.do\/wp-content\/uploads\/2025\/10\/Oficina-Nacional-de-Defensa-Publica-1.jpg?resize=350%2C200&ssl=1","width":350,"height":200,"srcset":"https:\/\/i0.wp.com\/lasprimeras.com.do\/wp-content\/uploads\/2025\/10\/Oficina-Nacional-de-Defensa-Publica-1.jpg?resize=350%2C200&ssl=1 1x, https:\/\/i0.wp.com\/lasprimeras.com.do\/wp-content\/uploads\/2025\/10\/Oficina-Nacional-de-Defensa-Publica-1.jpg?resize=525%2C300&ssl=1 1.5x, https:\/\/i0.wp.com\/lasprimeras.com.do\/wp-content\/uploads\/2025\/10\/Oficina-Nacional-de-Defensa-Publica-1.jpg?resize=700%2C400&ssl=1 2x"},"classes":[]},{"id":100725,"url":"https:\/\/lasprimeras.com.do\/index.php\/2025\/06\/11\/fedomu-y-onaprep-buscan-insertar-internos-a-labores-comunitarias\/","url_meta":{"origin":105665,"position":3},"title":"Fedomu y Onaprep buscan insertar internos a labores comunitarias","author":"Nelson Feliz","date":"11 de junio de 2025","format":false,"excerpt":"La Federaci\u00f3n Dominicana de Municipios (Fedomu) y la Oficina Nacional de Apoyo a la Reforma Penitenciaria (Onaprep) firmaron un acuerdo de colaboraci\u00f3n con el inter\u00e9s de facilitar a los privados de libertad insertarse en labores comunitarias de los gobiernos locales. El convenio, que fue suscrito por el presidente de Fedomu\u2026","rel":"","context":"En \u00abNACIONALES\u00bb","block_context":{"text":"NACIONALES","link":"https:\/\/lasprimeras.com.do\/index.php\/category\/nacionales\/"},"img":{"alt_text":"","src":"https:\/\/i0.wp.com\/lasprimeras.com.do\/wp-content\/uploads\/2025\/06\/fedomu-1.jpg?resize=350%2C200&ssl=1","width":350,"height":200,"srcset":"https:\/\/i0.wp.com\/lasprimeras.com.do\/wp-content\/uploads\/2025\/06\/fedomu-1.jpg?resize=350%2C200&ssl=1 1x, https:\/\/i0.wp.com\/lasprimeras.com.do\/wp-content\/uploads\/2025\/06\/fedomu-1.jpg?resize=525%2C300&ssl=1 1.5x, https:\/\/i0.wp.com\/lasprimeras.com.do\/wp-content\/uploads\/2025\/06\/fedomu-1.jpg?resize=700%2C400&ssl=1 2x"},"classes":[]},{"id":93103,"url":"https:\/\/lasprimeras.com.do\/index.php\/2025\/01\/24\/defensa-publica-y-el-ayuntamiento-de-spm-firman-acuerdo-para-mejorar-condiciones-de-los-privados-de-libertad\/","url_meta":{"origin":105665,"position":4},"title":"Defensa P\u00fablica y el Ayuntamiento de SPM firman acuerdo para mejorar condiciones de los privados de libertad","author":"Nelson Feliz","date":"24 de enero de 2025","format":false,"excerpt":"El director de la Oficina Nacional de Defensa P\u00fablica (ONDP), Rodolfo Valent\u00edn Santos, y el alcalde del Ayuntamiento Municipal de San Pedro de Macor\u00eds, Raymundo Ortiz, firmaron un trascendental acuerdo de colaboraci\u00f3n que sienta las bases para una labor conjunta en favor de la reintegraci\u00f3n social, el desarrollo acad\u00e9mico y\u2026","rel":"","context":"En \u00abNACIONALES\u00bb","block_context":{"text":"NACIONALES","link":"https:\/\/lasprimeras.com.do\/index.php\/category\/nacionales\/"},"img":{"alt_text":"","src":"https:\/\/i0.wp.com\/lasprimeras.com.do\/wp-content\/uploads\/2025\/01\/Defensa-Publica.jpg?resize=350%2C200&ssl=1","width":350,"height":200,"srcset":"https:\/\/i0.wp.com\/lasprimeras.com.do\/wp-content\/uploads\/2025\/01\/Defensa-Publica.jpg?resize=350%2C200&ssl=1 1x, https:\/\/i0.wp.com\/lasprimeras.com.do\/wp-content\/uploads\/2025\/01\/Defensa-Publica.jpg?resize=525%2C300&ssl=1 1.5x, https:\/\/i0.wp.com\/lasprimeras.com.do\/wp-content\/uploads\/2025\/01\/Defensa-Publica.jpg?resize=700%2C400&ssl=1 2x"},"classes":[]},{"id":106532,"url":"https:\/\/lasprimeras.com.do\/index.php\/2025\/08\/16\/defensa-publica-logra-otra-sentencia-historica-a-favor-de-las-personas-privadas-de-libertad\/","url_meta":{"origin":105665,"position":5},"title":"Defensa P\u00fablica logra otra sentencia hist\u00f3rica a favor de las personas privadas de libertad","author":"Nelson Feliz","date":"16 de agosto de 2025","format":false,"excerpt":"La Oficina Nacional de Defensa P\u00fablica (ONDP) obtuvo la m\u00e1s reciente decisi\u00f3n por la defensa de los derechos fundamentales de las personas privadas de libertad, con la emisi\u00f3n de la sentencia N\u00fam. TC\/0634\/25 de fecha 14 de agosto del Tribunal Constitucional, que ordena medidas inmediatas y contundentes para garantizar condiciones\u2026","rel":"","context":"En \u00abNACIONALES\u00bb","block_context":{"text":"NACIONALES","link":"https:\/\/lasprimeras.com.do\/index.php\/category\/nacionales\/"},"img":{"alt_text":"","src":"https:\/\/i0.wp.com\/lasprimeras.com.do\/wp-content\/uploads\/2025\/08\/presos.jpg?resize=350%2C200&ssl=1","width":350,"height":200,"srcset":"https:\/\/i0.wp.com\/lasprimeras.com.do\/wp-content\/uploads\/2025\/08\/presos.jpg?resize=350%2C200&ssl=1 1x, https:\/\/i0.wp.com\/lasprimeras.com.do\/wp-content\/uploads\/2025\/08\/presos.jpg?resize=525%2C300&ssl=1 1.5x, https:\/\/i0.wp.com\/lasprimeras.com.do\/wp-content\/uploads\/2025\/08\/presos.jpg?resize=700%2C400&ssl=1 2x"},"classes":[]}],"jetpack_sharing_enabled":true,"_links":{"self":[{"href":"https:\/\/lasprimeras.com.do\/index.php\/wp-json\/wp\/v2\/posts\/105665","targetHints":{"allow":["GET"]}}],"collection":[{"href":"https:\/\/lasprimeras.com.do\/index.php\/wp-json\/wp\/v2\/posts"}],"about":[{"href":"https:\/\/lasprimeras.com.do\/index.php\/wp-json\/wp\/v2\/types\/post"}],"author":[{"embeddable":true,"href":"https:\/\/lasprimeras.com.do\/index.php\/wp-json\/wp\/v2\/users\/10"}],"replies":[{"embeddable":true,"href":"https:\/\/lasprimeras.com.do\/index.php\/wp-json\/wp\/v2\/comments?post=105665"}],"version-history":[{"count":1,"href":"https:\/\/lasprimeras.com.do\/index.php\/wp-json\/wp\/v2\/posts\/105665\/revisions"}],"predecessor-version":[{"id":105667,"href":"https:\/\/lasprimeras.com.do\/index.php\/wp-json\/wp\/v2\/posts\/105665\/revisions\/105667"}],"wp:featuredmedia":[{"embeddable":true,"href":"https:\/\/lasprimeras.com.do\/index.php\/wp-json\/wp\/v2\/media\/105666"}],"wp:attachment":[{"href":"https:\/\/lasprimeras.com.do\/index.php\/wp-json\/wp\/v2\/media?parent=105665"}],"wp:term":[{"taxonomy":"category","embeddable":true,"href":"https:\/\/lasprimeras.com.do\/index.php\/wp-json\/wp\/v2\/categories?post=105665"},{"taxonomy":"post_tag","embeddable":true,"href":"https:\/\/lasprimeras.com.do\/index.php\/wp-json\/wp\/v2\/tags?post=105665"}],"curies":[{"name":"wp","href":"https:\/\/api.w.org\/{rel}","templated":true}]}}