{"id":105671,"date":"2025-08-05T22:48:09","date_gmt":"2025-08-06T02:48:09","guid":{"rendered":"https:\/\/lasprimeras.com.do\/?p=105671"},"modified":"2025-08-05T22:48:11","modified_gmt":"2025-08-06T02:48:11","slug":"ministro-magin-diaz-reafirma-apertura-al-dialogo-para-fortalecer-economia-nacional","status":"publish","type":"post","link":"https:\/\/lasprimeras.com.do\/index.php\/2025\/08\/05\/ministro-magin-diaz-reafirma-apertura-al-dialogo-para-fortalecer-economia-nacional\/","title":{"rendered":"Ministro Mag\u00edn D\u00edaz reafirma apertura al di\u00e1logo para fortalecer econom\u00eda nacional"},"content":{"rendered":"\n<p><strong>Durante un encuentro con el titular de Hacienda y Econom\u00eda, miembros de la ONEC valoraron su experiencia t\u00e9cnica<\/strong><\/p>\n\n\n\n<p>El ministro de Hacienda y Econom\u00eda, Mag\u00edn D\u00edaz, sostuvo un encuentro con directivos de la Organizaci\u00f3n Nacional de Empresas Comerciales (ONEC), reafirmando su compromiso con una gesti\u00f3n abierta y basada en el di\u00e1logo permanente con los sectores productivos.<\/p>\n\n\n\n<p>En la reuni\u00f3n se abordaron temas clave para el fortalecimiento del sistema fiscal y financiero del pa\u00eds, as\u00ed como las principales necesidades del sector.<\/p>\n\n\n\n<p>Este acercamiento forma parte de una agenda de encuentros que el ministro ha iniciado con actores fundamentales de la econom\u00eda, con el objetivo de escuchar, intercambiar ideas y construir soluciones conjuntas.<\/p>\n\n\n\n<p>Los representantes de la ONEC manifestaron su respaldo a la designaci\u00f3n de D\u00edaz, calific\u00e1ndola como una apuesta por el fortalecimiento institucional, la estabilidad fiscal y la continuidad de pol\u00edticas p\u00fablicas que promuevan el desarrollo sostenible.<\/p>\n\n\n\n<p>Asimismo, expresaron toda su disposici\u00f3n a colaborar con las iniciativas econ\u00f3micas impulsadas por el Gobierno.<\/p>\n\n\n\n<p>La delegaci\u00f3n destac\u00f3 la amplia experiencia y trayectoria del ministro D\u00edaz, lo que representa una oportunidad para seguir construyendo confianza y garantizar eficiencia en la gesti\u00f3n econ\u00f3mica nacional.<\/p>\n\n\n\n<p>El ministro agradeci\u00f3 el apoyo recibido y comparti\u00f3 con los empresarios las prioridades y perspectivas de su gesti\u00f3n, destacando que estar\u00e1 enfocada en la escucha activa, la b\u00fasqueda de consensos y la articulaci\u00f3n de pol\u00edticas p\u00fablicas que promuevan el crecimiento econ\u00f3mico con responsabilidad fiscal.<\/p>\n\n\n\n<p>\u201cEstos espacios de conversaci\u00f3n son esenciales. Queremos trabajar de la mano con todos los sectores que generan valor a la econom\u00eda. El di\u00e1logo ser\u00e1 la base para construir una pol\u00edtica fiscal moderna, eficiente y sostenible\u201d, afirm\u00f3 D\u00edaz.<\/p>\n\n\n\n<p>La delegaci\u00f3n de la ONEC estuvo encabezada por Ernesto Mart\u00ednez, presidente de la ONEC, e integrada por Mario Lama, pasado presidente; Jennifer Troncoso, directora; Dana Cabral, tesorera; Guillermo Prida, vocal; Jos\u00e9 Luis Magad\u00e1n, vocal y pasado presidente, y C\u00e9sar Tapia.<\/p>\n\n\n\n<p>Sobre la ONEC<\/p>\n\n\n\n<p>La ONEC es una asociaci\u00f3n sin fines de lucro que agrupa y representa importantes empresas del sector comercial de venta al detalle de la Rep\u00fablica Dominicana. Ejercen actividades en diversos renglones como supermercados, hipermercados, farmacias, tiendas por departamentos y especializadas, ferreter\u00edas, centros comerciales y otros negocios a nivel nacional.<\/p>\n","protected":false},"excerpt":{"rendered":"<p>Durante un encuentro con el titular de Hacienda y Econom\u00eda, miembros de la ONEC valoraron su experiencia t\u00e9cnica El ministro de Hacienda y Econom\u00eda, Mag\u00edn D\u00edaz, sostuvo un encuentro con&hellip;<\/p>\n","protected":false},"author":10,"featured_media":105672,"comment_status":"open","ping_status":"open","sticky":false,"template":"","format":"standard","meta":{"content-type":"","jetpack_post_was_ever_published":false,"_jetpack_newsletter_access":"","_jetpack_dont_email_post_to_subs":false,"_jetpack_newsletter_tier_id":0,"_jetpack_memberships_contains_paywalled_content":false,"_jetpack_memberships_contains_paid_content":false,"footnotes":""},"categories":[39,25],"tags":[1220,22787,1036,4217,373,22786],"class_list":["post-105671","post","type-post","status-publish","format-standard","has-post-thumbnail","hentry","category-economia","category-portada","tag-dialogo","tag-economia-nacional","tag-fortalecer","tag-magin-diaz","tag-ministro","tag-onec"],"jetpack_featured_media_url":"https:\/\/lasprimeras.com.do\/wp-content\/uploads\/2025\/08\/magin.jpg","jetpack-related-posts":[{"id":105890,"url":"https:\/\/lasprimeras.com.do\/index.php\/2025\/08\/08\/magin-diaz-se-reune-con-lideres-empresariales-para-fortalecer-la-confianza-y-el-crecimiento-economico\/","url_meta":{"origin":105671,"position":0},"title":"Mag\u00edn D\u00edaz se re\u00fane con l\u00edderes empresariales para fortalecer la confianza y el crecimiento econ\u00f3mico","author":"Nelson Feliz","date":"8 de agosto de 2025","format":false,"excerpt":"Valoran la apertura y transparencia del ministro de Hacienda y Econom\u00eda. El ministro de Hacienda y Econom\u00eda, Mag\u00edn D\u00edaz, sostuvo este jueves un encuentro con un grupo de destacados l\u00edderes del empresariado nacional, con el objetivo de promover el di\u00e1logo sobre temas fiscales y financieros del Estado. La reuni\u00f3n, celebrada\u2026","rel":"","context":"En \u00abECONOM\u00cdA\u00bb","block_context":{"text":"ECONOM\u00cdA","link":"https:\/\/lasprimeras.com.do\/index.php\/category\/economia\/"},"img":{"alt_text":"","src":"https:\/\/i0.wp.com\/lasprimeras.com.do\/wp-content\/uploads\/2025\/08\/Ministro-Magin-Diaz-sostiene-dialogo-con-lideres-empresariales.jpg?resize=350%2C200&ssl=1","width":350,"height":200,"srcset":"https:\/\/i0.wp.com\/lasprimeras.com.do\/wp-content\/uploads\/2025\/08\/Ministro-Magin-Diaz-sostiene-dialogo-con-lideres-empresariales.jpg?resize=350%2C200&ssl=1 1x, https:\/\/i0.wp.com\/lasprimeras.com.do\/wp-content\/uploads\/2025\/08\/Ministro-Magin-Diaz-sostiene-dialogo-con-lideres-empresariales.jpg?resize=525%2C300&ssl=1 1.5x, https:\/\/i0.wp.com\/lasprimeras.com.do\/wp-content\/uploads\/2025\/08\/Ministro-Magin-Diaz-sostiene-dialogo-con-lideres-empresariales.jpg?resize=700%2C400&ssl=1 2x"},"classes":[]},{"id":107530,"url":"https:\/\/lasprimeras.com.do\/index.php\/2025\/08\/27\/ministro-de-hacienda-y-economia-dialoga-con-sector-industrial\/","url_meta":{"origin":105671,"position":1},"title":"Ministro de Hacienda y Econom\u00eda dialoga con sector industrial","author":"Nelson Feliz","date":"27 de agosto de 2025","format":false,"excerpt":"Los directivos de la AIRD presentaron los principales desaf\u00edos que inciden en la competitividad de la industria El ministro de Hacienda y Econom\u00eda, Mag\u00edn D\u00edaz, sostuvo una reuni\u00f3n con la directiva nacional de la Asociaci\u00f3n de Industrias de la Rep\u00fablica Dominicana (AIRD), donde afirm\u00f3 la disposici\u00f3n de su gesti\u00f3n de\u2026","rel":"","context":"En \u00abECONOM\u00cdA\u00bb","block_context":{"text":"ECONOM\u00cdA","link":"https:\/\/lasprimeras.com.do\/index.php\/category\/economia\/"},"img":{"alt_text":"","src":"https:\/\/i0.wp.com\/lasprimeras.com.do\/wp-content\/uploads\/2025\/08\/Ministro-de-Hacienda.jpeg?resize=350%2C200&ssl=1","width":350,"height":200,"srcset":"https:\/\/i0.wp.com\/lasprimeras.com.do\/wp-content\/uploads\/2025\/08\/Ministro-de-Hacienda.jpeg?resize=350%2C200&ssl=1 1x, https:\/\/i0.wp.com\/lasprimeras.com.do\/wp-content\/uploads\/2025\/08\/Ministro-de-Hacienda.jpeg?resize=525%2C300&ssl=1 1.5x, https:\/\/i0.wp.com\/lasprimeras.com.do\/wp-content\/uploads\/2025\/08\/Ministro-de-Hacienda.jpeg?resize=700%2C400&ssl=1 2x"},"classes":[]},{"id":105884,"url":"https:\/\/lasprimeras.com.do\/index.php\/2025\/08\/08\/gobierno-sostiene-dialogo-con-mipymes-para-impulsar-el-tejido-productivo-nacional\/","url_meta":{"origin":105671,"position":2},"title":"Gobierno sostiene di\u00e1logo con mipymes para impulsar el tejido productivo nacional","author":"Nelson Feliz","date":"8 de agosto de 2025","format":false,"excerpt":"Mag\u00edn D\u00edaz e Ito Bison\u00f3 reafirmaron su compromiso de articular pol\u00edticas p\u00fablicas que promuevan el crecimiento y sostenibilidad de las Mipymes Los ministros de Hacienda y Econom\u00eda (MHE), Mag\u00edn D\u00edaz, y de Industria, Comercio y Mipymes (MICM), V\u00edctor -Ito- Bison\u00f3, sostuvieron un encuentro con representantes del sector Mipymes a nivel\u2026","rel":"","context":"En \u00abECONOM\u00cdA\u00bb","block_context":{"text":"ECONOM\u00cdA","link":"https:\/\/lasprimeras.com.do\/index.php\/category\/economia\/"},"img":{"alt_text":"","src":"https:\/\/i0.wp.com\/lasprimeras.com.do\/wp-content\/uploads\/2025\/08\/Los-ministros-Diaz-y-Bisono-se-comprometieron-a-mantener-un-canal-de-comunicacion-directo-y-permanente-con-actores-de-sector-Mypimes.jpg?resize=350%2C200&ssl=1","width":350,"height":200,"srcset":"https:\/\/i0.wp.com\/lasprimeras.com.do\/wp-content\/uploads\/2025\/08\/Los-ministros-Diaz-y-Bisono-se-comprometieron-a-mantener-un-canal-de-comunicacion-directo-y-permanente-con-actores-de-sector-Mypimes.jpg?resize=350%2C200&ssl=1 1x, https:\/\/i0.wp.com\/lasprimeras.com.do\/wp-content\/uploads\/2025\/08\/Los-ministros-Diaz-y-Bisono-se-comprometieron-a-mantener-un-canal-de-comunicacion-directo-y-permanente-con-actores-de-sector-Mypimes.jpg?resize=525%2C300&ssl=1 1.5x, https:\/\/i0.wp.com\/lasprimeras.com.do\/wp-content\/uploads\/2025\/08\/Los-ministros-Diaz-y-Bisono-se-comprometieron-a-mantener-un-canal-de-comunicacion-directo-y-permanente-con-actores-de-sector-Mypimes.jpg?resize=700%2C400&ssl=1 2x"},"classes":[]},{"id":115428,"url":"https:\/\/lasprimeras.com.do\/index.php\/2025\/11\/21\/magin-diaz-reafirma-la-estabilidad-de-la-rd-y-llama-a-evitar-el-pesimismo-economico\/","url_meta":{"origin":105671,"position":3},"title":"Mag\u00edn D\u00edaz reafirma la estabilidad de la RD y llama a evitar el pesimismo econ\u00f3mico","author":"Nelson Feliz","date":"21 de noviembre de 2025","format":false,"excerpt":"Al participar en el Almuerzo Anual de la Asociaci\u00f3n de Industriales de la Regi\u00f3n Norte (AIREN), el ministro de Hacienda y Econom\u00eda afirm\u00f3 que el pa\u00eds avanza hacia el grado de inversi\u00f3n, pero advirti\u00f3 que solo lo lograr\u00e1 si sostiene la disciplina macroecon\u00f3mica, fortalece sus instituciones y aborda con determinaci\u00f3n\u2026","rel":"","context":"En \u00abECONOM\u00cdA\u00bb","block_context":{"text":"ECONOM\u00cdA","link":"https:\/\/lasprimeras.com.do\/index.php\/category\/economia\/"},"img":{"alt_text":"","src":"https:\/\/i0.wp.com\/lasprimeras.com.do\/wp-content\/uploads\/2025\/11\/El-ministro-de-Hacienda-y-Economia-Magin-Diaz-junto-a-empresarios-de-la-Asociacion-de-Industriales-de-la-Region-Norte-AIREN.jpg?resize=350%2C200&ssl=1","width":350,"height":200,"srcset":"https:\/\/i0.wp.com\/lasprimeras.com.do\/wp-content\/uploads\/2025\/11\/El-ministro-de-Hacienda-y-Economia-Magin-Diaz-junto-a-empresarios-de-la-Asociacion-de-Industriales-de-la-Region-Norte-AIREN.jpg?resize=350%2C200&ssl=1 1x, https:\/\/i0.wp.com\/lasprimeras.com.do\/wp-content\/uploads\/2025\/11\/El-ministro-de-Hacienda-y-Economia-Magin-Diaz-junto-a-empresarios-de-la-Asociacion-de-Industriales-de-la-Region-Norte-AIREN.jpg?resize=525%2C300&ssl=1 1.5x, https:\/\/i0.wp.com\/lasprimeras.com.do\/wp-content\/uploads\/2025\/11\/El-ministro-de-Hacienda-y-Economia-Magin-Diaz-junto-a-empresarios-de-la-Asociacion-de-Industriales-de-la-Region-Norte-AIREN.jpg?resize=700%2C400&ssl=1 2x"},"classes":[]},{"id":114349,"url":"https:\/\/lasprimeras.com.do\/index.php\/2025\/11\/12\/magin-diaz-reafirma-compromiso-con-el-aumento-y-la-eficiencia-de-la-inversion-publica\/","url_meta":{"origin":105671,"position":4},"title":"Mag\u00edn D\u00edaz reafirma compromiso con el aumento y la eficiencia de la inversi\u00f3n p\u00fablica","author":"Nelson Feliz","date":"12 de noviembre de 2025","format":false,"excerpt":"El funcionario particip\u00f3 en el Foro Econ\u00f3mico elDinero 2025, bajo el tema \u201cRep\u00fablica Dominicana en el mapa log\u00edstico\u201d El ministro de Hacienda y Econom\u00eda, Mag\u00edn D\u00edaz, reafirm\u00f3 el compromiso del Gobierno con el incremento y la eficiencia de la inversi\u00f3n p\u00fablica, con el objetivo de que se siga respondiendo a\u2026","rel":"","context":"En \u00abECONOM\u00cdA\u00bb","block_context":{"text":"ECONOM\u00cdA","link":"https:\/\/lasprimeras.com.do\/index.php\/category\/economia\/"},"img":{"alt_text":"Mag\u00edn J. D\u00edaz","src":"https:\/\/i0.wp.com\/lasprimeras.com.do\/wp-content\/uploads\/2025\/07\/Magin-J.-Diaz.jpg?resize=350%2C200&ssl=1","width":350,"height":200,"srcset":"https:\/\/i0.wp.com\/lasprimeras.com.do\/wp-content\/uploads\/2025\/07\/Magin-J.-Diaz.jpg?resize=350%2C200&ssl=1 1x, https:\/\/i0.wp.com\/lasprimeras.com.do\/wp-content\/uploads\/2025\/07\/Magin-J.-Diaz.jpg?resize=525%2C300&ssl=1 1.5x, https:\/\/i0.wp.com\/lasprimeras.com.do\/wp-content\/uploads\/2025\/07\/Magin-J.-Diaz.jpg?resize=700%2C400&ssl=1 2x"},"classes":[]},{"id":66759,"url":"https:\/\/lasprimeras.com.do\/index.php\/2023\/11\/09\/magin-diaz-la-crisis-de-baninter-fue-del-21-del-pib\/","url_meta":{"origin":105671,"position":5},"title":"Mag\u00edn D\u00edaz: La crisis de BANINTER fue del 21% del PIB","author":"Nelson Feliz","date":"9 de noviembre de 2023","format":false,"excerpt":"El ex director de Impuestos Internos Mag\u00edn D\u00edaz, inform\u00f3 que el costo de la crisis bancar\u00eda del 2003 fue del 21 por ciento del Producto Interno Bruto. D\u00edaz, dijo que para esa fecha, la ca\u00edda del Banco Baninter y otras instituciones financiera es equivalente a 80 mil millones de pesos.\u2026","rel":"","context":"En \u00abECONOM\u00cdA\u00bb","block_context":{"text":"ECONOM\u00cdA","link":"https:\/\/lasprimeras.com.do\/index.php\/category\/economia\/"},"img":{"alt_text":"Mag\u00edn D\u00edaz","src":"https:\/\/i0.wp.com\/lasprimeras.com.do\/wp-content\/uploads\/2023\/07\/Magin-Diaz.jpg?resize=350%2C200&ssl=1","width":350,"height":200},"classes":[]}],"jetpack_sharing_enabled":true,"_links":{"self":[{"href":"https:\/\/lasprimeras.com.do\/index.php\/wp-json\/wp\/v2\/posts\/105671","targetHints":{"allow":["GET"]}}],"collection":[{"href":"https:\/\/lasprimeras.com.do\/index.php\/wp-json\/wp\/v2\/posts"}],"about":[{"href":"https:\/\/lasprimeras.com.do\/index.php\/wp-json\/wp\/v2\/types\/post"}],"author":[{"embeddable":true,"href":"https:\/\/lasprimeras.com.do\/index.php\/wp-json\/wp\/v2\/users\/10"}],"replies":[{"embeddable":true,"href":"https:\/\/lasprimeras.com.do\/index.php\/wp-json\/wp\/v2\/comments?post=105671"}],"version-history":[{"count":1,"href":"https:\/\/lasprimeras.com.do\/index.php\/wp-json\/wp\/v2\/posts\/105671\/revisions"}],"predecessor-version":[{"id":105673,"href":"https:\/\/lasprimeras.com.do\/index.php\/wp-json\/wp\/v2\/posts\/105671\/revisions\/105673"}],"wp:featuredmedia":[{"embeddable":true,"href":"https:\/\/lasprimeras.com.do\/index.php\/wp-json\/wp\/v2\/media\/105672"}],"wp:attachment":[{"href":"https:\/\/lasprimeras.com.do\/index.php\/wp-json\/wp\/v2\/media?parent=105671"}],"wp:term":[{"taxonomy":"category","embeddable":true,"href":"https:\/\/lasprimeras.com.do\/index.php\/wp-json\/wp\/v2\/categories?post=105671"},{"taxonomy":"post_tag","embeddable":true,"href":"https:\/\/lasprimeras.com.do\/index.php\/wp-json\/wp\/v2\/tags?post=105671"}],"curies":[{"name":"wp","href":"https:\/\/api.w.org\/{rel}","templated":true}]}}