{"id":105715,"date":"2025-08-06T09:50:40","date_gmt":"2025-08-06T13:50:40","guid":{"rendered":"https:\/\/lasprimeras.com.do\/?p=105715"},"modified":"2025-08-06T09:50:42","modified_gmt":"2025-08-06T13:50:42","slug":"luis-el-gallo-pide-a-rd-alerta-maxima-ante-la-ampliacion-de-la-crisis-haitiana","status":"publish","type":"post","link":"https:\/\/lasprimeras.com.do\/index.php\/2025\/08\/06\/luis-el-gallo-pide-a-rd-alerta-maxima-ante-la-ampliacion-de-la-crisis-haitiana\/","title":{"rendered":"Luis \u201cEl Gallo\u201d pide a RD alerta m\u00e1xima ante la ampliaci\u00f3n de la crisis haitiana"},"content":{"rendered":"\n<p>El presidente de la Uni\u00f3n Dem\u00f3crata Cristiana \u2013UDC-, Luis Acosta Moreta, Luis \u201cEl Gallo\u201d, pidi\u00f3 hoy que el pa\u00eds se mantenga en alerta m\u00e1xima, cuando se acrecienta la guerra civil de baja intensidad de Hait\u00ed, que ha llevado hasta el cierre de la embajada norteamericana.<\/p>\n\n\n\n<p>Enfatiz\u00f3 que el momento es de alerta total en la frontera, porque los organismos internacionales est\u00e1n jugando con los refugiados, y en medio de la vor\u00e1gine de sangre y muerte les presentan el espacio dominicana como sus salvaci\u00f3n.<\/p>\n\n\n\n<p>Sin embargo, esos organismos internacionales tienen que estar claro en que la soluci\u00f3n a los problemas haitianos tiene que proceder del mismo Hait\u00ed, y no tratar de echar esa violencia y desesperaci\u00f3n a los dominicanos.<\/p>\n\n\n\n<p>Apunt\u00f3 que la acci\u00f3n de los Estados Unidos de cerrar su embajada y poner la zona en m\u00e1xima alerta les debe servir a todos los dominicanos para ampliar las medidas de seguridad.<\/p>\n\n\n\n<p>Destac\u00f3 el excelente trabajo que est\u00e1n realizando los soldados dominicanos en la zona fronteriza, manteniendo la vigilancia en resguardo del territorio nacional. A esos guardias se les debe dar el mayor de los reconocimientos.<\/p>\n\n\n\n<p>A\u00f1adi\u00f3 que en la zona fronteriza se debe dar una vigilancia total en cada una de las provincias lim\u00edtrofes con Hait\u00ed, para que no penetre a nuestro territorio ning\u00fan indocumentado.<\/p>\n\n\n\n<p>Hasta el momento las autoridades han realizado una labor heroica, vigilando toda la zona fronteriza, impidiendo la entrada masiva de haitiano y apresando a los que cruzan por zonas agrestes y monta\u00f1osas, siendo muy dif\u00edcil de controlar.<\/p>\n\n\n\n<p>Tambi\u00e9n reconoci\u00f3 la tarea de la Direcci\u00f3n General de Migraci\u00f3n en mantener firme y decidida la pol\u00edtica de deportaci\u00f3n de indocumentados en todo el territorio nacional.<\/p>\n\n\n\n<p>El gobierno dominicano debe mantener su postura de no inmiscuirse en los problemas internos de Hait\u00ed, pero si poniendo en alerta a toda la ciudadan\u00eda sobre la peligrosidad de la violencia en el vecino pa\u00eds, destac\u00f3.<\/p>\n\n\n\n<p>Apunt\u00f3 que es hora de levantar la Bandera Nacional, en momentos en que organismos internacionales y las grandes potencias quieren meter al pa\u00eds en torno a las soluciones del grave problema haitiano.<\/p>\n\n\n\n<p>Resguardar, manifest\u00f3, el territorio nacional es la principal tarea que los soldados dominicanos tienen que realizar, y no entrar en el juego de los que buscan soluciones al caso haitiano, sin mandar soldados de sus pa\u00edses a restablecer el orden.<\/p>\n","protected":false},"excerpt":{"rendered":"<p>El presidente de la Uni\u00f3n Dem\u00f3crata Cristiana \u2013UDC-, Luis Acosta Moreta, Luis \u201cEl Gallo\u201d, pidi\u00f3 hoy que el pa\u00eds se mantenga en alerta m\u00e1xima, cuando se acrecienta la guerra civil&hellip;<\/p>\n","protected":false},"author":10,"featured_media":102448,"comment_status":"open","ping_status":"open","sticky":false,"template":"","format":"standard","meta":{"content-type":"","jetpack_post_was_ever_published":false,"_jetpack_newsletter_access":"","_jetpack_dont_email_post_to_subs":false,"_jetpack_newsletter_tier_id":0,"_jetpack_memberships_contains_paywalled_content":false,"_jetpack_memberships_contains_paid_content":false,"footnotes":""},"categories":[16559,25],"tags":[20994,1565,264,559,123,11349,7394,5654,127],"class_list":["post-105715","post","type-post","status-publish","format-standard","has-post-thumbnail","hentry","category-politica","category-portada","tag-alerta-maxima","tag-ampliacion","tag-crisis-haitiana","tag-el-gallo","tag-grandes","tag-luis","tag-potencia","tag-presiones","tag-rd"],"jetpack_featured_media_url":"https:\/\/lasprimeras.com.do\/wp-content\/uploads\/2025\/07\/Luis-Acosta-Moreta.png","jetpack-related-posts":[{"id":124784,"url":"https:\/\/lasprimeras.com.do\/index.php\/2026\/03\/16\/luis-el-gallo-dominicanos-deben-apartarse-de-la-crisis-haitiana\/","url_meta":{"origin":105715,"position":0},"title":"Luis \u201cEl Gallo\u201d: Dominicanos deben apartarse de la crisis haitiana","author":"Nelson Feliz","date":"16 de marzo de 2026","format":false,"excerpt":"El presidente de la Uni\u00f3n Dem\u00f3\u00e7rata Cristiana \u2013UDC-, Luis Acosta Moreta, \u201cLuis El Gallo\u201d, consider\u00f3 hoy que los dominicanos se deben mantener apartados de la crisis interna de Hait\u00ed, y seguir aplicando la pol\u00edtica de deportaci\u00f3n de migrantes indocumentados. Dijo que cualquier conversaci\u00f3n que tenga lugar entre las autoridades haitianas\u2026","rel":"","context":"En \u00abPOLITICA\u00bb","block_context":{"text":"POLITICA","link":"https:\/\/lasprimeras.com.do\/index.php\/category\/politica\/"},"img":{"alt_text":"Luis Acosta Moreta","src":"https:\/\/i0.wp.com\/lasprimeras.com.do\/wp-content\/uploads\/2025\/07\/Luis-Acosta-Moreta.png?resize=350%2C200&ssl=1","width":350,"height":200},"classes":[]},{"id":100262,"url":"https:\/\/lasprimeras.com.do\/index.php\/2025\/06\/04\/luis-el-gallo-felicita-a-migracion-por-deportar-a-cientos-de-miles-de-haitianos\/","url_meta":{"origin":105715,"position":1},"title":"Luis \u201cEl Gallo\u201d felicita a Migraci\u00f3n por deportar a cientos de miles de haitianos","author":"Nelson Feliz","date":"4 de junio de 2025","format":false,"excerpt":"El presidente de la Uni\u00f3n Dem\u00f3crata Cristiana \u2013UDC-, Luis Acosta Moreta, Luis \u201cEl Gallo\u201d, dio hoy su respaldo a la Direcci\u00f3n General de Migraci\u00f3n, por el excelente trabajo que realiza con la deportaci\u00f3n de indocumentados. Destac\u00f3 que el vicealmirante Luis Rafael Lee Ballester ejecuta una gran labor al frente de\u2026","rel":"","context":"En \u00abPOLITICA\u00bb","block_context":{"text":"POLITICA","link":"https:\/\/lasprimeras.com.do\/index.php\/category\/politica\/"},"img":{"alt_text":"Luis Acosta Moreta","src":"https:\/\/i0.wp.com\/lasprimeras.com.do\/wp-content\/uploads\/2025\/06\/Luis-Acosta-Moreta.jpg?resize=350%2C200&ssl=1","width":350,"height":200,"srcset":"https:\/\/i0.wp.com\/lasprimeras.com.do\/wp-content\/uploads\/2025\/06\/Luis-Acosta-Moreta.jpg?resize=350%2C200&ssl=1 1x, https:\/\/i0.wp.com\/lasprimeras.com.do\/wp-content\/uploads\/2025\/06\/Luis-Acosta-Moreta.jpg?resize=525%2C300&ssl=1 1.5x, https:\/\/i0.wp.com\/lasprimeras.com.do\/wp-content\/uploads\/2025\/06\/Luis-Acosta-Moreta.jpg?resize=700%2C400&ssl=1 2x"},"classes":[]},{"id":68975,"url":"https:\/\/lasprimeras.com.do\/index.php\/2023\/11\/29\/luis-el-gallo-pide-se-mantenga-cierre-de-frontera-con-alerta-militar-ante-provocaciones-haitianas\/","url_meta":{"origin":105715,"position":2},"title":"Luis \u201cEl Gallo\u201d pide se mantenga cierre de frontera, con alerta militar ante provocaciones haitianas","author":"Nelson Feliz","date":"29 de noviembre de 2023","format":false,"excerpt":"El presidente de la Uni\u00f3n Dem\u00f3crata Cristiana \u2013UDC-, Luis Acosta Moreta, Luis \u201cEl Gallo\u201d, pidi\u00f3 hoy al presidente Luis Abinader que se mantenga el cierre de la frontera con un m\u00e1ximo de alerta militar, ante las constantes provocaciones de los haitianos. Afirm\u00f3 que gracias a la disciplina de nuestros guardias,\u2026","rel":"","context":"En \u00abPORTADA\u00bb","block_context":{"text":"PORTADA","link":"https:\/\/lasprimeras.com.do\/index.php\/category\/portada\/"},"img":{"alt_text":"frontera","src":"https:\/\/i0.wp.com\/lasprimeras.com.do\/wp-content\/uploads\/2023\/11\/frontera-1-1.jpg?resize=350%2C200&ssl=1","width":350,"height":200},"classes":[]},{"id":115275,"url":"https:\/\/lasprimeras.com.do\/index.php\/2025\/11\/20\/luis-el-gallo-rechaza-denuncias-de-amnistia-internacional-y-senala-son-viles-mentiras\/","url_meta":{"origin":105715,"position":3},"title":"Luis \u201cEl Gallo\u201d rechaza denuncias de Amnist\u00eda Internacional y se\u00f1ala son viles mentiras","author":"Nelson Feliz","date":"20 de noviembre de 2025","format":false,"excerpt":"El presidente de la Uni\u00f3n Dem\u00f3crata Cristiana -UDC-, Luis Acosta Moreta, Luis \u201cEl Gallo\u201d, rechaz\u00f3 hoy por mentirosas y viles las denuncias de Amnist\u00eda Internacional de que en el pa\u00eds se da a las parturientas haitianas un trato racista, discriminatorio y violador de los derechos humanos. Dijo que por el\u2026","rel":"","context":"En \u00abPOLITICA\u00bb","block_context":{"text":"POLITICA","link":"https:\/\/lasprimeras.com.do\/index.php\/category\/politica\/"},"img":{"alt_text":"","src":"https:\/\/i0.wp.com\/lasprimeras.com.do\/wp-content\/uploads\/2025\/11\/Luis-Acosta-Moreta.jpeg?resize=350%2C200&ssl=1","width":350,"height":200,"srcset":"https:\/\/i0.wp.com\/lasprimeras.com.do\/wp-content\/uploads\/2025\/11\/Luis-Acosta-Moreta.jpeg?resize=350%2C200&ssl=1 1x, https:\/\/i0.wp.com\/lasprimeras.com.do\/wp-content\/uploads\/2025\/11\/Luis-Acosta-Moreta.jpeg?resize=525%2C300&ssl=1 1.5x, https:\/\/i0.wp.com\/lasprimeras.com.do\/wp-content\/uploads\/2025\/11\/Luis-Acosta-Moreta.jpeg?resize=700%2C400&ssl=1 2x"},"classes":[]},{"id":112002,"url":"https:\/\/lasprimeras.com.do\/index.php\/2025\/10\/16\/advierten-crisis-alimenticia-haitiana-tiene-que-ser-resuelta-por-eeuu-y-la-onu-no-por-rd\/","url_meta":{"origin":105715,"position":4},"title":"Advierten crisis alimenticia haitiana, tiene que ser resuelta por EEUU y la ONU no por RD","author":"Nelson Feliz","date":"16 de octubre de 2025","format":false,"excerpt":"El presidente de la Uni\u00f3n Dem\u00f3crata Cristiana \u2013UDC-, Luis Acosta Moreta, Luis \u201cEl Gallo\u201d, advirti\u00f3 hoy que la crisis alimenticia que padece m\u00e1s de la mitad del pueblo haitiano debe ser resuelta por las grandes potencias, y no por la Rep\u00fablica Dominicana. Adem\u00e1s, destac\u00f3, esa crisis es ocasionada por la\u2026","rel":"","context":"En \u00abPOLITICA\u00bb","block_context":{"text":"POLITICA","link":"https:\/\/lasprimeras.com.do\/index.php\/category\/politica\/"},"img":{"alt_text":"","src":"https:\/\/i0.wp.com\/lasprimeras.com.do\/wp-content\/uploads\/2025\/10\/crisis-alimenticia-haitiana.jpeg?resize=350%2C200&ssl=1","width":350,"height":200,"srcset":"https:\/\/i0.wp.com\/lasprimeras.com.do\/wp-content\/uploads\/2025\/10\/crisis-alimenticia-haitiana.jpeg?resize=350%2C200&ssl=1 1x, https:\/\/i0.wp.com\/lasprimeras.com.do\/wp-content\/uploads\/2025\/10\/crisis-alimenticia-haitiana.jpeg?resize=525%2C300&ssl=1 1.5x, https:\/\/i0.wp.com\/lasprimeras.com.do\/wp-content\/uploads\/2025\/10\/crisis-alimenticia-haitiana.jpeg?resize=700%2C400&ssl=1 2x, https:\/\/i0.wp.com\/lasprimeras.com.do\/wp-content\/uploads\/2025\/10\/crisis-alimenticia-haitiana.jpeg?resize=1050%2C600&ssl=1 3x, https:\/\/i0.wp.com\/lasprimeras.com.do\/wp-content\/uploads\/2025\/10\/crisis-alimenticia-haitiana.jpeg?resize=1400%2C800&ssl=1 4x"},"classes":[]},{"id":101361,"url":"https:\/\/lasprimeras.com.do\/index.php\/2025\/06\/20\/luis-el-gallo-denuncia-calumnia-de-la-prensa-internacional-con-rd\/","url_meta":{"origin":105715,"position":5},"title":"Luis \u201cEl Gallo\u201d denuncia calumnia de la prensa internacional con RD","author":"Nelson Feliz","date":"20 de junio de 2025","format":false,"excerpt":"Miente datos de pol\u00edtica migratoria dominicana. El presidente de la Uni\u00f3n Dem\u00f3crata Cristiana \u2013UDC- rechaz\u00f3 hoy la campa\u00f1a de descr\u00e9dito al pa\u00eds que llevan a cabo peri\u00f3dicos y medios de prensa internacionales, bajo el alegato de que se maltrata a los haitianos. Luis Acosta Moreta, Luis \u201cEl Gallo\u201d, pareci\u00f3 que\u2026","rel":"","context":"En \u00abPOLITICA\u00bb","block_context":{"text":"POLITICA","link":"https:\/\/lasprimeras.com.do\/index.php\/category\/politica\/"},"img":{"alt_text":"Luis Acosta Moreta","src":"https:\/\/i0.wp.com\/lasprimeras.com.do\/wp-content\/uploads\/2024\/11\/Luis-Acosta-Moreta.jpg?resize=350%2C200&ssl=1","width":350,"height":200,"srcset":"https:\/\/i0.wp.com\/lasprimeras.com.do\/wp-content\/uploads\/2024\/11\/Luis-Acosta-Moreta.jpg?resize=350%2C200&ssl=1 1x, https:\/\/i0.wp.com\/lasprimeras.com.do\/wp-content\/uploads\/2024\/11\/Luis-Acosta-Moreta.jpg?resize=525%2C300&ssl=1 1.5x, https:\/\/i0.wp.com\/lasprimeras.com.do\/wp-content\/uploads\/2024\/11\/Luis-Acosta-Moreta.jpg?resize=700%2C400&ssl=1 2x"},"classes":[]}],"jetpack_sharing_enabled":true,"_links":{"self":[{"href":"https:\/\/lasprimeras.com.do\/index.php\/wp-json\/wp\/v2\/posts\/105715","targetHints":{"allow":["GET"]}}],"collection":[{"href":"https:\/\/lasprimeras.com.do\/index.php\/wp-json\/wp\/v2\/posts"}],"about":[{"href":"https:\/\/lasprimeras.com.do\/index.php\/wp-json\/wp\/v2\/types\/post"}],"author":[{"embeddable":true,"href":"https:\/\/lasprimeras.com.do\/index.php\/wp-json\/wp\/v2\/users\/10"}],"replies":[{"embeddable":true,"href":"https:\/\/lasprimeras.com.do\/index.php\/wp-json\/wp\/v2\/comments?post=105715"}],"version-history":[{"count":1,"href":"https:\/\/lasprimeras.com.do\/index.php\/wp-json\/wp\/v2\/posts\/105715\/revisions"}],"predecessor-version":[{"id":105716,"href":"https:\/\/lasprimeras.com.do\/index.php\/wp-json\/wp\/v2\/posts\/105715\/revisions\/105716"}],"wp:featuredmedia":[{"embeddable":true,"href":"https:\/\/lasprimeras.com.do\/index.php\/wp-json\/wp\/v2\/media\/102448"}],"wp:attachment":[{"href":"https:\/\/lasprimeras.com.do\/index.php\/wp-json\/wp\/v2\/media?parent=105715"}],"wp:term":[{"taxonomy":"category","embeddable":true,"href":"https:\/\/lasprimeras.com.do\/index.php\/wp-json\/wp\/v2\/categories?post=105715"},{"taxonomy":"post_tag","embeddable":true,"href":"https:\/\/lasprimeras.com.do\/index.php\/wp-json\/wp\/v2\/tags?post=105715"}],"curies":[{"name":"wp","href":"https:\/\/api.w.org\/{rel}","templated":true}]}}