{"id":105735,"date":"2025-08-06T12:09:13","date_gmt":"2025-08-06T16:09:13","guid":{"rendered":"https:\/\/lasprimeras.com.do\/?p=105735"},"modified":"2025-08-06T12:09:15","modified_gmt":"2025-08-06T16:09:15","slug":"economista-luis-reyes-denuncia-el-deficiente-gasto-de-inversion-del-gobierno","status":"publish","type":"post","link":"https:\/\/lasprimeras.com.do\/index.php\/2025\/08\/06\/economista-luis-reyes-denuncia-el-deficiente-gasto-de-inversion-del-gobierno\/","title":{"rendered":"Economista Luis Reyes denuncia el deficiente gasto de inversi\u00f3n del Gobierno"},"content":{"rendered":"\n<p><strong>Economista Luis Reyes denuncia que Gobierno del PRM ha comprometido el gasto corriente y eso se refleja en el aumento la n\u00f3mina, y el endeudamiento.<\/strong><\/p>\n\n\n\n<p>El secretario de Asuntos Econ\u00f3micos del Partido de la Liberaci\u00f3n Dominicana (PLD), Luis Reyes, afirma que el gobierno no utiliz\u00f3 los 775 millones de d\u00f3lares tomados de la renegociaci\u00f3n del contrato con la empresa Aerodom (Aeropuertos Dominicanos Siglo XXI) para las obras que har\u00edan.<\/p>\n\n\n\n<p>Reyes entiende que el presidente Luis Abinader deber\u00eda explicarle al pa\u00eds que hizo con esos fondos destinados para la construcci\u00f3n de obras.<\/p>\n\n\n\n<p>\u201cEl presidente deber\u00e1 dar cuenta al pa\u00eds y eso \u00e9l lo sabe\u201d, proclam\u00f3 el economista en declaraciones al programa \u201cDe entero cr\u00e9dito\u201d, rese\u00f1ado por la Secretar\u00eda de Comunicaciones del PLD.<\/p>\n\n\n\n<p>Por otro lado, el exdirector de Presupuesto expres\u00f3 que uno de los graves problemas que enfrenta el gobierno durante los \u00faltimos cuatro a\u00f1os es que ha comprometido los gastos corrientes y eso se refleja en el aumento la n\u00f3mina, del endeudamiento para pagar gastos corrientes, el aumento de pensiones, ayudas sociales \u201cy todo eso ha ido conformando que tiene al gobierno en una situaci\u00f3n complicada\u201d.<\/p>\n\n\n\n<p>Explic\u00f3 que ese gasto se torna inflexible porque no puede disminuir la n\u00f3mina porque tendr\u00eda que cancelar a miles de empleados y tiene un alto costo pol\u00edtico, \u201cno puede disminuir las ayudas sociales, las personas dicen que tienen derecho adquirido y el gobierno tiene una estructura de gastos muy r\u00edgida\u201d.<\/p>\n\n\n\n<p>Considera que lo ideal ser\u00eda que se hagan fuertes inversiones para aumentar el gasto p\u00fablico en la construcci\u00f3n de infraestructuras p\u00fablicas como el Metro de los Alcarrizos, agregando que este gobierno tiene el gasto de inversi\u00f3n m\u00e1s bajo en toda la historia de la vida republicana.<\/p>\n\n\n\n<p>Afirm\u00f3 que la ejecuci\u00f3n y eficiencia del gasto de inversi\u00f3n del 2025, el gobierno ha tenido muchos problemas y en junio de este a\u00f1o, apenas se hab\u00eda ejecutado el 25 por ciento para gastos de inversi\u00f3n, de nuevas obras \u201cy eso no puede ser, eso que dice el Banco Central, hay que hacer un esfuerzo para que todo el gasto se ejecute en el a\u00f1o\u201d.<\/p>\n","protected":false},"excerpt":{"rendered":"<p>Economista Luis Reyes denuncia que Gobierno del PRM ha comprometido el gasto corriente y eso se refleja en el aumento la n\u00f3mina, y el endeudamiento. El secretario de Asuntos Econ\u00f3micos&hellip;<\/p>\n","protected":false},"author":10,"featured_media":98675,"comment_status":"open","ping_status":"open","sticky":false,"template":"","format":"standard","meta":{"content-type":"","jetpack_post_was_ever_published":false,"_jetpack_newsletter_access":"","_jetpack_dont_email_post_to_subs":false,"_jetpack_newsletter_tier_id":0,"_jetpack_memberships_contains_paywalled_content":false,"_jetpack_memberships_contains_paid_content":false,"footnotes":""},"categories":[39,25],"tags":[22828,1637,22829,171,19408],"class_list":["post-105735","post","type-post","status-publish","format-standard","has-post-thumbnail","hentry","category-economia","category-portada","tag-deficiente","tag-economista","tag-gasto-de-inversion","tag-gobierno","tag-luis-reyes"],"jetpack_featured_media_url":"https:\/\/lasprimeras.com.do\/wp-content\/uploads\/2025\/05\/Luis-Reyes.png","jetpack-related-posts":[{"id":105293,"url":"https:\/\/lasprimeras.com.do\/index.php\/2025\/08\/01\/luis-reyes-la-del-prm-es-una-gestion-economica-fallida\/","url_meta":{"origin":105735,"position":0},"title":"Luis Reyes: La del PRM es una gesti\u00f3n econ\u00f3mica fallida","author":"Nelson Feliz","date":"1 de agosto de 2025","format":false,"excerpt":"\u201c\u00bfD\u00f3nde est\u00e1n las obras? Si el gasto fue similar, Medina hizo m\u00e1s con los mismos recursos\u201d, afirm\u00f3 Luis Reyes, secretario Asuntos Econ\u00f3micos del PLD El secretario de Asuntos Econ\u00f3micos del Partido de la Liberaci\u00f3n Dominicana (PLD), Luis Reyes, califica al gobierno del presidente Luis Abinader de una gesti\u00f3n econ\u00f3mica fallida,\u2026","rel":"","context":"En \u00abECONOM\u00cdA\u00bb","block_context":{"text":"ECONOM\u00cdA","link":"https:\/\/lasprimeras.com.do\/index.php\/category\/economia\/"},"img":{"alt_text":"","src":"https:\/\/i0.wp.com\/lasprimeras.com.do\/wp-content\/uploads\/2025\/08\/Luis-Reyes.jpeg?resize=350%2C200&ssl=1","width":350,"height":200,"srcset":"https:\/\/i0.wp.com\/lasprimeras.com.do\/wp-content\/uploads\/2025\/08\/Luis-Reyes.jpeg?resize=350%2C200&ssl=1 1x, https:\/\/i0.wp.com\/lasprimeras.com.do\/wp-content\/uploads\/2025\/08\/Luis-Reyes.jpeg?resize=525%2C300&ssl=1 1.5x, https:\/\/i0.wp.com\/lasprimeras.com.do\/wp-content\/uploads\/2025\/08\/Luis-Reyes.jpeg?resize=700%2C400&ssl=1 2x"},"classes":[]},{"id":122617,"url":"https:\/\/lasprimeras.com.do\/index.php\/2026\/02\/19\/luis-reyes-rendicion-de-cuentas-en-el-peor-momento-de-la-economia\/","url_meta":{"origin":105735,"position":1},"title":"Luis Reyes: Rendici\u00f3n de cuentas en el peor momento de la econom\u00eda","author":"Nelson Feliz","date":"19 de febrero de 2026","format":false,"excerpt":"55 mil millones, aproximadamente un tercio de los ingresos recaudados, se destinaron al pago de los intereses de la deuda, advierte Luis Reyes. El titular de la Secretar\u00eda de Asuntos Econ\u00f3micos del PLD, economista Luis Reyes, dijo que el presidente de la Rep\u00fablica rendir\u00e1 cuentas en el Congreso Nacional este\u2026","rel":"","context":"En \u00abECONOM\u00cdA\u00bb","block_context":{"text":"ECONOM\u00cdA","link":"https:\/\/lasprimeras.com.do\/index.php\/category\/economia\/"},"img":{"alt_text":"","src":"https:\/\/i0.wp.com\/lasprimeras.com.do\/wp-content\/uploads\/2025\/05\/Luis-Reyes.png?resize=350%2C200&ssl=1","width":350,"height":200},"classes":[]},{"id":103675,"url":"https:\/\/lasprimeras.com.do\/index.php\/2025\/07\/17\/luis-reyes-gobierno-ineficiente-en-la-inversion\/","url_meta":{"origin":105735,"position":2},"title":"Luis Reyes: Gobierno ineficiente en la inversi\u00f3n","author":"Nelson Feliz","date":"17 de julio de 2025","format":false,"excerpt":"La econom\u00eda dominicana se ha ido desacelerando de manera importante, advierte Luis Reyes, secretario de Asuntos Econ\u00f3micos del PLD El secretario de Asuntos Econ\u00f3micos del Partido de la Liberaci\u00f3n Dominicana (PLD), Luis Reyes, considera que uno de los prop\u00f3sitos detr\u00e1s de la designaci\u00f3n de Mag\u00edn D\u00edaz como ministro de Haciendas\u2026","rel":"","context":"En \u00abECONOM\u00cdA\u00bb","block_context":{"text":"ECONOM\u00cdA","link":"https:\/\/lasprimeras.com.do\/index.php\/category\/economia\/"},"img":{"alt_text":"","src":"https:\/\/i0.wp.com\/lasprimeras.com.do\/wp-content\/uploads\/2025\/05\/Luis-Reyes.png?resize=350%2C200&ssl=1","width":350,"height":200},"classes":[]},{"id":106394,"url":"https:\/\/lasprimeras.com.do\/index.php\/2025\/08\/14\/exdirector-de-presupuesto-denuncia-aumento-de-nomina-publica-sin-resultados-para-la-poblacion\/","url_meta":{"origin":105735,"position":3},"title":"Exdirector de Presupuesto denuncia aumento de n\u00f3mina p\u00fablica sin resultados para la poblaci\u00f3n","author":"Nelson Feliz","date":"14 de agosto de 2025","format":false,"excerpt":"El exdirector general de Presupuesto, Luis Reyes, afirm\u00f3 que el Gobierno de Luis Abinader ha engrosado la n\u00f3mina p\u00fablica en 97,000 empleados desde 2021 hasta mayo de 2025, sin que esto se traduzca en mejoras significativas para la calidad de vida de la ciudadan\u00eda. Durante un conversatorio con l\u00edderes comunitarios\u2026","rel":"","context":"En \u00abECONOM\u00cdA\u00bb","block_context":{"text":"ECONOM\u00cdA","link":"https:\/\/lasprimeras.com.do\/index.php\/category\/economia\/"},"img":{"alt_text":"","src":"https:\/\/i0.wp.com\/lasprimeras.com.do\/wp-content\/uploads\/2025\/08\/presu.jpg?resize=350%2C200&ssl=1","width":350,"height":200,"srcset":"https:\/\/i0.wp.com\/lasprimeras.com.do\/wp-content\/uploads\/2025\/08\/presu.jpg?resize=350%2C200&ssl=1 1x, https:\/\/i0.wp.com\/lasprimeras.com.do\/wp-content\/uploads\/2025\/08\/presu.jpg?resize=525%2C300&ssl=1 1.5x, https:\/\/i0.wp.com\/lasprimeras.com.do\/wp-content\/uploads\/2025\/08\/presu.jpg?resize=700%2C400&ssl=1 2x"},"classes":[]},{"id":111951,"url":"https:\/\/lasprimeras.com.do\/index.php\/2025\/10\/15\/luis-reyes-nueva-tarjeta-del-gobierno-aumentara-deuda-publica-de-forma-irresponsable\/","url_meta":{"origin":105735,"position":4},"title":"Luis Reyes: Nueva Tarjeta del Gobierno aumentar\u00e1 deuda p\u00fablica de forma irresponsable","author":"Nelson Feliz","date":"15 de octubre de 2025","format":false,"excerpt":"El economista Luis Reyes acus\u00f3 al Gobierno de improvisar con la \u201cTarjeta Joven RD\u201d, calific\u00e1ndola como una medida \u201cpopulista\u201d y sin verdadero impacto sostenible para la juventud dominicana. El titular de la Secretar\u00eda de Asuntos Econ\u00f3micos del Partido de la Liberaci\u00f3n Dominicana (PLD), Luis Reyes, considera que el programa social\u2026","rel":"","context":"En \u00abECONOM\u00cdA\u00bb","block_context":{"text":"ECONOM\u00cdA","link":"https:\/\/lasprimeras.com.do\/index.php\/category\/economia\/"},"img":{"alt_text":"","src":"https:\/\/i0.wp.com\/lasprimeras.com.do\/wp-content\/uploads\/2025\/10\/Luis-Reyes.jpeg?resize=350%2C200&ssl=1","width":350,"height":200,"srcset":"https:\/\/i0.wp.com\/lasprimeras.com.do\/wp-content\/uploads\/2025\/10\/Luis-Reyes.jpeg?resize=350%2C200&ssl=1 1x, https:\/\/i0.wp.com\/lasprimeras.com.do\/wp-content\/uploads\/2025\/10\/Luis-Reyes.jpeg?resize=525%2C300&ssl=1 1.5x, https:\/\/i0.wp.com\/lasprimeras.com.do\/wp-content\/uploads\/2025\/10\/Luis-Reyes.jpeg?resize=700%2C400&ssl=1 2x, https:\/\/i0.wp.com\/lasprimeras.com.do\/wp-content\/uploads\/2025\/10\/Luis-Reyes.jpeg?resize=1050%2C600&ssl=1 3x, https:\/\/i0.wp.com\/lasprimeras.com.do\/wp-content\/uploads\/2025\/10\/Luis-Reyes.jpeg?resize=1400%2C800&ssl=1 4x"},"classes":[]},{"id":98674,"url":"https:\/\/lasprimeras.com.do\/index.php\/2025\/05\/09\/luis-reyes-aboga-por-una-evaluacion-objetiva-y-responsable-de-la-economia\/","url_meta":{"origin":105735,"position":5},"title":"Luis Reyes aboga por una evaluaci\u00f3n objetiva y responsable de la econom\u00eda","author":"Nelson Feliz","date":"9 de mayo de 2025","format":false,"excerpt":"El titular de la Secretar\u00eda de Asuntos Econ\u00f3micos del Partido de la Liberaci\u00f3n Dominicana (PLD), Luis Reyes, advirti\u00f3 sobre el crecimiento de la deuda en Rep\u00fablica Dominicana cuestionando tambi\u00e9n el crecimiento econ\u00f3mico que calific\u00f3 de desigual. El exdirector general de Presupuesto afirm\u00f3 que la econom\u00eda dominicana atraviesa una etapa que\u2026","rel":"","context":"En \u00abECONOM\u00cdA\u00bb","block_context":{"text":"ECONOM\u00cdA","link":"https:\/\/lasprimeras.com.do\/index.php\/category\/economia\/"},"img":{"alt_text":"","src":"https:\/\/i0.wp.com\/lasprimeras.com.do\/wp-content\/uploads\/2025\/05\/Luis-Reyes.png?resize=350%2C200&ssl=1","width":350,"height":200},"classes":[]}],"jetpack_sharing_enabled":true,"_links":{"self":[{"href":"https:\/\/lasprimeras.com.do\/index.php\/wp-json\/wp\/v2\/posts\/105735","targetHints":{"allow":["GET"]}}],"collection":[{"href":"https:\/\/lasprimeras.com.do\/index.php\/wp-json\/wp\/v2\/posts"}],"about":[{"href":"https:\/\/lasprimeras.com.do\/index.php\/wp-json\/wp\/v2\/types\/post"}],"author":[{"embeddable":true,"href":"https:\/\/lasprimeras.com.do\/index.php\/wp-json\/wp\/v2\/users\/10"}],"replies":[{"embeddable":true,"href":"https:\/\/lasprimeras.com.do\/index.php\/wp-json\/wp\/v2\/comments?post=105735"}],"version-history":[{"count":1,"href":"https:\/\/lasprimeras.com.do\/index.php\/wp-json\/wp\/v2\/posts\/105735\/revisions"}],"predecessor-version":[{"id":105736,"href":"https:\/\/lasprimeras.com.do\/index.php\/wp-json\/wp\/v2\/posts\/105735\/revisions\/105736"}],"wp:featuredmedia":[{"embeddable":true,"href":"https:\/\/lasprimeras.com.do\/index.php\/wp-json\/wp\/v2\/media\/98675"}],"wp:attachment":[{"href":"https:\/\/lasprimeras.com.do\/index.php\/wp-json\/wp\/v2\/media?parent=105735"}],"wp:term":[{"taxonomy":"category","embeddable":true,"href":"https:\/\/lasprimeras.com.do\/index.php\/wp-json\/wp\/v2\/categories?post=105735"},{"taxonomy":"post_tag","embeddable":true,"href":"https:\/\/lasprimeras.com.do\/index.php\/wp-json\/wp\/v2\/tags?post=105735"}],"curies":[{"name":"wp","href":"https:\/\/api.w.org\/{rel}","templated":true}]}}