{"id":105739,"date":"2025-08-06T12:28:03","date_gmt":"2025-08-06T16:28:03","guid":{"rendered":"https:\/\/lasprimeras.com.do\/?p=105739"},"modified":"2025-08-06T12:28:05","modified_gmt":"2025-08-06T16:28:05","slug":"francisco-dominguez-brito-aprovechemos-el-nuevo-codigo-penal-y-lancemos-la-segunda-gran-ola-de-reforma-judicial","status":"publish","type":"post","link":"https:\/\/lasprimeras.com.do\/index.php\/2025\/08\/06\/francisco-dominguez-brito-aprovechemos-el-nuevo-codigo-penal-y-lancemos-la-segunda-gran-ola-de-reforma-judicial\/","title":{"rendered":"Francisco Dom\u00ednguez Brito: \u201cAprovechemos el nuevo C\u00f3digo Penal y lancemos la segunda gran ola de reforma judicial\u201d"},"content":{"rendered":"\n<p>El ex Procurador General de la Rep\u00fablica y miembro del Comit\u00e9 Pol\u00edtico del Partido de la Liberaci\u00f3n Dominicana, Francisco Dom\u00ednguez Brito, consider\u00f3 que la aprobaci\u00f3n del nuevo C\u00f3digo Penal debe convertirse en el punto de partida para una segunda gran ola de reforma judicial en el pa\u00eds, orientada a ofrecer a la ciudadan\u00eda una justicia m\u00e1s r\u00e1pida, eficiente y menos costosa.<\/p>\n\n\n\n<p>\u201cHoy la justicia es lenta, cara y excesivamente burocr\u00e1tica. La gente no se siente satisfecha porque los procesos se dilatan, se multiplican los tr\u00e1mites y muchas veces el fondo del caso se pierde en medio de formalismos\u201d, afirm\u00f3 Dom\u00ednguez Brito.<\/p>\n\n\n\n<p>El dirigente peledeista, propuso eliminar trabas y estructuras innecesarias, fortalecer el uso de mecanismos alternativos como los actos notariales, y desjudicializar procesos que no requieren la intervenci\u00f3n de un tribunal, como el divorcio.<\/p>\n\n\n\n<p>Asimismo, plante\u00f3 dar m\u00e1s poder al juez para concentrarse en el fondo y no en la forma, eliminar el rol del juez de la instrucci\u00f3n en la audiencia preliminar y env\u00edo a juicio, y facilitar la conversi\u00f3n de procesos para que, en casos que afectan gravemente el patrimonio de particulares, se pueda llegar a juicio sin depender de la opini\u00f3n del Ministerio P\u00fablico. Todo esto es enunciativo, la idea es iniciar el debate y buscar soluciones.<\/p>\n\n\n\n<p>\u201cEl pa\u00eds necesita sentar en una misma mesa a jueces, fiscales, abogados, notarios y representantes de la sociedad civil para construir juntos soluciones que piensen primero en la gente. El nuevo C\u00f3digo Penal abre la puerta; ahora debemos aprovecharla para que la justicia deje de ser un lujo y se convierta en un derecho efectivo y accesible\u201d, concluy\u00f3 Francisco Dominguez Brito.<\/p>\n","protected":false},"excerpt":{"rendered":"<p>El ex Procurador General de la Rep\u00fablica y miembro del Comit\u00e9 Pol\u00edtico del Partido de la Liberaci\u00f3n Dominicana, Francisco Dom\u00ednguez Brito, consider\u00f3 que la aprobaci\u00f3n del nuevo C\u00f3digo Penal debe&hellip;<\/p>\n","protected":false},"author":10,"featured_media":61513,"comment_status":"open","ping_status":"open","sticky":false,"template":"","format":"standard","meta":{"content-type":"","jetpack_post_was_ever_published":false,"_jetpack_newsletter_access":"","_jetpack_dont_email_post_to_subs":false,"_jetpack_newsletter_tier_id":0,"_jetpack_memberships_contains_paywalled_content":false,"_jetpack_memberships_contains_paid_content":false,"footnotes":""},"categories":[16559,25],"tags":[22834,13808,22832,22833,22835],"class_list":["post-105739","post","type-post","status-publish","format-standard","has-post-thumbnail","hentry","category-politica","category-portada","tag-aprovechemos","tag-codigo-penal","tag-francisco-dominguez-brito-3","tag-lancemos","tag-reforma-judicial"],"jetpack_featured_media_url":"https:\/\/lasprimeras.com.do\/wp-content\/uploads\/2023\/09\/Francisco-Dominguez-Brito.png","jetpack-related-posts":[{"id":116858,"url":"https:\/\/lasprimeras.com.do\/index.php\/2025\/12\/04\/dirigentes-del-pld-abogan-por-reformas-que-no-debiliten-derechos\/","url_meta":{"origin":105739,"position":0},"title":"Dirigentes del PLD abogan por reformas que no debiliten derechos","author":"Nelson Feliz","date":"4 de diciembre de 2025","format":false,"excerpt":"Reformas al CPP aprobadas por la C\u00e1mara de Diputados no solucionan las dificultades procesales reales opinan Francisco Dom\u00ednguez Brito y Jos\u00e9 Dant\u00e9s D\u00edaz. Los dirigentes del Partido de la Liberaci\u00f3n Dominicana (PLD), Jos\u00e9 Dant\u00e9s D\u00edaz y Francisco Dom\u00ednguez Brito cuestionaron la reforma al C\u00f3digo Procesal Penal (CPP) aprobada por la\u2026","rel":"","context":"En \u00abPOLITICA\u00bb","block_context":{"text":"POLITICA","link":"https:\/\/lasprimeras.com.do\/index.php\/category\/politica\/"},"img":{"alt_text":"","src":"https:\/\/i0.wp.com\/lasprimeras.com.do\/wp-content\/uploads\/2025\/12\/Dantes-Brito.jpg?resize=350%2C200&ssl=1","width":350,"height":200,"srcset":"https:\/\/i0.wp.com\/lasprimeras.com.do\/wp-content\/uploads\/2025\/12\/Dantes-Brito.jpg?resize=350%2C200&ssl=1 1x, https:\/\/i0.wp.com\/lasprimeras.com.do\/wp-content\/uploads\/2025\/12\/Dantes-Brito.jpg?resize=525%2C300&ssl=1 1.5x, https:\/\/i0.wp.com\/lasprimeras.com.do\/wp-content\/uploads\/2025\/12\/Dantes-Brito.jpg?resize=700%2C400&ssl=1 2x"},"classes":[]},{"id":100880,"url":"https:\/\/lasprimeras.com.do\/index.php\/2025\/06\/13\/dominguez-brito-exhorta-al-gobierno-a-proteger-al-pueblo-de-irregularidades-ambientales-y-judiciales\/","url_meta":{"origin":105739,"position":1},"title":"Dom\u00ednguez Brito exhorta al gobierno a proteger al pueblo de irregularidades ambientales y judiciales","author":"Nelson Feliz","date":"13 de junio de 2025","format":false,"excerpt":"\u201cEste es el gobierno m\u00e1s inepto e ineficaz en la historia del manejo de los recursos nacionales\u201d, afirm\u00f3 Francisco Dom\u00ednguez Brito. El miembro del Comit\u00e9 Pol\u00edtico del Partido de la Liberaci\u00f3n Dominicana (PLD) y exprocurador General de la Rep\u00fablica, Francisco Dom\u00ednguez Brito, denunci\u00f3 serias irregularidades en el manejo de temas\u2026","rel":"","context":"En \u00abPOLITICA\u00bb","block_context":{"text":"POLITICA","link":"https:\/\/lasprimeras.com.do\/index.php\/category\/politica\/"},"img":{"alt_text":"Francisco Dom\u00ednguez Brito","src":"https:\/\/i0.wp.com\/lasprimeras.com.do\/wp-content\/uploads\/2025\/06\/Francisco-Dominguez-Brito.jpg?resize=350%2C200&ssl=1","width":350,"height":200,"srcset":"https:\/\/i0.wp.com\/lasprimeras.com.do\/wp-content\/uploads\/2025\/06\/Francisco-Dominguez-Brito.jpg?resize=350%2C200&ssl=1 1x, https:\/\/i0.wp.com\/lasprimeras.com.do\/wp-content\/uploads\/2025\/06\/Francisco-Dominguez-Brito.jpg?resize=525%2C300&ssl=1 1.5x, https:\/\/i0.wp.com\/lasprimeras.com.do\/wp-content\/uploads\/2025\/06\/Francisco-Dominguez-Brito.jpg?resize=700%2C400&ssl=1 2x"},"classes":[]},{"id":125792,"url":"https:\/\/lasprimeras.com.do\/index.php\/2026\/03\/26\/dominguez-brito-advierte-que-un-marco-normativo-excesivamente-burocratico-afecta-el-teletrabajo\/","url_meta":{"origin":105739,"position":2},"title":"Dom\u00ednguez Brito advierte que un marco normativo excesivamente burocr\u00e1tico, afecta el teletrabajo","author":"Nelson Feliz","date":"26 de marzo de 2026","format":false,"excerpt":"El miembro del Comit\u00e9 Pol\u00edtico del Partido de la Liberaci\u00f3n Dominicana (PLD), Francisco Dom\u00ednguez Brito, consider\u00f3 que el teletrabajo representa una oportunidad clave para modernizar la econom\u00eda dominicana. Dom\u00ednguez Brito, advirti\u00f3 que su desarrollo est\u00e1 limitado por un marco normativo excesivamente burocr\u00e1tico. Al referirse al tema tras el reciente planteamiento\u2026","rel":"","context":"En \u00abPOLITICA\u00bb","block_context":{"text":"POLITICA","link":"https:\/\/lasprimeras.com.do\/index.php\/category\/politica\/"},"img":{"alt_text":"Francisco Dom\u00ednguez Brito","src":"https:\/\/i0.wp.com\/lasprimeras.com.do\/wp-content\/uploads\/2025\/06\/Francisco-Dominguez-Brito.jpg?resize=350%2C200&ssl=1","width":350,"height":200,"srcset":"https:\/\/i0.wp.com\/lasprimeras.com.do\/wp-content\/uploads\/2025\/06\/Francisco-Dominguez-Brito.jpg?resize=350%2C200&ssl=1 1x, https:\/\/i0.wp.com\/lasprimeras.com.do\/wp-content\/uploads\/2025\/06\/Francisco-Dominguez-Brito.jpg?resize=525%2C300&ssl=1 1.5x, https:\/\/i0.wp.com\/lasprimeras.com.do\/wp-content\/uploads\/2025\/06\/Francisco-Dominguez-Brito.jpg?resize=700%2C400&ssl=1 2x"},"classes":[]},{"id":87227,"url":"https:\/\/lasprimeras.com.do\/index.php\/2024\/08\/08\/francisco-dominguez-brito-eliminar-el-ministerio-publico-es-una-contrarreforma\/","url_meta":{"origin":105739,"position":3},"title":"Francisco Dom\u00ednguez Brito: \u201cEliminar el Ministerio P\u00fablico es una contrarreforma\u201d","author":"Nelson Feliz","date":"8 de agosto de 2024","format":false,"excerpt":"El ex Procurador General de la Rep\u00fablica y miembro del Comit\u00e9 Pol\u00edtico del Partido de la Liberaci\u00f3n Dominicana (PLD), Francisco Dom\u00ednguez Brito, es de opini\u00f3n que eliminar el Consejo Nacional del Ministerio P\u00fablico es una contrarreforma y un intento de eliminar el r\u00e9gimen de carrera e independencia de los fiscales.\u2026","rel":"","context":"En \u00abPORTADA\u00bb","block_context":{"text":"PORTADA","link":"https:\/\/lasprimeras.com.do\/index.php\/category\/portada\/"},"img":{"alt_text":"Francisco Dom\u00ednguez Brito","src":"https:\/\/i0.wp.com\/lasprimeras.com.do\/wp-content\/uploads\/2024\/08\/Francisco-Dominguez-Brito.jpg?resize=350%2C200&ssl=1","width":350,"height":200,"srcset":"https:\/\/i0.wp.com\/lasprimeras.com.do\/wp-content\/uploads\/2024\/08\/Francisco-Dominguez-Brito.jpg?resize=350%2C200&ssl=1 1x, https:\/\/i0.wp.com\/lasprimeras.com.do\/wp-content\/uploads\/2024\/08\/Francisco-Dominguez-Brito.jpg?resize=525%2C300&ssl=1 1.5x, https:\/\/i0.wp.com\/lasprimeras.com.do\/wp-content\/uploads\/2024\/08\/Francisco-Dominguez-Brito.jpg?resize=700%2C400&ssl=1 2x"},"classes":[]},{"id":109980,"url":"https:\/\/lasprimeras.com.do\/index.php\/2025\/09\/24\/francisco-dominguez-brito-advierte-sobre-deterioro-institucional-por-intercambios-de-disparos-y-ejecuciones-extrajudiciales\/","url_meta":{"origin":105739,"position":4},"title":"Francisco Dom\u00ednguez Brito advierte sobre deterioro institucional por intercambios de disparos y ejecuciones extrajudiciales","author":"Nelson Feliz","date":"24 de septiembre de 2025","format":false,"excerpt":"El miembro del Comit\u00e9 Politico del Partido de la Liberaci\u00f3n Dominicana (PLD) Francisco Dom\u00ednguez Brito, expres\u00f3 su profunda preocupaci\u00f3n ante la creciente ocurrencia de intercambios de disparos y ejecuciones extrajudiciales en el pa\u00eds, advirtiendo que estas pr\u00e1cticas representan una amenaza directa al Estado de derecho y a la pol\u00edtica criminal\u2026","rel":"","context":"En \u00abPOLITICA\u00bb","block_context":{"text":"POLITICA","link":"https:\/\/lasprimeras.com.do\/index.php\/category\/politica\/"},"img":{"alt_text":"Francisco Dom\u00ednguez Brito","src":"https:\/\/i0.wp.com\/lasprimeras.com.do\/wp-content\/uploads\/2025\/09\/Francisco-Dominguez-Brito.jpg?resize=350%2C200&ssl=1","width":350,"height":200,"srcset":"https:\/\/i0.wp.com\/lasprimeras.com.do\/wp-content\/uploads\/2025\/09\/Francisco-Dominguez-Brito.jpg?resize=350%2C200&ssl=1 1x, https:\/\/i0.wp.com\/lasprimeras.com.do\/wp-content\/uploads\/2025\/09\/Francisco-Dominguez-Brito.jpg?resize=525%2C300&ssl=1 1.5x, https:\/\/i0.wp.com\/lasprimeras.com.do\/wp-content\/uploads\/2025\/09\/Francisco-Dominguez-Brito.jpg?resize=700%2C400&ssl=1 2x"},"classes":[]},{"id":123006,"url":"https:\/\/lasprimeras.com.do\/index.php\/2026\/02\/24\/francisco-dominguez-brito-responde-a-celso-marranzini-denuncia-colapso-del-sistema-electrico\/","url_meta":{"origin":105739,"position":5},"title":"Francisco Dom\u00ednguez Brito responde a Celso Marranzini: Denuncia colapso del sistema el\u00e9ctrico","author":"Nelson Feliz","date":"24 de febrero de 2026","format":false,"excerpt":"El miembro del Comit\u00e9 Politico del Partido de la Liberaci\u00f3n Dominicana (PLD), Francisco Dom\u00ednguez Brito, dijo acepta el reto planteado por el presidente del Consejo Unificado de las Empresas Distribuidoras de Electricidad, Celso Marranzini, asegurando que asumir\u00e1 el control del sistema el\u00e9ctrico nacional \u201ca partir del 2028, cuando el PLD\u2026","rel":"","context":"En \u00abPOLITICA\u00bb","block_context":{"text":"POLITICA","link":"https:\/\/lasprimeras.com.do\/index.php\/category\/politica\/"},"img":{"alt_text":"Francisco Dom\u00ednguez Brito","src":"https:\/\/i0.wp.com\/lasprimeras.com.do\/wp-content\/uploads\/2026\/02\/Francisco-Dominguez-Brito-2.jpg?resize=350%2C200&ssl=1","width":350,"height":200,"srcset":"https:\/\/i0.wp.com\/lasprimeras.com.do\/wp-content\/uploads\/2026\/02\/Francisco-Dominguez-Brito-2.jpg?resize=350%2C200&ssl=1 1x, https:\/\/i0.wp.com\/lasprimeras.com.do\/wp-content\/uploads\/2026\/02\/Francisco-Dominguez-Brito-2.jpg?resize=525%2C300&ssl=1 1.5x"},"classes":[]}],"jetpack_sharing_enabled":true,"_links":{"self":[{"href":"https:\/\/lasprimeras.com.do\/index.php\/wp-json\/wp\/v2\/posts\/105739","targetHints":{"allow":["GET"]}}],"collection":[{"href":"https:\/\/lasprimeras.com.do\/index.php\/wp-json\/wp\/v2\/posts"}],"about":[{"href":"https:\/\/lasprimeras.com.do\/index.php\/wp-json\/wp\/v2\/types\/post"}],"author":[{"embeddable":true,"href":"https:\/\/lasprimeras.com.do\/index.php\/wp-json\/wp\/v2\/users\/10"}],"replies":[{"embeddable":true,"href":"https:\/\/lasprimeras.com.do\/index.php\/wp-json\/wp\/v2\/comments?post=105739"}],"version-history":[{"count":1,"href":"https:\/\/lasprimeras.com.do\/index.php\/wp-json\/wp\/v2\/posts\/105739\/revisions"}],"predecessor-version":[{"id":105740,"href":"https:\/\/lasprimeras.com.do\/index.php\/wp-json\/wp\/v2\/posts\/105739\/revisions\/105740"}],"wp:featuredmedia":[{"embeddable":true,"href":"https:\/\/lasprimeras.com.do\/index.php\/wp-json\/wp\/v2\/media\/61513"}],"wp:attachment":[{"href":"https:\/\/lasprimeras.com.do\/index.php\/wp-json\/wp\/v2\/media?parent=105739"}],"wp:term":[{"taxonomy":"category","embeddable":true,"href":"https:\/\/lasprimeras.com.do\/index.php\/wp-json\/wp\/v2\/categories?post=105739"},{"taxonomy":"post_tag","embeddable":true,"href":"https:\/\/lasprimeras.com.do\/index.php\/wp-json\/wp\/v2\/tags?post=105739"}],"curies":[{"name":"wp","href":"https:\/\/api.w.org\/{rel}","templated":true}]}}