{"id":105744,"date":"2025-08-06T15:46:00","date_gmt":"2025-08-06T19:46:00","guid":{"rendered":"https:\/\/lasprimeras.com.do\/?p=105744"},"modified":"2025-08-06T12:53:17","modified_gmt":"2025-08-06T16:53:17","slug":"melanio-paredes-dice-jornada-escolar-extendida-se-ha-reducido","status":"publish","type":"post","link":"https:\/\/lasprimeras.com.do\/index.php\/2025\/08\/06\/melanio-paredes-dice-jornada-escolar-extendida-se-ha-reducido\/","title":{"rendered":"Melanio Paredes dice jornada escolar extendida se ha reducido"},"content":{"rendered":"\n<p><strong>El ex ministro Melanio Paredes advierte que las cifras dadas por el presidente Abinader sobre la educaci\u00f3n se contradicen.<\/strong><\/p>\n\n\n\n<p>El miembro del Comit\u00e9 Pol\u00edtico del Partido de la Liberaci\u00f3n Dominicana (PLD), Melanio Paredes, respondiendo al presidente Luis Abinader, ratific\u00f3 lo expresado por su Partido en Rueda de Prensa, de que el sistema educativo dominicano ha colapsado en la presente gesti\u00f3n de gobierno.<\/p>\n\n\n\n<p>Paredes respondi\u00f3 a sus entrevistadores del programa Despierta con CDN, presentando gr\u00e1ficos y estad\u00edsticas que contradicen lo expresado por el jefe de Estado.<\/p>\n\n\n\n<p>\u201cPresidente, creemos que usted tiene que cuestionar a sus asesores para que no lo desinformen. No es Danilo (Medina) quien est\u00e1 desinformado, respetuosamente, es usted\u201d dijo Melanio Paredes, procediendo a detallar las estad\u00edsticas de los gr\u00e1ficos de la construcci\u00f3n de aulas que llev\u00f3 a la entrevista.<\/p>\n\n\n\n<p>Afirm\u00f3 que en la gesti\u00f3n del presidente Danilo Medina quedaron programadas 1,922 escuelas, lo que representar\u00eda aproximadamente 10,800 aulas, considerando un promedio de 15 aulas por escuela.<\/p>\n\n\n\n<p>De ellas solo 532 aulas est\u00e1n en construcci\u00f3n y 245 escuelas est\u00e1n detenidas por diversas razones, principalmente por problemas con sus contratistas.<\/p>\n\n\n\n<p>El tambi\u00e9n exministro de educaci\u00f3n cuestion\u00f3 las cifras presentadas por el Gobierno actual, se\u00f1alando que mencion\u00f3 1,650 aulas construidas en cuatro a\u00f1os, mientras el portal de Educaci\u00f3n reporta 2,900 aulas en cinco a\u00f1os, cifras que contradicen las 800 escuelas mencionadas por el presidente en su comparecencia ante los medios de comunicaci\u00f3n.<\/p>\n\n\n\n<p>Melanio Paredes critic\u00f3 en su intervenci\u00f3n la reducci\u00f3n de la jornada escolar extendida, recordando que el programa de Gobierno del PRM prometi\u00f3 universalizarla.<\/p>\n\n\n\n<p>\u201cLa administraci\u00f3n anterior alcanz\u00f3 1.2 millones de estudiantes en jornada extendida, mientras que el Gobierno actual solo ha presentado 146,000\u201d, explic\u00f3.<\/p>\n\n\n\n<p>Con relaci\u00f3n a la educaci\u00f3n inicial, destac\u00f3 que hay un mill\u00f3n de ni\u00f1os entre 1 y 5 a\u00f1os que requieren atenci\u00f3n prioritaria. Cuestion\u00f3 el anuncio gubernamental de ofertar un 30% para inscribir alumnos de 3 a\u00f1os, argumentando que faltan aulas especializadas para este nivel.<\/p>\n\n\n\n<p>Paredes fue reiterativo explicando que la falta de aulas est\u00e1 llevando a las autoridades a volver al sistema de dos tandas en muchos recintos escolares, debido a la falta de visi\u00f3n, gerencia y adecuada planificaci\u00f3n.<\/p>\n","protected":false},"excerpt":{"rendered":"<p>El ex ministro Melanio Paredes advierte que las cifras dadas por el presidente Abinader sobre la educaci\u00f3n se contradicen. El miembro del Comit\u00e9 Pol\u00edtico del Partido de la Liberaci\u00f3n Dominicana&hellip;<\/p>\n","protected":false},"author":10,"featured_media":104660,"comment_status":"open","ping_status":"open","sticky":false,"template":"","format":"standard","meta":{"content-type":"","jetpack_post_was_ever_published":false,"_jetpack_newsletter_access":"","_jetpack_dont_email_post_to_subs":false,"_jetpack_newsletter_tier_id":0,"_jetpack_memberships_contains_paywalled_content":false,"_jetpack_memberships_contains_paid_content":false,"footnotes":""},"categories":[16559,25],"tags":[22837,446,269,22838],"class_list":["post-105744","post","type-post","status-publish","format-standard","has-post-thumbnail","hentry","category-politica","category-portada","tag-jornada-escolar-extendida","tag-melanio-paredes","tag-pld","tag-reducido"],"jetpack_featured_media_url":"https:\/\/lasprimeras.com.do\/wp-content\/uploads\/2025\/07\/Melanio-Paredes.jpg","jetpack-related-posts":[{"id":123410,"url":"https:\/\/lasprimeras.com.do\/index.php\/2026\/02\/28\/melanio-paredes-no-es-cierto-el-aumento-de-la-cobertura-escolar\/","url_meta":{"origin":105744,"position":0},"title":"Melanio Paredes: No es cierto el aumento de la cobertura escolar","author":"Nelson Feliz","date":"28 de febrero de 2026","format":false,"excerpt":"Un discurso distante de la realidad que vivi\u00f3 el pueblo dominicano durante el a\u00f1o 2025, argumenta Melanio Paredes. El miembro del Comit\u00e9 Pol\u00edtico del Partido de la Liberaci\u00f3n Dominicana (PLD) Melanio Paredes, afirm\u00f3 que el discurso de rendici\u00f3n de cuentas del presidente Luis Abinader dista mucho de la realidad que\u2026","rel":"","context":"En \u00abPOLITICA\u00bb","block_context":{"text":"POLITICA","link":"https:\/\/lasprimeras.com.do\/index.php\/category\/politica\/"},"img":{"alt_text":"","src":"https:\/\/i0.wp.com\/lasprimeras.com.do\/wp-content\/uploads\/2024\/06\/Melanio-Paredes-14.jpeg?resize=350%2C200&ssl=1","width":350,"height":200,"srcset":"https:\/\/i0.wp.com\/lasprimeras.com.do\/wp-content\/uploads\/2024\/06\/Melanio-Paredes-14.jpeg?resize=350%2C200&ssl=1 1x, https:\/\/i0.wp.com\/lasprimeras.com.do\/wp-content\/uploads\/2024\/06\/Melanio-Paredes-14.jpeg?resize=525%2C300&ssl=1 1.5x"},"classes":[]},{"id":101796,"url":"https:\/\/lasprimeras.com.do\/index.php\/2025\/06\/26\/melanio-paredes-alerta-sobre-movimientos-reeleccionistas-en-el-prm\/","url_meta":{"origin":105744,"position":1},"title":"Melanio Paredes alerta sobre movimientos reeleccionistas en el PRM","author":"Nelson Feliz","date":"26 de junio de 2025","format":false,"excerpt":"\u201cNo es posible que el Tribunal Constitucional declare inconstitucional la propia Constituci\u00f3n\u201d, advirti\u00f3 el dirigente pelede\u00edsta. El miembro del Comit\u00e9 Pol\u00edtico del Partido de la Liberaci\u00f3n Dominicana (PLD), Melanio Paredes, expres\u00f3 inquietud sobre recientes movimientos que sugieren una agenda reeleccionista dentro del Partido Revolucionario Moderno (PRM), se\u00f1alando directamente acciones promovidas\u2026","rel":"","context":"En \u00abPOLITICA\u00bb","block_context":{"text":"POLITICA","link":"https:\/\/lasprimeras.com.do\/index.php\/category\/politica\/"},"img":{"alt_text":"Melanio Paredes","src":"https:\/\/i0.wp.com\/lasprimeras.com.do\/wp-content\/uploads\/2025\/06\/Melanio-Paredes.jpg?resize=350%2C200&ssl=1","width":350,"height":200,"srcset":"https:\/\/i0.wp.com\/lasprimeras.com.do\/wp-content\/uploads\/2025\/06\/Melanio-Paredes.jpg?resize=350%2C200&ssl=1 1x, https:\/\/i0.wp.com\/lasprimeras.com.do\/wp-content\/uploads\/2025\/06\/Melanio-Paredes.jpg?resize=525%2C300&ssl=1 1.5x, https:\/\/i0.wp.com\/lasprimeras.com.do\/wp-content\/uploads\/2025\/06\/Melanio-Paredes.jpg?resize=700%2C400&ssl=1 2x"},"classes":[]},{"id":108184,"url":"https:\/\/lasprimeras.com.do\/index.php\/2025\/09\/03\/melanio-paredes-309612-jovenes-y-adolescentes-que-ni-estudian-ni-trabajan\/","url_meta":{"origin":105744,"position":2},"title":"Melanio Paredes: 309,612 j\u00f3venes y adolescentes que ni estudian ni trabajan","author":"Nelson Feliz","date":"3 de septiembre de 2025","format":false,"excerpt":"El 10.4% por ciento de los centros escolares no pudieron iniciar las clases por la falta de aulas, denuncia el ex ministro Melanio Paredes. El ex ministro de Educaci\u00f3n y miembro del Comit\u00e9 Pol\u00edtico del Partido de la Liberaci\u00f3n Dominicana (PLD) Melanio Paredes, consider\u00f3 como una barbaridad que este gobierno\u2026","rel":"","context":"En \u00abPOLITICA\u00bb","block_context":{"text":"POLITICA","link":"https:\/\/lasprimeras.com.do\/index.php\/category\/politica\/"},"img":{"alt_text":"","src":"https:\/\/i0.wp.com\/lasprimeras.com.do\/wp-content\/uploads\/2025\/07\/Melanio-Paredes.jpg?resize=350%2C200&ssl=1","width":350,"height":200,"srcset":"https:\/\/i0.wp.com\/lasprimeras.com.do\/wp-content\/uploads\/2025\/07\/Melanio-Paredes.jpg?resize=350%2C200&ssl=1 1x, https:\/\/i0.wp.com\/lasprimeras.com.do\/wp-content\/uploads\/2025\/07\/Melanio-Paredes.jpg?resize=525%2C300&ssl=1 1.5x, https:\/\/i0.wp.com\/lasprimeras.com.do\/wp-content\/uploads\/2025\/07\/Melanio-Paredes.jpg?resize=700%2C400&ssl=1 2x"},"classes":[]},{"id":84677,"url":"https:\/\/lasprimeras.com.do\/index.php\/2024\/06\/13\/melanio-paredes-gobierno-procura-reducir-el-50-mas-uno-para-ganar-las-elecciones\/","url_meta":{"origin":105744,"position":3},"title":"Melanio Paredes: Gobierno procura reducir el 50 % m\u00e1s uno para ganar las elecciones","author":"Nelson Feliz","date":"13 de junio de 2024","format":false,"excerpt":"Melanio Paredes\u00a0explica porque la insistencia del presidente Abinader en presentar proyecto de modificaci\u00f3n de la Constituci\u00f3n. El miembro del Comit\u00e9 Pol\u00edtico del Partido de la Liberaci\u00f3n Dominicana (PLD), Melanio Paredes, advirti\u00f3 que el presidente Luis Abinader al insistir y priorizar que se desarrolle una Reforma a la Constituci\u00f3n, lo que\u2026","rel":"","context":"En \u00abPORTADA\u00bb","block_context":{"text":"PORTADA","link":"https:\/\/lasprimeras.com.do\/index.php\/category\/portada\/"},"img":{"alt_text":"","src":"https:\/\/i0.wp.com\/lasprimeras.com.do\/wp-content\/uploads\/2024\/06\/Melanio-Paredes-14.jpeg?resize=350%2C200&ssl=1","width":350,"height":200,"srcset":"https:\/\/i0.wp.com\/lasprimeras.com.do\/wp-content\/uploads\/2024\/06\/Melanio-Paredes-14.jpeg?resize=350%2C200&ssl=1 1x, https:\/\/i0.wp.com\/lasprimeras.com.do\/wp-content\/uploads\/2024\/06\/Melanio-Paredes-14.jpeg?resize=525%2C300&ssl=1 1.5x"},"classes":[]},{"id":48789,"url":"https:\/\/lasprimeras.com.do\/index.php\/2023\/05\/03\/melanio-paredes-cambio-de-uniformes-escolares-es-un-invento\/","url_meta":{"origin":105744,"position":4},"title":"Melanio Paredes: Cambio de uniformes escolares es un invento","author":"prenxa100","date":"3 de mayo de 2023","format":false,"excerpt":"Acusa al Gobierno de imponer propaganda del PRM en las escasas obras que ha inaugurado. Santo Domingo.-. El miembro del Comit\u00e9 Pol\u00edtico del Partido de la Liberaci\u00f3n Dominicana, Melanio Paredes, acus\u00f3 al gobierno del presidente Luis Abinader de querer imponer propaganda pol\u00edtica en las obras que realiza el oficialista. Paredes\u2026","rel":"","context":"En \u00abSin categor\u00eda\u00bb","block_context":{"text":"Sin categor\u00eda","link":"https:\/\/lasprimeras.com.do\/index.php\/category\/sin-categoria\/"},"img":{"alt_text":"","src":"","width":0,"height":0},"classes":[]},{"id":84377,"url":"https:\/\/lasprimeras.com.do\/index.php\/2024\/06\/07\/melanio-sostiene-pueden-manejar-con-inteligencia-situacion-pld\/","url_meta":{"origin":105744,"position":5},"title":"Melanio sostiene pueden manejar con inteligencia situaci\u00f3n PLD","author":"Nelson Feliz","date":"7 de junio de 2024","format":false,"excerpt":"El miembro del Comit\u00e9 Pol\u00edtico del Partido de la Liberaci\u00f3n Dominicana, Melanio Paredes, expres\u00f3 que no ha firmado carta ni documento para que el ex presidente de la Rep\u00fablica Danilo Medina renuncie a la presidencia del PLD. El ex ministro de Educaci\u00f3n, respalda que Danilo Medina siga como presidente del\u2026","rel":"","context":"En \u00abPORTADA\u00bb","block_context":{"text":"PORTADA","link":"https:\/\/lasprimeras.com.do\/index.php\/category\/portada\/"},"img":{"alt_text":"Melanio Paredes","src":"https:\/\/i0.wp.com\/lasprimeras.com.do\/wp-content\/uploads\/2023\/12\/Melanio-Paredes.jpeg?resize=350%2C200&ssl=1","width":350,"height":200,"srcset":"https:\/\/i0.wp.com\/lasprimeras.com.do\/wp-content\/uploads\/2023\/12\/Melanio-Paredes.jpeg?resize=350%2C200&ssl=1 1x, https:\/\/i0.wp.com\/lasprimeras.com.do\/wp-content\/uploads\/2023\/12\/Melanio-Paredes.jpeg?resize=525%2C300&ssl=1 1.5x"},"classes":[]}],"jetpack_sharing_enabled":true,"_links":{"self":[{"href":"https:\/\/lasprimeras.com.do\/index.php\/wp-json\/wp\/v2\/posts\/105744","targetHints":{"allow":["GET"]}}],"collection":[{"href":"https:\/\/lasprimeras.com.do\/index.php\/wp-json\/wp\/v2\/posts"}],"about":[{"href":"https:\/\/lasprimeras.com.do\/index.php\/wp-json\/wp\/v2\/types\/post"}],"author":[{"embeddable":true,"href":"https:\/\/lasprimeras.com.do\/index.php\/wp-json\/wp\/v2\/users\/10"}],"replies":[{"embeddable":true,"href":"https:\/\/lasprimeras.com.do\/index.php\/wp-json\/wp\/v2\/comments?post=105744"}],"version-history":[{"count":1,"href":"https:\/\/lasprimeras.com.do\/index.php\/wp-json\/wp\/v2\/posts\/105744\/revisions"}],"predecessor-version":[{"id":105745,"href":"https:\/\/lasprimeras.com.do\/index.php\/wp-json\/wp\/v2\/posts\/105744\/revisions\/105745"}],"wp:featuredmedia":[{"embeddable":true,"href":"https:\/\/lasprimeras.com.do\/index.php\/wp-json\/wp\/v2\/media\/104660"}],"wp:attachment":[{"href":"https:\/\/lasprimeras.com.do\/index.php\/wp-json\/wp\/v2\/media?parent=105744"}],"wp:term":[{"taxonomy":"category","embeddable":true,"href":"https:\/\/lasprimeras.com.do\/index.php\/wp-json\/wp\/v2\/categories?post=105744"},{"taxonomy":"post_tag","embeddable":true,"href":"https:\/\/lasprimeras.com.do\/index.php\/wp-json\/wp\/v2\/tags?post=105744"}],"curies":[{"name":"wp","href":"https:\/\/api.w.org\/{rel}","templated":true}]}}