{"id":105755,"date":"2025-08-06T13:22:10","date_gmt":"2025-08-06T17:22:10","guid":{"rendered":"https:\/\/lasprimeras.com.do\/?p=105755"},"modified":"2025-08-06T13:22:13","modified_gmt":"2025-08-06T17:22:13","slug":"directora-del-index-realiza-encuentra-con-decenas-de-representantes-de-asociaciones-dominicanas-en-italia","status":"publish","type":"post","link":"https:\/\/lasprimeras.com.do\/index.php\/2025\/08\/06\/directora-del-index-realiza-encuentra-con-decenas-de-representantes-de-asociaciones-dominicanas-en-italia\/","title":{"rendered":"Directora del INDEX realiza encuentra con decenas de representantes de asociaciones dominicanas en Italia"},"content":{"rendered":"\n<p><strong>Responsable del INDEX-Italia, C\u00e9sar Garden Regalado dice evento sirvi\u00f3 como un espacio para reafirmar el compromiso del Gobierno dominicano con la di\u00e1spora.\u00a0<\/strong><\/p>\n\n\n\n<p><strong>Arezzo,Italia .-\u00a0<\/strong>La viceministra de Relaciones Exteriores de la Rep\u00fablica Dominicana y directora ejecutivo del Instituto de Dominicanos y Dominicanas en el Exterior (INDEX), Celin\u00e9s Toribio, encabez\u00f3 un encuentro con representantes de 70 organizaciones comunitarias, culturales, religiosas, educativas y deportivas que hacen vida en Arezzo, Italia.<\/p>\n\n\n\n<p>El encuentro, organizado por el responsable del INDEX-Italia, C\u00e9sar Garden Regalado, manifest\u00f3 que el evento sirvi\u00f3 como un espacio para reafirmar el compromiso del Gobierno dominicano con su di\u00e1spora, as\u00ed como para promover iniciativas que fortalezcan la identidad, participaci\u00f3n y bienestar de los criollos.<\/p>\n\n\n\n<p>Regalado apunt\u00f3 que&nbsp;result\u00f3 muy positiva la visita de la viceministra, Toribio, la cual dio mucha prioridad a las solicitudes de las asociaciones dominicanas en Italia, abriendo las puertas del INDEX.<\/p>\n\n\n\n<p>En el evento participaron m\u00e1s de 70 asociaciones, donde dialogaron con la viceministro Celine Toribio, adem\u00e1s de &nbsp;intercambiar&nbsp; opiniones y sellar acuerdos, as\u00ed como apoyo de colaboraci\u00f3n con el INDEX. &nbsp;<\/p>\n\n\n\n<p>Giovanni Hern\u00e1ndez, &nbsp;director Financiero INDEX- Italia, ponder\u00f3 los esfuerzos que se realizan para atender &nbsp;las necesidades de la di\u00e1spora, al tiempo de agradecer a los equipos de trabajos de reconocidos l\u00edderes como&nbsp; Rocio Cordero, Tania Pimentel, entre otros.<\/p>\n\n\n\n<p>Despu\u00e9s del encuentro, &nbsp;la viceministra &nbsp;Celine Toribio comparti\u00f3 en una cena organizada por todas las asociaciones dominicanas presentes en el territorio italiano.<\/p>\n","protected":false},"excerpt":{"rendered":"<p>Responsable del INDEX-Italia, C\u00e9sar Garden Regalado dice evento sirvi\u00f3 como un espacio para reafirmar el compromiso del Gobierno dominicano con la di\u00e1spora.\u00a0 Arezzo,Italia .-\u00a0La viceministra de Relaciones Exteriores de la&hellip;<\/p>\n","protected":false},"author":10,"featured_media":105756,"comment_status":"open","ping_status":"open","sticky":false,"template":"","format":"standard","meta":{"content-type":"","jetpack_post_was_ever_published":false,"_jetpack_newsletter_access":"","_jetpack_dont_email_post_to_subs":false,"_jetpack_newsletter_tier_id":0,"_jetpack_memberships_contains_paywalled_content":false,"_jetpack_memberships_contains_paid_content":false,"footnotes":""},"categories":[35,25],"tags":[13787,22845,6720,22846,1590,1870,2271],"class_list":["post-105755","post","type-post","status-publish","format-standard","has-post-thumbnail","hentry","category-nacionales","category-portada","tag-asociaciones","tag-celine-toribio","tag-decenas","tag-directora-del-index","tag-dominicanas","tag-italia","tag-representantes"],"jetpack_featured_media_url":"https:\/\/lasprimeras.com.do\/wp-content\/uploads\/2025\/08\/WhatsApp-Image-2025-08-06-at-9.55.01-AM-1.jpeg","jetpack-related-posts":[{"id":95862,"url":"https:\/\/lasprimeras.com.do\/index.php\/2025\/03\/21\/nueva-directora-index-sostiene-masivo-encuentro-con-organizaciones-comunitarias-nyc\/","url_meta":{"origin":105755,"position":0},"title":"Nueva directora INDEX sostiene masivo encuentro con organizaciones comunitarias NYC","author":"Nelson Feliz","date":"21 de marzo de 2025","format":false,"excerpt":"https:\/\/www.youtube.com\/watch?v=AkRKT2jXdeA Por Ram\u00f3n Mercedes NUEVA YORK.- La nueva directora del Instituto del Dominicanos(as) en el Exterior (INDEX), Celin\u00e9s Toribio, sostuvo un encuentro en el Alto Manhattan con decenas de organizaciones comunitarias establecidas en los diferentes condados de esta ciudad, para dar a conocer la agenda de la instituci\u00f3n y escuchar\u2026","rel":"","context":"En \u00abINTERNACIONALES\u00bb","block_context":{"text":"INTERNACIONALES","link":"https:\/\/lasprimeras.com.do\/index.php\/category\/sin-categoria\/internacionales\/"},"img":{"alt_text":"Celin\u00e9s Toribio","src":"https:\/\/i0.wp.com\/lasprimeras.com.do\/wp-content\/uploads\/2025\/03\/WhatsApp-Image-2025-03-21-at-5.30.09-AM.jpeg?resize=350%2C200&ssl=1","width":350,"height":200,"srcset":"https:\/\/i0.wp.com\/lasprimeras.com.do\/wp-content\/uploads\/2025\/03\/WhatsApp-Image-2025-03-21-at-5.30.09-AM.jpeg?resize=350%2C200&ssl=1 1x, https:\/\/i0.wp.com\/lasprimeras.com.do\/wp-content\/uploads\/2025\/03\/WhatsApp-Image-2025-03-21-at-5.30.09-AM.jpeg?resize=525%2C300&ssl=1 1.5x"},"classes":[]},{"id":101308,"url":"https:\/\/lasprimeras.com.do\/index.php\/2025\/06\/18\/index-se-compromete-con-los-dominicanos-en-valencia-a-impulsar-proyectos-educativos-y-culturales\/","url_meta":{"origin":105755,"position":1},"title":"INDEX se compromete con los dominicanos en Valencia a impulsar proyectos educativos y culturales","author":"Nelson Feliz","date":"18 de junio de 2025","format":false,"excerpt":"Por Emy Familia Valencia. - Espa\u00f1a. La viceministra de Relaciones Exteriores y directora del Instituto de Dominicanos y dominicanas en el Exterior (INDEX), Celin\u00e9s Toribio, se comprometi\u00f3 a impulsar diversos proyectos en beneficio de la comunidad dominicana en valencia. Entre las iniciativas destacadas se encuentran la apertura de un Centro\u2026","rel":"","context":"En \u00abINTERNACIONALES\u00bb","block_context":{"text":"INTERNACIONALES","link":"https:\/\/lasprimeras.com.do\/index.php\/category\/sin-categoria\/internacionales\/"},"img":{"alt_text":"","src":"https:\/\/i0.wp.com\/lasprimeras.com.do\/wp-content\/uploads\/2025\/06\/Celines-Toribio-1.jpg?resize=350%2C200&ssl=1","width":350,"height":200,"srcset":"https:\/\/i0.wp.com\/lasprimeras.com.do\/wp-content\/uploads\/2025\/06\/Celines-Toribio-1.jpg?resize=350%2C200&ssl=1 1x, https:\/\/i0.wp.com\/lasprimeras.com.do\/wp-content\/uploads\/2025\/06\/Celines-Toribio-1.jpg?resize=525%2C300&ssl=1 1.5x, https:\/\/i0.wp.com\/lasprimeras.com.do\/wp-content\/uploads\/2025\/06\/Celines-Toribio-1.jpg?resize=700%2C400&ssl=1 2x"},"classes":[]},{"id":121851,"url":"https:\/\/lasprimeras.com.do\/index.php\/2026\/02\/11\/celines-toribio-afirma-en-el-index-han-triplicado-trabajos-a-favor-dominicanos-exterior\/","url_meta":{"origin":105755,"position":2},"title":"Celin\u00e9s Toribio afirma en el INDEX han triplicado trabajos a favor dominicanos exterior","author":"Nelson Feliz","date":"11 de febrero de 2026","format":false,"excerpt":"Por Ram\u00f3n Mercedes NUEVA YORK.- La directora ejecutiva del Instituto de Dominicanos(as) en el Exterior (INDEX), embajadora Celin\u00e9s Toribio, afirma que los trabajos comunitarios a favor de los quisqueyanos residentes en el exterior se han triplicado en su primer a\u00f1o de gesti\u00f3n. \u201cA\u00fan queda mucho por hacer, esto es solo\u2026","rel":"","context":"En \u00abINTERNACIONALES\u00bb","block_context":{"text":"INTERNACIONALES","link":"https:\/\/lasprimeras.com.do\/index.php\/category\/sin-categoria\/internacionales\/"},"img":{"alt_text":"","src":"https:\/\/i0.wp.com\/lasprimeras.com.do\/wp-content\/uploads\/2026\/02\/Celines-Toribio-afirma-en-el-INDEX-han-triplicado-trabajos-a-favor-dominicanos-exterior.jpg?resize=350%2C200&ssl=1","width":350,"height":200,"srcset":"https:\/\/i0.wp.com\/lasprimeras.com.do\/wp-content\/uploads\/2026\/02\/Celines-Toribio-afirma-en-el-INDEX-han-triplicado-trabajos-a-favor-dominicanos-exterior.jpg?resize=350%2C200&ssl=1 1x, https:\/\/i0.wp.com\/lasprimeras.com.do\/wp-content\/uploads\/2026\/02\/Celines-Toribio-afirma-en-el-INDEX-han-triplicado-trabajos-a-favor-dominicanos-exterior.jpg?resize=525%2C300&ssl=1 1.5x"},"classes":[]},{"id":119528,"url":"https:\/\/lasprimeras.com.do\/index.php\/2026\/01\/14\/celines-toribio-con-alfabetizacion-digital-y-educacion-financiera-se-busca-uso-seguro-transparencia-y-eficiencia-con-envio-remesas-a-rd\/","url_meta":{"origin":105755,"position":3},"title":"Celin\u00e9s Toribio: Con alfabetizaci\u00f3n digital y educaci\u00f3n financiera se busca uso seguro, transparencia y eficiencia con env\u00edo remesas a RD","author":"Nelson Feliz","date":"14 de enero de 2026","format":false,"excerpt":"Por Ram\u00f3n Mercedes NUEVA YORK.- La viceministra de Relaciones Exteriores de la Rep\u00fablica Dominicana, embajadora y directora del Instituto del Dominicanos(as) en el Exterior (INDEX), Celines Toribio, declar\u00f3 en esta ciudad que la campa\u00f1a \u201calfabetizaci\u00f3n digital y educaci\u00f3n financiera\u201d para los dominicanos residentes en el exterior busca promover el uso\u2026","rel":"","context":"En \u00abINTERNACIONALES\u00bb","block_context":{"text":"INTERNACIONALES","link":"https:\/\/lasprimeras.com.do\/index.php\/category\/sin-categoria\/internacionales\/"},"img":{"alt_text":"","src":"https:\/\/i0.wp.com\/lasprimeras.com.do\/wp-content\/uploads\/2026\/01\/IMG-20260114-WA0082.jpg?resize=350%2C200&ssl=1","width":350,"height":200,"srcset":"https:\/\/i0.wp.com\/lasprimeras.com.do\/wp-content\/uploads\/2026\/01\/IMG-20260114-WA0082.jpg?resize=350%2C200&ssl=1 1x, https:\/\/i0.wp.com\/lasprimeras.com.do\/wp-content\/uploads\/2026\/01\/IMG-20260114-WA0082.jpg?resize=525%2C300&ssl=1 1.5x, https:\/\/i0.wp.com\/lasprimeras.com.do\/wp-content\/uploads\/2026\/01\/IMG-20260114-WA0082.jpg?resize=700%2C400&ssl=1 2x"},"classes":[]},{"id":50275,"url":"https:\/\/lasprimeras.com.do\/index.php\/2023\/05\/18\/promueve-rd-celebro-el-dia-de-las-madres-en-italia-al-ritmo-de-manny-cruz\/","url_meta":{"origin":105755,"position":4},"title":"ProMueve RD celebr\u00f3 el D\u00eda de las Madres en Italia al ritmo de Manny Cruz","author":"prenxa100","date":"18 de mayo de 2023","format":false,"excerpt":"Roma, Italia. - La organizaci\u00f3n no gubernamental, ProMueve RD, celebr\u00f3 el D\u00eda de las Madres a las dominicanas residentes en Italia con un emotivo encuentro en el que compartieron con el reconocido merenguero Manny Cruz. Manny Cruz, acompa\u00f1ado de su esposa Yery Peguero, present\u00f3 parte de su repertorio musical en\u2026","rel":"","context":"En \u00abENTRETENIMIENTO\u00bb","block_context":{"text":"ENTRETENIMIENTO","link":"https:\/\/lasprimeras.com.do\/index.php\/category\/entretenimiento\/"},"img":{"alt_text":"","src":"","width":0,"height":0},"classes":[]},{"id":125424,"url":"https:\/\/lasprimeras.com.do\/index.php\/2026\/03\/23\/index-realiza-en-ny-su-primer-foro-de-lideres-dominicanos-en-estados-unidos\/","url_meta":{"origin":105755,"position":5},"title":"INDEX realiza en NY su primer Foro de L\u00edderes Dominicanos en Estados Unidos","author":"Nelson Feliz","date":"23 de marzo de 2026","format":false,"excerpt":"Por Ram\u00f3n Mercedes NUEVA YORK.- El Instituto de Dominicanos(as) en el Exterior (INDEX), en coordinaci\u00f3n con el Consulado Dominicano en esta ciudad, celebr\u00f3 el primer Foro de L\u00edderes Dominicanos en Estados Unidos, un espacio concebido para fortalecer las conexiones entre l\u00edderes de la di\u00e1spora y destacar el creciente impacto de\u2026","rel":"","context":"En \u00abINTERNACIONALES\u00bb","block_context":{"text":"INTERNACIONALES","link":"https:\/\/lasprimeras.com.do\/index.php\/category\/sin-categoria\/internacionales\/"},"img":{"alt_text":"","src":"https:\/\/i0.wp.com\/lasprimeras.com.do\/wp-content\/uploads\/2026\/03\/IMG-20260321-WA0221.jpg?resize=350%2C200&ssl=1","width":350,"height":200},"classes":[]}],"jetpack_sharing_enabled":true,"_links":{"self":[{"href":"https:\/\/lasprimeras.com.do\/index.php\/wp-json\/wp\/v2\/posts\/105755","targetHints":{"allow":["GET"]}}],"collection":[{"href":"https:\/\/lasprimeras.com.do\/index.php\/wp-json\/wp\/v2\/posts"}],"about":[{"href":"https:\/\/lasprimeras.com.do\/index.php\/wp-json\/wp\/v2\/types\/post"}],"author":[{"embeddable":true,"href":"https:\/\/lasprimeras.com.do\/index.php\/wp-json\/wp\/v2\/users\/10"}],"replies":[{"embeddable":true,"href":"https:\/\/lasprimeras.com.do\/index.php\/wp-json\/wp\/v2\/comments?post=105755"}],"version-history":[{"count":1,"href":"https:\/\/lasprimeras.com.do\/index.php\/wp-json\/wp\/v2\/posts\/105755\/revisions"}],"predecessor-version":[{"id":105757,"href":"https:\/\/lasprimeras.com.do\/index.php\/wp-json\/wp\/v2\/posts\/105755\/revisions\/105757"}],"wp:featuredmedia":[{"embeddable":true,"href":"https:\/\/lasprimeras.com.do\/index.php\/wp-json\/wp\/v2\/media\/105756"}],"wp:attachment":[{"href":"https:\/\/lasprimeras.com.do\/index.php\/wp-json\/wp\/v2\/media?parent=105755"}],"wp:term":[{"taxonomy":"category","embeddable":true,"href":"https:\/\/lasprimeras.com.do\/index.php\/wp-json\/wp\/v2\/categories?post=105755"},{"taxonomy":"post_tag","embeddable":true,"href":"https:\/\/lasprimeras.com.do\/index.php\/wp-json\/wp\/v2\/tags?post=105755"}],"curies":[{"name":"wp","href":"https:\/\/api.w.org\/{rel}","templated":true}]}}