{"id":105773,"date":"2025-08-07T07:42:55","date_gmt":"2025-08-07T11:42:55","guid":{"rendered":"https:\/\/lasprimeras.com.do\/?p=105773"},"modified":"2025-08-07T07:42:57","modified_gmt":"2025-08-07T11:42:57","slug":"presentan-plancha-para-dirigir-seccional-del-cdp-en-nueva-york","status":"publish","type":"post","link":"https:\/\/lasprimeras.com.do\/index.php\/2025\/08\/07\/presentan-plancha-para-dirigir-seccional-del-cdp-en-nueva-york\/","title":{"rendered":"Presentan plancha para dirigir seccional del CDP en Nueva York"},"content":{"rendered":"\n<p>Nueva York.\u2014 En un ambiente de entusiasmo y compromiso gremial, fue presentada oficialmente la plancha \u201cRenacer por la Unidad y Acci\u00f3n\u201d, encabezada por la reconocida periodista Ibelka Ure\u00f1a, como Secretaria General, quien aspira a dirigir la seccional del Colegio Dominicano de Periodistas (CDP) en Nueva York.<\/p>\n\n\n\n<p>Ibelka Ure\u00f1a, cuenta con una amplia trayectoria en medios de comunicaci\u00f3n tanto en la Rep\u00fablica Dominicana como en la ciudad de Nueva York, y es una profesional que goza del respeto y la admiraci\u00f3n de sus colegas en el gremio.<\/p>\n\n\n\n<p>Su liderazgo se perfila como una propuesta integradora, con \u00e9nfasis en la unidad, el fortalecimiento institucional y la acci\u00f3n en favor de los periodistas dominicanos en la di\u00e1spora.<\/p>\n\n\n\n<p>La plancha est\u00e1 integrada adem\u00e1s por un equipo de destacados Profesionales, comprometido con la instituci\u00f3n como; B\u00e9lgica Vargas, Sub-Secretaria, Roberto Francis,sec. de Finanzas Zenith D\u00edaz, sec.de Organizacion, Gabriela Remigio 1er Vocal, Luz Bregman sec, de Actas y Correspondencia y Mar\u00eda Ram\u00edrez 2da Vocal, todos con vocaci\u00f3n de servicio en el \u00e1mbito period\u00edstico y comunitario.<\/p>\n\n\n\n<p>Las elecciones para escoger a la nueva directiva del CDP-NY se celebrar\u00e1n el viernes 29 de agosto 2025, en horario de 10:00 de la ma\u00f1ana a 7:00 de la noche, en la sede de la Fundaci\u00f3n Juan Pablo Duarte, ubicada en el 408 de Fort Washington Avenue, entre las calles 178 y 179, en el Alto Manhattan.<\/p>\n\n\n\n<p>Durante la presentaci\u00f3n, Ibelka Ure\u00f1a expres\u00f3 su compromiso de trabajar con transparencia, inclusi\u00f3n y cercan\u00eda a las necesidades del periodista dominicano en Nueva York. \u201cEstamos aqu\u00ed para servir, para unir y para actuar en favor de la membres\u00eda del CDP. Este es un proyecto de todos\u201d, afirm\u00f3.<\/p>\n\n\n\n<p>La plancha \u201cRenacer por la Unidad y Acci\u00f3n\u201d ha sido bien recibida por diversos sectores del periodismo local, quienes ven en esta propuesta una oportunidad de renovaci\u00f3n y fortalecimiento institucional para la seccional neoyorquina del CDP.<\/p>\n","protected":false},"excerpt":{"rendered":"<p>Nueva York.\u2014 En un ambiente de entusiasmo y compromiso gremial, fue presentada oficialmente la plancha \u201cRenacer por la Unidad y Acci\u00f3n\u201d, encabezada por la reconocida periodista Ibelka Ure\u00f1a, como Secretaria&hellip;<\/p>\n","protected":false},"author":10,"featured_media":105774,"comment_status":"open","ping_status":"open","sticky":false,"template":"","format":"standard","meta":{"content-type":"","jetpack_post_was_ever_published":false,"_jetpack_newsletter_access":"","_jetpack_dont_email_post_to_subs":false,"_jetpack_newsletter_tier_id":0,"_jetpack_memberships_contains_paywalled_content":false,"_jetpack_memberships_contains_paid_content":false,"footnotes":""},"categories":[84],"tags":[437,22597,104,3822],"class_list":["post-105773","post","type-post","status-publish","format-standard","has-post-thumbnail","hentry","category-entretenimiento","tag-cdp","tag-ibelka-urena","tag-nueva-york","tag-plancha"],"jetpack_featured_media_url":"https:\/\/lasprimeras.com.do\/wp-content\/uploads\/2025\/08\/WhatsApp-Image-2025-08-06-at-10.46.31-AM.jpeg","jetpack-related-posts":[{"id":105338,"url":"https:\/\/lasprimeras.com.do\/index.php\/2025\/08\/01\/ibelka-urena-presenta-plancha-para-dirigir-seccional-del-cdp-ny\/","url_meta":{"origin":105773,"position":0},"title":"Ibelka Ure\u00f1a presenta plancha para dirigir seccional del CDP-NY","author":"Nelson Feliz","date":"1 de agosto de 2025","format":false,"excerpt":"Por Ram\u00f3n Mercedes NUEVA YORK.- Fue presentada oficialmente en esta ciudad la plancha \u201cRenacer por la Unidad y Acci\u00f3n\u201d, encabezada por la reconocida periodista Ibelka Ure\u00f1a, como Secretaria General, para dirigir la seccional del Colegio Dominicano de Periodistas (CDP) en Nueva York. Ure\u00f1a, cuenta con una amplia trayectoria en medios\u2026","rel":"","context":"En \u00abINTERNACIONALES\u00bb","block_context":{"text":"INTERNACIONALES","link":"https:\/\/lasprimeras.com.do\/index.php\/category\/sin-categoria\/internacionales\/"},"img":{"alt_text":"","src":"https:\/\/i0.wp.com\/lasprimeras.com.do\/wp-content\/uploads\/2025\/08\/WhatsApp-Image-2025-08-01-at-5.43.22-AM-2.jpeg?resize=350%2C200&ssl=1","width":350,"height":200,"srcset":"https:\/\/i0.wp.com\/lasprimeras.com.do\/wp-content\/uploads\/2025\/08\/WhatsApp-Image-2025-08-01-at-5.43.22-AM-2.jpeg?resize=350%2C200&ssl=1 1x, https:\/\/i0.wp.com\/lasprimeras.com.do\/wp-content\/uploads\/2025\/08\/WhatsApp-Image-2025-08-01-at-5.43.22-AM-2.jpeg?resize=525%2C300&ssl=1 1.5x, https:\/\/i0.wp.com\/lasprimeras.com.do\/wp-content\/uploads\/2025\/08\/WhatsApp-Image-2025-08-01-at-5.43.22-AM-2.jpeg?resize=700%2C400&ssl=1 2x, https:\/\/i0.wp.com\/lasprimeras.com.do\/wp-content\/uploads\/2025\/08\/WhatsApp-Image-2025-08-01-at-5.43.22-AM-2.jpeg?resize=1050%2C600&ssl=1 3x"},"classes":[]},{"id":56890,"url":"https:\/\/lasprimeras.com.do\/index.php\/2023\/08\/06\/mirtha-guerrero-pina-anuncia-candidatura-para-la-secretaria-general-del-cdp-en-nueva-york\/","url_meta":{"origin":105773,"position":1},"title":"Mirtha Guerrero Pi\u00f1a anuncia candidatura para la Secretar\u00eda General del CDP en Nueva York","author":"Nelson Feliz","date":"6 de agosto de 2023","format":false,"excerpt":"La periodista y escritora Mirtha Guerrero Pi\u00f1a anunci\u00f3 oficialmente su candidatura para presidir la seccional del Colegio Dominicano de Periodistas (CDP) en Nueva York. El evento de presentaci\u00f3n de su candidatura tuvo lugar en el \u201cRestaurant 809\u201d, y cont\u00f3 con la asistencia de periodistas y personalidades de la comunidad. La\u2026","rel":"","context":"En \u00abENTRETENIMIENTO\u00bb","block_context":{"text":"ENTRETENIMIENTO","link":"https:\/\/lasprimeras.com.do\/index.php\/category\/entretenimiento\/"},"img":{"alt_text":"CDP NY","src":"https:\/\/i0.wp.com\/lasprimeras.com.do\/wp-content\/uploads\/2023\/08\/CDP-NY.jpg?resize=350%2C200&ssl=1","width":350,"height":200,"srcset":"https:\/\/i0.wp.com\/lasprimeras.com.do\/wp-content\/uploads\/2023\/08\/CDP-NY.jpg?resize=350%2C200&ssl=1 1x, https:\/\/i0.wp.com\/lasprimeras.com.do\/wp-content\/uploads\/2023\/08\/CDP-NY.jpg?resize=525%2C300&ssl=1 1.5x, https:\/\/i0.wp.com\/lasprimeras.com.do\/wp-content\/uploads\/2023\/08\/CDP-NY.jpg?resize=700%2C400&ssl=1 2x"},"classes":[]},{"id":58644,"url":"https:\/\/lasprimeras.com.do\/index.php\/2023\/08\/26\/mmv-gana-elecciones-del-cdp-y-reelige-a-henriquez-y-de-leon\/","url_meta":{"origin":105773,"position":2},"title":"MMV gana elecciones del CDP y reelige a Henr\u00edquez y De Le\u00f3n","author":"Nelson Feliz","date":"26 de agosto de 2023","format":false,"excerpt":"Por Martin Restituyo El Movimiento Marcelino Vega (MMV) gan\u00f3 convincentemente las elecciones del Colegio Dominicano de Periodistas (CDP), celebradas este viernes 25 de agosto, y reeligi\u00f3 a Aurelio Henr\u00edquez y a Olivo De Le\u00f3n en la presidencia del CDP y del Instituto de Previsi\u00f3n y Protecci\u00f3n del Periodista (IPPP), respectivamente.\u2026","rel":"","context":"En \u00abNACIONALES\u00bb","block_context":{"text":"NACIONALES","link":"https:\/\/lasprimeras.com.do\/index.php\/category\/nacionales\/"},"img":{"alt_text":"CDP","src":"https:\/\/i0.wp.com\/lasprimeras.com.do\/wp-content\/uploads\/2023\/08\/CDP.jpg?resize=350%2C200&ssl=1","width":350,"height":200,"srcset":"https:\/\/i0.wp.com\/lasprimeras.com.do\/wp-content\/uploads\/2023\/08\/CDP.jpg?resize=350%2C200&ssl=1 1x, https:\/\/i0.wp.com\/lasprimeras.com.do\/wp-content\/uploads\/2023\/08\/CDP.jpg?resize=525%2C300&ssl=1 1.5x"},"classes":[]},{"id":59139,"url":"https:\/\/lasprimeras.com.do\/index.php\/2023\/08\/31\/mmv-agradece-voto-masivo-a-periodistas\/","url_meta":{"origin":105773,"position":3},"title":"MMV agradece voto masivo a periodistas","author":"Nelson Feliz","date":"31 de agosto de 2023","format":false,"excerpt":"Por Mart\u00edn Restituyo El Movimiento Marcelino Vega (MMV) agradeci\u00f3 la muestra de confianza que expresaron los periodistas residentes en el pa\u00eds y en el exterior, al votar masivamente por sus candidatos en las elecciones del viernes 25 de agosto del Colegio Dominicano de Periodistas (CDP). El coordinador general de la\u2026","rel":"","context":"En \u00abNACIONALES\u00bb","block_context":{"text":"NACIONALES","link":"https:\/\/lasprimeras.com.do\/index.php\/category\/nacionales\/"},"img":{"alt_text":"Olivo De Le\u00f3n","src":"https:\/\/i0.wp.com\/lasprimeras.com.do\/wp-content\/uploads\/2023\/08\/Olivo-De-Leon.jpg?resize=350%2C200&ssl=1","width":350,"height":200,"srcset":"https:\/\/i0.wp.com\/lasprimeras.com.do\/wp-content\/uploads\/2023\/08\/Olivo-De-Leon.jpg?resize=350%2C200&ssl=1 1x, https:\/\/i0.wp.com\/lasprimeras.com.do\/wp-content\/uploads\/2023\/08\/Olivo-De-Leon.jpg?resize=525%2C300&ssl=1 1.5x, https:\/\/i0.wp.com\/lasprimeras.com.do\/wp-content\/uploads\/2023\/08\/Olivo-De-Leon.jpg?resize=700%2C400&ssl=1 2x"},"classes":[]},{"id":58489,"url":"https:\/\/lasprimeras.com.do\/index.php\/2023\/08\/24\/la-antorcha-de-vanguardia-en-el-cdp-movimiento-marcelino-vega\/","url_meta":{"origin":105773,"position":4},"title":"La Antorcha de Vanguardia en el CDP, \u201cMovimiento Marcelino Vega\u201d","author":"Nelson Feliz","date":"24 de agosto de 2023","format":false,"excerpt":"Por Danilo Correa Es una cultura Democr\u00e1tica en nuestro Colegio Dominicano de Periodistas (CDP), elegir mediante el voto popular cada -dos a\u00f1os -quienes van a conducir nuestra hist\u00f3rica\/combativa antorcha profesional. El Colegio Dominicano de Periodistas (CDP) representa la defensa de las libertades republicanas. Esta \u00e9poca tradicional electoral\/ gremial,se desarrolla cada\u2026","rel":"","context":"En \u00abOPINI\u00d3N\u00bb","block_context":{"text":"OPINI\u00d3N","link":"https:\/\/lasprimeras.com.do\/index.php\/category\/opinion\/"},"img":{"alt_text":"Danilo Correa","src":"https:\/\/i0.wp.com\/lasprimeras.com.do\/wp-content\/uploads\/2023\/08\/Danilo-Correa.jpg?resize=350%2C200&ssl=1","width":350,"height":200,"srcset":"https:\/\/i0.wp.com\/lasprimeras.com.do\/wp-content\/uploads\/2023\/08\/Danilo-Correa.jpg?resize=350%2C200&ssl=1 1x, https:\/\/i0.wp.com\/lasprimeras.com.do\/wp-content\/uploads\/2023\/08\/Danilo-Correa.jpg?resize=525%2C300&ssl=1 1.5x"},"classes":[]},{"id":106778,"url":"https:\/\/lasprimeras.com.do\/index.php\/2025\/08\/19\/solicita-nombrar-periodistas-entidades-gobierno-rd-nyc-no-cuentan-con-departamento-de-prensa\/","url_meta":{"origin":105773,"position":5},"title":"Solicita nombrar periodistas entidades Gobierno RD-NYC no cuentan con departamento de prensa","author":"Nelson Feliz","date":"19 de agosto de 2025","format":false,"excerpt":"Por Ram\u00f3n Mercedes NUEVA YORK.- La candidata a la secretar\u00eda general del Colegio Dominicano de Periodistas (CDP-NY), Ibelka Ure\u00f1a, solicit\u00f3 al Gobierno Dominicano que designe a periodistas afiliados a ese gremio en sus oficinas de la Gran Manzana que no cuentan con departamento de prensa. Ure\u00f1a cita las oficinas del\u2026","rel":"","context":"En \u00abINTERNACIONALES\u00bb","block_context":{"text":"INTERNACIONALES","link":"https:\/\/lasprimeras.com.do\/index.php\/category\/sin-categoria\/internacionales\/"},"img":{"alt_text":"","src":"https:\/\/i0.wp.com\/lasprimeras.com.do\/wp-content\/uploads\/2025\/08\/WhatsApp-Image-2025-08-19-at-5.18.52-AM.jpeg?resize=350%2C200&ssl=1","width":350,"height":200},"classes":[]}],"jetpack_sharing_enabled":true,"_links":{"self":[{"href":"https:\/\/lasprimeras.com.do\/index.php\/wp-json\/wp\/v2\/posts\/105773","targetHints":{"allow":["GET"]}}],"collection":[{"href":"https:\/\/lasprimeras.com.do\/index.php\/wp-json\/wp\/v2\/posts"}],"about":[{"href":"https:\/\/lasprimeras.com.do\/index.php\/wp-json\/wp\/v2\/types\/post"}],"author":[{"embeddable":true,"href":"https:\/\/lasprimeras.com.do\/index.php\/wp-json\/wp\/v2\/users\/10"}],"replies":[{"embeddable":true,"href":"https:\/\/lasprimeras.com.do\/index.php\/wp-json\/wp\/v2\/comments?post=105773"}],"version-history":[{"count":1,"href":"https:\/\/lasprimeras.com.do\/index.php\/wp-json\/wp\/v2\/posts\/105773\/revisions"}],"predecessor-version":[{"id":105775,"href":"https:\/\/lasprimeras.com.do\/index.php\/wp-json\/wp\/v2\/posts\/105773\/revisions\/105775"}],"wp:featuredmedia":[{"embeddable":true,"href":"https:\/\/lasprimeras.com.do\/index.php\/wp-json\/wp\/v2\/media\/105774"}],"wp:attachment":[{"href":"https:\/\/lasprimeras.com.do\/index.php\/wp-json\/wp\/v2\/media?parent=105773"}],"wp:term":[{"taxonomy":"category","embeddable":true,"href":"https:\/\/lasprimeras.com.do\/index.php\/wp-json\/wp\/v2\/categories?post=105773"},{"taxonomy":"post_tag","embeddable":true,"href":"https:\/\/lasprimeras.com.do\/index.php\/wp-json\/wp\/v2\/tags?post=105773"}],"curies":[{"name":"wp","href":"https:\/\/api.w.org\/{rel}","templated":true}]}}