{"id":105782,"date":"2025-08-07T08:15:53","date_gmt":"2025-08-07T12:15:53","guid":{"rendered":"https:\/\/lasprimeras.com.do\/?p=105782"},"modified":"2025-08-07T08:15:54","modified_gmt":"2025-08-07T12:15:54","slug":"presidenta-natddp-ny-presenta-memorias-de-su-gestion-durante-los-cuatro-anos","status":"publish","type":"post","link":"https:\/\/lasprimeras.com.do\/index.php\/2025\/08\/07\/presidenta-natddp-ny-presenta-memorias-de-su-gestion-durante-los-cuatro-anos\/","title":{"rendered":"Presidenta NatDDP-NY presenta memorias de su gesti\u00f3n durante los cuatro a\u00f1os"},"content":{"rendered":"\n<figure class=\"wp-block-embed is-type-video is-provider-youtube wp-block-embed-youtube wp-embed-aspect-16-9 wp-has-aspect-ratio\"><div class=\"wp-block-embed__wrapper\">\n<iframe title=\"WCristina Contreras , presidenta Desfile Dominicano NY presenta memorias de su gesti\u00f3n\" width=\"500\" height=\"281\" src=\"https:\/\/www.youtube.com\/embed\/vF_OTcOm9M8?feature=oembed\" frameborder=\"0\" allow=\"accelerometer; autoplay; clipboard-write; encrypted-media; gyroscope; picture-in-picture; web-share\" referrerpolicy=\"strict-origin-when-cross-origin\" allowfullscreen><\/iframe>\n<\/div><\/figure>\n\n\n\n<p>Por Ram\u00f3n Mercedes<\/p>\n\n\n\n<p>NUEVA YORK.- La presidenta del Desfile Nacional Dominicano -National Day Parade- (NapDDP), Cristina Contreras, present\u00f3 ante la prensa de la Rep\u00fablica Dominicana en esta ciudad las memorias de su gesti\u00f3n durante sus cuatro a\u00f1os.<\/p>\n\n\n\n<p>Durante su direcci\u00f3n, que concluye el pr\u00f3ximo domingo con la celebraci\u00f3n del 43\u00ba Aniversario del \u00abDesfile\u00bb, pudo entregar m\u00e1s becas a los estudiantes dominicanos en mayor cantidad, dijo.<\/p>\n\n\n\n<p>\u00abTodos los a\u00f1os desde el 2022 nosotros pudimos otorgar casi un mill\u00f3n de d\u00f3lares; ese mismo a\u00f1o entregamos 51 becas por la cantidad de US$178 mil d\u00f3lares; en el 2023 se beneficiaron 35 estudiantes por $240 mil; en el 2024 dimos 42 becas por $200 mil y para este 2025 estamos coordinando y planeando para entregar $225 mil por lo menos a 45 estudiantes; eso nos enorgullece\u00bb, precisa Contreras.<\/p>\n\n\n\n<p>\u00abTambi\u00e9n, incluimos por primera vez el condado de Yonkers porque hay muchos dominicanos y tenemos que reconocer otros talentos, no solamente en los cinco condados de NYC\u00bb, precis\u00f3.<\/p>\n\n\n\n<p>Se\u00f1al\u00f3 que bajo su administraci\u00f3n se modificaron los estatutos para estar m\u00e1s al d\u00eda, \u00abpara asegurarnos de que el Board est\u00e9 m\u00e1s al d\u00eda\u00bb.<\/p>\n\n\n\n<p>Preguntada de \u00bfc\u00f3mo ha podido la comunidad dominicana valorizar el Desfile Dominicano bajo su direcci\u00f3n? Manifest\u00f3 que se tom\u00f3 muy en cuenta la voz de la comunidad. \u00abUna de las cosas que hicimos fue emplear los dos idiomas porque la comunicaci\u00f3n era toda en ingl\u00e9s\u00bb. \u00abNos aseguramos de poner comunicaci\u00f3n en espa\u00f1ol\u00bb.<\/p>\n\n\n\n<p>\u00abAhora mismo, el primer Journal va a salir este a\u00f1o y ser\u00e1 en los dos idiomas; es importante reconocer que nuestra voz, aunque estamos fuera de nuestro pa\u00eds, nuestra comunidad se tiene que sentir reflejada en lo que hay, en el trabajo que se hace, asegurarnos que somos biling\u00fces\u00bb. indica Contreras.<\/p>\n\n\n\n<p>\u00abNosotros ahora no le cobramos a los periodistas, pueden asistir a la gala porque son nuestros compa\u00f1eros de medios y as\u00ed ellos obviamente hacen su trabajo de la comunicaci\u00f3n\u00bb.<\/p>\n\n\n\n<p>\u00abTambi\u00e9n nos aseguramos de reconocer gente de la comunidad, que las personas y la comunidad se sientan reflejadas y se reflejen en lo que nosotros hacemos\u00bb.<\/p>\n\n\n\n<p>Manifest\u00f3 que el \u00abDesfile\u00bb se celebra el segundo domingo de agosto para conmemorar la guerra de la restauraci\u00f3n bajo el mando del general Gregorio Luper\u00f3n.<\/p>\n\n\n\n<p>Especific\u00f3 que el Gran Mariscal ser\u00e1 Nelson Cruz, exjugador de Grandes Ligas. Nuestra madrina Mayra Linares, que nos enorgullece con su trabajo\u201d.<\/p>\n\n\n\n<p>El general Juan Manuel M\u00e9ndez de la COE, que se encarga de los servicios de emergencia en RD.<\/p>\n\n\n\n<p>Tambi\u00e9n nuestros embajadores, que nos representan bien, como el periodista Ram\u00f3n Mercedes, que tiene 50 a\u00f1os de trayectoria haciendo un excelente trabajo y nos orgullece, y tambi\u00e9n tenemos a alguien, como nosotros lo consideramos un dominicano, porque es parte de la familia, Rafael Toro, de la empresa Goya Inc\u201d.<\/p>\n","protected":false},"excerpt":{"rendered":"<p>Por Ram\u00f3n Mercedes NUEVA YORK.- La presidenta del Desfile Nacional Dominicano -National Day Parade- (NapDDP), Cristina Contreras, present\u00f3 ante la prensa de la Rep\u00fablica Dominicana en esta ciudad las memorias&hellip;<\/p>\n","protected":false},"author":10,"featured_media":105783,"comment_status":"open","ping_status":"open","sticky":false,"template":"","format":"standard","meta":{"content-type":"","jetpack_post_was_ever_published":false,"_jetpack_newsletter_access":"","_jetpack_dont_email_post_to_subs":false,"_jetpack_newsletter_tier_id":0,"_jetpack_memberships_contains_paywalled_content":false,"_jetpack_memberships_contains_paid_content":false,"footnotes":""},"categories":[84],"tags":[22855,22854,1226],"class_list":["post-105782","post","type-post","status-publish","format-standard","has-post-thumbnail","hentry","category-entretenimiento","tag-desfile-nacional-dominicano","tag-national-day-parade","tag-republica-dominicana"],"jetpack_featured_media_url":"https:\/\/lasprimeras.com.do\/wp-content\/uploads\/2025\/08\/WhatsApp-Image-2025-08-07-at-5.42.07-AM-1.jpeg","jetpack-related-posts":[{"id":102955,"url":"https:\/\/lasprimeras.com.do\/index.php\/2025\/07\/10\/natddp-celebra-herencia-dominicana-en-yonkers\/","url_meta":{"origin":105782,"position":0},"title":"NatDDP celebra Herencia Dominicana en Yonkers","author":"Nelson Feliz","date":"10 de julio de 2025","format":false,"excerpt":"Por Ram\u00f3n Mercedes NUEVA YORK.- La presidenta del Desfile Nacional Dominicano (National Dominican Day Parade -NatDDP-), Cristina Contreras, encabez\u00f3 recientemente la celebraci\u00f3n de la Herencia Dominicana en el City Hall de la ciudad de Yonkers. El evento rindi\u00f3 homenaje a las contribuciones y el esp\u00edritu luchador de la comunidad quisqueyana\u2026","rel":"","context":"En \u00abENTRETENIMIENTO\u00bb","block_context":{"text":"ENTRETENIMIENTO","link":"https:\/\/lasprimeras.com.do\/index.php\/category\/entretenimiento\/"},"img":{"alt_text":"NatDDP celebra Herencia Dominicana en Yonkers","src":"https:\/\/i0.wp.com\/lasprimeras.com.do\/wp-content\/uploads\/2025\/07\/NatDDP-celebra-Herencia-Dominicana-en-Yonkers.jpg?resize=350%2C200&ssl=1","width":350,"height":200,"srcset":"https:\/\/i0.wp.com\/lasprimeras.com.do\/wp-content\/uploads\/2025\/07\/NatDDP-celebra-Herencia-Dominicana-en-Yonkers.jpg?resize=350%2C200&ssl=1 1x, https:\/\/i0.wp.com\/lasprimeras.com.do\/wp-content\/uploads\/2025\/07\/NatDDP-celebra-Herencia-Dominicana-en-Yonkers.jpg?resize=525%2C300&ssl=1 1.5x"},"classes":[]},{"id":57195,"url":"https:\/\/lasprimeras.com.do\/index.php\/2023\/08\/09\/alcalde-eric-adams-abre-las-puertas-de-gracie-mansion-para-celebrar-la-herencia-dominicana\/","url_meta":{"origin":105782,"position":1},"title":"Alcalde Eric Adams abre las puertas de \u201cGracie Mansi\u00f3n\u201d para celebrar la herencia Dominicana","author":"Nelson Feliz","date":"9 de agosto de 2023","format":false,"excerpt":"Por Jos\u00e9 Zabala El alcalde Eric Adams recibi\u00f3 con los brazos abiertos a todos los sectores de la comunidad dominicana radicada en la ciudad de New York en su residencia la \u201cGracie Mansi\u00f3n\u201d\u00a0 a ritmo de merengue,\u00a0 bachata, rica gastronom\u00eda y bebidas de marcas criolla. Adams, realizo la actividad como\u2026","rel":"","context":"En \u00abENTRETENIMIENTO\u00bb","block_context":{"text":"ENTRETENIMIENTO","link":"https:\/\/lasprimeras.com.do\/index.php\/category\/entretenimiento\/"},"img":{"alt_text":"Erick Adams","src":"https:\/\/i0.wp.com\/lasprimeras.com.do\/wp-content\/uploads\/2023\/08\/Erick-Adams.jpg?resize=350%2C200&ssl=1","width":350,"height":200,"srcset":"https:\/\/i0.wp.com\/lasprimeras.com.do\/wp-content\/uploads\/2023\/08\/Erick-Adams.jpg?resize=350%2C200&ssl=1 1x, https:\/\/i0.wp.com\/lasprimeras.com.do\/wp-content\/uploads\/2023\/08\/Erick-Adams.jpg?resize=525%2C300&ssl=1 1.5x, https:\/\/i0.wp.com\/lasprimeras.com.do\/wp-content\/uploads\/2023\/08\/Erick-Adams.jpg?resize=700%2C400&ssl=1 2x"},"classes":[]},{"id":105689,"url":"https:\/\/lasprimeras.com.do\/index.php\/2025\/08\/06\/natddp-entrega-20-mil-libras-alimentos-a-dominicanos-en-alto-manhattan\/","url_meta":{"origin":105782,"position":2},"title":"NatDDP entrega 20 mil libras alimentos a dominicanos en Alto Manhattan","author":"Nelson Feliz","date":"6 de agosto de 2025","format":false,"excerpt":"Por Ram\u00f3n Mercedes NUEVA YORK.- La presidenta del Desfile Nacional Dominicano -Dominican Day Parade- (NatDDP), Cristina Contreras, recibi\u00f3 de la empresa Goya Inc. m\u00e1s de 20 mil libras de alimentos las cuales dispuso repartir entre dominicanos en el Alto Manhattan. Los variados alimentos de la reconocida empresa en los Estados\u2026","rel":"","context":"En \u00abINTERNACIONALES\u00bb","block_context":{"text":"INTERNACIONALES","link":"https:\/\/lasprimeras.com.do\/index.php\/category\/sin-categoria\/internacionales\/"},"img":{"alt_text":"","src":"https:\/\/i0.wp.com\/lasprimeras.com.do\/wp-content\/uploads\/2025\/08\/WhatsApp-Image-2025-08-06-at-6.19.00-AM.jpeg?resize=350%2C200&ssl=1","width":350,"height":200},"classes":[]},{"id":120674,"url":"https:\/\/lasprimeras.com.do\/index.php\/2026\/01\/26\/abinader-encabeza-desfile-conmemorativo-del-213-aniversario-del-natalicio-de-juan-pablo-duarte\/","url_meta":{"origin":105782,"position":3},"title":"Abinader encabeza desfile conmemorativo del 213 aniversario del natalicio de Juan Pablo Duarte","author":"Nelson Feliz","date":"26 de enero de 2026","format":false,"excerpt":"Juan Pablo Uribe resalta la vigencia del pensamiento duartiano y el compromiso con la \u00e9tica y la transparencia en la vida p\u00fablica. El presidente Luis Abinader encabez\u00f3 este lunes el desfile conmemorativo del 213 aniversario del natalicio de Juan Pablo Duarte, acto que marca el inicio del Mes de la\u2026","rel":"","context":"En \u00abNACIONALES\u00bb","block_context":{"text":"NACIONALES","link":"https:\/\/lasprimeras.com.do\/index.php\/category\/nacionales\/"},"img":{"alt_text":"","src":"https:\/\/i0.wp.com\/lasprimeras.com.do\/wp-content\/uploads\/2026\/01\/desfile-conmemorativo-del-213.jpg?resize=350%2C200&ssl=1","width":350,"height":200,"srcset":"https:\/\/i0.wp.com\/lasprimeras.com.do\/wp-content\/uploads\/2026\/01\/desfile-conmemorativo-del-213.jpg?resize=350%2C200&ssl=1 1x, https:\/\/i0.wp.com\/lasprimeras.com.do\/wp-content\/uploads\/2026\/01\/desfile-conmemorativo-del-213.jpg?resize=525%2C300&ssl=1 1.5x, https:\/\/i0.wp.com\/lasprimeras.com.do\/wp-content\/uploads\/2026\/01\/desfile-conmemorativo-del-213.jpg?resize=700%2C400&ssl=1 2x"},"classes":[]},{"id":105469,"url":"https:\/\/lasprimeras.com.do\/index.php\/2025\/08\/04\/presidenta-natddp-usa-detallas-eventos-para-completar-programa-del-43o-aniversario\/","url_meta":{"origin":105782,"position":4},"title":"Presidenta NatDDP-USA detallas eventos para completar programa del 43\u00ba aniversario","author":"Nelson Feliz","date":"4 de agosto de 2025","format":false,"excerpt":"Por Ram\u00f3n Mercedes NUEVA YORK.- La presidenta del Desfile Nacional Dominicano -Dominican Day Parade- (NatDDP), Cristina Contreras, en los Estados Unidos dio a conocer los \u00faltimos eventos restantes para completar el programa de la celebraci\u00f3n del 43\u00ba aniversario de la entidad. El tema de este a\u00f1o: \u00abQuisqueya y EE. UU.\u2026","rel":"","context":"En \u00abENTRETENIMIENTO\u00bb","block_context":{"text":"ENTRETENIMIENTO","link":"https:\/\/lasprimeras.com.do\/index.php\/category\/entretenimiento\/"},"img":{"alt_text":"","src":"https:\/\/i0.wp.com\/lasprimeras.com.do\/wp-content\/uploads\/2025\/08\/WhatsApp-Image-2025-08-04-at-6.44.27-AM.jpeg?resize=350%2C200&ssl=1","width":350,"height":200,"srcset":"https:\/\/i0.wp.com\/lasprimeras.com.do\/wp-content\/uploads\/2025\/08\/WhatsApp-Image-2025-08-04-at-6.44.27-AM.jpeg?resize=350%2C200&ssl=1 1x, https:\/\/i0.wp.com\/lasprimeras.com.do\/wp-content\/uploads\/2025\/08\/WhatsApp-Image-2025-08-04-at-6.44.27-AM.jpeg?resize=525%2C300&ssl=1 1.5x"},"classes":[]},{"id":125177,"url":"https:\/\/lasprimeras.com.do\/index.php\/2026\/03\/19\/abinader-encabeza-desfile-en-conmemoracion-del-182-aniversario-de-la-batalla-del-19-de-marzo\/","url_meta":{"origin":105782,"position":5},"title":"Abinader encabeza desfile en conmemoraci\u00f3n del 182 aniversario de la Batalla del 19 de Marzo","author":"Nelson Feliz","date":"19 de marzo de 2026","format":false,"excerpt":"_Presidente de la Comisi\u00f3n Permanente de Efem\u00e9rides Patrias, Juan Pablo Uribe, destaca el respaldo del presidente Luis Abinader a la memoria hist\u00f3rica y patri\u00f3tica del pa\u00eds, y le agradece por dar continuidad permanente a la honra, la memoria y el reconocimiento del valor, la determinaci\u00f3n y el hero\u00edsmo de Azua._\u2026","rel":"","context":"En \u00abNACIONALES\u00bb","block_context":{"text":"NACIONALES","link":"https:\/\/lasprimeras.com.do\/index.php\/category\/nacionales\/"},"img":{"alt_text":"","src":"https:\/\/i0.wp.com\/lasprimeras.com.do\/wp-content\/uploads\/2026\/03\/IMG-20260320-WA0083.jpg?resize=350%2C200&ssl=1","width":350,"height":200,"srcset":"https:\/\/i0.wp.com\/lasprimeras.com.do\/wp-content\/uploads\/2026\/03\/IMG-20260320-WA0083.jpg?resize=350%2C200&ssl=1 1x, https:\/\/i0.wp.com\/lasprimeras.com.do\/wp-content\/uploads\/2026\/03\/IMG-20260320-WA0083.jpg?resize=525%2C300&ssl=1 1.5x, https:\/\/i0.wp.com\/lasprimeras.com.do\/wp-content\/uploads\/2026\/03\/IMG-20260320-WA0083.jpg?resize=700%2C400&ssl=1 2x, https:\/\/i0.wp.com\/lasprimeras.com.do\/wp-content\/uploads\/2026\/03\/IMG-20260320-WA0083.jpg?resize=1050%2C600&ssl=1 3x"},"classes":[]}],"jetpack_sharing_enabled":true,"_links":{"self":[{"href":"https:\/\/lasprimeras.com.do\/index.php\/wp-json\/wp\/v2\/posts\/105782","targetHints":{"allow":["GET"]}}],"collection":[{"href":"https:\/\/lasprimeras.com.do\/index.php\/wp-json\/wp\/v2\/posts"}],"about":[{"href":"https:\/\/lasprimeras.com.do\/index.php\/wp-json\/wp\/v2\/types\/post"}],"author":[{"embeddable":true,"href":"https:\/\/lasprimeras.com.do\/index.php\/wp-json\/wp\/v2\/users\/10"}],"replies":[{"embeddable":true,"href":"https:\/\/lasprimeras.com.do\/index.php\/wp-json\/wp\/v2\/comments?post=105782"}],"version-history":[{"count":1,"href":"https:\/\/lasprimeras.com.do\/index.php\/wp-json\/wp\/v2\/posts\/105782\/revisions"}],"predecessor-version":[{"id":105784,"href":"https:\/\/lasprimeras.com.do\/index.php\/wp-json\/wp\/v2\/posts\/105782\/revisions\/105784"}],"wp:featuredmedia":[{"embeddable":true,"href":"https:\/\/lasprimeras.com.do\/index.php\/wp-json\/wp\/v2\/media\/105783"}],"wp:attachment":[{"href":"https:\/\/lasprimeras.com.do\/index.php\/wp-json\/wp\/v2\/media?parent=105782"}],"wp:term":[{"taxonomy":"category","embeddable":true,"href":"https:\/\/lasprimeras.com.do\/index.php\/wp-json\/wp\/v2\/categories?post=105782"},{"taxonomy":"post_tag","embeddable":true,"href":"https:\/\/lasprimeras.com.do\/index.php\/wp-json\/wp\/v2\/tags?post=105782"}],"curies":[{"name":"wp","href":"https:\/\/api.w.org\/{rel}","templated":true}]}}