{"id":105845,"date":"2025-08-07T13:02:34","date_gmt":"2025-08-07T17:02:34","guid":{"rendered":"https:\/\/lasprimeras.com.do\/?p=105845"},"modified":"2025-08-07T13:02:36","modified_gmt":"2025-08-07T17:02:36","slug":"infotep-y-usg-latam-imparten-taller-internacional-sobre-construccion-ligera","status":"publish","type":"post","link":"https:\/\/lasprimeras.com.do\/index.php\/2025\/08\/07\/infotep-y-usg-latam-imparten-taller-internacional-sobre-construccion-ligera\/","title":{"rendered":"INFOTEP y USG LATAM imparten taller internacional sobre Construcci\u00f3n Ligera"},"content":{"rendered":"\n<p>El Instituto Nacional de Formaci\u00f3n T\u00e9cnico Profesional (INFOTEP) incluir\u00e1 en su oferta formativa talleres de capacitaci\u00f3n en construcci\u00f3n ligera, espec\u00edficamente con el uso de Sheetrock, un material en auge en la Rep\u00fablica Dominicana y que requiere personal debidamente capacitado para su instalaci\u00f3n.<\/p>\n\n\n\n<p>As\u00ed lo afirm\u00f3 el director general del INFOTEP, Rafael Santos Bad\u00eda, en el marco del taller internacional \u201cSistemas USG para la Construcci\u00f3n Ligera\u201d, desarrollado en colaboraci\u00f3n con la reconocida empresa internacional USG LATAM.<\/p>\n\n\n\n<p>Dijo que se trata de una acci\u00f3n clave para fortalecer las competencias del sector construcci\u00f3n en la Rep\u00fablica Dominicana, orientando a los profesionales hacia una mejor preparaci\u00f3n ante los retos del presente y futuro de la industria.<\/p>\n\n\n\n<p>\u201cEste taller no solo marca el inicio de una valiosa colaboraci\u00f3n, sino que tambi\u00e9n sienta las bases para la creaci\u00f3n de un programa de capacitaci\u00f3n permanente en construcciones ligeras, alineado con las nuevas demandas del sector\u201d, expres\u00f3.<\/p>\n\n\n\n<p>Se\u00f1al\u00f3 que el prop\u00f3sito principal de esta jornada ha sido ofrecer a los participantes herramientas pr\u00e1cticas y actualizadas que les permitan dise\u00f1ar y construir espacios m\u00e1s seguros, sustentables, econ\u00f3micos y con menor impacto ambiental, en sinton\u00eda con las nuevas exigencias del mercado, al tiempo que destac\u00f3 la importancia de esta alianza estrat\u00e9gica con USG LATAM.<\/p>\n\n\n\n<p>Una respuesta eficiente a los retos del sector<\/p>\n\n\n\n<p>Durante el taller, la arquitecta Susana Gonz\u00e1lez, Gerente Senior de Servicios Arquitect\u00f3nicos de USG LATAM para Costa Rica, resalt\u00f3 que la construcci\u00f3n ligera representa una respuesta eficiente ante el aumento de los costos en el sector.<\/p>\n\n\n\n<p>Explic\u00f3 que al incorporar materiales livianos y de ensamblaje r\u00e1pido, esta modalidad permite reducir los tiempos de ejecuci\u00f3n, lo que a su vez impacta positivamente en los costos de los proyectos.<\/p>\n\n\n\n<p>&#8220;Actividades como esta no solo contribuyen a mejorar la empleabilidad, sino que tambi\u00e9n ofrecen una alternativa para que las familias puedan generar mayores ingresos&#8221;, a\u00f1adi\u00f3.<\/p>\n\n\n\n<p>Un evento de alto nivel con expertos internacionales<\/p>\n\n\n\n<p>La jornada cont\u00f3 con la participaci\u00f3n de un selecto grupo de expertos internacionales de USG LATAM, entre ellos la arquitecta Giana Zablah (representante de Servicios Arquitect\u00f3nicas en Honduras), el arquitecto Pedro Mendizabal (Guatemala), el arquitecto Allan Gabrie (Honduras) y la arquitecta Karina Garc\u00eda, de Proyectos Arquitect\u00f3nicos Estrat\u00e9gicos del Caribe, en Rep\u00fablica Dominicana.<\/p>\n\n\n\n<p>Los especialistas abordaron temas clave como el contexto del sistema de construcci\u00f3n ligera en el pa\u00eds, la introducci\u00f3n a los sistemas USG, los tipos de planchas y los componentes de acabado.<\/p>\n\n\n\n<p>Adem\u00e1s, en la parte pr\u00e1ctica, los participantes tuvieron la oportunidad de aplicar sus conocimientos en la instalaci\u00f3n y construcci\u00f3n de maquetas, recibiendo experiencia directa en las t\u00e9cnicas aprendidas.<\/p>\n\n\n\n<p>Compromiso con el desarrollo del capital humano<\/p>\n\n\n\n<p>El INFOTEP reiter\u00f3 su compromiso con el desarrollo del capital humano en el sector de la construcci\u00f3n, invitando a los profesionales a aprovechar la amplia oferta formativa que ofrece la instituci\u00f3n.<\/p>\n\n\n\n<p>Entre los programas disponibles se incluyen acciones especializadas en construcci\u00f3n, orientadas a actualizar y perfeccionar las competencias de los trabajadores del sector.<\/p>\n\n\n\n<p>Entrega de reconocimiento<\/p>\n\n\n\n<p>En el marco del evento, USG LATAM entreg\u00f3 un reconocimiento al INFOTEP por su valiosa contribuci\u00f3n al desarrollo y fortalecimiento profesional de la Rep\u00fablica Dominicana, agradeciendo la colaboraci\u00f3n en la formaci\u00f3n de profesionales capacitados en nuevas t\u00e9cnicas constructivas.<\/p>\n","protected":false},"excerpt":{"rendered":"<p>El Instituto Nacional de Formaci\u00f3n T\u00e9cnico Profesional (INFOTEP) incluir\u00e1 en su oferta formativa talleres de capacitaci\u00f3n en construcci\u00f3n ligera, espec\u00edficamente con el uso de Sheetrock, un material en auge en&hellip;<\/p>\n","protected":false},"author":10,"featured_media":105847,"comment_status":"open","ping_status":"open","sticky":false,"template":"","format":"standard","meta":{"content-type":"","jetpack_post_was_ever_published":false,"_jetpack_newsletter_access":"","_jetpack_dont_email_post_to_subs":false,"_jetpack_newsletter_tier_id":0,"_jetpack_memberships_contains_paywalled_content":false,"_jetpack_memberships_contains_paid_content":false,"footnotes":""},"categories":[35],"tags":[22888,1880,7963,22887],"class_list":["post-105845","post","type-post","status-publish","format-standard","has-post-thumbnail","hentry","category-nacionales","tag-construccion-ligera","tag-infotep","tag-taller-internacional","tag-usg-latam"],"jetpack_featured_media_url":"https:\/\/lasprimeras.com.do\/wp-content\/uploads\/2025\/08\/INFOTEP.jpg","jetpack-related-posts":[{"id":93109,"url":"https:\/\/lasprimeras.com.do\/index.php\/2025\/01\/24\/infotep-y-daikin-latam-inauguran-aula-laboratorio-con-tecnologia-de-punta-en-refrigeracion\/","url_meta":{"origin":105845,"position":0},"title":"INFOTEP y Daikin Latam inauguran aula laboratorio con tecnolog\u00eda de punta en refrigeraci\u00f3n","author":"Nelson Feliz","date":"24 de enero de 2025","format":false,"excerpt":"El Instituto Nacional de Formaci\u00f3n T\u00e9cnico Profesional (INFOTEP) y Daikin Latam, l\u00edder mundial en soluciones de climatizaci\u00f3n, inauguraron un aula laboratorio equipada con tecnolog\u00eda de \u00faltima generaci\u00f3n y mobiliario moderno para potenciar la formaci\u00f3n de los estudiantes de Refrigeraci\u00f3n. Daikin asumi\u00f3 la instalaci\u00f3n del aula en la Direcci\u00f3n Regional Metropolitana\u2026","rel":"","context":"En \u00abNACIONALES\u00bb","block_context":{"text":"NACIONALES","link":"https:\/\/lasprimeras.com.do\/index.php\/category\/nacionales\/"},"img":{"alt_text":"","src":"https:\/\/i0.wp.com\/lasprimeras.com.do\/wp-content\/uploads\/2025\/01\/Daikin-Latam.jpg?resize=350%2C200&ssl=1","width":350,"height":200,"srcset":"https:\/\/i0.wp.com\/lasprimeras.com.do\/wp-content\/uploads\/2025\/01\/Daikin-Latam.jpg?resize=350%2C200&ssl=1 1x, https:\/\/i0.wp.com\/lasprimeras.com.do\/wp-content\/uploads\/2025\/01\/Daikin-Latam.jpg?resize=525%2C300&ssl=1 1.5x"},"classes":[]},{"id":104079,"url":"https:\/\/lasprimeras.com.do\/index.php\/2025\/07\/21\/infotep-y-spain-business-school-de-madrid-firman-acuerdo-para-fortalecer-la-formacion-de-los-dominicanos\/","url_meta":{"origin":105845,"position":1},"title":"INFOTEP y Spain Business School de Madrid firman acuerdo para fortalecer la formaci\u00f3n de los dominicanos","author":"Nelson Feliz","date":"21 de julio de 2025","format":false,"excerpt":"\u00b7 La alianza beneficiar\u00e1 a residentes dominicanos en Espa\u00f1a y fomentar\u00e1 programas conjuntos de capacitaci\u00f3n, certificaci\u00f3n internacional y movilidad acad\u00e9mica. Madrid, Espa\u00f1a. -El Instituto Nacional de Formaci\u00f3n T\u00e9cnico Profesional (INFOTEP) y la Spain Business School (SBS) firmaron un Memor\u00e1ndum de Entendimiento que marca el inicio de una alianza estrat\u00e9gica orientada\u2026","rel":"","context":"En \u00abINTERNACIONALES\u00bb","block_context":{"text":"INTERNACIONALES","link":"https:\/\/lasprimeras.com.do\/index.php\/category\/sin-categoria\/internacionales\/"},"img":{"alt_text":"","src":"https:\/\/i0.wp.com\/lasprimeras.com.do\/wp-content\/uploads\/2025\/07\/info.jpg?resize=350%2C200&ssl=1","width":350,"height":200,"srcset":"https:\/\/i0.wp.com\/lasprimeras.com.do\/wp-content\/uploads\/2025\/07\/info.jpg?resize=350%2C200&ssl=1 1x, https:\/\/i0.wp.com\/lasprimeras.com.do\/wp-content\/uploads\/2025\/07\/info.jpg?resize=525%2C300&ssl=1 1.5x, https:\/\/i0.wp.com\/lasprimeras.com.do\/wp-content\/uploads\/2025\/07\/info.jpg?resize=700%2C400&ssl=1 2x"},"classes":[]},{"id":109608,"url":"https:\/\/lasprimeras.com.do\/index.php\/2025\/09\/19\/infotep-consolida-su-liderazgo-con-certificacion-de-calidad-mundial-iso-90012015\/","url_meta":{"origin":105845,"position":2},"title":"INFOTEP consolida su liderazgo con certificaci\u00f3n de calidad mundial ISO 9001:2015","author":"Nelson Feliz","date":"19 de septiembre de 2025","format":false,"excerpt":"\u00b7 Firma internacional de Panam\u00e1 reconoce cumplimiento de norma por m\u00e1s de 20 a\u00f1os El Instituto Nacional de Formaci\u00f3n T\u00e9cnico Profesional (INFOTEP) fue reconocido por mantener la certificaci\u00f3n bajo la norma internacional ISO 9001:2015, que establece los requisitos que debe cumplir un Sistema de Gesti\u00f3n de la Calidad (SGC) a\u2026","rel":"","context":"En \u00abNACIONALES\u00bb","block_context":{"text":"NACIONALES","link":"https:\/\/lasprimeras.com.do\/index.php\/category\/nacionales\/"},"img":{"alt_text":"","src":"https:\/\/i0.wp.com\/lasprimeras.com.do\/wp-content\/uploads\/2025\/09\/INFOTEP-2.jpg?resize=350%2C200&ssl=1","width":350,"height":200,"srcset":"https:\/\/i0.wp.com\/lasprimeras.com.do\/wp-content\/uploads\/2025\/09\/INFOTEP-2.jpg?resize=350%2C200&ssl=1 1x, https:\/\/i0.wp.com\/lasprimeras.com.do\/wp-content\/uploads\/2025\/09\/INFOTEP-2.jpg?resize=525%2C300&ssl=1 1.5x, https:\/\/i0.wp.com\/lasprimeras.com.do\/wp-content\/uploads\/2025\/09\/INFOTEP-2.jpg?resize=700%2C400&ssl=1 2x"},"classes":[]},{"id":102792,"url":"https:\/\/lasprimeras.com.do\/index.php\/2025\/07\/08\/senado-e-infotep-formalizan-acuerdo-para-robustecer-la-formacion-institucional\/","url_meta":{"origin":105845,"position":3},"title":"Senado e INFOTEP formalizan acuerdo para robustecer la formaci\u00f3n institucional","author":"Nelson Feliz","date":"8 de julio de 2025","format":false,"excerpt":"\u2022La C\u00e1mara Alta y el \u00f3rgano rector de la formaci\u00f3n t\u00e9cnico profesional unen esfuerzos para capacitar a senadores y su personal en \u00e1reas estrat\u00e9gicas. El Senado de la Rep\u00fablica y el Instituto Nacional de Formaci\u00f3n T\u00e9cnico Profesional (INFOTEP) firmaron un acuerdo de colaboraci\u00f3n interinstitucional dirigido a los legisladores y colaboradores\u2026","rel":"","context":"En \u00abNACIONALES\u00bb","block_context":{"text":"NACIONALES","link":"https:\/\/lasprimeras.com.do\/index.php\/category\/nacionales\/"},"img":{"alt_text":"","src":"https:\/\/i0.wp.com\/lasprimeras.com.do\/wp-content\/uploads\/2025\/07\/Ricardo-de-los-Santos-y-Rafael-Santos-Badia-1.jpg?resize=350%2C200&ssl=1","width":350,"height":200,"srcset":"https:\/\/i0.wp.com\/lasprimeras.com.do\/wp-content\/uploads\/2025\/07\/Ricardo-de-los-Santos-y-Rafael-Santos-Badia-1.jpg?resize=350%2C200&ssl=1 1x, https:\/\/i0.wp.com\/lasprimeras.com.do\/wp-content\/uploads\/2025\/07\/Ricardo-de-los-Santos-y-Rafael-Santos-Badia-1.jpg?resize=525%2C300&ssl=1 1.5x, https:\/\/i0.wp.com\/lasprimeras.com.do\/wp-content\/uploads\/2025\/07\/Ricardo-de-los-Santos-y-Rafael-Santos-Badia-1.jpg?resize=700%2C400&ssl=1 2x"},"classes":[]},{"id":85982,"url":"https:\/\/lasprimeras.com.do\/index.php\/2024\/07\/14\/infotep-prepara-competidores-para-worldskills-internacional\/","url_meta":{"origin":105845,"position":4},"title":"INFOTEP prepara competidores para WorldSkills Internacional","author":"Nelson Feliz","date":"14 de julio de 2024","format":false,"excerpt":"El Instituto Nacional de Formaci\u00f3n T\u00e9cnico Profesional (INFOTEP) celebra el D\u00eda Mundial de las Habilidades de la Juventud, auspiciando la participaci\u00f3n de cuatro de sus participantes en la competici\u00f3n internacional WorldSkills, Lyon, en Francia, donde mil 500 competidores de m\u00e1s de 65 pa\u00edses mostrar\u00e1n sus destrezas en 64 habilidades t\u00e9cnicas.\u2026","rel":"","context":"En \u00abNACIONALES\u00bb","block_context":{"text":"NACIONALES","link":"https:\/\/lasprimeras.com.do\/index.php\/category\/nacionales\/"},"img":{"alt_text":"","src":"https:\/\/i0.wp.com\/lasprimeras.com.do\/wp-content\/uploads\/2024\/07\/Rafael-Santos-Badia.jpg?resize=350%2C200&ssl=1","width":350,"height":200,"srcset":"https:\/\/i0.wp.com\/lasprimeras.com.do\/wp-content\/uploads\/2024\/07\/Rafael-Santos-Badia.jpg?resize=350%2C200&ssl=1 1x, https:\/\/i0.wp.com\/lasprimeras.com.do\/wp-content\/uploads\/2024\/07\/Rafael-Santos-Badia.jpg?resize=525%2C300&ssl=1 1.5x"},"classes":[]},{"id":126939,"url":"https:\/\/lasprimeras.com.do\/index.php\/2026\/04\/07\/infotep-consolida-oferta-formativa-para-periodistas\/","url_meta":{"origin":105845,"position":5},"title":"Infotep consolida oferta formativa para periodistas","author":"Nelson Feliz","date":"7 de abril de 2026","format":false,"excerpt":"En los \u00faltimos cinco a\u00f1os, la instituci\u00f3n ha desarrollado 135 acciones formativas que han impactado a periodistas y comunicadores en todo el pa\u00eds. En el D\u00eda Nacional del Periodista Dominicano, Maira Morla Pineda, directora de Infotep, reafirm\u00f3 el compromiso institucional con la capacitaci\u00f3n del sector. Destac\u00f3 la importancia de fortalecer\u2026","rel":"","context":"En \u00abNACIONALES\u00bb","block_context":{"text":"NACIONALES","link":"https:\/\/lasprimeras.com.do\/index.php\/category\/nacionales\/"},"img":{"alt_text":"Maira Morla Pineda","src":"https:\/\/i0.wp.com\/lasprimeras.com.do\/wp-content\/uploads\/2026\/04\/Maira-Morla-Pineda.jpg?resize=350%2C200&ssl=1","width":350,"height":200,"srcset":"https:\/\/i0.wp.com\/lasprimeras.com.do\/wp-content\/uploads\/2026\/04\/Maira-Morla-Pineda.jpg?resize=350%2C200&ssl=1 1x, https:\/\/i0.wp.com\/lasprimeras.com.do\/wp-content\/uploads\/2026\/04\/Maira-Morla-Pineda.jpg?resize=525%2C300&ssl=1 1.5x, https:\/\/i0.wp.com\/lasprimeras.com.do\/wp-content\/uploads\/2026\/04\/Maira-Morla-Pineda.jpg?resize=700%2C400&ssl=1 2x"},"classes":[]}],"jetpack_sharing_enabled":true,"_links":{"self":[{"href":"https:\/\/lasprimeras.com.do\/index.php\/wp-json\/wp\/v2\/posts\/105845","targetHints":{"allow":["GET"]}}],"collection":[{"href":"https:\/\/lasprimeras.com.do\/index.php\/wp-json\/wp\/v2\/posts"}],"about":[{"href":"https:\/\/lasprimeras.com.do\/index.php\/wp-json\/wp\/v2\/types\/post"}],"author":[{"embeddable":true,"href":"https:\/\/lasprimeras.com.do\/index.php\/wp-json\/wp\/v2\/users\/10"}],"replies":[{"embeddable":true,"href":"https:\/\/lasprimeras.com.do\/index.php\/wp-json\/wp\/v2\/comments?post=105845"}],"version-history":[{"count":1,"href":"https:\/\/lasprimeras.com.do\/index.php\/wp-json\/wp\/v2\/posts\/105845\/revisions"}],"predecessor-version":[{"id":105848,"href":"https:\/\/lasprimeras.com.do\/index.php\/wp-json\/wp\/v2\/posts\/105845\/revisions\/105848"}],"wp:featuredmedia":[{"embeddable":true,"href":"https:\/\/lasprimeras.com.do\/index.php\/wp-json\/wp\/v2\/media\/105847"}],"wp:attachment":[{"href":"https:\/\/lasprimeras.com.do\/index.php\/wp-json\/wp\/v2\/media?parent=105845"}],"wp:term":[{"taxonomy":"category","embeddable":true,"href":"https:\/\/lasprimeras.com.do\/index.php\/wp-json\/wp\/v2\/categories?post=105845"},{"taxonomy":"post_tag","embeddable":true,"href":"https:\/\/lasprimeras.com.do\/index.php\/wp-json\/wp\/v2\/tags?post=105845"}],"curies":[{"name":"wp","href":"https:\/\/api.w.org\/{rel}","templated":true}]}}