{"id":105856,"date":"2025-08-07T21:16:30","date_gmt":"2025-08-08T01:16:30","guid":{"rendered":"https:\/\/lasprimeras.com.do\/?p=105856"},"modified":"2025-08-07T21:16:32","modified_gmt":"2025-08-08T01:16:32","slug":"director-de-los-comedores-economicos-recibe-visita-de-cortesia-de-embajador-de-la-republica-popular-china","status":"publish","type":"post","link":"https:\/\/lasprimeras.com.do\/index.php\/2025\/08\/07\/director-de-los-comedores-economicos-recibe-visita-de-cortesia-de-embajador-de-la-republica-popular-china\/","title":{"rendered":"Director de los Comedores Econ\u00f3micos recibe visita de cortes\u00eda de embajador de la Rep\u00fablica Popular China"},"content":{"rendered":"\n<p><strong>Edgar Augusto F\u00e9liz M\u00e9ndez y el diplom\u00e1tico Chen Luning, conversaron sobre la operatividad de los Comedores Econ\u00f3micos y su impacto en la poblaci\u00f3n m\u00e1s vulnerable del pa\u00eds.<\/strong><\/p>\n\n\n\n<p>El director general de Comedores Econ\u00f3micos del Estado Dominicano, Edgar Augusto F\u00e9liz M\u00e9ndez, recibi\u00f3 la visita de cortes\u00eda del embajador de la Rep\u00fablica Popular China en el pa\u00eds, Chen Luning, donde ambas autoridades intercambiaron impresiones sobre la operatividad de la instituci\u00f3n de servicio social y su impacto en la poblaci\u00f3n m\u00e1s vulnerable de la Rep\u00fablica Dominicana.<\/p>\n\n\n\n<p>Durante el encuentro, celebrado en la sede de Comedores Econ\u00f3micos, el embajador Chen Luning expres\u00f3 su entusiasmo por el modelo de asistencia social que brinda el gobierno a trav\u00e9s de Comedores Econ\u00f3micos como mecanismo para asegurar la alimentaci\u00f3n a la poblaci\u00f3n m\u00e1s vulnerable y la erradicaci\u00f3n del hambre en el pa\u00eds, considerando que es un eje estrat\u00e9gico para el desarrollo de la naci\u00f3n dominicana.<\/p>\n\n\n\n<p>\u201cNo he visto en otros pa\u00edses de Am\u00e9rica Latina una instituci\u00f3n como esta, por eso aqu\u00ed hay avance significativo en la erradicaci\u00f3n del hambre\u201d, expres\u00f3 el funcionario diplom\u00e1tico.<br>Consider\u00f3 que la Rep\u00fablica Dominicana es el pa\u00eds con mayor estabilidad de la regi\u00f3n.<br>\u201cPara m\u00ed la Rep\u00fablica Dominicana es el pa\u00eds m\u00e1s estable de Am\u00e9rica Latina y el Caribe\u201d se\u00f1al\u00f3.<\/p>\n\n\n\n<p>Adem\u00e1s, las partes intercambiaron sus perspectivas sobre los principales aspectos que identifican ambos pa\u00edses entre otros temas de inter\u00e9s.<\/p>\n\n\n\n<p>De su lado, el director general de Comedores Econ\u00f3micos del Estado Dominicano (CEED), Edgar Augusto F\u00e9liz M\u00e9ndez, destac\u00f3 las excelentes relaciones diplom\u00e1ticas entre China y Rep\u00fablica Dominicana.<\/p>\n\n\n\n<p>\u201cEste productivo encuentro fortalece los lazos bilaterales y nos permite explorar oportunidades de cooperaci\u00f3n que impulsen la mejora de la poblaci\u00f3n vulnerable del pa\u00eds\u201d, destac\u00f3 F\u00e9liz M\u00e9ndez.<\/p>\n\n\n\n<p>Durante esta visita de cortes\u00eda, el embajador Luning y sus acompa\u00f1antes, participaron en una reuni\u00f3n con el equipo directivo de CEED, en la que a trav\u00e9s de una presentaci\u00f3n conocieron la operatividad de la instituci\u00f3n, como son: almacenamiento de las provisiones, proceso de cocci\u00f3n de los alimentos, log\u00edstica de reparto, servicios a los usuarios, despacho de mercanc\u00eda al interior, operativo de entrega de kits de raciones crudas y los distintos programas que se realizan.<\/p>\n\n\n\n<p>As\u00ed mismo, le fue mostrada una cocina m\u00f3vil, mientras recib\u00eda explicaciones sobre su funcionamiento.<\/p>\n","protected":false},"excerpt":{"rendered":"<p>Edgar Augusto F\u00e9liz M\u00e9ndez y el diplom\u00e1tico Chen Luning, conversaron sobre la operatividad de los Comedores Econ\u00f3micos y su impacto en la poblaci\u00f3n m\u00e1s vulnerable del pa\u00eds. El director general&hellip;<\/p>\n","protected":false},"author":10,"featured_media":105857,"comment_status":"open","ping_status":"open","sticky":false,"template":"","format":"standard","meta":{"content-type":"","jetpack_post_was_ever_published":false,"_jetpack_newsletter_access":"","_jetpack_dont_email_post_to_subs":false,"_jetpack_newsletter_tier_id":0,"_jetpack_memberships_contains_paywalled_content":false,"_jetpack_memberships_contains_paid_content":false,"footnotes":""},"categories":[35,25],"tags":[9438,10230,247,2016,17902,843],"class_list":["post-105856","post","type-post","status-publish","format-standard","has-post-thumbnail","hentry","category-nacionales","category-portada","tag-comedores-economicos","tag-cortesia","tag-director","tag-embajador","tag-republica-popular-china","tag-visita"],"jetpack_featured_media_url":"https:\/\/lasprimeras.com.do\/wp-content\/uploads\/2025\/08\/edgar.jpg","jetpack-related-posts":[{"id":59901,"url":"https:\/\/lasprimeras.com.do\/index.php\/2023\/09\/08\/sanz-lovaton-recibe-visita-del-embajador-de-la-republica-popular-china-en-el-pais\/","url_meta":{"origin":105856,"position":0},"title":"Sanz Lovat\u00f3n recibe visita del embajador de la Rep\u00fablica Popular China en el pa\u00eds","author":"Nelson Feliz","date":"8 de septiembre de 2023","format":false,"excerpt":"Ambas autoridades conversaron sobre fortalecer los lazos y las oportunidades comerciales entre ambos pa\u00edses. El director general de Aduanas, Eduardo Sanz Lovat\u00f3n, y el embajador de la Rep\u00fablica Popular China ante la Rep\u00fablica Dominicana, Chen Luning, sostuvieron un encuentro donde conversaron sobre las oportunidades comerciales entre ambos pa\u00edses. Adem\u00e1s, se\u2026","rel":"","context":"En \u00abECONOM\u00cdA\u00bb","block_context":{"text":"ECONOM\u00cdA","link":"https:\/\/lasprimeras.com.do\/index.php\/category\/economia\/"},"img":{"alt_text":"Foto 1 El director General de Aduanas, Eduardo Sanz Lovat\u00f3n y el embajador de la Rep\u00fablica Popular Chiana, Chen Luning.","src":"https:\/\/i0.wp.com\/lasprimeras.com.do\/wp-content\/uploads\/2023\/09\/Eduardo-Sanz-Lovaton-y-Chen-Luning.jpg?resize=350%2C200&ssl=1","width":350,"height":200,"srcset":"https:\/\/i0.wp.com\/lasprimeras.com.do\/wp-content\/uploads\/2023\/09\/Eduardo-Sanz-Lovaton-y-Chen-Luning.jpg?resize=350%2C200&ssl=1 1x, https:\/\/i0.wp.com\/lasprimeras.com.do\/wp-content\/uploads\/2023\/09\/Eduardo-Sanz-Lovaton-y-Chen-Luning.jpg?resize=525%2C300&ssl=1 1.5x, https:\/\/i0.wp.com\/lasprimeras.com.do\/wp-content\/uploads\/2023\/09\/Eduardo-Sanz-Lovaton-y-Chen-Luning.jpg?resize=700%2C400&ssl=1 2x"},"classes":[]},{"id":54486,"url":"https:\/\/lasprimeras.com.do\/index.php\/2023\/07\/11\/china-promete-contribuir-fortalecer-turismo-jarabacoa\/","url_meta":{"origin":105856,"position":1},"title":"China promete contribuir fortalecer turismo Jarabacoa","author":"Nelson Feliz","date":"11 de julio de 2023","format":false,"excerpt":"China prometi\u00f3 contribuir con el crecimiento social y econ\u00f3mico del municipio de Jarabacoa para fortalecer el turismo de monta\u00f1a y preservar el medio ambiente y los recursos naturales. Chen Luning, embajador de China en el pa\u00eds, hizo la promesa durante una visita a esta ciudad invitado por el Consejo de\u2026","rel":"","context":"En \u00abPORTADA\u00bb","block_context":{"text":"PORTADA","link":"https:\/\/lasprimeras.com.do\/index.php\/category\/portada\/"},"img":{"alt_text":"El embajador de China, Chen Luning y Jos\u00e9 A. Tejeda, presidente del Consejo de Apoyo a Jarabacoa","src":"https:\/\/i0.wp.com\/lasprimeras.com.do\/wp-content\/uploads\/2023\/07\/Chen-Luning-y-Jose-A.-Tejeda.jpg?resize=350%2C200&ssl=1","width":350,"height":200,"srcset":"https:\/\/i0.wp.com\/lasprimeras.com.do\/wp-content\/uploads\/2023\/07\/Chen-Luning-y-Jose-A.-Tejeda.jpg?resize=350%2C200&ssl=1 1x, https:\/\/i0.wp.com\/lasprimeras.com.do\/wp-content\/uploads\/2023\/07\/Chen-Luning-y-Jose-A.-Tejeda.jpg?resize=525%2C300&ssl=1 1.5x, https:\/\/i0.wp.com\/lasprimeras.com.do\/wp-content\/uploads\/2023\/07\/Chen-Luning-y-Jose-A.-Tejeda.jpg?resize=700%2C400&ssl=1 2x"},"classes":[]},{"id":111576,"url":"https:\/\/lasprimeras.com.do\/index.php\/2025\/10\/10\/edgar-a-feliz-mendez-asume-nuevas-funciones-como-director-de-asistencia-social-y-alimentacion-comunitaria\/","url_meta":{"origin":105856,"position":2},"title":"Edgar A. F\u00e9liz M\u00e9ndez asume nuevas funciones como director de Asistencia Social y Alimentaci\u00f3n Comunitaria","author":"Nelson Feliz","date":"10 de octubre de 2025","format":false,"excerpt":"Edgar Augusto F\u00e9liz M\u00e9ndez asume Direcci\u00f3n de Asistencia Social y Alimentaci\u00f3n Comunitaria con el compromiso de seguir trabajando por mejorar la calidad de vida de la poblaci\u00f3n m\u00e1s vulnerable del pa\u00eds. Mediante el Decreto n\u00fam. 597-25, el presidente Luis Abinader Corona design\u00f3 a Edgar Augusto F\u00e9liz M\u00e9ndez como titular de\u2026","rel":"","context":"En \u00abNACIONALES\u00bb","block_context":{"text":"NACIONALES","link":"https:\/\/lasprimeras.com.do\/index.php\/category\/nacionales\/"},"img":{"alt_text":"Edgar A. F\u00e9liz M\u00e9ndez","src":"https:\/\/i0.wp.com\/lasprimeras.com.do\/wp-content\/uploads\/2025\/10\/Edgar-A.-Feliz-Mendez.jpg?resize=350%2C200&ssl=1","width":350,"height":200,"srcset":"https:\/\/i0.wp.com\/lasprimeras.com.do\/wp-content\/uploads\/2025\/10\/Edgar-A.-Feliz-Mendez.jpg?resize=350%2C200&ssl=1 1x, https:\/\/i0.wp.com\/lasprimeras.com.do\/wp-content\/uploads\/2025\/10\/Edgar-A.-Feliz-Mendez.jpg?resize=525%2C300&ssl=1 1.5x, https:\/\/i0.wp.com\/lasprimeras.com.do\/wp-content\/uploads\/2025\/10\/Edgar-A.-Feliz-Mendez.jpg?resize=700%2C400&ssl=1 2x"},"classes":[]},{"id":109758,"url":"https:\/\/lasprimeras.com.do\/index.php\/2025\/09\/22\/abinader-inaugura-de-manera-simultanea-13-nuevos-comedores-ubicados-en-diferentes-comunidades\/","url_meta":{"origin":105856,"position":3},"title":"Abinader inaugura de manera simult\u00e1nea 13 nuevos comedores ubicados en diferentes comunidades","author":"Nelson Feliz","date":"22 de septiembre de 2025","format":false,"excerpt":"\u201cEste ha sido un hito sin precedentes. Con la ampliaci\u00f3n de los servicios de Comedores Econ\u00f3micos, este gobierno ha logrado niveles hist\u00f3ricos en seguridad alimentaria, reafirmando el compromiso de avanzar hacia la meta de declarar la Rep\u00fablica Dominicana como un pa\u00eds con Hambre Cero\u201d, resalt\u00f3 el mandatario. El presidente de\u2026","rel":"","context":"En \u00abNACIONALES\u00bb","block_context":{"text":"NACIONALES","link":"https:\/\/lasprimeras.com.do\/index.php\/category\/nacionales\/"},"img":{"alt_text":"","src":"https:\/\/i0.wp.com\/lasprimeras.com.do\/wp-content\/uploads\/2025\/09\/Luis-Abinader-4.jpg?resize=350%2C200&ssl=1","width":350,"height":200,"srcset":"https:\/\/i0.wp.com\/lasprimeras.com.do\/wp-content\/uploads\/2025\/09\/Luis-Abinader-4.jpg?resize=350%2C200&ssl=1 1x, https:\/\/i0.wp.com\/lasprimeras.com.do\/wp-content\/uploads\/2025\/09\/Luis-Abinader-4.jpg?resize=525%2C300&ssl=1 1.5x, https:\/\/i0.wp.com\/lasprimeras.com.do\/wp-content\/uploads\/2025\/09\/Luis-Abinader-4.jpg?resize=700%2C400&ssl=1 2x"},"classes":[]},{"id":104390,"url":"https:\/\/lasprimeras.com.do\/index.php\/2025\/07\/23\/directores-de-comedores-economicos-y-hogar-crea-firman-acuerdo-interinstitucional\/","url_meta":{"origin":105856,"position":4},"title":"Directores de Comedores Econ\u00f3micos y Hogar Crea firman acuerdo interinstitucional","author":"Nelson Feliz","date":"23 de julio de 2025","format":false,"excerpt":"Mediante el presente acuerdo, Comedores Econ\u00f3micos del Estado Dominicano (CEED), se compromete a promover una alimentaci\u00f3n sana y efectiva con los nutrientes, vitaminas y minerales adecuados para la conservaci\u00f3n de la salud f\u00edsica de los internos. El director general de Comedores Econ\u00f3micos del Estado Dominicano (CEED) y el director ejecutivo\u2026","rel":"","context":"En \u00abECONOM\u00cdA\u00bb","block_context":{"text":"ECONOM\u00cdA","link":"https:\/\/lasprimeras.com.do\/index.php\/category\/economia\/"},"img":{"alt_text":"","src":"https:\/\/i0.wp.com\/lasprimeras.com.do\/wp-content\/uploads\/2025\/07\/COMEDORES-1.jpg?resize=350%2C200&ssl=1","width":350,"height":200,"srcset":"https:\/\/i0.wp.com\/lasprimeras.com.do\/wp-content\/uploads\/2025\/07\/COMEDORES-1.jpg?resize=350%2C200&ssl=1 1x, https:\/\/i0.wp.com\/lasprimeras.com.do\/wp-content\/uploads\/2025\/07\/COMEDORES-1.jpg?resize=525%2C300&ssl=1 1.5x, https:\/\/i0.wp.com\/lasprimeras.com.do\/wp-content\/uploads\/2025\/07\/COMEDORES-1.jpg?resize=700%2C400&ssl=1 2x"},"classes":[]},{"id":102512,"url":"https:\/\/lasprimeras.com.do\/index.php\/2025\/07\/06\/gobierno-en-la-provincia-llega-a-dajabon-para-fortalecer-vinculos-con-las-comunidades\/","url_meta":{"origin":105856,"position":5},"title":"Gobierno en la Provincia llega a Dajab\u00f3n para fortalecer v\u00ednculos con las comunidades","author":"Nelson Feliz","date":"6 de julio de 2025","format":false,"excerpt":"Edgar Augusto F\u00e9liz M\u00e9ndez, destac\u00f3 que el gobierno del presidente de la Rep\u00fablica, Luis Abinader Corona, ha ejecutado decenas de obras en la provincia de Dajab\u00f3n, impactando positivamente a miles de ciudadanos y elevando su calidad de vida. En una nueva fase de la iniciativa nacional \"El Gobierno en la\u2026","rel":"","context":"En \u00abNACIONALES\u00bb","block_context":{"text":"NACIONALES","link":"https:\/\/lasprimeras.com.do\/index.php\/category\/nacionales\/"},"img":{"alt_text":"","src":"https:\/\/i0.wp.com\/lasprimeras.com.do\/wp-content\/uploads\/2025\/07\/Edgar-Augusto-Feliz-M.jpg?resize=350%2C200&ssl=1","width":350,"height":200,"srcset":"https:\/\/i0.wp.com\/lasprimeras.com.do\/wp-content\/uploads\/2025\/07\/Edgar-Augusto-Feliz-M.jpg?resize=350%2C200&ssl=1 1x, https:\/\/i0.wp.com\/lasprimeras.com.do\/wp-content\/uploads\/2025\/07\/Edgar-Augusto-Feliz-M.jpg?resize=525%2C300&ssl=1 1.5x, https:\/\/i0.wp.com\/lasprimeras.com.do\/wp-content\/uploads\/2025\/07\/Edgar-Augusto-Feliz-M.jpg?resize=700%2C400&ssl=1 2x"},"classes":[]}],"jetpack_sharing_enabled":true,"_links":{"self":[{"href":"https:\/\/lasprimeras.com.do\/index.php\/wp-json\/wp\/v2\/posts\/105856","targetHints":{"allow":["GET"]}}],"collection":[{"href":"https:\/\/lasprimeras.com.do\/index.php\/wp-json\/wp\/v2\/posts"}],"about":[{"href":"https:\/\/lasprimeras.com.do\/index.php\/wp-json\/wp\/v2\/types\/post"}],"author":[{"embeddable":true,"href":"https:\/\/lasprimeras.com.do\/index.php\/wp-json\/wp\/v2\/users\/10"}],"replies":[{"embeddable":true,"href":"https:\/\/lasprimeras.com.do\/index.php\/wp-json\/wp\/v2\/comments?post=105856"}],"version-history":[{"count":1,"href":"https:\/\/lasprimeras.com.do\/index.php\/wp-json\/wp\/v2\/posts\/105856\/revisions"}],"predecessor-version":[{"id":105858,"href":"https:\/\/lasprimeras.com.do\/index.php\/wp-json\/wp\/v2\/posts\/105856\/revisions\/105858"}],"wp:featuredmedia":[{"embeddable":true,"href":"https:\/\/lasprimeras.com.do\/index.php\/wp-json\/wp\/v2\/media\/105857"}],"wp:attachment":[{"href":"https:\/\/lasprimeras.com.do\/index.php\/wp-json\/wp\/v2\/media?parent=105856"}],"wp:term":[{"taxonomy":"category","embeddable":true,"href":"https:\/\/lasprimeras.com.do\/index.php\/wp-json\/wp\/v2\/categories?post=105856"},{"taxonomy":"post_tag","embeddable":true,"href":"https:\/\/lasprimeras.com.do\/index.php\/wp-json\/wp\/v2\/tags?post=105856"}],"curies":[{"name":"wp","href":"https:\/\/api.w.org\/{rel}","templated":true}]}}