{"id":105884,"date":"2025-08-08T07:15:24","date_gmt":"2025-08-08T11:15:24","guid":{"rendered":"https:\/\/lasprimeras.com.do\/?p=105884"},"modified":"2025-08-08T07:15:25","modified_gmt":"2025-08-08T11:15:25","slug":"gobierno-sostiene-dialogo-con-mipymes-para-impulsar-el-tejido-productivo-nacional","status":"publish","type":"post","link":"https:\/\/lasprimeras.com.do\/index.php\/2025\/08\/08\/gobierno-sostiene-dialogo-con-mipymes-para-impulsar-el-tejido-productivo-nacional\/","title":{"rendered":"Gobierno sostiene di\u00e1logo con mipymes para impulsar el tejido productivo nacional"},"content":{"rendered":"\n<p class=\"wp-block-paragraph\"><strong>Mag\u00edn D\u00edaz e Ito Bison\u00f3 reafirmaron su compromiso de articular pol\u00edticas p\u00fablicas que promuevan el crecimiento y sostenibilidad de las Mipymes<\/strong><\/p>\n\n\n\n<p class=\"wp-block-paragraph\">Los ministros de Hacienda y Econom\u00eda (MHE), Mag\u00edn D\u00edaz, y de Industria, Comercio y Mipymes (MICM), V\u00edctor -Ito- Bison\u00f3, sostuvieron un encuentro con representantes del sector Mipymes a nivel nacional, como parte del compromiso del Gobierno con el di\u00e1logo permanente y el fortalecimiento del aparato productivo del pa\u00eds.<\/p>\n\n\n\n<p class=\"wp-block-paragraph\">Con esta reuni\u00f3n, ambos funcionarios buscan seguir promoviendo un entorno favorable para el crecimiento y la consolidaci\u00f3n de las micro, peque\u00f1as y medianas empresas, reconociendo su papel fundamental en la dinamizaci\u00f3n de la econom\u00eda nacional y en la generaci\u00f3n de empleos.<\/p>\n\n\n\n<p class=\"wp-block-paragraph\">Durante el encuentro, celebrado en la sede del MICM, los ministros escucharon propuestas y preocupaciones del sector sobre temas clave para su desarrollo, reiterando la voluntad del Gobierno de seguir articulando esfuerzos que faciliten el acceso a financiamiento, mejoren las condiciones para operar y fortalezcan la capacidad productiva de las Mipymes, que representan el 89.5 % del tejido productivo nacional.<\/p>\n\n\n\n<p class=\"wp-block-paragraph\">El ministro Mag\u00edn D\u00edaz destac\u00f3 que el desarrollo de las Mipymes es una prioridad para la pol\u00edtica econ\u00f3mica del Gobierno, y asegur\u00f3 que desde el Ministerio de Hacienda y Econom\u00eda se trabajar\u00e1 estrechamente con el MICM para alinear acciones, recursos e iniciativas que impulsen la sostenibilidad y el crecimiento de este sector.<\/p>\n\n\n\n<p class=\"wp-block-paragraph\">\u201cEstoy convencido de que podemos desarrollar iniciativas concretas de pol\u00edtica p\u00fablica que fortalezcan y complementen los esfuerzos que ustedes ya vienen realizando. Desde hoy, reitero mi disposici\u00f3n de colaboraci\u00f3n y dejo formalmente abierto este canal de trabajo conjunto\u201d, expres\u00f3 el ministro D\u00edaz.<\/p>\n\n\n\n<p class=\"wp-block-paragraph\">De su lado, el ministro Ito Bison\u00f3 asegur\u00f3 que este tipo de espacios reafirman la visi\u00f3n del gobierno de trabajar mano a mano con los sectores productivos nacionales. <\/p>\n\n\n\n<p class=\"wp-block-paragraph\">\u201cLas mipymes son el coraz\u00f3n de la econom\u00eda dominicana. Desde el Gobierno estamos comprometidos con fomentarlas y garantizar que cuenten con el apoyo necesario para superar retos, crecer y generar empleo en todo el pa\u00eds\u201d, expres\u00f3.<\/p>\n\n\n\n<p class=\"wp-block-paragraph\">Ambos funcionarios se comprometieron a mantener un canal de comunicaci\u00f3n directo y permanente con los actores de este sector y con otros componentes clave del aparato productivo nacional, como parte de una estrategia integral de desarrollo econ\u00f3mico con visi\u00f3n territorial e inclusiva.<\/p>\n\n\n\n<p class=\"wp-block-paragraph\">Los representantes de las Mipymes valoraron la apertura y el acercamiento mostrado por el Gobierno y aprovecharon el encuentro para manifestar sus principales necesidades y desaf\u00edos, reafirmando su disposici\u00f3n de seguir colaborando en la construcci\u00f3n de soluciones conjuntas.<\/p>\n\n\n\n<p class=\"wp-block-paragraph\">En el encuentro participaron, adem\u00e1s, los viceministros de Comercio Interno del MICM, Ram\u00f3n P\u00e9rez Ferm\u00edn; de Fomento a las Mipymes, Jorge Guillermo Morales Paulino; y de Desarrollo Industrial, Gianna Franjul, as\u00ed como el director de Promipyme, Fabricio G\u00f3mez Mazara.Por parte del sector Mipymes, estuvieron presentes representantes de 22 entidades, entre ellas: la Confederaci\u00f3n Dominicana de la Micro, Peque\u00f1a y Mediana Empresa (CODOPYME), la Federaci\u00f3n Nacional de Comerciantes y Empresarios de la Rep\u00fablica Dominicana (FENACERD), y el Consejo Nacional de Comerciantes y Empresarios de la Rep\u00fablica Dominicana (CONACERD), entre otras.<\/p>\n","protected":false},"excerpt":{"rendered":"<p>Mag\u00edn D\u00edaz e Ito Bison\u00f3 reafirmaron su compromiso de articular pol\u00edticas p\u00fablicas que promuevan el crecimiento y sostenibilidad de las Mipymes Los ministros de Hacienda y Econom\u00eda (MHE), Mag\u00edn D\u00edaz,&hellip;<\/p>\n","protected":false},"author":10,"featured_media":105885,"comment_status":"open","ping_status":"open","sticky":false,"template":"","format":"standard","meta":{"content-type":"","_jetpack_newsletter_access":"","_jetpack_dont_email_post_to_subs":false,"_jetpack_newsletter_tier_id":0,"_jetpack_memberships_contains_paywalled_content":false,"_jetpack_feature_clip_id":0,"_jetpack_memberships_contains_paid_content":false,"footnotes":"","jetpack_post_was_ever_published":false},"categories":[39,25],"tags":[1220,171,4791,799,172,1905,2257,1947,12353],"class_list":["post-105884","post","type-post","status-publish","format-standard","has-post-thumbnail","hentry","category-economia","category-portada","tag-dialogo","tag-gobierno","tag-impulsar","tag-mipymes","tag-nacional","tag-politicas","tag-productivo","tag-publicas","tag-tejido"],"jetpack-related-posts":[{"id":105890,"url":"https:\/\/lasprimeras.com.do\/index.php\/2025\/08\/08\/magin-diaz-se-reune-con-lideres-empresariales-para-fortalecer-la-confianza-y-el-crecimiento-economico\/","url_meta":{"origin":105884,"position":0},"title":"Mag\u00edn D\u00edaz se re\u00fane con l\u00edderes empresariales para fortalecer la confianza y el crecimiento econ\u00f3mico","author":"Nelson Feliz","date":"8 de agosto de 2025","format":false,"excerpt":"Valoran la apertura y transparencia del ministro de Hacienda y Econom\u00eda. El ministro de Hacienda y Econom\u00eda, Mag\u00edn D\u00edaz, sostuvo este jueves un encuentro con un grupo de destacados l\u00edderes del empresariado nacional, con el objetivo de promover el di\u00e1logo sobre temas fiscales y financieros del Estado. La reuni\u00f3n, celebrada\u2026","rel":"","context":"En \u00abECONOM\u00cdA\u00bb","block_context":{"text":"ECONOM\u00cdA","link":"https:\/\/lasprimeras.com.do\/index.php\/category\/economia\/"},"img":{"alt_text":"","src":"https:\/\/i0.wp.com\/lasprimeras.com.do\/wp-content\/uploads\/2025\/08\/Ministro-Magin-Diaz-sostiene-dialogo-con-lideres-empresariales.jpg?resize=350%2C200&ssl=1","width":350,"height":200,"srcset":"https:\/\/i0.wp.com\/lasprimeras.com.do\/wp-content\/uploads\/2025\/08\/Ministro-Magin-Diaz-sostiene-dialogo-con-lideres-empresariales.jpg?resize=350%2C200&ssl=1 1x, https:\/\/i0.wp.com\/lasprimeras.com.do\/wp-content\/uploads\/2025\/08\/Ministro-Magin-Diaz-sostiene-dialogo-con-lideres-empresariales.jpg?resize=525%2C300&ssl=1 1.5x, https:\/\/i0.wp.com\/lasprimeras.com.do\/wp-content\/uploads\/2025\/08\/Ministro-Magin-Diaz-sostiene-dialogo-con-lideres-empresariales.jpg?resize=700%2C400&ssl=1 2x"},"classes":[]},{"id":101366,"url":"https:\/\/lasprimeras.com.do\/index.php\/2025\/06\/20\/ito-bisono-revela-industria-local-tiene-capacidad-para-competir-en-mercados-internacionales\/","url_meta":{"origin":105884,"position":1},"title":"Ito Bison\u00f3 revela industria local tiene capacidad para competir en mercados internacionales","author":"Nelson Feliz","date":"20 de junio de 2025","format":false,"excerpt":"El ministro de Industria, Comercio y Mipymes, Victor (Ito) Bison\u00f3, expres\u00f3 que entre 2020 y 2024, el valor exportado del r\u00e9gimen nacional pas\u00f3 de 3,668 millones a 3,997 millones de d\u00f3lares, reflejando una industria local cada vez m\u00e1s activa y con mayor capacidad de competir en los mercados internacionales. \u201cAl\u2026","rel":"","context":"En \u00abECONOM\u00cdA\u00bb","block_context":{"text":"ECONOM\u00cdA","link":"https:\/\/lasprimeras.com.do\/index.php\/category\/economia\/"},"img":{"alt_text":"Ito Bison\u00f3","src":"https:\/\/i0.wp.com\/lasprimeras.com.do\/wp-content\/uploads\/2025\/06\/Ito-Bisono.jpg?resize=350%2C200&ssl=1","width":350,"height":200,"srcset":"https:\/\/i0.wp.com\/lasprimeras.com.do\/wp-content\/uploads\/2025\/06\/Ito-Bisono.jpg?resize=350%2C200&ssl=1 1x, https:\/\/i0.wp.com\/lasprimeras.com.do\/wp-content\/uploads\/2025\/06\/Ito-Bisono.jpg?resize=525%2C300&ssl=1 1.5x, https:\/\/i0.wp.com\/lasprimeras.com.do\/wp-content\/uploads\/2025\/06\/Ito-Bisono.jpg?resize=700%2C400&ssl=1 2x"},"classes":[]},{"id":119047,"url":"https:\/\/lasprimeras.com.do\/index.php\/2026\/01\/06\/abinader-designo-a-ito-bisono-como-nuevo-ministro-de-vivienda\/","url_meta":{"origin":105884,"position":2},"title":"Abinader design\u00f3 a Ito Bison\u00f3 como nuevo ministro de Vivienda","author":"Nelson Feliz","date":"6 de enero de 2026","format":false,"excerpt":"Entre la noche del lunes y el transcurso de este martes, el presidente Abinader ha realizado 10 movimientos en su tren gubernamental y se apresta a realizar m\u00e1s durante la semana. El presidente Luis Abinader design\u00f3 a V\u00edctor \u201cIto\u201d Bison\u00f3 como el nuevo ministro de Viviendas y Edificaciones, en sustituci\u00f3n\u2026","rel":"","context":"En \u00abNACIONALES\u00bb","block_context":{"text":"NACIONALES","link":"https:\/\/lasprimeras.com.do\/index.php\/category\/nacionales\/"},"img":{"alt_text":"V\u00edctor Ito Bison\u00f3","src":"https:\/\/i0.wp.com\/lasprimeras.com.do\/wp-content\/uploads\/2026\/01\/Victor-Ito-Bisono.jpeg?resize=350%2C200&ssl=1","width":350,"height":200,"srcset":"https:\/\/i0.wp.com\/lasprimeras.com.do\/wp-content\/uploads\/2026\/01\/Victor-Ito-Bisono.jpeg?resize=350%2C200&ssl=1 1x, https:\/\/i0.wp.com\/lasprimeras.com.do\/wp-content\/uploads\/2026\/01\/Victor-Ito-Bisono.jpeg?resize=525%2C300&ssl=1 1.5x, https:\/\/i0.wp.com\/lasprimeras.com.do\/wp-content\/uploads\/2026\/01\/Victor-Ito-Bisono.jpeg?resize=700%2C400&ssl=1 2x"},"classes":[]},{"id":72434,"url":"https:\/\/lasprimeras.com.do\/index.php\/2023\/12\/29\/ito-bisono-afirma-que-economia-rep-dom-va-por-camino-correcto\/","url_meta":{"origin":105884,"position":3},"title":"Ito Bison\u00f3 afirma que econom\u00eda Rep. Dom. va por camino correcto","author":"BIMARY DE JES\u00daS Matos","date":"29 de diciembre de 2023","format":false,"excerpt":"SANTO DOMINGO.- El ministro de Industria, Comercio y Mipymes, V\u00edctor (Ito) Bison\u00f3, afirm\u00f3 que los datos publicados por el Banco Central de la Rep\u00fablica Dominicana (BCRD) demuestran que el pa\u00eds avanza por el camino correcto, en medio de los desaf\u00edos globales. El BCRD dijo que la econom\u00eda registr\u00f3 un alza\u2026","rel":"","context":"En \u00abNACIONALES\u00bb","block_context":{"text":"NACIONALES","link":"https:\/\/lasprimeras.com.do\/index.php\/category\/nacionales\/"},"img":{"alt_text":"","src":"https:\/\/i0.wp.com\/lasprimeras.com.do\/wp-content\/uploads\/2023\/12\/Noticias-de-energia-2023-12-29T093126.065.jpg?resize=350%2C200&ssl=1","width":350,"height":200,"srcset":"https:\/\/i0.wp.com\/lasprimeras.com.do\/wp-content\/uploads\/2023\/12\/Noticias-de-energia-2023-12-29T093126.065.jpg?resize=350%2C200&ssl=1 1x, https:\/\/i0.wp.com\/lasprimeras.com.do\/wp-content\/uploads\/2023\/12\/Noticias-de-energia-2023-12-29T093126.065.jpg?resize=525%2C300&ssl=1 1.5x, https:\/\/i0.wp.com\/lasprimeras.com.do\/wp-content\/uploads\/2023\/12\/Noticias-de-energia-2023-12-29T093126.065.jpg?resize=700%2C400&ssl=1 2x"},"classes":[]},{"id":84981,"url":"https:\/\/lasprimeras.com.do\/index.php\/2024\/06\/19\/amaprosado-felicita-al-mic-y-al-banco-central-por-encuesta-sobre-mipymes\/","url_meta":{"origin":105884,"position":4},"title":"AMAPROSADO felicita al MIC y al Banco Central por encuesta sobre mipymes","author":"Nelson Feliz","date":"19 de junio de 2024","format":false,"excerpt":"La Asociaci\u00f3n de Mayoristas en Provisiones INC. (AMAPROSADO) felicit\u00f3 al gobernador del Banco Central, H\u00e9ctor Valdez Albizu y al ministro de Industria y Comercio, V\u00edctor (Ito) Bison\u00f3 por la encuesta realizada sobre las micro, peque\u00f1as y medianas empresas, la cual aportar\u00e1 informaciones importantes para aplicar pol\u00edticas p\u00fablicas en beneficio de\u2026","rel":"","context":"En \u00abECONOM\u00cdA\u00bb","block_context":{"text":"ECONOM\u00cdA","link":"https:\/\/lasprimeras.com.do\/index.php\/category\/economia\/"},"img":{"alt_text":"Andr\u00e9s Cosma","src":"https:\/\/i0.wp.com\/lasprimeras.com.do\/wp-content\/uploads\/2024\/06\/Andres-Cosma.jpg?resize=350%2C200&ssl=1","width":350,"height":200,"srcset":"https:\/\/i0.wp.com\/lasprimeras.com.do\/wp-content\/uploads\/2024\/06\/Andres-Cosma.jpg?resize=350%2C200&ssl=1 1x, https:\/\/i0.wp.com\/lasprimeras.com.do\/wp-content\/uploads\/2024\/06\/Andres-Cosma.jpg?resize=525%2C300&ssl=1 1.5x, https:\/\/i0.wp.com\/lasprimeras.com.do\/wp-content\/uploads\/2024\/06\/Andres-Cosma.jpg?resize=700%2C400&ssl=1 2x"},"classes":[]},{"id":116423,"url":"https:\/\/lasprimeras.com.do\/index.php\/2025\/12\/01\/director-del-infotep-afirma-formacion-tecnico-impulsa-productividad-y-competitividad-de-las-mipymes\/","url_meta":{"origin":105884,"position":5},"title":"Director del INFOTEP afirma Formaci\u00f3n T\u00e9cnico impulsa productividad y competitividad de las MIPYMES","author":"Nelson Feliz","date":"1 de diciembre de 2025","format":false,"excerpt":"\u00b7Rafael Santos Bad\u00eda destaca que la capacitaci\u00f3n, la asistencia t\u00e9cnica y el emprendimiento fortalecen el crecimiento econ\u00f3mico nacional. La formaci\u00f3n t\u00e9cnico profesional se ha convertido en un factor decisivo para el crecimiento de las Mipymes y para el dinamismo econ\u00f3mico del pa\u00eds, afirm\u00f3 el director general del INFOTEP, Rafael Santos\u2026","rel":"","context":"En \u00abECONOM\u00cdA\u00bb","block_context":{"text":"ECONOM\u00cdA","link":"https:\/\/lasprimeras.com.do\/index.php\/category\/economia\/"},"img":{"alt_text":"","src":"https:\/\/i0.wp.com\/lasprimeras.com.do\/wp-content\/uploads\/2025\/12\/Rafael-Santos-Badia.jpg?resize=350%2C200&ssl=1","width":350,"height":200,"srcset":"https:\/\/i0.wp.com\/lasprimeras.com.do\/wp-content\/uploads\/2025\/12\/Rafael-Santos-Badia.jpg?resize=350%2C200&ssl=1 1x, https:\/\/i0.wp.com\/lasprimeras.com.do\/wp-content\/uploads\/2025\/12\/Rafael-Santos-Badia.jpg?resize=525%2C300&ssl=1 1.5x, https:\/\/i0.wp.com\/lasprimeras.com.do\/wp-content\/uploads\/2025\/12\/Rafael-Santos-Badia.jpg?resize=700%2C400&ssl=1 2x"},"classes":[]}],"jetpack_sharing_enabled":true,"jetpack_featured_media_url":"https:\/\/lasprimeras.com.do\/wp-content\/uploads\/2025\/08\/Los-ministros-Diaz-y-Bisono-se-comprometieron-a-mantener-un-canal-de-comunicacion-directo-y-permanente-con-actores-de-sector-Mypimes.jpg","_links":{"self":[{"href":"https:\/\/lasprimeras.com.do\/index.php\/wp-json\/wp\/v2\/posts\/105884","targetHints":{"allow":["GET"]}}],"collection":[{"href":"https:\/\/lasprimeras.com.do\/index.php\/wp-json\/wp\/v2\/posts"}],"about":[{"href":"https:\/\/lasprimeras.com.do\/index.php\/wp-json\/wp\/v2\/types\/post"}],"author":[{"embeddable":true,"href":"https:\/\/lasprimeras.com.do\/index.php\/wp-json\/wp\/v2\/users\/10"}],"replies":[{"embeddable":true,"href":"https:\/\/lasprimeras.com.do\/index.php\/wp-json\/wp\/v2\/comments?post=105884"}],"version-history":[{"count":1,"href":"https:\/\/lasprimeras.com.do\/index.php\/wp-json\/wp\/v2\/posts\/105884\/revisions"}],"predecessor-version":[{"id":105886,"href":"https:\/\/lasprimeras.com.do\/index.php\/wp-json\/wp\/v2\/posts\/105884\/revisions\/105886"}],"wp:featuredmedia":[{"embeddable":true,"href":"https:\/\/lasprimeras.com.do\/index.php\/wp-json\/wp\/v2\/media\/105885"}],"wp:attachment":[{"href":"https:\/\/lasprimeras.com.do\/index.php\/wp-json\/wp\/v2\/media?parent=105884"}],"wp:term":[{"taxonomy":"category","embeddable":true,"href":"https:\/\/lasprimeras.com.do\/index.php\/wp-json\/wp\/v2\/categories?post=105884"},{"taxonomy":"post_tag","embeddable":true,"href":"https:\/\/lasprimeras.com.do\/index.php\/wp-json\/wp\/v2\/tags?post=105884"}],"curies":[{"name":"wp","href":"https:\/\/api.w.org\/{rel}","templated":true}]}}