{"id":105890,"date":"2025-08-08T07:29:27","date_gmt":"2025-08-08T11:29:27","guid":{"rendered":"https:\/\/lasprimeras.com.do\/?p=105890"},"modified":"2025-08-08T07:29:29","modified_gmt":"2025-08-08T11:29:29","slug":"magin-diaz-se-reune-con-lideres-empresariales-para-fortalecer-la-confianza-y-el-crecimiento-economico","status":"publish","type":"post","link":"https:\/\/lasprimeras.com.do\/index.php\/2025\/08\/08\/magin-diaz-se-reune-con-lideres-empresariales-para-fortalecer-la-confianza-y-el-crecimiento-economico\/","title":{"rendered":"Mag\u00edn D\u00edaz se re\u00fane con l\u00edderes empresariales para fortalecer la confianza y el crecimiento econ\u00f3mico"},"content":{"rendered":"\n<p class=\"wp-block-paragraph\"><strong>Valoran la apertura y transparencia del ministro de Hacienda y Econom\u00eda.<\/strong><\/p>\n\n\n\n<p class=\"wp-block-paragraph\">El ministro de Hacienda y Econom\u00eda, Mag\u00edn D\u00edaz, sostuvo este jueves un encuentro con un grupo de destacados l\u00edderes del empresariado nacional, con el objetivo de promover el di\u00e1logo sobre temas fiscales y financieros del Estado.<\/p>\n\n\n\n<p class=\"wp-block-paragraph\">La reuni\u00f3n, celebrada en el Sal\u00f3n Mat\u00edas Ram\u00f3n Mella del Ministerio de Hacienda y Econom\u00eda, forma parte de una serie de acercamientos que el titular de la instituci\u00f3n viene desarrollando con todos los sectores productivos del pa\u00eds, dentro de una agenda enfocada en el di\u00e1logo abierto y la consolidaci\u00f3n de pol\u00edticas p\u00fablicas orientadas al crecimiento econ\u00f3mico.<\/p>\n\n\n\n<p class=\"wp-block-paragraph\">Durante el encuentro, el ministro D\u00edaz escuch\u00f3 las perspectivas y propuestas de los empresarios sobre temas clave para el fortalecimiento de la econom\u00eda, reafirmando su compromiso de mantener una gesti\u00f3n cercana, transparente y orientada al consenso.<\/p>\n\n\n\n<p class=\"wp-block-paragraph\">\u201cEstamos comprometidos con mantener un di\u00e1logo abierto y constructivo con el sector empresarial, porque solo trabajando juntos podremos seguir fortaleciendo la confianza, la estabilidad econ\u00f3mica y el desarrollo sostenible del pa\u00eds\u201d, afirm\u00f3 el ministro.<\/p>\n\n\n\n<p class=\"wp-block-paragraph\">Este espacio de di\u00e1logo refleja la importancia de la colaboraci\u00f3n p\u00fablico-privada para continuar impulsando la estabilidad macroecon\u00f3mica, la competitividad del pa\u00eds y el bienestar de todos los dominicanos.<\/p>\n\n\n\n<p class=\"wp-block-paragraph\">Valoran transparencia<\/p>\n\n\n\n<p class=\"wp-block-paragraph\">Los l\u00edderes empresariales valoraron la apertura y transparencia mostrada por el titular de Hacienda y econom\u00eda, Mag\u00edn D\u00edaz, y expresaron su disposici\u00f3n de colaborar con las autoridades en la identificaci\u00f3n de medidas que contribuyan a fortalecer las finanzas p\u00fablicas y promuevan el desarrollo sostenible de la Rep\u00fablica Dominicana.<\/p>\n\n\n\n<p class=\"wp-block-paragraph\">Coincidieron en destacar que esos espacios de di\u00e1logo que desarrolla el funcionario afianzan la confianza entre los sectores p\u00fablico y privado y permiten construir puentes para abordar de forma conjunta los retos econ\u00f3micos del pa\u00eds.<\/p>\n\n\n\n<p class=\"wp-block-paragraph\">Entre los asistentes se encontraron Ligia Bonetti, presidenta ejecutiva del Grupo SID; Samir Rizek, presidente de GME y de la Asamblea de Accionistas de Alpha Inversiones; Manuel Corripio, presidente del Grupo Corripio, y Manuel Estrella, presidente del Grupo Estrella.<\/p>\n\n\n\n<p class=\"wp-block-paragraph\">Asimismo, Luis Molina Ach\u00e9car, presidente del Consejo del Banco BHD; Jos\u00e9 Miguel Gonz\u00e1lez Cuadra, presidente ejecutivo de CCN; Franchesca Rainieri, presidenta de AMCHAMDR y ejecutiva del Grupo Puntacana; Paola Rainieri, vicepresidente de Marketing, Relaciones P\u00fablicas y Comunicaciones del Grupo Puntacana; F\u00e9lix Garc\u00eda, presidente del Grupo Linda; y Ren\u00e9 Grull\u00f3n, presidente ejecutivo del Grupo Popular.<\/p>\n\n\n\n<p class=\"wp-block-paragraph\">Otros encuentros<\/p>\n\n\n\n<p class=\"wp-block-paragraph\">En esta misma semana, el ministro se reuni\u00f3 con directivos de la Organizaci\u00f3n Nacional de Empresas Comerciales (ONEC) y con la Federaci\u00f3n Dominicana de Comerciantes, reafirmando su compromiso con una gesti\u00f3n abierta y basada en el di\u00e1logo permanente con los sectores productivos.<\/p>\n\n\n\n<p class=\"wp-block-paragraph\">Tambi\u00e9n, los ministros de Hacienda y Econom\u00eda (MHE), Mag\u00edn D\u00edaz, y de Industria, Comercio y Mipymes (MICM), V\u00edctor -Ito- Bison\u00f3, sostuvieron un encuentro con representantes del sector Mipymes a nivel nacional, como parte del compromiso del Gobierno con el di\u00e1logo permanente y el fortalecimiento del aparato productivo del pa\u00eds.<\/p>\n","protected":false},"excerpt":{"rendered":"<p>Valoran la apertura y transparencia del ministro de Hacienda y Econom\u00eda. El ministro de Hacienda y Econom\u00eda, Mag\u00edn D\u00edaz, sostuvo este jueves un encuentro con un grupo de destacados l\u00edderes&hellip;<\/p>\n","protected":false},"author":10,"featured_media":105891,"comment_status":"open","ping_status":"open","sticky":false,"template":"","format":"standard","meta":{"content-type":"","_jetpack_newsletter_access":"","_jetpack_dont_email_post_to_subs":false,"_jetpack_newsletter_tier_id":0,"_jetpack_memberships_contains_paywalled_content":false,"_jetpack_feature_clip_id":0,"_jetpack_memberships_contains_paid_content":false,"footnotes":"","jetpack_post_was_ever_published":false},"categories":[39],"tags":[2005,5478,1036,22904,4217,373],"class_list":["post-105890","post","type-post","status-publish","format-standard","has-post-thumbnail","hentry","category-economia","tag-confianza","tag-crecimiento-economico","tag-fortalecer","tag-lideres-empresariales","tag-magin-diaz","tag-ministro"],"jetpack-related-posts":[{"id":107530,"url":"https:\/\/lasprimeras.com.do\/index.php\/2025\/08\/27\/ministro-de-hacienda-y-economia-dialoga-con-sector-industrial\/","url_meta":{"origin":105890,"position":0},"title":"Ministro de Hacienda y Econom\u00eda dialoga con sector industrial","author":"Nelson Feliz","date":"27 de agosto de 2025","format":false,"excerpt":"Los directivos de la AIRD presentaron los principales desaf\u00edos que inciden en la competitividad de la industria El ministro de Hacienda y Econom\u00eda, Mag\u00edn D\u00edaz, sostuvo una reuni\u00f3n con la directiva nacional de la Asociaci\u00f3n de Industrias de la Rep\u00fablica Dominicana (AIRD), donde afirm\u00f3 la disposici\u00f3n de su gesti\u00f3n de\u2026","rel":"","context":"En \u00abECONOM\u00cdA\u00bb","block_context":{"text":"ECONOM\u00cdA","link":"https:\/\/lasprimeras.com.do\/index.php\/category\/economia\/"},"img":{"alt_text":"","src":"https:\/\/i0.wp.com\/lasprimeras.com.do\/wp-content\/uploads\/2025\/08\/Ministro-de-Hacienda.jpeg?resize=350%2C200&ssl=1","width":350,"height":200,"srcset":"https:\/\/i0.wp.com\/lasprimeras.com.do\/wp-content\/uploads\/2025\/08\/Ministro-de-Hacienda.jpeg?resize=350%2C200&ssl=1 1x, https:\/\/i0.wp.com\/lasprimeras.com.do\/wp-content\/uploads\/2025\/08\/Ministro-de-Hacienda.jpeg?resize=525%2C300&ssl=1 1.5x, https:\/\/i0.wp.com\/lasprimeras.com.do\/wp-content\/uploads\/2025\/08\/Ministro-de-Hacienda.jpeg?resize=700%2C400&ssl=1 2x"},"classes":[]},{"id":105671,"url":"https:\/\/lasprimeras.com.do\/index.php\/2025\/08\/05\/ministro-magin-diaz-reafirma-apertura-al-dialogo-para-fortalecer-economia-nacional\/","url_meta":{"origin":105890,"position":1},"title":"Ministro Mag\u00edn D\u00edaz reafirma apertura al di\u00e1logo para fortalecer econom\u00eda nacional","author":"Nelson Feliz","date":"5 de agosto de 2025","format":false,"excerpt":"Durante un encuentro con el titular de Hacienda y Econom\u00eda, miembros de la ONEC valoraron su experiencia t\u00e9cnica El ministro de Hacienda y Econom\u00eda, Mag\u00edn D\u00edaz, sostuvo un encuentro con directivos de la Organizaci\u00f3n Nacional de Empresas Comerciales (ONEC), reafirmando su compromiso con una gesti\u00f3n abierta y basada en el\u2026","rel":"","context":"En \u00abECONOM\u00cdA\u00bb","block_context":{"text":"ECONOM\u00cdA","link":"https:\/\/lasprimeras.com.do\/index.php\/category\/economia\/"},"img":{"alt_text":"","src":"https:\/\/i0.wp.com\/lasprimeras.com.do\/wp-content\/uploads\/2025\/08\/magin.jpg?resize=350%2C200&ssl=1","width":350,"height":200,"srcset":"https:\/\/i0.wp.com\/lasprimeras.com.do\/wp-content\/uploads\/2025\/08\/magin.jpg?resize=350%2C200&ssl=1 1x, https:\/\/i0.wp.com\/lasprimeras.com.do\/wp-content\/uploads\/2025\/08\/magin.jpg?resize=525%2C300&ssl=1 1.5x, https:\/\/i0.wp.com\/lasprimeras.com.do\/wp-content\/uploads\/2025\/08\/magin.jpg?resize=700%2C400&ssl=1 2x"},"classes":[]},{"id":114349,"url":"https:\/\/lasprimeras.com.do\/index.php\/2025\/11\/12\/magin-diaz-reafirma-compromiso-con-el-aumento-y-la-eficiencia-de-la-inversion-publica\/","url_meta":{"origin":105890,"position":2},"title":"Mag\u00edn D\u00edaz reafirma compromiso con el aumento y la eficiencia de la inversi\u00f3n p\u00fablica","author":"Nelson Feliz","date":"12 de noviembre de 2025","format":false,"excerpt":"El funcionario particip\u00f3 en el Foro Econ\u00f3mico elDinero 2025, bajo el tema \u201cRep\u00fablica Dominicana en el mapa log\u00edstico\u201d El ministro de Hacienda y Econom\u00eda, Mag\u00edn D\u00edaz, reafirm\u00f3 el compromiso del Gobierno con el incremento y la eficiencia de la inversi\u00f3n p\u00fablica, con el objetivo de que se siga respondiendo a\u2026","rel":"","context":"En \u00abECONOM\u00cdA\u00bb","block_context":{"text":"ECONOM\u00cdA","link":"https:\/\/lasprimeras.com.do\/index.php\/category\/economia\/"},"img":{"alt_text":"Mag\u00edn J. D\u00edaz","src":"https:\/\/i0.wp.com\/lasprimeras.com.do\/wp-content\/uploads\/2025\/07\/Magin-J.-Diaz.jpg?resize=350%2C200&ssl=1","width":350,"height":200,"srcset":"https:\/\/i0.wp.com\/lasprimeras.com.do\/wp-content\/uploads\/2025\/07\/Magin-J.-Diaz.jpg?resize=350%2C200&ssl=1 1x, https:\/\/i0.wp.com\/lasprimeras.com.do\/wp-content\/uploads\/2025\/07\/Magin-J.-Diaz.jpg?resize=525%2C300&ssl=1 1.5x, https:\/\/i0.wp.com\/lasprimeras.com.do\/wp-content\/uploads\/2025\/07\/Magin-J.-Diaz.jpg?resize=700%2C400&ssl=1 2x"},"classes":[]},{"id":123651,"url":"https:\/\/lasprimeras.com.do\/index.php\/2026\/03\/03\/magin-diaz-destaca-el-firme-compromiso-del-gobierno-para-potenciar-el-crecimiento-economico\/","url_meta":{"origin":105890,"position":3},"title":"Mag\u00edn D\u00edaz destaca el firme compromiso del Gobierno para potenciar el crecimiento economico","author":"Nelson Feliz","date":"3 de marzo de 2026","format":false,"excerpt":"El ministro de Hacienda y Econom\u00eda fue orador invitado en el almuerzo, donde cit\u00f3 medidas que facilitar\u00e1n la inversi\u00f3n privada. El ministro de Hacienda y Econom\u00eda, Mag\u00edn D\u00edaz, destac\u00f3 que la Rep\u00fablica Dominicana tiene la oportunidad de sostener su potencial crecimiento econ\u00f3mico mediante el aumento de la inversi\u00f3n p\u00fablica y\u2026","rel":"","context":"En \u00abECONOM\u00cdA\u00bb","block_context":{"text":"ECONOM\u00cdA","link":"https:\/\/lasprimeras.com.do\/index.php\/category\/economia\/"},"img":{"alt_text":"Mag\u00edn D\u00edaz","src":"https:\/\/i0.wp.com\/lasprimeras.com.do\/wp-content\/uploads\/2026\/03\/Magin-Diaz-2.jpg?resize=350%2C200&ssl=1","width":350,"height":200,"srcset":"https:\/\/i0.wp.com\/lasprimeras.com.do\/wp-content\/uploads\/2026\/03\/Magin-Diaz-2.jpg?resize=350%2C200&ssl=1 1x, https:\/\/i0.wp.com\/lasprimeras.com.do\/wp-content\/uploads\/2026\/03\/Magin-Diaz-2.jpg?resize=525%2C300&ssl=1 1.5x, https:\/\/i0.wp.com\/lasprimeras.com.do\/wp-content\/uploads\/2026\/03\/Magin-Diaz-2.jpg?resize=700%2C400&ssl=1 2x"},"classes":[]},{"id":109505,"url":"https:\/\/lasprimeras.com.do\/index.php\/2025\/09\/18\/magin-diaz-rd-vive-un-momento-de-estabilidad-macroeconomica-solida-y-sostenible\/","url_meta":{"origin":105890,"position":4},"title":"Mag\u00edn D\u00edaz: RD vive un momento de estabilidad macroecon\u00f3mica s\u00f3lida y sostenible","author":"Nelson Feliz","date":"18 de septiembre de 2025","format":false,"excerpt":"El ministro de Hacienda y Econom\u00eda resalt\u00f3 el riesgo pa\u00eds que est\u00e1 en m\u00ednimos hist\u00f3ricos, el acceso fluido a financiamiento en los mercados internacionales y un sistema financiero con altos niveles de liquidez y solvencia, indicadores que, seg\u00fan considera, garantizan confianza en la sostenibilidad del crecimiento. El ministro de Hacienda\u2026","rel":"","context":"En \u00abECONOM\u00cdA\u00bb","block_context":{"text":"ECONOM\u00cdA","link":"https:\/\/lasprimeras.com.do\/index.php\/category\/economia\/"},"img":{"alt_text":"","src":"https:\/\/i0.wp.com\/lasprimeras.com.do\/wp-content\/uploads\/2025\/09\/Magin-Diaz-ministro-de-Hacienda-y-Economia.jpg?resize=350%2C200&ssl=1","width":350,"height":200,"srcset":"https:\/\/i0.wp.com\/lasprimeras.com.do\/wp-content\/uploads\/2025\/09\/Magin-Diaz-ministro-de-Hacienda-y-Economia.jpg?resize=350%2C200&ssl=1 1x, https:\/\/i0.wp.com\/lasprimeras.com.do\/wp-content\/uploads\/2025\/09\/Magin-Diaz-ministro-de-Hacienda-y-Economia.jpg?resize=525%2C300&ssl=1 1.5x, https:\/\/i0.wp.com\/lasprimeras.com.do\/wp-content\/uploads\/2025\/09\/Magin-Diaz-ministro-de-Hacienda-y-Economia.jpg?resize=700%2C400&ssl=1 2x"},"classes":[]},{"id":133132,"url":"https:\/\/lasprimeras.com.do\/index.php\/2026\/06\/10\/gobierno-anunciara-este-jueves-medidas-para-impulsar-crecimiento-y-enfrentar-crisis\/","url_meta":{"origin":105890,"position":5},"title":"Gobierno anunciar\u00e1 este jueves medidas para impulsar crecimiento y enfrentar crisis","author":"Nelson Feliz","date":"10 de junio de 2026","format":false,"excerpt":"El ministro de Hacienda y Econom\u00eda, Mag\u00edn D\u00edaz, anunciar\u00e1 ma\u00f1ana jueves una serie de medidas para impulsar el crecimiento econ\u00f3mica y enfrentar las consecuencias derivadas de la actual crisis internacional. D\u00edaz ofrecer\u00e1 los detalles durante una rueda de prensa convocada para las 4 de la tarde en el Ministerio de\u2026","rel":"","context":"En \u00abECONOM\u00cdA\u00bb","block_context":{"text":"ECONOM\u00cdA","link":"https:\/\/lasprimeras.com.do\/index.php\/category\/economia\/"},"img":{"alt_text":"Ministro Mag\u00edn D\u00edaz","src":"https:\/\/i0.wp.com\/lasprimeras.com.do\/wp-content\/uploads\/2026\/03\/Magin-Diaz.jpg?resize=350%2C200&ssl=1","width":350,"height":200,"srcset":"https:\/\/i0.wp.com\/lasprimeras.com.do\/wp-content\/uploads\/2026\/03\/Magin-Diaz.jpg?resize=350%2C200&ssl=1 1x, https:\/\/i0.wp.com\/lasprimeras.com.do\/wp-content\/uploads\/2026\/03\/Magin-Diaz.jpg?resize=525%2C300&ssl=1 1.5x, https:\/\/i0.wp.com\/lasprimeras.com.do\/wp-content\/uploads\/2026\/03\/Magin-Diaz.jpg?resize=700%2C400&ssl=1 2x"},"classes":[]}],"jetpack_sharing_enabled":true,"jetpack_featured_media_url":"https:\/\/lasprimeras.com.do\/wp-content\/uploads\/2025\/08\/Ministro-Magin-Diaz-sostiene-dialogo-con-lideres-empresariales.jpg","_links":{"self":[{"href":"https:\/\/lasprimeras.com.do\/index.php\/wp-json\/wp\/v2\/posts\/105890","targetHints":{"allow":["GET"]}}],"collection":[{"href":"https:\/\/lasprimeras.com.do\/index.php\/wp-json\/wp\/v2\/posts"}],"about":[{"href":"https:\/\/lasprimeras.com.do\/index.php\/wp-json\/wp\/v2\/types\/post"}],"author":[{"embeddable":true,"href":"https:\/\/lasprimeras.com.do\/index.php\/wp-json\/wp\/v2\/users\/10"}],"replies":[{"embeddable":true,"href":"https:\/\/lasprimeras.com.do\/index.php\/wp-json\/wp\/v2\/comments?post=105890"}],"version-history":[{"count":1,"href":"https:\/\/lasprimeras.com.do\/index.php\/wp-json\/wp\/v2\/posts\/105890\/revisions"}],"predecessor-version":[{"id":105892,"href":"https:\/\/lasprimeras.com.do\/index.php\/wp-json\/wp\/v2\/posts\/105890\/revisions\/105892"}],"wp:featuredmedia":[{"embeddable":true,"href":"https:\/\/lasprimeras.com.do\/index.php\/wp-json\/wp\/v2\/media\/105891"}],"wp:attachment":[{"href":"https:\/\/lasprimeras.com.do\/index.php\/wp-json\/wp\/v2\/media?parent=105890"}],"wp:term":[{"taxonomy":"category","embeddable":true,"href":"https:\/\/lasprimeras.com.do\/index.php\/wp-json\/wp\/v2\/categories?post=105890"},{"taxonomy":"post_tag","embeddable":true,"href":"https:\/\/lasprimeras.com.do\/index.php\/wp-json\/wp\/v2\/tags?post=105890"}],"curies":[{"name":"wp","href":"https:\/\/api.w.org\/{rel}","templated":true}]}}