{"id":105982,"date":"2025-08-09T21:26:04","date_gmt":"2025-08-10T01:26:04","guid":{"rendered":"https:\/\/lasprimeras.com.do\/?p=105982"},"modified":"2025-08-09T21:26:07","modified_gmt":"2025-08-10T01:26:07","slug":"robert-polanco-abinader-rompio-con-el-clientelismo-priorizando-a-los-mas-necesitados","status":"publish","type":"post","link":"https:\/\/lasprimeras.com.do\/index.php\/2025\/08\/09\/robert-polanco-abinader-rompio-con-el-clientelismo-priorizando-a-los-mas-necesitados\/","title":{"rendered":"Robert Polanco: &#8220;Abinader rompi\u00f3 con el clientelismo; priorizando a los m\u00e1s necesitados&#8221;"},"content":{"rendered":"\n<p><strong>El director de Propeep destac\u00f3 que en el actual Gobierno se respeta la dignidad humana y las ayudas se entregan de forma directa, sin intermediarios ni favoritismos.<\/strong><\/p>\n\n\n\n<p>El director general de Proyectos Estrat\u00e9gicos y Especiales de la Presidencia (Propeep), Robert Polanco, afirm\u00f3 este s\u00e1bado que el gobierno ha instaurado un nuevo modelo de pol\u00edtica social, eliminando pr\u00e1cticas clientelistas y priorizando la atenci\u00f3n directa a las familias m\u00e1s vulnerables del pa\u00eds, a trav\u00e9s de la Jornada \u201cPrimero T\u00fa<\/p>\n\n\n\n<p>Polanco asegur\u00f3 que, a diferencia de \u00e9pocas pasadas en las que la asistencia social estaba condicionada por intereses pol\u00edticos, en la actual gesti\u00f3n las ayudas y servicios del Gobierno se ofrecen sin importar bander\u00edas partidarias, con el \u00fanico objetivo de garantizar derechos y mejorar la calidad de vida de los ciudadanos.<\/p>\n\n\n\n<p>\u201cEste Gobierno ha roto con la vieja costumbre de entregar las ayudas sociales de noche, en la oscuridad, como herramienta pol\u00edtica. Hoy la asistencia llega a quien la necesita y de d\u00eda, sin pedirle nada a cambio, respetando su dignidad y sus derechos como dominicanos\u201d, expres\u00f3 Polanco.<\/p>\n\n\n\n<p>Precis\u00f3, que todas instituciones gubernamentales est\u00e1n trabajando de manera permanente para trasformar la comunidad de Capotillo y zonas vulnerables del pa\u00eds.<\/p>\n\n\n\n<p>El acto, encabezado por el presidente Luis Abinader en la Escuela Salom\u00e9 Ure\u00f1a, reuni\u00f3 a cientos de comunitarios que recibieron atenciones de salud, medicamentos, vacunas, servicios odontol\u00f3gicos, entrega de alimentos, acceso a programas de orientaci\u00f3n y capacitaci\u00f3n, apoyo a microemprendedores, entrega de \u00fatiles escolares, herramientas para salones de belleza y peluqueria.<\/p>\n\n\n\n<p>Tambi\u00e9n, afiliaci\u00f3n al seguro de salud (SeNasa), sillas de ruedas, bastones, muletas a discapacitados, canastillas y prote\u00ednas para embarazadas, raciones de comida crudas y cocinadas, entre otros servicios.<\/p>\n\n\n\n<p>El funcionario destac\u00f3 que el programa \u201cPrimero T\u00fa\u201d concentra en un solo lugar m\u00e1s de 18 instituciones p\u00fablicas, lo que permite que los beneficiarios accedan de manera simult\u00e1nea a consultas m\u00e9dicas, medicamentos gratuitos, alimentos, inscripci\u00f3n en programas sociales y orientaci\u00f3n en proyectos productivos.<\/p>\n\n\n\n<p>El director de Propeep subray\u00f3 que este enfoque integral garantiza eficiencia y transparencia, ya que las entregas se realizan de forma directa, sin intermediarios y con registros digitales que evitan duplicidades y manipulaci\u00f3n pol\u00edtica.<\/p>\n\n\n\n<p>\u201cHoy las ayudas no se dan en sobres ni en listas secretas; se entregan con sistemas que identifican a cada beneficiario y aseguran que los recursos p\u00fablicos lleguen a quienes m\u00e1s los necesitan\u201d, puntualiz\u00f3.<\/p>\n\n\n\n<p>Asimismo, resalt\u00f3 que el presidente Abinader ha demostrado con hechos que la pol\u00edtica social debe estar guiada por criterios t\u00e9cnicos y no por intereses electorales, asegurando que \u201cel cambio se siente en los barrios, en los campos y en cada rinc\u00f3n del pa\u00eds donde la gente recibe asistencia oportuna y de calidad\u201d.<\/p>\n\n\n\n<p>Durante la jornada, el mandatario comparti\u00f3 con los residentes de la comunidad, escuch\u00f3 inquietudes y supervis\u00f3 personalmente la entrega de servicios, reafirmando el compromiso de su administraci\u00f3n con las comunidades m\u00e1s desfavorecidas.<\/p>\n\n\n\n<p>Polanco reiter\u00f3 que la visi\u00f3n del presidente Abinader es consolidar un modelo de acci\u00f3n social que trascienda gobiernos y se convierta en una pol\u00edtica de Estado basada en la cercan\u00eda, la equidad y el respeto por la dignidad de las personas.<\/p>\n\n\n\n<p>El Jefe de Estado, estuvo acompa\u00f1ado adem\u00e1s de Robert Polanco, de los ministros Luis Miguel Decamps, de educaci\u00f3n; Faride Raful, de Interior y Polic\u00eda; Carolina Mej\u00eda, alcaldesa del Distrito Nacional; Ram\u00f3n Antonio Guzm\u00e1n Peralta, director de la Polic\u00eda Nacinal.<\/p>\n\n\n\n<p>Adem\u00e1s, los directores generales Digna Reynoso, de Gesti\u00f3n Presidencial; Rolfi Rojas, de la Comisi\u00f3n Presidencial de Desarrollo Barrial; David Herrera, de Inespre; Modesto Guzm\u00e1n, de Desarroll\u00f3 de la Comunidad; Yenny Chaljub, subdirectora de Propeep; Roberto D\u00edaz, director de Dominicana Digna y l\u00edderes comunitarios de la zona, entre otros.<\/p>\n","protected":false},"excerpt":{"rendered":"<p>El director de Propeep destac\u00f3 que en el actual Gobierno se respeta la dignidad humana y las ayudas se entregan de forma directa, sin intermediarios ni favoritismos. El director general&hellip;<\/p>\n","protected":false},"author":10,"featured_media":105983,"comment_status":"open","ping_status":"open","sticky":false,"template":"","format":"standard","meta":{"content-type":"","jetpack_post_was_ever_published":false,"_jetpack_newsletter_access":"","_jetpack_dont_email_post_to_subs":false,"_jetpack_newsletter_tier_id":0,"_jetpack_memberships_contains_paywalled_content":false,"_jetpack_memberships_contains_paid_content":false,"footnotes":""},"categories":[35,25],"tags":[21245,67,22958,22957,17326],"class_list":["post-105982","post","type-post","status-publish","format-standard","has-post-thumbnail","hentry","category-nacionales","category-portada","tag-clientelismo","tag-luis-abinader","tag-mas-necesitados","tag-priorizando","tag-robert-polanco"],"jetpack_featured_media_url":"https:\/\/lasprimeras.com.do\/wp-content\/uploads\/2025\/08\/properp.jpg","jetpack-related-posts":[{"id":116966,"url":"https:\/\/lasprimeras.com.do\/index.php\/2025\/12\/06\/propeep-ilumina-la-navidad-en-san-cristobal-con-jornada-social-y-entrega-bono-navideno\/","url_meta":{"origin":105982,"position":0},"title":"Propeep ilumina la Navidad en San Crist\u00f3bal con jornada social y entrega Bono Navide\u00f1o","author":"Nelson Feliz","date":"6 de diciembre de 2025","format":false,"excerpt":"Robert Polanco invita a ciudadanos sancristobalences al encendido de Luces del Parque Navide\u00f1o a las 7:00 de la noche de este s\u00e1bado. El director de la Direcci\u00f3n General de Proyectos Estrat\u00e9gicos y Programas Especiales de la Presidencia (Propeep), Robert Polanco, encabez\u00f3 este s\u00e1bado una jornada de inclusi\u00f3n social en la\u2026","rel":"","context":"En \u00abNACIONALES\u00bb","block_context":{"text":"NACIONALES","link":"https:\/\/lasprimeras.com.do\/index.php\/category\/nacionales\/"},"img":{"alt_text":"","src":"https:\/\/i0.wp.com\/lasprimeras.com.do\/wp-content\/uploads\/2025\/12\/robert-1.jpg?resize=350%2C200&ssl=1","width":350,"height":200,"srcset":"https:\/\/i0.wp.com\/lasprimeras.com.do\/wp-content\/uploads\/2025\/12\/robert-1.jpg?resize=350%2C200&ssl=1 1x, https:\/\/i0.wp.com\/lasprimeras.com.do\/wp-content\/uploads\/2025\/12\/robert-1.jpg?resize=525%2C300&ssl=1 1.5x, https:\/\/i0.wp.com\/lasprimeras.com.do\/wp-content\/uploads\/2025\/12\/robert-1.jpg?resize=700%2C400&ssl=1 2x"},"classes":[]},{"id":105382,"url":"https:\/\/lasprimeras.com.do\/index.php\/2025\/08\/02\/robert-polanco-afirma-gobierno-devuelve-en-servicios-lo-que-la-gente-paga-en-impuestos\/","url_meta":{"origin":105982,"position":1},"title":"Robert Polanco afirma Gobierno devuelve en servicios lo que la gente paga en impuestos","author":"Nelson Feliz","date":"2 de agosto de 2025","format":false,"excerpt":"El director de Propeep se expres\u00f3 en esos t\u00e9rminos al encabezar una jornada de inclusi\u00f3n social \u201cPrimero T\u00fa\u201d, en el distrito municipal Las Taranas, en Villa Riva, provincia Duarte El director de Proyectos Estrat\u00e9gicos y Especiales de la Presidencia (Propeep), Robert Polanco, afirm\u00f3 este s\u00e1bado que el gobierno que encabeza\u2026","rel":"","context":"En \u00abPOLITICA\u00bb","block_context":{"text":"POLITICA","link":"https:\/\/lasprimeras.com.do\/index.php\/category\/politica\/"},"img":{"alt_text":"","src":"https:\/\/i0.wp.com\/lasprimeras.com.do\/wp-content\/uploads\/2025\/08\/ROBERT-POLANCO-2.jpg?resize=350%2C200&ssl=1","width":350,"height":200,"srcset":"https:\/\/i0.wp.com\/lasprimeras.com.do\/wp-content\/uploads\/2025\/08\/ROBERT-POLANCO-2.jpg?resize=350%2C200&ssl=1 1x, https:\/\/i0.wp.com\/lasprimeras.com.do\/wp-content\/uploads\/2025\/08\/ROBERT-POLANCO-2.jpg?resize=525%2C300&ssl=1 1.5x, https:\/\/i0.wp.com\/lasprimeras.com.do\/wp-content\/uploads\/2025\/08\/ROBERT-POLANCO-2.jpg?resize=700%2C400&ssl=1 2x"},"classes":[]},{"id":102494,"url":"https:\/\/lasprimeras.com.do\/index.php\/2025\/07\/05\/robert-polanco-abinader-impulsa-mecanismos-para-un-gobierno-mas-humano\/","url_meta":{"origin":105982,"position":2},"title":"Robert Polanco: &#8220;Abinader impulsa mecanismos para un gobierno m\u00e1s humano&#8221;","author":"Nelson Feliz","date":"5 de julio de 2025","format":false,"excerpt":"El funcionario asegur\u00f3 que Abinader escucha, responde al pueblo y promueve pol\u00edticas p\u00fablicas centradas en los m\u00e1s vulnerables, con enfoque en derechos, inclusi\u00f3n y dignidad El director de Proyectos Estrat\u00e9gicos y Especiales de la Presidencia (Propeep), Robert Polanco, afirm\u00f3 este s\u00e1bado que el presidente Luis Abinader mantiene un firme compromiso\u2026","rel":"","context":"En \u00abNACIONALES\u00bb","block_context":{"text":"NACIONALES","link":"https:\/\/lasprimeras.com.do\/index.php\/category\/nacionales\/"},"img":{"alt_text":"","src":"https:\/\/i0.wp.com\/lasprimeras.com.do\/wp-content\/uploads\/2025\/07\/Robert-Polanco-3.jpg?resize=350%2C200&ssl=1","width":350,"height":200,"srcset":"https:\/\/i0.wp.com\/lasprimeras.com.do\/wp-content\/uploads\/2025\/07\/Robert-Polanco-3.jpg?resize=350%2C200&ssl=1 1x, https:\/\/i0.wp.com\/lasprimeras.com.do\/wp-content\/uploads\/2025\/07\/Robert-Polanco-3.jpg?resize=525%2C300&ssl=1 1.5x, https:\/\/i0.wp.com\/lasprimeras.com.do\/wp-content\/uploads\/2025\/07\/Robert-Polanco-3.jpg?resize=700%2C400&ssl=1 2x"},"classes":[]},{"id":105979,"url":"https:\/\/lasprimeras.com.do\/index.php\/2025\/08\/08\/robert-polanco-afirma-propeep-ha-beneficiado-mas-de-139-mil-personas-vulnerables-desde-febrero\/","url_meta":{"origin":105982,"position":3},"title":"Robert Polanco afirma Propeep ha beneficiado m\u00e1s de 139 mil personas vulnerables desde febrero","author":"Nelson Feliz","date":"8 de agosto de 2025","format":false,"excerpt":"\u201dNo me gusta estar en la oficina. Me gusta estar en las calles, con la gente. Si uno disfruta servir, los resultados se logran\u201d, expuso Polanco El director de Proyectos Estrat\u00e9gicos y Especiales de la Presidencia (Propeep), Robert Polanco, asegur\u00f3 este viernes que desde febrero de este a\u00f1o esa instituci\u00f3n\u2026","rel":"","context":"En \u00abECONOM\u00cdA\u00bb","block_context":{"text":"ECONOM\u00cdA","link":"https:\/\/lasprimeras.com.do\/index.php\/category\/economia\/"},"img":{"alt_text":"","src":"https:\/\/i0.wp.com\/lasprimeras.com.do\/wp-content\/uploads\/2025\/08\/robert-1.jpg?resize=350%2C200&ssl=1","width":350,"height":200,"srcset":"https:\/\/i0.wp.com\/lasprimeras.com.do\/wp-content\/uploads\/2025\/08\/robert-1.jpg?resize=350%2C200&ssl=1 1x, https:\/\/i0.wp.com\/lasprimeras.com.do\/wp-content\/uploads\/2025\/08\/robert-1.jpg?resize=525%2C300&ssl=1 1.5x, https:\/\/i0.wp.com\/lasprimeras.com.do\/wp-content\/uploads\/2025\/08\/robert-1.jpg?resize=700%2C400&ssl=1 2x"},"classes":[]},{"id":102986,"url":"https:\/\/lasprimeras.com.do\/index.php\/2025\/07\/10\/robert-polancopara-abinader-el-bienestar-colectivo-es-lo-primero-el-gobierno-esta-presente-donde-mas-se-necesita\/","url_meta":{"origin":105982,"position":4},"title":"Robert Polanco:&#8221;Para Abinader el bienestar colectivo es lo primero; el Gobierno est\u00e1 presente donde m\u00e1s se necesita&#8221;","author":"Nelson Feliz","date":"10 de julio de 2025","format":false,"excerpt":"Cientos de personas en condiciones de vulnerabilidad fueron beneficiadas en el municipio Enriquillo, Barahona; con los servicios que ofrecen las Jornadas \u201cPrimero t\u00fa\u201d de Propeep. El director general de Proyectos Estrat\u00e9gicos y Especiales de la Presidencia (Propeep), Robert Polanco, afirm\u00f3 este jueves que el presidente Luis Abinader tiene como prioridad\u2026","rel":"","context":"En \u00abNACIONALES\u00bb","block_context":{"text":"NACIONALES","link":"https:\/\/lasprimeras.com.do\/index.php\/category\/nacionales\/"},"img":{"alt_text":"","src":"https:\/\/i0.wp.com\/lasprimeras.com.do\/wp-content\/uploads\/2025\/07\/Robert-Polanco.jpg?resize=350%2C200&ssl=1","width":350,"height":200,"srcset":"https:\/\/i0.wp.com\/lasprimeras.com.do\/wp-content\/uploads\/2025\/07\/Robert-Polanco.jpg?resize=350%2C200&ssl=1 1x, https:\/\/i0.wp.com\/lasprimeras.com.do\/wp-content\/uploads\/2025\/07\/Robert-Polanco.jpg?resize=525%2C300&ssl=1 1.5x, https:\/\/i0.wp.com\/lasprimeras.com.do\/wp-content\/uploads\/2025\/07\/Robert-Polanco.jpg?resize=700%2C400&ssl=1 2x"},"classes":[]},{"id":100967,"url":"https:\/\/lasprimeras.com.do\/index.php\/2025\/06\/13\/robert-polanco-nuestro-compromiso-es-trabajar-en-favor-de-la-gente-mas-necesitada\/","url_meta":{"origin":105982,"position":5},"title":"Robert Polanco: \u201cNuestro compromiso es trabajar en favor de la gente m\u00e1s necesitada\u201d","author":"Nelson Feliz","date":"13 de junio de 2025","format":false,"excerpt":"El funcionario encabez\u00f3 una amplia agenda de trabajo en las comunidades fronterizas Comendador, El Cercado, El Llano, Juan Santiago, y Hondo Valle. El director de Proyectos Estrat\u00e9gicos y Especiales de la Presidencia (Propeep), Robert Polanco, asegur\u00f3 este viernes que las jornadas de inclusi\u00f3n social impulsadas por el Gobierno no tienen\u2026","rel":"","context":"En \u00abNACIONALES\u00bb","block_context":{"text":"NACIONALES","link":"https:\/\/lasprimeras.com.do\/index.php\/category\/nacionales\/"},"img":{"alt_text":"","src":"https:\/\/i0.wp.com\/lasprimeras.com.do\/wp-content\/uploads\/2025\/06\/pro.jpg?resize=350%2C200&ssl=1","width":350,"height":200,"srcset":"https:\/\/i0.wp.com\/lasprimeras.com.do\/wp-content\/uploads\/2025\/06\/pro.jpg?resize=350%2C200&ssl=1 1x, https:\/\/i0.wp.com\/lasprimeras.com.do\/wp-content\/uploads\/2025\/06\/pro.jpg?resize=525%2C300&ssl=1 1.5x, https:\/\/i0.wp.com\/lasprimeras.com.do\/wp-content\/uploads\/2025\/06\/pro.jpg?resize=700%2C400&ssl=1 2x"},"classes":[]}],"jetpack_sharing_enabled":true,"_links":{"self":[{"href":"https:\/\/lasprimeras.com.do\/index.php\/wp-json\/wp\/v2\/posts\/105982","targetHints":{"allow":["GET"]}}],"collection":[{"href":"https:\/\/lasprimeras.com.do\/index.php\/wp-json\/wp\/v2\/posts"}],"about":[{"href":"https:\/\/lasprimeras.com.do\/index.php\/wp-json\/wp\/v2\/types\/post"}],"author":[{"embeddable":true,"href":"https:\/\/lasprimeras.com.do\/index.php\/wp-json\/wp\/v2\/users\/10"}],"replies":[{"embeddable":true,"href":"https:\/\/lasprimeras.com.do\/index.php\/wp-json\/wp\/v2\/comments?post=105982"}],"version-history":[{"count":1,"href":"https:\/\/lasprimeras.com.do\/index.php\/wp-json\/wp\/v2\/posts\/105982\/revisions"}],"predecessor-version":[{"id":105984,"href":"https:\/\/lasprimeras.com.do\/index.php\/wp-json\/wp\/v2\/posts\/105982\/revisions\/105984"}],"wp:featuredmedia":[{"embeddable":true,"href":"https:\/\/lasprimeras.com.do\/index.php\/wp-json\/wp\/v2\/media\/105983"}],"wp:attachment":[{"href":"https:\/\/lasprimeras.com.do\/index.php\/wp-json\/wp\/v2\/media?parent=105982"}],"wp:term":[{"taxonomy":"category","embeddable":true,"href":"https:\/\/lasprimeras.com.do\/index.php\/wp-json\/wp\/v2\/categories?post=105982"},{"taxonomy":"post_tag","embeddable":true,"href":"https:\/\/lasprimeras.com.do\/index.php\/wp-json\/wp\/v2\/tags?post=105982"}],"curies":[{"name":"wp","href":"https:\/\/api.w.org\/{rel}","templated":true}]}}