{"id":105985,"date":"2025-08-09T22:01:05","date_gmt":"2025-08-10T02:01:05","guid":{"rendered":"https:\/\/lasprimeras.com.do\/?p=105985"},"modified":"2025-08-09T22:01:06","modified_gmt":"2025-08-10T02:01:06","slug":"senador-rafael-baron-duluc-rinde-cuentas-de-su-gestion-legislativa-2024-2025","status":"publish","type":"post","link":"https:\/\/lasprimeras.com.do\/index.php\/2025\/08\/09\/senador-rafael-baron-duluc-rinde-cuentas-de-su-gestion-legislativa-2024-2025\/","title":{"rendered":"Senador Rafael Bar\u00f3n Duluc rinde cuentas de su gesti\u00f3n legislativa 2024-2025"},"content":{"rendered":"\n<p><strong>Durante el acto el legislador destac\u00f3 el arduo trabajo que realizan los senadores, las interminables horas de trabajos en las diferentes comisiones, y resalt\u00f3 el apoyo que reciben del presidente del Senado, Ricardo de los Santos.<\/strong><\/p>\n\n\n\n<p>El senador Rafael Bar\u00f3n Duluc destac\u00f3 los logros de su gesti\u00f3n durante el per\u00edodo 2024-2025, en materia legislativa, a favor de su demarcaci\u00f3n y el pa\u00eds, durante un acto de rendici\u00f3n de cuentas, celebrado en Hig\u00fcey, provincia La Altagracia.<\/p>\n\n\n\n<p>Durante el evento, el senador Duluc Rijo dijo sentirse satisfecho de poder presentar a su pueblo resultados tangibles de su trabajo, \u201cRendir cuentas es mirar de frente a la ciudadan\u00eda y decir: aqu\u00ed estoy, cumpliendo. Es honrar la confianza con hechos, es agradecer no solo con palabras, sino con resultados, con cercan\u00eda, y servicio\u201d.<\/p>\n\n\n\n<p>Sobre su labor legislativa destac\u00f3 que 48 iniciativas han sido conocidas, de las cuales 24 son proyectos de ley.<\/p>\n\n\n\n<p>\u201cEntre las iniciativas tenemos las resoluciones que instruye la instalaci\u00f3n del ITLA en La Altagracia; la que solicita la instalaci\u00f3n de IDOPPRIL en Ver\u00f3n, y elevar la oficina de Hig\u00fcey a sede regional; la resoluci\u00f3n que requiere la construcci\u00f3n de un CAIPI en Las Lagunas de Nisib\u00f3n; y la ley de Regiones \u00danicas de Planificaci\u00f3n.<\/p>\n\n\n\n<p>De igual modo, el legislador valor\u00f3 la reciente aprobaci\u00f3n de la ley que eleva el distrito municipal Ver\u00f3n\u2013Punta Cana a la categor\u00eda de municipio.<\/p>\n\n\n\n<figure class=\"wp-block-image size-full\"><img decoding=\"async\" width=\"900\" height=\"599\" src=\"https:\/\/lasprimeras.com.do\/wp-content\/uploads\/2025\/08\/Rafael-Baron-Duluc-1.jpg\" alt=\"\" class=\"wp-image-105987\" srcset=\"https:\/\/lasprimeras.com.do\/wp-content\/uploads\/2025\/08\/Rafael-Baron-Duluc-1.jpg 900w, https:\/\/lasprimeras.com.do\/wp-content\/uploads\/2025\/08\/Rafael-Baron-Duluc-1-300x200.jpg 300w, https:\/\/lasprimeras.com.do\/wp-content\/uploads\/2025\/08\/Rafael-Baron-Duluc-1-768x511.jpg 768w\" sizes=\"(max-width: 900px) 100vw, 900px\" \/><\/figure>\n\n\n\n<p>\u201cEsta ser\u00e1 una de las conquistas m\u00e1s trascendentales de nuestra gesti\u00f3n. Ver\u00f3n-Punta Cana, el principal distrito tur\u00edstico del Caribe; merece autonom\u00eda, justicia territorial, y capacidad administrativa\u201d, enfatiz\u00f3 el representante de la provincia La Altagracia.<\/p>\n\n\n\n<p>Al t\u00e9rmino de su intervenci\u00f3n, el senador manifest\u00f3 que, \u201cEste es apenas el comienzo. Nos queda mucho por hacer, y lo haremos juntos, como siempre, de frente, con trabajo, con visi\u00f3n y con alma altagraciana. Nuestra lucha no es pol\u00edtica: es por la dignidad de nuestra gente. Nuestro norte no es el aplauso, es el resultado\u201d.<\/p>\n\n\n\n<p>En su primer a\u00f1o de gesti\u00f3n senatorial Rafael Bar\u00f3n Duluc habl\u00f3 de las reuniones de trabajo que ha sostenido con varios ministros, a fin de viabilizar soluciones para su provincia, sin olvidar su labor social y su trato cercano con la gente; por lo que, desde la Oficina Senatorial de La Altagracia, coordina diversas actividades sociales.<\/p>\n\n\n\n<p>Durante el evento, realizado en el Auditorio Sergio Castillo, de la UASD Centro Hig\u00fcey, se proyect\u00f3 un material audiovisual que inici\u00f3 con un recuento del trabajo legislativo desarrollado durante este primer a\u00f1o.<\/p>\n\n\n\n<p>Con amplia acogida, la presencia de autoridades provinciales, la entonaci\u00f3n del Himno Nacional, y la bendici\u00f3n a cargo del sacerdote \u00c1ngel de la Rosa, el senador por La Altagracia, inici\u00f3 el acto de rendici\u00f3n de cuentas de su gesti\u00f3n legislativa correspondiente al a\u00f1o 2024-2025.<\/p>\n\n\n\n<figure class=\"wp-block-image size-full\"><img decoding=\"async\" width=\"900\" height=\"599\" src=\"https:\/\/lasprimeras.com.do\/wp-content\/uploads\/2025\/08\/Rafael-Baron-Duluc-2.jpg\" alt=\"\" class=\"wp-image-105988\" srcset=\"https:\/\/lasprimeras.com.do\/wp-content\/uploads\/2025\/08\/Rafael-Baron-Duluc-2.jpg 900w, https:\/\/lasprimeras.com.do\/wp-content\/uploads\/2025\/08\/Rafael-Baron-Duluc-2-300x200.jpg 300w, https:\/\/lasprimeras.com.do\/wp-content\/uploads\/2025\/08\/Rafael-Baron-Duluc-2-768x511.jpg 768w\" sizes=\"(max-width: 900px) 100vw, 900px\" \/><\/figure>\n\n\n\n<p>Al acto asistieron diversas personalidades de los sectores pol\u00edtico, empresarial, religioso, autoridades municipales, y colegas senadores, quienes reconocieron y valoraron el esfuerzo del senador Duluc Rijo, por impulsar el sector turismo, educativo, agropecuario y deportivo, entre otros.<\/p>\n\n\n\n<p>A trav\u00e9s de un audiovisual valoraron su entrega al trabajo por un mejor pa\u00eds y su lucha por el crecimiento de su provincia y lo describieron como una persona de respeto, humildad y compromiso, que mantiene las puertas abiertas y se solidariza con los problemas y las necesidades de sus comunidades.<\/p>\n\n\n\n<p>Durante el evento se distribuy\u00f3 un c\u00f3digo QR que enlaza a una revista digital que recoge las ejecutorias de la gesti\u00f3n senatorial del primer a\u00f1o y se detalla un informe financiero.<\/p>\n\n\n\n<p>En el acto de rendici\u00f3n de cuentas del senador Rafael Bar\u00f3n Duluc, estuvieron su esposa, Mar\u00eda Elena Aybar y sus hijos; adem\u00e1s, Daisy Francisca de Oleo, gobernadora de la provincia La Altagracia; el pastor Roberto Rodr\u00edguez, presidente de la Confraternidad de Pastores; el sacerdote \u00c1ngel de la Rosa, en representaci\u00f3n Monse\u00f1or Jes\u00fas Castro; el pastor Jos\u00e9 Miguel Valoy; Pa\u00fal Besuick del Grupo Punta Cana; Ernesto Veloz, Pablo \u00c1vila, Santo Laureano, Jos\u00edas Castillo; Enoide Cede\u00f1o, directora UASD Hig\u00fcey; Reidor Leo P\u00edcher; el coronel Marte Hern\u00e1ndez, director regional Digesett La Altagracia; M\u00e1ximo de los Santos, y l\u00edderes comunitarios, entre otras personalidades.<\/p>\n","protected":false},"excerpt":{"rendered":"<p>Durante el acto el legislador destac\u00f3 el arduo trabajo que realizan los senadores, las interminables horas de trabajos en las diferentes comisiones, y resalt\u00f3 el apoyo que reciben del presidente&hellip;<\/p>\n","protected":false},"author":10,"featured_media":105986,"comment_status":"open","ping_status":"open","sticky":false,"template":"","format":"standard","meta":{"content-type":"","jetpack_post_was_ever_published":false,"_jetpack_newsletter_access":"","_jetpack_dont_email_post_to_subs":false,"_jetpack_newsletter_tier_id":0,"_jetpack_memberships_contains_paywalled_content":false,"_jetpack_memberships_contains_paid_content":false,"footnotes":""},"categories":[35],"tags":[22959,18982,5765,1101],"class_list":["post-105985","post","type-post","status-publish","format-standard","has-post-thumbnail","hentry","category-nacionales","tag-gestion-legislativa","tag-rafael-baron-duluc","tag-rinde-cuentas","tag-senador"],"jetpack_featured_media_url":"https:\/\/lasprimeras.com.do\/wp-content\/uploads\/2025\/08\/Rafael-Baron-Duluc.jpg","jetpack-related-posts":[{"id":97525,"url":"https:\/\/lasprimeras.com.do\/index.php\/2025\/04\/22\/senador-deposita-proyectos-buscan-evitar-tragedia-como-la-de-jet-set\/","url_meta":{"origin":105985,"position":0},"title":"Senador deposita proyectos buscan evitar tragedia como la de Jet Set","author":"Nelson Feliz","date":"22 de abril de 2025","format":false,"excerpt":"Por V\u00edctor Mart\u00ednez Con el prop\u00f3sito de impulsar un marco legislativo que priorice la vida, la prevenci\u00f3n y la preparaci\u00f3n ante emergencias, el senador por la provincia La Altagracia, Rafael Bar\u00f3n Duluc, deposit\u00f3 este lunes tres proyectos de ley ante la Secretar\u00eda del Senado de la Rep\u00fablica. Explic\u00f3 que con\u2026","rel":"","context":"En \u00abNACIONALES\u00bb","block_context":{"text":"NACIONALES","link":"https:\/\/lasprimeras.com.do\/index.php\/category\/nacionales\/"},"img":{"alt_text":"Rafael Bar\u00f3n Duluc","src":"https:\/\/i0.wp.com\/lasprimeras.com.do\/wp-content\/uploads\/2025\/04\/Rafael-Baron-Duluc.jpg?resize=350%2C200&ssl=1","width":350,"height":200,"srcset":"https:\/\/i0.wp.com\/lasprimeras.com.do\/wp-content\/uploads\/2025\/04\/Rafael-Baron-Duluc.jpg?resize=350%2C200&ssl=1 1x, https:\/\/i0.wp.com\/lasprimeras.com.do\/wp-content\/uploads\/2025\/04\/Rafael-Baron-Duluc.jpg?resize=525%2C300&ssl=1 1.5x"},"classes":[]},{"id":114221,"url":"https:\/\/lasprimeras.com.do\/index.php\/2025\/11\/12\/cholitin-duluc-dirigentes-sindicales-conformes-con-modificaciones-al-codigo-laboral\/","url_meta":{"origin":105985,"position":1},"title":"&#8220;Cholit\u00edn&#8221; Duluc: Dirigentes Sindicales conformes con modificaciones al C\u00f3digo Laboral","author":"Nelson Feliz","date":"12 de noviembre de 2025","format":false,"excerpt":"El senador por la provincia La Altagracia, Rafael Bar\u00f3n Duluc, conocido popularmente como \"Cholit\u00edn\" Duluc, ha confirmado la aprobaci\u00f3n en el Senado de las modificaciones al C\u00f3digo Laboral, calificando la pieza legislativa como un \"paso hist\u00f3rico\" para el pa\u00eds. El abogado y pol\u00edtico dominicano, quien preside la comisi\u00f3n especial que\u2026","rel":"","context":"En \u00abPOLITICA\u00bb","block_context":{"text":"POLITICA","link":"https:\/\/lasprimeras.com.do\/index.php\/category\/politica\/"},"img":{"alt_text":"Rafael Bar\u00f3n Duluc","src":"https:\/\/i0.wp.com\/lasprimeras.com.do\/wp-content\/uploads\/2025\/11\/cholitin.jpg?resize=350%2C200&ssl=1","width":350,"height":200,"srcset":"https:\/\/i0.wp.com\/lasprimeras.com.do\/wp-content\/uploads\/2025\/11\/cholitin.jpg?resize=350%2C200&ssl=1 1x, https:\/\/i0.wp.com\/lasprimeras.com.do\/wp-content\/uploads\/2025\/11\/cholitin.jpg?resize=525%2C300&ssl=1 1.5x, https:\/\/i0.wp.com\/lasprimeras.com.do\/wp-content\/uploads\/2025\/11\/cholitin.jpg?resize=700%2C400&ssl=1 2x"},"classes":[]},{"id":102099,"url":"https:\/\/lasprimeras.com.do\/index.php\/2025\/07\/01\/comision-especial-revisa-ultimos-articulos-del-proyecto-de-ley-modifica-codigo-de-trabajo\/","url_meta":{"origin":105985,"position":2},"title":"Comisi\u00f3n Especial revisa \u00faltimos art\u00edculos del proyecto de ley modifica C\u00f3digo de Trabajo","author":"Nelson Feliz","date":"1 de julio de 2025","format":false,"excerpt":"Por Elvis Castro Hern\u00e1ndez La Comisi\u00f3n Especial del Senado, designada para estudiar el proyecto de ley que introduce modificaciones a la Ley n\u00fam. 16-92, del 29 de mayo de 1992, que aprueba el C\u00f3digo de Trabajo, revis\u00f3 de manera puntual m\u00e1s de nueve art\u00edculos de la iniciativa, los cuales hab\u00edan\u2026","rel":"","context":"En \u00abNACIONALES\u00bb","block_context":{"text":"NACIONALES","link":"https:\/\/lasprimeras.com.do\/index.php\/category\/nacionales\/"},"img":{"alt_text":"","src":"https:\/\/i0.wp.com\/lasprimeras.com.do\/wp-content\/uploads\/2025\/07\/senadores.jpg?resize=350%2C200&ssl=1","width":350,"height":200,"srcset":"https:\/\/i0.wp.com\/lasprimeras.com.do\/wp-content\/uploads\/2025\/07\/senadores.jpg?resize=350%2C200&ssl=1 1x, https:\/\/i0.wp.com\/lasprimeras.com.do\/wp-content\/uploads\/2025\/07\/senadores.jpg?resize=525%2C300&ssl=1 1.5x, https:\/\/i0.wp.com\/lasprimeras.com.do\/wp-content\/uploads\/2025\/07\/senadores.jpg?resize=700%2C400&ssl=1 2x"},"classes":[]},{"id":91375,"url":"https:\/\/lasprimeras.com.do\/index.php\/2024\/11\/19\/comision-que-estudia-codigo-laboral-escucha-al-ministro-de-trabajo\/","url_meta":{"origin":105985,"position":3},"title":"Comisi\u00f3n que estudia C\u00f3digo Laboral escucha al ministro de Trabajo","author":"Nelson Feliz","date":"19 de noviembre de 2024","format":false,"excerpt":"La Comisi\u00f3n Especial que tiene a su cargo el estudio del proyecto de ley que para las modificaciones del C\u00f3digo de Trabajo escuch\u00f3 este martes, los planteamientos del ministro de Trabajo, Luis Miguel Decamps quien asegur\u00f3 que el tema de la cesant\u00eda laboral est\u00e1 incluido en el proyecto remitido por\u2026","rel":"","context":"En \u00abNACIONALES\u00bb","block_context":{"text":"NACIONALES","link":"https:\/\/lasprimeras.com.do\/index.php\/category\/nacionales\/"},"img":{"alt_text":"","src":"https:\/\/i0.wp.com\/lasprimeras.com.do\/wp-content\/uploads\/2024\/11\/Luis-Miguel-Decamps.jpg?resize=350%2C200&ssl=1","width":350,"height":200,"srcset":"https:\/\/i0.wp.com\/lasprimeras.com.do\/wp-content\/uploads\/2024\/11\/Luis-Miguel-Decamps.jpg?resize=350%2C200&ssl=1 1x, https:\/\/i0.wp.com\/lasprimeras.com.do\/wp-content\/uploads\/2024\/11\/Luis-Miguel-Decamps.jpg?resize=525%2C300&ssl=1 1.5x, https:\/\/i0.wp.com\/lasprimeras.com.do\/wp-content\/uploads\/2024\/11\/Luis-Miguel-Decamps.jpg?resize=700%2C400&ssl=1 2x"},"classes":[]},{"id":113180,"url":"https:\/\/lasprimeras.com.do\/index.php\/2025\/10\/30\/senado-reconoce-al-doctor-jose-garrido-calderon-por-su-destacada-trayectoria-en-la-medicina\/","url_meta":{"origin":105985,"position":4},"title":"Senado reconoce al doctor Jos\u00e9 Garrido Calder\u00f3n por su destacada trayectoria en la medicina","author":"Nelson Feliz","date":"30 de octubre de 2025","format":false,"excerpt":"El homenaje es en cumplimiento a una resoluci\u00f3n sometida por el senador de la provincia La Altagracia, Rafael Bar\u00f3n Duluc Rijo. En un acto encabezado por el presidente del Senado, Ricardo de los Santos, el \u00f3rgano legislativo otorg\u00f3 este mi\u00e9rcoles un pergamino de reconocimiento al doctor Jos\u00e9 Garrido Calder\u00f3n, por\u2026","rel":"","context":"En \u00abNACIONALES\u00bb","block_context":{"text":"NACIONALES","link":"https:\/\/lasprimeras.com.do\/index.php\/category\/nacionales\/"},"img":{"alt_text":"","src":"https:\/\/i0.wp.com\/lasprimeras.com.do\/wp-content\/uploads\/2025\/10\/Jose-Garrido-Calderon.jpg?resize=350%2C200&ssl=1","width":350,"height":200,"srcset":"https:\/\/i0.wp.com\/lasprimeras.com.do\/wp-content\/uploads\/2025\/10\/Jose-Garrido-Calderon.jpg?resize=350%2C200&ssl=1 1x, https:\/\/i0.wp.com\/lasprimeras.com.do\/wp-content\/uploads\/2025\/10\/Jose-Garrido-Calderon.jpg?resize=525%2C300&ssl=1 1.5x, https:\/\/i0.wp.com\/lasprimeras.com.do\/wp-content\/uploads\/2025\/10\/Jose-Garrido-Calderon.jpg?resize=700%2C400&ssl=1 2x"},"classes":[]},{"id":102168,"url":"https:\/\/lasprimeras.com.do\/index.php\/2025\/07\/01\/comision-especial-del-senado-concluye-analisis-proyecto-de-ley-que-modifica-codigo-de-trabajo\/","url_meta":{"origin":105985,"position":5},"title":"Comisi\u00f3n Especial del Senado concluye an\u00e1lisis proyecto de ley que modifica C\u00f3digo de Trabajo","author":"Nelson Feliz","date":"1 de julio de 2025","format":false,"excerpt":"La Comisi\u00f3n Especial del Senado designada para estudiar el proyecto de ley que introduce modificaciones a la Ley n\u00fam. 16-92, del 29 de mayo de 1992 que aprueba el C\u00f3digo de Trabajo, concluy\u00f3 este martes el proceso de an\u00e1lisis de la pieza legislativa, y se apresta a rendir informe favorable\u2026","rel":"","context":"En \u00abNACIONALES\u00bb","block_context":{"text":"NACIONALES","link":"https:\/\/lasprimeras.com.do\/index.php\/category\/nacionales\/"},"img":{"alt_text":"","src":"https:\/\/i0.wp.com\/lasprimeras.com.do\/wp-content\/uploads\/2025\/07\/senado-1.jpg?resize=350%2C200&ssl=1","width":350,"height":200,"srcset":"https:\/\/i0.wp.com\/lasprimeras.com.do\/wp-content\/uploads\/2025\/07\/senado-1.jpg?resize=350%2C200&ssl=1 1x, https:\/\/i0.wp.com\/lasprimeras.com.do\/wp-content\/uploads\/2025\/07\/senado-1.jpg?resize=525%2C300&ssl=1 1.5x, https:\/\/i0.wp.com\/lasprimeras.com.do\/wp-content\/uploads\/2025\/07\/senado-1.jpg?resize=700%2C400&ssl=1 2x"},"classes":[]}],"jetpack_sharing_enabled":true,"_links":{"self":[{"href":"https:\/\/lasprimeras.com.do\/index.php\/wp-json\/wp\/v2\/posts\/105985","targetHints":{"allow":["GET"]}}],"collection":[{"href":"https:\/\/lasprimeras.com.do\/index.php\/wp-json\/wp\/v2\/posts"}],"about":[{"href":"https:\/\/lasprimeras.com.do\/index.php\/wp-json\/wp\/v2\/types\/post"}],"author":[{"embeddable":true,"href":"https:\/\/lasprimeras.com.do\/index.php\/wp-json\/wp\/v2\/users\/10"}],"replies":[{"embeddable":true,"href":"https:\/\/lasprimeras.com.do\/index.php\/wp-json\/wp\/v2\/comments?post=105985"}],"version-history":[{"count":1,"href":"https:\/\/lasprimeras.com.do\/index.php\/wp-json\/wp\/v2\/posts\/105985\/revisions"}],"predecessor-version":[{"id":105989,"href":"https:\/\/lasprimeras.com.do\/index.php\/wp-json\/wp\/v2\/posts\/105985\/revisions\/105989"}],"wp:featuredmedia":[{"embeddable":true,"href":"https:\/\/lasprimeras.com.do\/index.php\/wp-json\/wp\/v2\/media\/105986"}],"wp:attachment":[{"href":"https:\/\/lasprimeras.com.do\/index.php\/wp-json\/wp\/v2\/media?parent=105985"}],"wp:term":[{"taxonomy":"category","embeddable":true,"href":"https:\/\/lasprimeras.com.do\/index.php\/wp-json\/wp\/v2\/categories?post=105985"},{"taxonomy":"post_tag","embeddable":true,"href":"https:\/\/lasprimeras.com.do\/index.php\/wp-json\/wp\/v2\/tags?post=105985"}],"curies":[{"name":"wp","href":"https:\/\/api.w.org\/{rel}","templated":true}]}}