{"id":105993,"date":"2025-08-09T22:40:06","date_gmt":"2025-08-10T02:40:06","guid":{"rendered":"https:\/\/lasprimeras.com.do\/?p=105993"},"modified":"2025-08-09T22:40:09","modified_gmt":"2025-08-10T02:40:09","slug":"estratega-mabel-alcala-conversa-con-estudiantes-de-la-om-sobre-rr-pp-y-television","status":"publish","type":"post","link":"https:\/\/lasprimeras.com.do\/index.php\/2025\/08\/09\/estratega-mabel-alcala-conversa-con-estudiantes-de-la-om-sobre-rr-pp-y-television\/","title":{"rendered":"Estratega Mabel Alcal\u00e1 conversa con estudiantes de la O&#038;M sobre RR.PP y televisi\u00f3n"},"content":{"rendered":"\n<p>La experta en relaciones p\u00fablicas, Mabel Alcal\u00e1, sostuvo un conversatorio con estudiantes de Comunicaci\u00f3n Social de la Universidad O&amp;M, como parte de la asignatura Comunicaci\u00f3n Televisiva II, que imparte el maestro Jos\u00e9 Ram\u00f3n Suero, en el que abord\u00f3 la importancia de las relaciones p\u00fablicas como herramienta clave para conectar con los medios televisivos.<\/p>\n\n\n\n<p>Durante su intervenci\u00f3n, Alcal\u00e1 explic\u00f3 que las relaciones p\u00fablicas no solo promueven eventos o lanzamientos, sino que tambi\u00e9n aportan credibilidad, visibilidad y reputaci\u00f3n a quienes desean posicionarse ante el p\u00fablico.<\/p>\n\n\n\n<p>\u201cLa televisi\u00f3n busca historias bien contadas y con un enfoque claro. Una nota de prensa para este medio debe ser precisa, tener un t\u00edtulo corto y conectar con la audiencia desde el primer momento\u201d, destac\u00f3 la especialista.<\/p>\n\n\n\n<p>Asimismo, enfatiz\u00f3 la necesidad de que las informaciones dirigidas a los medios televisivos cuenten con contenido visual atractivo, voceros disponibles y datos relevantes que faciliten su cobertura.<\/p>\n\n\n\n<p>En ese sentido, se\u00f1al\u00f3 los errores m\u00e1s comunes que cometen comunicadores y marcas al preparar sus notas de prensa, como el uso de un lenguaje excesivamente t\u00e9cnico, la ausencia de un enfoque visual o la falta de una narrativa que conecte con las emociones del p\u00fablico.<\/p>\n\n\n\n<p>\u201cLa televisi\u00f3n necesita contenido que sea ver\u00eddico, visual y f\u00e1cil de cubrir. Cuando una historia se cuenta bien, los medios se encargan de amplificarla\u201d, expres\u00f3.<\/p>\n\n\n\n<p>Alcal\u00e1 concluy\u00f3 asegurando que las relaciones p\u00fablicas act\u00faan como puente entre las organizaciones y la sociedad, al traducir los objetivos institucionales en mensajes noticiosos que logran conectar con las audiencias a trav\u00e9s de los medios de comunicaci\u00f3n.<\/p>\n","protected":false},"excerpt":{"rendered":"<p>La experta en relaciones p\u00fablicas, Mabel Alcal\u00e1, sostuvo un conversatorio con estudiantes de Comunicaci\u00f3n Social de la Universidad O&amp;M, como parte de la asignatura Comunicaci\u00f3n Televisiva II, que imparte el&hellip;<\/p>\n","protected":false},"author":10,"featured_media":105994,"comment_status":"open","ping_status":"open","sticky":false,"template":"","format":"standard","meta":{"content-type":"","jetpack_post_was_ever_published":false,"_jetpack_newsletter_access":"","_jetpack_dont_email_post_to_subs":false,"_jetpack_newsletter_tier_id":0,"_jetpack_memberships_contains_paywalled_content":false,"_jetpack_memberships_contains_paid_content":false,"footnotes":""},"categories":[35],"tags":[12366,22962,524,22963,10473,22964,2154],"class_list":["post-105993","post","type-post","status-publish","format-standard","has-post-thumbnail","hentry","category-nacionales","tag-conversa","tag-estratega","tag-estudiantes","tag-mabel-alcala","tag-om","tag-rr-pp","tag-television"],"jetpack_featured_media_url":"https:\/\/lasprimeras.com.do\/wp-content\/uploads\/2025\/08\/Alcala.jpg","jetpack-related-posts":[{"id":100823,"url":"https:\/\/lasprimeras.com.do\/index.php\/2025\/06\/12\/mellizos-canjean-al-relevista-alcala-con-medias-rojas-por-un-jugador-de-ligas-menores\/","url_meta":{"origin":105993,"position":0},"title":"Mellizos canjean al relevista Alcal\u00e1 con Medias Rojas por un jugador de ligas menores","author":"Nelson Feliz","date":"12 de junio de 2025","format":false,"excerpt":"POR TYLER MASON MINNEAPOLIS (AP) \u2014 Los Mellizos de Minnesota cedieron el mi\u00e9rcoles al relevista dominicano Jorge Alcal\u00e1, en un canje pactado con los Medias Rojas de Boston, por su compatriota Andy Lugo, pelotero de las menores. Alcal\u00e1 (0-2), de 29 a\u00f1os, tiene una efectividad de 8.88 en 22 apariciones\u2026","rel":"","context":"En \u00abDEPORTES\u00bb","block_context":{"text":"DEPORTES","link":"https:\/\/lasprimeras.com.do\/index.php\/category\/deportes\/"},"img":{"alt_text":"","src":"https:\/\/i0.wp.com\/lasprimeras.com.do\/wp-content\/uploads\/2025\/06\/Jorge-Alcala.jpg?resize=350%2C200&ssl=1","width":350,"height":200,"srcset":"https:\/\/i0.wp.com\/lasprimeras.com.do\/wp-content\/uploads\/2025\/06\/Jorge-Alcala.jpg?resize=350%2C200&ssl=1 1x, https:\/\/i0.wp.com\/lasprimeras.com.do\/wp-content\/uploads\/2025\/06\/Jorge-Alcala.jpg?resize=525%2C300&ssl=1 1.5x, https:\/\/i0.wp.com\/lasprimeras.com.do\/wp-content\/uploads\/2025\/06\/Jorge-Alcala.jpg?resize=700%2C400&ssl=1 2x"},"classes":[]},{"id":58693,"url":"https:\/\/lasprimeras.com.do\/index.php\/2023\/08\/27\/dirigentes-del-prm-en-alcala-se-juramentan-en-la-fuerza-del-pueblo\/","url_meta":{"origin":105993,"position":1},"title":"Dirigentes del PRM en Alcal\u00e1 se juramentan en la Fuerza del Pueblo","author":"Nelson Feliz","date":"27 de agosto de 2023","format":false,"excerpt":"Dirigentes del PRM de la comunidad de Alcal\u00e1 de Henares, en Espa\u00f1a, se juramentaron este s\u00e1bado en la Fuerza del Pueblo para seguir fortaleciendo la estructura partidaria de ultramar. Marcos Cross, secretario de Los Dominicanos en el Exterior de la FP, tom\u00f3 el juramento a los nuevos integrantes, a trav\u00e9s\u2026","rel":"","context":"En \u00abSin categor\u00eda\u00bb","block_context":{"text":"Sin categor\u00eda","link":"https:\/\/lasprimeras.com.do\/index.php\/category\/sin-categoria\/"},"img":{"alt_text":"Fuerza del Pueblo","src":"https:\/\/i0.wp.com\/lasprimeras.com.do\/wp-content\/uploads\/2023\/08\/Fuerza-del-Pueblo-1-1.jpg?resize=350%2C200&ssl=1","width":350,"height":200,"srcset":"https:\/\/i0.wp.com\/lasprimeras.com.do\/wp-content\/uploads\/2023\/08\/Fuerza-del-Pueblo-1-1.jpg?resize=350%2C200&ssl=1 1x, https:\/\/i0.wp.com\/lasprimeras.com.do\/wp-content\/uploads\/2023\/08\/Fuerza-del-Pueblo-1-1.jpg?resize=525%2C300&ssl=1 1.5x, https:\/\/i0.wp.com\/lasprimeras.com.do\/wp-content\/uploads\/2023\/08\/Fuerza-del-Pueblo-1-1.jpg?resize=700%2C400&ssl=1 2x"},"classes":[]},{"id":122774,"url":"https:\/\/lasprimeras.com.do\/index.php\/2026\/02\/22\/detenidos-cuatro-cabecillas-de-anonymous-en-espana-por-ciberataques-a-organismos-publicos\/","url_meta":{"origin":105993,"position":2},"title":"Detenidos cuatro cabecillas de Anonymous en Espa\u00f1a por ciberataques a organismos p\u00fablicos","author":"Nelson Feliz","date":"22 de febrero de 2026","format":false,"excerpt":"Madrid (EFE).- La Guardia Civil ha detenido a los cuatro principales integrantes del grupo de hackers \u2018Anonymous F\u00e9nix\u2019, autodenominado parte del grupo internacional \u2018Anonymous\u2019, por su presunta participaci\u00f3n en ciberataques contra organismos p\u00fablicos, especialmente tras la tragedia de la dana en Valencia. En mayo del a\u00f1o pasado fueron detenidos el\u2026","rel":"","context":"En \u00abINTERNACIONALES\u00bb","block_context":{"text":"INTERNACIONALES","link":"https:\/\/lasprimeras.com.do\/index.php\/category\/sin-categoria\/internacionales\/"},"img":{"alt_text":"Detenidos cuatro cabecillas de Anonymous en Espa\u00f1a por ciberataques a organismos p\u00fablicos","src":"https:\/\/i0.wp.com\/lasprimeras.com.do\/wp-content\/uploads\/2026\/02\/Anonymous.jpg?resize=350%2C200&ssl=1","width":350,"height":200,"srcset":"https:\/\/i0.wp.com\/lasprimeras.com.do\/wp-content\/uploads\/2026\/02\/Anonymous.jpg?resize=350%2C200&ssl=1 1x, https:\/\/i0.wp.com\/lasprimeras.com.do\/wp-content\/uploads\/2026\/02\/Anonymous.jpg?resize=525%2C300&ssl=1 1.5x, https:\/\/i0.wp.com\/lasprimeras.com.do\/wp-content\/uploads\/2026\/02\/Anonymous.jpg?resize=700%2C400&ssl=1 2x"},"classes":[]},{"id":51379,"url":"https:\/\/lasprimeras.com.do\/index.php\/2023\/05\/30\/dos-estudiantes-muertas-y-11-heridos-en-hato-mayor\/","url_meta":{"origin":105993,"position":3},"title":"Dos estudiantes muertas y 11 heridos en Hato Mayor","author":"prenxa100","date":"30 de mayo de 2023","format":false,"excerpt":"El cuerpo docente, revestido de tristeza, mencion\u00f3 que accion\u00f3 tan r\u00e1pido como pudo al momento en el que ocurrieron los hechos Hato Mayor, RD.-.La Escuela Primaria Wenceslao Peguero Manchado, en Hato Mayor, era el sitio de destino del autob\u00fas con treinta y dos estudiantes a bordo, quienes fueron v\u00edctimas de\u2026","rel":"","context":"En \u00abNACIONALES\u00bb","block_context":{"text":"NACIONALES","link":"https:\/\/lasprimeras.com.do\/index.php\/category\/nacionales\/"},"img":{"alt_text":"","src":"https:\/\/i0.wp.com\/atento.com.do\/wp-content\/uploads\/2023\/05\/Zobeida-Alcala-directora-de-la-Escuela-Wenceslao-Peguero-Manchado.jpeg?resize=350%2C200&ssl=1","width":350,"height":200,"srcset":"https:\/\/i0.wp.com\/atento.com.do\/wp-content\/uploads\/2023\/05\/Zobeida-Alcala-directora-de-la-Escuela-Wenceslao-Peguero-Manchado.jpeg?resize=350%2C200&ssl=1 1x, https:\/\/i0.wp.com\/atento.com.do\/wp-content\/uploads\/2023\/05\/Zobeida-Alcala-directora-de-la-Escuela-Wenceslao-Peguero-Manchado.jpeg?resize=525%2C300&ssl=1 1.5x"},"classes":[]},{"id":73564,"url":"https:\/\/lasprimeras.com.do\/index.php\/2024\/01\/13\/el-presidente-noboa-visita-el-canal-de-television-de-ecuador-que-sufrio-asalto-armado\/","url_meta":{"origin":105993,"position":4},"title":"El presidente Noboa visita el canal de televisi\u00f3n de Ecuador que sufri\u00f3 asalto armado","author":"BIMARY DE JES\u00daS Matos","date":"13 de enero de 2024","format":false,"excerpt":"Quito.- El presidente de Ecuador, Daniel Noboa, recorri\u00f3 este viernes, sin ofrecer entrevistas, las instalaciones en Guayaquil del canal TC Televisi\u00f3n, que el martes pasado fue asaltado por un comando fuertemente armado durante una transmisi\u00f3n en vivo y tom\u00f3 por rehenes a los trabajadores del medio. Noboa lleg\u00f3 a los\u2026","rel":"","context":"En \u00abSin categor\u00eda\u00bb","block_context":{"text":"Sin categor\u00eda","link":"https:\/\/lasprimeras.com.do\/index.php\/category\/sin-categoria\/"},"img":{"alt_text":"","src":"https:\/\/i0.wp.com\/lasprimeras.com.do\/wp-content\/uploads\/2024\/01\/WhatsApp-Image-2024-01-13-at-11.30.53-AM.webp?resize=350%2C200&ssl=1","width":350,"height":200,"srcset":"https:\/\/i0.wp.com\/lasprimeras.com.do\/wp-content\/uploads\/2024\/01\/WhatsApp-Image-2024-01-13-at-11.30.53-AM.webp?resize=350%2C200&ssl=1 1x, https:\/\/i0.wp.com\/lasprimeras.com.do\/wp-content\/uploads\/2024\/01\/WhatsApp-Image-2024-01-13-at-11.30.53-AM.webp?resize=525%2C300&ssl=1 1.5x"},"classes":[]},{"id":93820,"url":"https:\/\/lasprimeras.com.do\/index.php\/2025\/02\/21\/guillermo-henriquez-hijo-fue-un-reconocido-locutor-y-comentarista-de-rd\/","url_meta":{"origin":105993,"position":5},"title":"Guillermo Henr\u00edquez hijo fue un reconocido locutor y comentarista de RD","author":"Nelson Feliz","date":"21 de febrero de 2025","format":false,"excerpt":"Guillermo Abel Henr\u00edquez Dumois conocido como Guillermo Henr\u00edquez hijo, fue un reconocido locutor y comentarista de radio y televisi\u00f3n dominicano. Falleci\u00f3 el 8 de febrero del 2013 en Santo Domingo, Rep\u00fablica Dominicana. Guillermo Henr\u00edquez hijo naci\u00f3 en Santo Domingo, Rep\u00fablica Dominicana. Estudi\u00f3 periodismo, locuci\u00f3n, arte dram\u00e1tico y producci\u00f3n televisiva en\u2026","rel":"","context":"En \u00abENTRETENIMIENTO\u00bb","block_context":{"text":"ENTRETENIMIENTO","link":"https:\/\/lasprimeras.com.do\/index.php\/category\/entretenimiento\/"},"img":{"alt_text":"","src":"https:\/\/i0.wp.com\/lasprimeras.com.do\/wp-content\/uploads\/2025\/02\/Guillermo-Henriquez-hijo.jpg?resize=350%2C200&ssl=1","width":350,"height":200},"classes":[]}],"jetpack_sharing_enabled":true,"_links":{"self":[{"href":"https:\/\/lasprimeras.com.do\/index.php\/wp-json\/wp\/v2\/posts\/105993","targetHints":{"allow":["GET"]}}],"collection":[{"href":"https:\/\/lasprimeras.com.do\/index.php\/wp-json\/wp\/v2\/posts"}],"about":[{"href":"https:\/\/lasprimeras.com.do\/index.php\/wp-json\/wp\/v2\/types\/post"}],"author":[{"embeddable":true,"href":"https:\/\/lasprimeras.com.do\/index.php\/wp-json\/wp\/v2\/users\/10"}],"replies":[{"embeddable":true,"href":"https:\/\/lasprimeras.com.do\/index.php\/wp-json\/wp\/v2\/comments?post=105993"}],"version-history":[{"count":1,"href":"https:\/\/lasprimeras.com.do\/index.php\/wp-json\/wp\/v2\/posts\/105993\/revisions"}],"predecessor-version":[{"id":105995,"href":"https:\/\/lasprimeras.com.do\/index.php\/wp-json\/wp\/v2\/posts\/105993\/revisions\/105995"}],"wp:featuredmedia":[{"embeddable":true,"href":"https:\/\/lasprimeras.com.do\/index.php\/wp-json\/wp\/v2\/media\/105994"}],"wp:attachment":[{"href":"https:\/\/lasprimeras.com.do\/index.php\/wp-json\/wp\/v2\/media?parent=105993"}],"wp:term":[{"taxonomy":"category","embeddable":true,"href":"https:\/\/lasprimeras.com.do\/index.php\/wp-json\/wp\/v2\/categories?post=105993"},{"taxonomy":"post_tag","embeddable":true,"href":"https:\/\/lasprimeras.com.do\/index.php\/wp-json\/wp\/v2\/tags?post=105993"}],"curies":[{"name":"wp","href":"https:\/\/api.w.org\/{rel}","templated":true}]}}