{"id":105999,"date":"2025-08-09T23:12:52","date_gmt":"2025-08-10T03:12:52","guid":{"rendered":"https:\/\/lasprimeras.com.do\/?p=105999"},"modified":"2025-08-09T23:12:54","modified_gmt":"2025-08-10T03:12:54","slug":"embajada-dominicana-en-espana-fortalece-vinculos-con-la-diaspora","status":"publish","type":"post","link":"https:\/\/lasprimeras.com.do\/index.php\/2025\/08\/09\/embajada-dominicana-en-espana-fortalece-vinculos-con-la-diaspora\/","title":{"rendered":"Embajada Dominicana en Espa\u00f1a fortalece v\u00ednculos con la di\u00e1spora"},"content":{"rendered":"\n<p><strong>Estudiantes galardonados en el Premio al M\u00e9rito Escolar 2025 realizan visita oficial a la Rep\u00fablica Dominicana<\/strong><\/p>\n\n\n\n<p>La Embajada de la Rep\u00fablica Dominicana en el Reino de Espa\u00f1a reafirm\u00f3 su compromiso con el fortalecimiento de los lazos entre la di\u00e1spora y el pa\u00eds, al impulsar la visita oficial de los estudiantes dominicanos galardonados en la XI edici\u00f3n del Premio al M\u00e9rito Escolar 2025.<\/p>\n\n\n\n<p>Durante su estad\u00eda los j\u00f3venes, seleccionados por su excelencia acad\u00e9mica, conducta ejemplar y esp\u00edritu de superaci\u00f3n, sostuvieron encuentros de alto nivel con autoridades nacionales, entre ellos una reuni\u00f3n con la vicepresidenta de la Rep\u00fablica, Raquel Pe\u00f1a; una visita a la alcaldesa del Distrito Nacional, Carolina Mej\u00eda; y una audiencia con el presidente Luis Abinader.<\/p>\n\n\n\n<p>Adem\u00e1s, visitas a los museos Bellapart y del Cacao, al Teatro Nacional, al Palacio del Congreso, al Tribunal Constitucional, al Banco Central, a la ministra de Interior y Polic\u00eda, Faride Raful, al ministro de Educaci\u00f3n, Luis Miguel De Camps; a Industria, Comercio y Mipymes, y a Scape Park Punta Cana.<\/p>\n\n\n\n<p>Esta experiencia constituye un homenaje al talento, la perseverancia y el sentido de identidad de la juventud dominicana residente en Espa\u00f1a, quienes encarnan los valores de esfuerzo, dignidad y compromiso c\u00edvico que caracterizan a miles de familias de la di\u00e1spora.<\/p>\n\n\n\n<p>El embajador Tony Raful destac\u00f3 que esta iniciativa no solo reconoce los m\u00e9ritos individuales de los estudiantes, sino que tambi\u00e9n celebra la transmisi\u00f3n intergeneracional de valores humanos, solidarios y culturales que fortalecen el v\u00ednculo entre la Rep\u00fablica Dominicana y su comunidad en el exterior.<\/p>\n\n\n\n<p>Asimismo, la agenda cultural y educativa incluy\u00f3 visitas a espacios hist\u00f3ricos y centros emblem\u00e1ticos del quehacer cultural dominicano, ofreciendo a los galardonados una oportunidad \u00fanica de reconectarse con su pa\u00eds de origen, conocer de cerca sus instituciones democr\u00e1ticas y apreciar el legado hist\u00f3rico y patrimonial que forma parte esencial de su identidad.<\/p>\n\n\n\n<p>Con este programa, la Embajada de la Rep\u00fablica Dominicana en Espa\u00f1a reafirma su rol como puente entre las instituciones nacionales y la di\u00e1spora, promoviendo el orgullo nacional, la excelencia educativa y la participaci\u00f3n activa de los j\u00f3venes dominicanos en el fortalecimiento de la identidad y proyecci\u00f3n internacional del pa\u00eds.<\/p>\n","protected":false},"excerpt":{"rendered":"<p>Estudiantes galardonados en el Premio al M\u00e9rito Escolar 2025 realizan visita oficial a la Rep\u00fablica Dominicana La Embajada de la Rep\u00fablica Dominicana en el Reino de Espa\u00f1a reafirm\u00f3 su compromiso&hellip;<\/p>\n","protected":false},"author":10,"featured_media":106000,"comment_status":"open","ping_status":"open","sticky":false,"template":"","format":"standard","meta":{"content-type":"","jetpack_post_was_ever_published":false,"_jetpack_newsletter_access":"","_jetpack_dont_email_post_to_subs":false,"_jetpack_newsletter_tier_id":0,"_jetpack_memberships_contains_paywalled_content":false,"_jetpack_memberships_contains_paid_content":false,"footnotes":""},"categories":[35],"tags":[2329,22966,3648,22967,1226,5039],"class_list":["post-105999","post","type-post","status-publish","format-standard","has-post-thumbnail","hentry","category-nacionales","tag-diaspora","tag-embajada-dominicana-en-espana","tag-fortalece","tag-premio-al-merito-escolar-2025","tag-republica-dominicana","tag-vinculos"],"jetpack_featured_media_url":"https:\/\/lasprimeras.com.do\/wp-content\/uploads\/2025\/08\/raful.jpg","jetpack-related-posts":[{"id":114643,"url":"https:\/\/lasprimeras.com.do\/index.php\/2025\/09\/25\/mario-lama-recibe-distincion-como-miembro-de-merito-de-la-fundacion-carlos-iii\/","url_meta":{"origin":105999,"position":0},"title":"Mario Lama recibe distinci\u00f3n como Miembro de M\u00e9rito de la Fundaci\u00f3n Carlos III","author":"Nelson Feliz","date":"25 de septiembre de 2025","format":false,"excerpt":"El director del SNS desarrolla agenda acad\u00e9mica y hospitalaria para fortalecer cooperaci\u00f3n sanitaria entre RD y Espa\u00f1a Madrid, Espa\u00f1a. \u2013 El director ejecutivo del Servicio Nacional de Salud (SNS), doctor Mario Lama, fue distinguido como Miembro de M\u00e9rito de la Fundaci\u00f3n Carlos III, en reconocimiento a su trayectoria profesional y\u2026","rel":"","context":"En \u00abNACIONALES\u00bb","block_context":{"text":"NACIONALES","link":"https:\/\/lasprimeras.com.do\/index.php\/category\/nacionales\/"},"img":{"alt_text":"","src":"","width":0,"height":0},"classes":[]},{"id":100596,"url":"https:\/\/lasprimeras.com.do\/index.php\/2025\/06\/09\/la-embajada-dominicana-celebra-encuentro-de-autores-durante-feria-del-libro-de-madrid-2025\/","url_meta":{"origin":105999,"position":1},"title":"La Embajada Dominicana celebra encuentro de autores durante Feria del Libro de Madrid 2025","author":"Nelson Feliz","date":"9 de junio de 2025","format":false,"excerpt":"Madrid \u2014 En el marco de la 84.\u00aa Feria del Libro de Madrid, la Embajada de la Rep\u00fablica Dominicana organiz\u00f3 un encuentro con una veintena de escritores dominicanos, con el objetivo de promover el di\u00e1logo y la colaboraci\u00f3n entre autores de ambas orillas. El evento, titulado \u201cCaf\u00e9 y Libros\u201d, se\u2026","rel":"","context":"En \u00abINTERNACIONALES\u00bb","block_context":{"text":"INTERNACIONALES","link":"https:\/\/lasprimeras.com.do\/index.php\/category\/sin-categoria\/internacionales\/"},"img":{"alt_text":"","src":"https:\/\/i0.wp.com\/lasprimeras.com.do\/wp-content\/uploads\/2025\/06\/autores.jpg?resize=350%2C200&ssl=1","width":350,"height":200,"srcset":"https:\/\/i0.wp.com\/lasprimeras.com.do\/wp-content\/uploads\/2025\/06\/autores.jpg?resize=350%2C200&ssl=1 1x, https:\/\/i0.wp.com\/lasprimeras.com.do\/wp-content\/uploads\/2025\/06\/autores.jpg?resize=525%2C300&ssl=1 1.5x, https:\/\/i0.wp.com\/lasprimeras.com.do\/wp-content\/uploads\/2025\/06\/autores.jpg?resize=700%2C400&ssl=1 2x"},"classes":[]},{"id":104168,"url":"https:\/\/lasprimeras.com.do\/index.php\/2025\/07\/22\/entregan-premios-a-estudiantes-meritorios-dominicanos-en-nueva-york\/","url_meta":{"origin":105999,"position":2},"title":"Entregan premios a estudiantes meritorios dominicanos en Nueva York","author":"Nelson Feliz","date":"22 de julio de 2025","format":false,"excerpt":"El presidente Luis Abinader recibir\u00e1 a estudiantes dominicanos meritorios. Nueva York, EE. UU. \u2013 Treinta estudiantes de ascendencia dominicana, reconocidos por su excelencia acad\u00e9mica en el estado de Nueva York, recibieron tabletas electr\u00f3nicas donadas por la Fundaci\u00f3n Rica, como parte del programa \u201cOr\u00edgenes de Excelencia\u201d, una iniciativa que celebra el\u2026","rel":"","context":"En \u00abINTERNACIONALES\u00bb","block_context":{"text":"INTERNACIONALES","link":"https:\/\/lasprimeras.com.do\/index.php\/category\/sin-categoria\/internacionales\/"},"img":{"alt_text":"estudiantes meritorios dominicanos","src":"https:\/\/i0.wp.com\/lasprimeras.com.do\/wp-content\/uploads\/2025\/07\/estudiantes-meritorios-dominicanos.jpg?resize=350%2C200&ssl=1","width":350,"height":200,"srcset":"https:\/\/i0.wp.com\/lasprimeras.com.do\/wp-content\/uploads\/2025\/07\/estudiantes-meritorios-dominicanos.jpg?resize=350%2C200&ssl=1 1x, https:\/\/i0.wp.com\/lasprimeras.com.do\/wp-content\/uploads\/2025\/07\/estudiantes-meritorios-dominicanos.jpg?resize=525%2C300&ssl=1 1.5x, https:\/\/i0.wp.com\/lasprimeras.com.do\/wp-content\/uploads\/2025\/07\/estudiantes-meritorios-dominicanos.jpg?resize=700%2C400&ssl=1 2x"},"classes":[]},{"id":111579,"url":"https:\/\/lasprimeras.com.do\/index.php\/2025\/10\/10\/mirex-entrega-premio-al-emigrante-dominicano-sr-oscar-de-la-renta-al-lider-comunitario-augusto-taveras\/","url_meta":{"origin":105999,"position":3},"title":"Mirex entrega &#8220;Premio al Emigrante Dominicano Sr. Oscar de la Renta&#8221; al l\u00edder comunitario Augusto Taveras","author":"Nelson Feliz","date":"10 de octubre de 2025","format":false,"excerpt":"El galard\u00f3n fue creado mediante el Decreto n\u00famero 242-17, para reconocer los m\u00e9ritos la comunidad dominicana en el exterior, la cual pone en alto el nombre del pa\u00eds en otras latitudes. El Ministerio de Relaciones Exteriores (Mirex) entreg\u00f3 la s\u00e9ptima edici\u00f3n del Premio al Emigrante Dominicano Sr. Oscar de la\u2026","rel":"","context":"En \u00abNACIONALES\u00bb","block_context":{"text":"NACIONALES","link":"https:\/\/lasprimeras.com.do\/index.php\/category\/nacionales\/"},"img":{"alt_text":"","src":"https:\/\/i0.wp.com\/lasprimeras.com.do\/wp-content\/uploads\/2025\/10\/Augusto-Taveras.jpg?resize=350%2C200&ssl=1","width":350,"height":200,"srcset":"https:\/\/i0.wp.com\/lasprimeras.com.do\/wp-content\/uploads\/2025\/10\/Augusto-Taveras.jpg?resize=350%2C200&ssl=1 1x, https:\/\/i0.wp.com\/lasprimeras.com.do\/wp-content\/uploads\/2025\/10\/Augusto-Taveras.jpg?resize=525%2C300&ssl=1 1.5x, https:\/\/i0.wp.com\/lasprimeras.com.do\/wp-content\/uploads\/2025\/10\/Augusto-Taveras.jpg?resize=700%2C400&ssl=1 2x"},"classes":[]},{"id":120155,"url":"https:\/\/lasprimeras.com.do\/index.php\/2026\/01\/21\/bhd-y-embajada-rd-en-espana-dialogan-sobre-proyectos-sociales-y-economicos-en-fitur\/","url_meta":{"origin":105999,"position":4},"title":"BHD y embajada RD en Espa\u00f1a dialogan sobre proyectos sociales y econ\u00f3micos en Fitur","author":"Nelson Feliz","date":"21 de enero de 2026","format":false,"excerpt":"MADRID.- El Banco BHD realiz\u00f3 un almuerzo con la Embajada de la Rep\u00fablica Dominicana en Espa\u00f1a en el que se intercambiaron informaciones sobre diferentes iniciativas de ambas partes en los \u00e1mbitos social y econ\u00f3mico. En el encuentro, desarrollado en el marco de la participaci\u00f3n de BHD en la Feria Internacional\u2026","rel":"","context":"En \u00abECONOM\u00cdA\u00bb","block_context":{"text":"ECONOM\u00cdA","link":"https:\/\/lasprimeras.com.do\/index.php\/category\/economia\/"},"img":{"alt_text":"Banco BHD","src":"https:\/\/i0.wp.com\/lasprimeras.com.do\/wp-content\/uploads\/2026\/01\/Banco-BHD.jpg?resize=350%2C200&ssl=1","width":350,"height":200,"srcset":"https:\/\/i0.wp.com\/lasprimeras.com.do\/wp-content\/uploads\/2026\/01\/Banco-BHD.jpg?resize=350%2C200&ssl=1 1x, https:\/\/i0.wp.com\/lasprimeras.com.do\/wp-content\/uploads\/2026\/01\/Banco-BHD.jpg?resize=525%2C300&ssl=1 1.5x, https:\/\/i0.wp.com\/lasprimeras.com.do\/wp-content\/uploads\/2026\/01\/Banco-BHD.jpg?resize=700%2C400&ssl=1 2x"},"classes":[]},{"id":104527,"url":"https:\/\/lasprimeras.com.do\/index.php\/2025\/07\/24\/el-futuro-no-se-improvisa-se-disena-dice-abinader-al-lanzar-concurso-para-desarrollo-del-pais\/","url_meta":{"origin":105999,"position":5},"title":"&#8220;El futuro no se improvisa, se dise\u00f1a&#8221;, dice Abinader al lanzar concurso para desarrollo del pa\u00eds","author":"Nelson Feliz","date":"24 de julio de 2025","format":false,"excerpt":"Las propuestas deben estar orientadas al desarrollo de la naci\u00f3n hacia el a\u00f1o 2036 El presidente Luis Abinader encabez\u00f3 este jueves el acto de lanzamiento del Concurso Nacional \"Rep\u00fablica de Ideas 2025\", una convocatoria abierta a ciudadanos dominicanos, tanto en el pa\u00eds como en la di\u00e1spora, as\u00ed como a extranjeros\u2026","rel":"","context":"En \u00abECONOM\u00cdA\u00bb","block_context":{"text":"ECONOM\u00cdA","link":"https:\/\/lasprimeras.com.do\/index.php\/category\/economia\/"},"img":{"alt_text":"","src":"https:\/\/i0.wp.com\/lasprimeras.com.do\/wp-content\/uploads\/2025\/07\/abina.jpg?resize=350%2C200&ssl=1","width":350,"height":200,"srcset":"https:\/\/i0.wp.com\/lasprimeras.com.do\/wp-content\/uploads\/2025\/07\/abina.jpg?resize=350%2C200&ssl=1 1x, https:\/\/i0.wp.com\/lasprimeras.com.do\/wp-content\/uploads\/2025\/07\/abina.jpg?resize=525%2C300&ssl=1 1.5x, https:\/\/i0.wp.com\/lasprimeras.com.do\/wp-content\/uploads\/2025\/07\/abina.jpg?resize=700%2C400&ssl=1 2x"},"classes":[]}],"jetpack_sharing_enabled":true,"_links":{"self":[{"href":"https:\/\/lasprimeras.com.do\/index.php\/wp-json\/wp\/v2\/posts\/105999","targetHints":{"allow":["GET"]}}],"collection":[{"href":"https:\/\/lasprimeras.com.do\/index.php\/wp-json\/wp\/v2\/posts"}],"about":[{"href":"https:\/\/lasprimeras.com.do\/index.php\/wp-json\/wp\/v2\/types\/post"}],"author":[{"embeddable":true,"href":"https:\/\/lasprimeras.com.do\/index.php\/wp-json\/wp\/v2\/users\/10"}],"replies":[{"embeddable":true,"href":"https:\/\/lasprimeras.com.do\/index.php\/wp-json\/wp\/v2\/comments?post=105999"}],"version-history":[{"count":1,"href":"https:\/\/lasprimeras.com.do\/index.php\/wp-json\/wp\/v2\/posts\/105999\/revisions"}],"predecessor-version":[{"id":106001,"href":"https:\/\/lasprimeras.com.do\/index.php\/wp-json\/wp\/v2\/posts\/105999\/revisions\/106001"}],"wp:featuredmedia":[{"embeddable":true,"href":"https:\/\/lasprimeras.com.do\/index.php\/wp-json\/wp\/v2\/media\/106000"}],"wp:attachment":[{"href":"https:\/\/lasprimeras.com.do\/index.php\/wp-json\/wp\/v2\/media?parent=105999"}],"wp:term":[{"taxonomy":"category","embeddable":true,"href":"https:\/\/lasprimeras.com.do\/index.php\/wp-json\/wp\/v2\/categories?post=105999"},{"taxonomy":"post_tag","embeddable":true,"href":"https:\/\/lasprimeras.com.do\/index.php\/wp-json\/wp\/v2\/tags?post=105999"}],"curies":[{"name":"wp","href":"https:\/\/api.w.org\/{rel}","templated":true}]}}