{"id":106012,"date":"2025-08-10T00:10:13","date_gmt":"2025-08-10T04:10:13","guid":{"rendered":"https:\/\/lasprimeras.com.do\/?p=106012"},"modified":"2025-08-10T00:10:15","modified_gmt":"2025-08-10T04:10:15","slug":"abinader-pondra-en-funcionamiento-trenes-de-seis-vagones-este-domingo","status":"publish","type":"post","link":"https:\/\/lasprimeras.com.do\/index.php\/2025\/08\/10\/abinader-pondra-en-funcionamiento-trenes-de-seis-vagones-este-domingo\/","title":{"rendered":"Abinader pondr\u00e1 en funcionamiento trenes de seis vagones este domingo"},"content":{"rendered":"\n<p><strong>Los trenes operaban con tres vagones y fueron aumentado a seis por la gran demanda existente.<\/strong><\/p>\n\n\n\n<p>El presidente Luis Abinader pondr\u00e1 en funcionamiento este domingo trenes de seis modernos vagones en la L\u00ednea 1 del Metro de Santo Domingo, que antes eran de tres, aumentando la capacidad de transporte ante la gran demanda de la poblaci\u00f3n.<\/p>\n\n\n\n<p>Al mismo tiempo, el mandatario dejar\u00e1 inaugurado el pasillo de interconexi\u00f3n peatonal entre las l\u00edneas Uno y Dos del Metro.<\/p>\n\n\n\n<p>Esta mejora reducir\u00e1 el tiempo de espera y aumentar\u00e1 la comodidad de los usuarios, fortaleciendo el compromiso del Gobierno con un transporte p\u00fablico m\u00e1s eficiente y moderno.<\/p>\n\n\n\n<p>El Metro de Santo Domingo moviliza a m\u00e1s de 380 mil personas cada d\u00eda, quienes ahora podr\u00e1n viajar de formas m\u00e1s \u00e1gil, c\u00f3moda y eficiente.<\/p>\n\n\n\n<p>Tambi\u00e9n el jefe de Estado inaugurar\u00e1 apartamentos en el sector Paseo del Arroyo, en Arroyo Hondo. Posteriormente, entregar\u00e1 la Escuela de Graduados del Comando y Estado Mayor Naval de la Armada de la Rep\u00fablica Dominicana, y la oficina de la Direcci\u00f3n de Operaciones.<\/p>\n","protected":false},"excerpt":{"rendered":"<p>Los trenes operaban con tres vagones y fueron aumentado a seis por la gran demanda existente. El presidente Luis Abinader pondr\u00e1 en funcionamiento este domingo trenes de seis modernos vagones&hellip;<\/p>\n","protected":false},"author":10,"featured_media":106013,"comment_status":"open","ping_status":"open","sticky":false,"template":"","format":"standard","meta":{"content-type":"","jetpack_post_was_ever_published":false,"_jetpack_newsletter_access":"","_jetpack_dont_email_post_to_subs":false,"_jetpack_newsletter_tier_id":0,"_jetpack_memberships_contains_paywalled_content":false,"_jetpack_memberships_contains_paid_content":false,"footnotes":""},"categories":[35,25],"tags":[2498,22971,67,21536],"class_list":["post-106012","post","type-post","status-publish","format-standard","has-post-thumbnail","hentry","category-nacionales","category-portada","tag-este-domingo","tag-funcionamiento-trenes","tag-luis-abinader","tag-seis-vagones"],"jetpack_featured_media_url":"https:\/\/lasprimeras.com.do\/wp-content\/uploads\/2025\/08\/abinader.jpg","jetpack-related-posts":[{"id":103967,"url":"https:\/\/lasprimeras.com.do\/index.php\/2025\/07\/20\/gobierno-lleva-alrededor-de-cinco-anos-con-la-promesa-de-ampliar-a-6-vagones-los-trenes-del-metro\/","url_meta":{"origin":106012,"position":0},"title":"Gobierno lleva alrededor de cinco a\u00f1os con la promesa de ampliar a 6 vagones los trenes del Metro","author":"Nelson Feliz","date":"20 de julio de 2025","format":false,"excerpt":"Desde el 2022 hasta el 2025, la Opret ha suspendido en varias ocasiones el servicio desde la estaci\u00f3n Hermanas Mirabal hasta la Mam\u00e1 Ting\u00f3 alegando que realizan los \u201c\u00faltimos trabajos\u201d, situaci\u00f3n que ha provocado gran incomodidad entre los usuarios. El proyecto de ampliaci\u00f3n del Metro de Santo Domingo, con trenes\u2026","rel":"","context":"En \u00abNACIONALES\u00bb","block_context":{"text":"NACIONALES","link":"https:\/\/lasprimeras.com.do\/index.php\/category\/nacionales\/"},"img":{"alt_text":"","src":"https:\/\/i0.wp.com\/lasprimeras.com.do\/wp-content\/uploads\/2025\/07\/VAGONES-4.jpeg?resize=350%2C200&ssl=1","width":350,"height":200,"srcset":"https:\/\/i0.wp.com\/lasprimeras.com.do\/wp-content\/uploads\/2025\/07\/VAGONES-4.jpeg?resize=350%2C200&ssl=1 1x, https:\/\/i0.wp.com\/lasprimeras.com.do\/wp-content\/uploads\/2025\/07\/VAGONES-4.jpeg?resize=525%2C300&ssl=1 1.5x, https:\/\/i0.wp.com\/lasprimeras.com.do\/wp-content\/uploads\/2025\/07\/VAGONES-4.jpeg?resize=700%2C400&ssl=1 2x"},"classes":[]},{"id":106080,"url":"https:\/\/lasprimeras.com.do\/index.php\/2025\/08\/10\/abinader-inaugura-ampliacion-y-pasillo-de-interconexion-peatonal-del-metro-de-santo-domingo\/","url_meta":{"origin":106012,"position":1},"title":"Abinader inaugura ampliaci\u00f3n y pasillo de interconexi\u00f3n peatonal del Metro de Santo Domingo","author":"Nelson Feliz","date":"10 de agosto de 2025","format":false,"excerpt":"Con la inauguraci\u00f3n de estos proyectos, hoy entran en servicio cuatro trenes de seis vagones, elevando la capacidad a 17,000 usuarios por hora. Para diciembre se proyecta duplicar la cantidad de usuarios a 22,000 por hora. El presidente de la Rep\u00fablica, Luis Abinader, encabez\u00f3 este domingo la puesta en marcha\u2026","rel":"","context":"En \u00abECONOM\u00cdA\u00bb","block_context":{"text":"ECONOM\u00cdA","link":"https:\/\/lasprimeras.com.do\/index.php\/category\/economia\/"},"img":{"alt_text":"","src":"https:\/\/i0.wp.com\/lasprimeras.com.do\/wp-content\/uploads\/2025\/08\/LUIS-ABINADER-2.jpg?resize=350%2C200&ssl=1","width":350,"height":200,"srcset":"https:\/\/i0.wp.com\/lasprimeras.com.do\/wp-content\/uploads\/2025\/08\/LUIS-ABINADER-2.jpg?resize=350%2C200&ssl=1 1x, https:\/\/i0.wp.com\/lasprimeras.com.do\/wp-content\/uploads\/2025\/08\/LUIS-ABINADER-2.jpg?resize=525%2C300&ssl=1 1.5x, https:\/\/i0.wp.com\/lasprimeras.com.do\/wp-content\/uploads\/2025\/08\/LUIS-ABINADER-2.jpg?resize=700%2C400&ssl=1 2x"},"classes":[]},{"id":103123,"url":"https:\/\/lasprimeras.com.do\/index.php\/2025\/07\/11\/opret-incluye-nuevos-trenes-de-seis-vagones-en-las-lineas-1-y-2-del-metro-de-santo-domingo\/","url_meta":{"origin":106012,"position":2},"title":"OPRET incluye nuevos trenes de seis vagones en las l\u00edneas 1 y 2 del Metro de Santo Domingo","author":"Nelson Feliz","date":"11 de julio de 2025","format":false,"excerpt":"Los nuevos vagones entrar\u00e1n en operaci\u00f3n a partir del pr\u00f3ximo mes de agosto. La Oficina para el Reordenamiento del Transporte (OPRET) anunci\u00f3 que a partir de agosto entrar\u00e1n en operaci\u00f3n los nuevos trenes de seis vagones en las l\u00edneas 1 y 2 del Metro de Santo Domingo. El director de\u2026","rel":"","context":"En \u00abNACIONALES\u00bb","block_context":{"text":"NACIONALES","link":"https:\/\/lasprimeras.com.do\/index.php\/category\/nacionales\/"},"img":{"alt_text":"Metro de Santo Domingo","src":"https:\/\/i0.wp.com\/lasprimeras.com.do\/wp-content\/uploads\/2025\/07\/vagones-1.jpg?resize=350%2C200&ssl=1","width":350,"height":200,"srcset":"https:\/\/i0.wp.com\/lasprimeras.com.do\/wp-content\/uploads\/2025\/07\/vagones-1.jpg?resize=350%2C200&ssl=1 1x, https:\/\/i0.wp.com\/lasprimeras.com.do\/wp-content\/uploads\/2025\/07\/vagones-1.jpg?resize=525%2C300&ssl=1 1.5x, https:\/\/i0.wp.com\/lasprimeras.com.do\/wp-content\/uploads\/2025\/07\/vagones-1.jpg?resize=700%2C400&ssl=1 2x"},"classes":[]},{"id":53760,"url":"https:\/\/lasprimeras.com.do\/index.php\/2023\/06\/30\/opret-anuncia-incorporacion-de-72-nuevos-vagones-para-satisfacer-la-demanda\/","url_meta":{"origin":106012,"position":3},"title":"OPRET anuncia incorporaci\u00f3n de 72 nuevos vagones para satisfacer la demanda","author":"Nelson Feliz","date":"30 de junio de 2023","format":false,"excerpt":"En los \u00faltimos 12 meses el Metro rompe r\u00e9cord de pasajeros transportados. La Oficina para el Reordenamiento del Transporte (Opret) inform\u00f3 que para satisfacer la creciente demanda de usuarios, el pr\u00f3ximo 9 de julio llegar\u00e1n al pa\u00eds 6 vagones adicionales que servir\u00e1n para duplicar la capacidad de sus l\u00edneas y\u2026","rel":"","context":"En \u00abECONOM\u00cdA\u00bb","block_context":{"text":"ECONOM\u00cdA","link":"https:\/\/lasprimeras.com.do\/index.php\/category\/economia\/"},"img":{"alt_text":"Metro de Santo Domingo","src":"https:\/\/i0.wp.com\/lasprimeras.com.do\/wp-content\/uploads\/2023\/06\/Metro-de-Santo-Domingo.jpg?resize=350%2C200&ssl=1","width":350,"height":200,"srcset":"https:\/\/i0.wp.com\/lasprimeras.com.do\/wp-content\/uploads\/2023\/06\/Metro-de-Santo-Domingo.jpg?resize=350%2C200&ssl=1 1x, https:\/\/i0.wp.com\/lasprimeras.com.do\/wp-content\/uploads\/2023\/06\/Metro-de-Santo-Domingo.jpg?resize=525%2C300&ssl=1 1.5x, https:\/\/i0.wp.com\/lasprimeras.com.do\/wp-content\/uploads\/2023\/06\/Metro-de-Santo-Domingo.jpg?resize=700%2C400&ssl=1 2x"},"classes":[]},{"id":53690,"url":"https:\/\/lasprimeras.com.do\/index.php\/2023\/06\/30\/el-metro-de-santo-domingo-rompe-record-de-usuarios-en-los-ultimos-12-meses\/","url_meta":{"origin":106012,"position":4},"title":"El Metro de Santo Domingo rompe r\u00e9cord de usuarios en los \u00faltimos 12 meses","author":"Nelson Feliz","date":"30 de junio de 2023","format":false,"excerpt":"La Opret inform\u00f3 que el servicio que ofrece el Sistema Integrado Metro-Telef\u00e9rico de Santo Domingo ha aumentado en un 10.72%, desde mayo del 2022 hasta mayo del 2023, respecto al mismo intervalo 2018-2019 (per\u00edodo pre-pandemia). La Oficina Para el Reordenamiento del Transporte (Opret) inform\u00f3 hoy que el Sistema de Transporte\u2026","rel":"","context":"En \u00abNACIONALES\u00bb","block_context":{"text":"NACIONALES","link":"https:\/\/lasprimeras.com.do\/index.php\/category\/nacionales\/"},"img":{"alt_text":"Metro de Santo Domingo","src":"https:\/\/i0.wp.com\/lasprimeras.com.do\/wp-content\/uploads\/2023\/06\/Metro-de-Santo-Domingo.jpg?resize=350%2C200&ssl=1","width":350,"height":200,"srcset":"https:\/\/i0.wp.com\/lasprimeras.com.do\/wp-content\/uploads\/2023\/06\/Metro-de-Santo-Domingo.jpg?resize=350%2C200&ssl=1 1x, https:\/\/i0.wp.com\/lasprimeras.com.do\/wp-content\/uploads\/2023\/06\/Metro-de-Santo-Domingo.jpg?resize=525%2C300&ssl=1 1.5x, https:\/\/i0.wp.com\/lasprimeras.com.do\/wp-content\/uploads\/2023\/06\/Metro-de-Santo-Domingo.jpg?resize=700%2C400&ssl=1 2x"},"classes":[]},{"id":107633,"url":"https:\/\/lasprimeras.com.do\/index.php\/2025\/08\/28\/presidente-abinader-anuncia-la-construccion-del-monorriel-de-santo-domingo\/","url_meta":{"origin":106012,"position":5},"title":"Presidente Abinader anuncia la construcci\u00f3n del Monorriel de Santo Domingo","author":"Nelson Feliz","date":"28 de agosto de 2025","format":false,"excerpt":"Atravesar\u00e1 la Autopista Las Am\u00e9ricas y la Av. 27 de Febrero atendiendo la demanda de viajes prevista por la conexi\u00f3n de Santo Domingo Este y el Distrito Nacional El presidente Luis Abinader anunci\u00f3 este jueves la construcci\u00f3n del Monorriel de Santo Domingo, el cual formar\u00e1 parte del Sistema Integrado de\u2026","rel":"","context":"En \u00abNACIONALES\u00bb","block_context":{"text":"NACIONALES","link":"https:\/\/lasprimeras.com.do\/index.php\/category\/nacionales\/"},"img":{"alt_text":"","src":"https:\/\/i0.wp.com\/lasprimeras.com.do\/wp-content\/uploads\/2025\/08\/Construccion-del-Monorriel-de-Santo-Domingo.jpg?resize=350%2C200&ssl=1","width":350,"height":200,"srcset":"https:\/\/i0.wp.com\/lasprimeras.com.do\/wp-content\/uploads\/2025\/08\/Construccion-del-Monorriel-de-Santo-Domingo.jpg?resize=350%2C200&ssl=1 1x, https:\/\/i0.wp.com\/lasprimeras.com.do\/wp-content\/uploads\/2025\/08\/Construccion-del-Monorriel-de-Santo-Domingo.jpg?resize=525%2C300&ssl=1 1.5x, https:\/\/i0.wp.com\/lasprimeras.com.do\/wp-content\/uploads\/2025\/08\/Construccion-del-Monorriel-de-Santo-Domingo.jpg?resize=700%2C400&ssl=1 2x"},"classes":[]}],"jetpack_sharing_enabled":true,"_links":{"self":[{"href":"https:\/\/lasprimeras.com.do\/index.php\/wp-json\/wp\/v2\/posts\/106012","targetHints":{"allow":["GET"]}}],"collection":[{"href":"https:\/\/lasprimeras.com.do\/index.php\/wp-json\/wp\/v2\/posts"}],"about":[{"href":"https:\/\/lasprimeras.com.do\/index.php\/wp-json\/wp\/v2\/types\/post"}],"author":[{"embeddable":true,"href":"https:\/\/lasprimeras.com.do\/index.php\/wp-json\/wp\/v2\/users\/10"}],"replies":[{"embeddable":true,"href":"https:\/\/lasprimeras.com.do\/index.php\/wp-json\/wp\/v2\/comments?post=106012"}],"version-history":[{"count":1,"href":"https:\/\/lasprimeras.com.do\/index.php\/wp-json\/wp\/v2\/posts\/106012\/revisions"}],"predecessor-version":[{"id":106014,"href":"https:\/\/lasprimeras.com.do\/index.php\/wp-json\/wp\/v2\/posts\/106012\/revisions\/106014"}],"wp:featuredmedia":[{"embeddable":true,"href":"https:\/\/lasprimeras.com.do\/index.php\/wp-json\/wp\/v2\/media\/106013"}],"wp:attachment":[{"href":"https:\/\/lasprimeras.com.do\/index.php\/wp-json\/wp\/v2\/media?parent=106012"}],"wp:term":[{"taxonomy":"category","embeddable":true,"href":"https:\/\/lasprimeras.com.do\/index.php\/wp-json\/wp\/v2\/categories?post=106012"},{"taxonomy":"post_tag","embeddable":true,"href":"https:\/\/lasprimeras.com.do\/index.php\/wp-json\/wp\/v2\/tags?post=106012"}],"curies":[{"name":"wp","href":"https:\/\/api.w.org\/{rel}","templated":true}]}}