{"id":106108,"date":"2025-08-10T21:36:52","date_gmt":"2025-08-11T01:36:52","guid":{"rendered":"https:\/\/lasprimeras.com.do\/?p=106108"},"modified":"2025-08-10T21:36:53","modified_gmt":"2025-08-11T01:36:53","slug":"sipen-revela-el-futuro-de-las-pensiones-en-rd-de-cara-a-las-nuevas-tendencias-de-los-mercados-laborales","status":"publish","type":"post","link":"https:\/\/lasprimeras.com.do\/index.php\/2025\/08\/10\/sipen-revela-el-futuro-de-las-pensiones-en-rd-de-cara-a-las-nuevas-tendencias-de-los-mercados-laborales\/","title":{"rendered":"Sipen revela el futuro de las pensiones en RD de cara a las nuevas tendencias de los mercados laborales"},"content":{"rendered":"\n<p>La Superintendencia de Pensiones (SIPEN) muestra que la informalidad laboral en la Rep\u00fablica Dominicana es un fen\u00f3meno muy din\u00e1mico, ya que un 30% de los afiliados tiene menos del 10% de densidad de cotizaci\u00f3n, mientras que solo un 20% tiene trayectorias formales casi completas.<\/p>\n\n\n\n<p>As\u00ed lo avala el \u00faltimo estudio publicado por el Banco Mundial y la Sipen en el que plantean que esta problem\u00e1tica, que tambi\u00e9n es propia de los pa\u00edses de la regi\u00f3n, pone a la afiliaci\u00f3n y la informalidad como los dos ejes m\u00e1s desafiantes para los sistemas de pensiones.<\/p>\n\n\n\n<p>En el estudio, titulado Historial Laboral y Densidad de Contribuci\u00f3n en el Sistema Dominicano de Pensiones, los economistas Ignacio Apella, de la Pr\u00e1ctica Global de Protecci\u00f3n Social y Trabajo en Am\u00e9rica Latina y el Caribedel Banco Mundial; y Gonzalo Zunino, director del Centro de investigaciones Econ\u00f3micas de Uruguay, explicaron la gran disyuntiva existente: aunque el 62.7% de la poblaci\u00f3n en edad de trabajar est\u00e1 afiliada al sistema de pensiones, un tercio de los trabajadores nunca ha realizado una cotizaci\u00f3n. <\/p>\n\n\n\n<p>En promedio, los trabajadores dominicanos contribuyensolo 4 de cada 10 meses posibles al sistema de pensiones. <\/p>\n\n\n\n<p>Los trabajadores que ganan m\u00e1s de 3 salarios m\u00ednimos tienen una densidad de cotizaci\u00f3n 25 puntos porcentuales mayor que quienes ganan menos de la mitad del salario m\u00ednimo.<\/p>\n\n\n\n<p>Desde un punto comparativo, las cohortes nacidas despu\u00e9s de 1980 muestran una participaci\u00f3n m\u00e1s frecuente y salarios m\u00e1s altos. Por ejemplo, a los 30 a\u00f1os, el 50% de los nacidos en 1990 cotizaban, frente al 30% de los nacidos en 1975 a esa misma edad.<\/p>\n\n\n\n<p>El reciente estudio tambi\u00e9n revela que en la Rep\u00fablica Dominicana no hay diferencias significativas entre hombres y mujeres en la densidad de cotizaci\u00f3n ni en salarios, una vez afiliadoal sistema de pensiones. A excepci\u00f3n del 2023que la tasa de participaci\u00f3n de hombres fue 6.7 puntos porcentuales mayor que la de las mujeres.<\/p>\n\n\n\n<p>El estudio demuestra que los trabajadores dominicanos que deseen lograr una alta acumulaci\u00f3n para el retiro, deben aumentar o mantener la constancia en sus aportesy cotizaciones a trav\u00e9s de una participaci\u00f3n formal continua o accediendo a losplanes complementarios de pensiones, una opci\u00f3n loable para aumentar los ahorros en el tiempo.<\/p>\n","protected":false},"excerpt":{"rendered":"<p>La Superintendencia de Pensiones (SIPEN) muestra que la informalidad laboral en la Rep\u00fablica Dominicana es un fen\u00f3meno muy din\u00e1mico, ya que un 30% de los afiliados tiene menos del 10%&hellip;<\/p>\n","protected":false},"author":10,"featured_media":106109,"comment_status":"open","ping_status":"open","sticky":false,"template":"","format":"standard","meta":{"content-type":"","jetpack_post_was_ever_published":false,"_jetpack_newsletter_access":"","_jetpack_dont_email_post_to_subs":false,"_jetpack_newsletter_tier_id":0,"_jetpack_memberships_contains_paywalled_content":false,"_jetpack_memberships_contains_paid_content":false,"footnotes":""},"categories":[39,25],"tags":[4718,23030,23029,531,1226,5139],"class_list":["post-106108","post","type-post","status-publish","format-standard","has-post-thumbnail","hentry","category-economia","category-portada","tag-futuro","tag-mercados-laborales","tag-nuevas-tendencias","tag-pensiones","tag-republica-dominicana","tag-sipen"],"jetpack_featured_media_url":"https:\/\/lasprimeras.com.do\/wp-content\/uploads\/2025\/08\/Sipen.jpg","jetpack-related-posts":[{"id":110930,"url":"https:\/\/lasprimeras.com.do\/index.php\/2025\/10\/02\/afp-atlantico-lanza-nueva-alternativa-de-plan-complementario-de-pensiones-supervisado-por-sipen\/","url_meta":{"origin":106108,"position":0},"title":"AFP Atl\u00e1ntico lanza nueva alternativa de plan complementario de pensiones supervisado por  Sipen","author":"Nelson Feliz","date":"2 de octubre de 2025","format":false,"excerpt":"Los planes complementarios de pensiones se adaptan a las metas de cada afiliado, quien define el monto y la frecuencia de sus aportes. En el marco de la Feria Internacional del Libro Santo Domingo 2025 (FILSD2025), AFP Atl\u00e1ntico present\u00f3 Prospera, un plan de ahorro complementario para el retiro dise\u00f1ado para\u2026","rel":"","context":"En \u00abECONOM\u00cdA\u00bb","block_context":{"text":"ECONOM\u00cdA","link":"https:\/\/lasprimeras.com.do\/index.php\/category\/economia\/"},"img":{"alt_text":"","src":"https:\/\/i0.wp.com\/lasprimeras.com.do\/wp-content\/uploads\/2025\/10\/Franciaco-A.-Torres-Superintendente-de-Pensones-y-Filipo-Ciccone-presdente-de-AFP-Atlantico.jpg?resize=350%2C200&ssl=1","width":350,"height":200,"srcset":"https:\/\/i0.wp.com\/lasprimeras.com.do\/wp-content\/uploads\/2025\/10\/Franciaco-A.-Torres-Superintendente-de-Pensones-y-Filipo-Ciccone-presdente-de-AFP-Atlantico.jpg?resize=350%2C200&ssl=1 1x, https:\/\/i0.wp.com\/lasprimeras.com.do\/wp-content\/uploads\/2025\/10\/Franciaco-A.-Torres-Superintendente-de-Pensones-y-Filipo-Ciccone-presdente-de-AFP-Atlantico.jpg?resize=525%2C300&ssl=1 1.5x, https:\/\/i0.wp.com\/lasprimeras.com.do\/wp-content\/uploads\/2025\/10\/Franciaco-A.-Torres-Superintendente-de-Pensones-y-Filipo-Ciccone-presdente-de-AFP-Atlantico.jpg?resize=700%2C400&ssl=1 2x"},"classes":[]},{"id":75862,"url":"https:\/\/lasprimeras.com.do\/index.php\/2024\/02\/05\/sipen-y-adafp-presentan-plan-de-educacion-sobre-pensiones-conocetufuturo-do\/","url_meta":{"origin":106108,"position":1},"title":"Sipen y Adafp presentan plan de educaci\u00f3n sobre pensiones Conocetufuturo.do","author":"Nelson Feliz","date":"5 de febrero de 2024","format":false,"excerpt":"La Superintendencia de Pensiones y la Asociaci\u00f3n de Administradoras de Fondos de Pensiones (Adafp) iniciaron su plan educativo bajo la novedosa modalidad de educaci\u00f3n invisible sobre el sistema dominicano de pensiones con el lanzamiento de la plataforma Conocetufuturo.do, un portal informativo donde las personas podr\u00e1n conocer cu\u00e1l es su situaci\u00f3n\u2026","rel":"","context":"En \u00abECONOM\u00cdA\u00bb","block_context":{"text":"ECONOM\u00cdA","link":"https:\/\/lasprimeras.com.do\/index.php\/category\/economia\/"},"img":{"alt_text":"Superintendencia de Pensiones en la plaza comercial Sambil.","src":"https:\/\/i0.wp.com\/lasprimeras.com.do\/wp-content\/uploads\/2024\/02\/Superintendencia-de-Pensiones-en-la-plaza-comercial-Sambil.jpg?resize=350%2C200&ssl=1","width":350,"height":200,"srcset":"https:\/\/i0.wp.com\/lasprimeras.com.do\/wp-content\/uploads\/2024\/02\/Superintendencia-de-Pensiones-en-la-plaza-comercial-Sambil.jpg?resize=350%2C200&ssl=1 1x, https:\/\/i0.wp.com\/lasprimeras.com.do\/wp-content\/uploads\/2024\/02\/Superintendencia-de-Pensiones-en-la-plaza-comercial-Sambil.jpg?resize=525%2C300&ssl=1 1.5x, https:\/\/i0.wp.com\/lasprimeras.com.do\/wp-content\/uploads\/2024\/02\/Superintendencia-de-Pensiones-en-la-plaza-comercial-Sambil.jpg?resize=700%2C400&ssl=1 2x"},"classes":[]},{"id":119099,"url":"https:\/\/lasprimeras.com.do\/index.php\/2026\/01\/07\/tsa-acoge-amparo-de-panorama-y-ordena-a-la-sipen-entregar-informacion-sobre-cuentas-inactivas\/","url_meta":{"origin":106108,"position":2},"title":"TSA acoge amparo de Panorama y ordena a la SIPEN entregar informaci\u00f3n sobre cuentas inactivas","author":"Nelson Feliz","date":"7 de enero de 2026","format":false,"excerpt":"El Tribunal Superior Administrativo (TSA) acogi\u00f3 el recurso de amparo interpuesto por el Grupo de Medios Panorama y orden\u00f3 a la Superintendencia de Pensiones (SIPEN) entregar la informaci\u00f3n solicitada sobre las cuentas de capitalizaci\u00f3n individual inactivas regenteadas por las Administradoras de Fondos de Pensiones (AFP). Mediante la sentencia n\u00fam. 0030-04-2025-SSEN-00776,\u2026","rel":"","context":"En \u00abSin categor\u00eda\u00bb","block_context":{"text":"Sin categor\u00eda","link":"https:\/\/lasprimeras.com.do\/index.php\/category\/sin-categoria\/"},"img":{"alt_text":"","src":"","width":0,"height":0},"classes":[]},{"id":66683,"url":"https:\/\/lasprimeras.com.do\/index.php\/2023\/11\/08\/sipen-auspicia-mesa-de-dialogo-multiactor-sobre-pensiones-inclusivas\/","url_meta":{"origin":106108,"position":3},"title":"SIPEN auspicia mesa de di\u00e1logo multiactor sobre pensiones inclusivas","author":"Nelson Feliz","date":"8 de noviembre de 2023","format":false,"excerpt":"Con el objetivo de construir un espacio para el intercambio de ideas entre los actores clave que pueden propiciar acciones para extender la inclusi\u00f3n financiera a la \u00faltima etapa del ciclo de vida, el pasado mi\u00e9rcoles 8 de noviembre de 2023 fue realizada la primera mesa de di\u00e1logo multiactor sobre\u2026","rel":"","context":"En \u00abECONOM\u00cdA\u00bb","block_context":{"text":"ECONOM\u00cdA","link":"https:\/\/lasprimeras.com.do\/index.php\/category\/economia\/"},"img":{"alt_text":"SIPEN","src":"https:\/\/i0.wp.com\/lasprimeras.com.do\/wp-content\/uploads\/2023\/11\/SIPEN-1.jpg?resize=350%2C200&ssl=1","width":350,"height":200,"srcset":"https:\/\/i0.wp.com\/lasprimeras.com.do\/wp-content\/uploads\/2023\/11\/SIPEN-1.jpg?resize=350%2C200&ssl=1 1x, https:\/\/i0.wp.com\/lasprimeras.com.do\/wp-content\/uploads\/2023\/11\/SIPEN-1.jpg?resize=525%2C300&ssl=1 1.5x, https:\/\/i0.wp.com\/lasprimeras.com.do\/wp-content\/uploads\/2023\/11\/SIPEN-1.jpg?resize=700%2C400&ssl=1 2x"},"classes":[]},{"id":88488,"url":"https:\/\/lasprimeras.com.do\/index.php\/2024\/08\/28\/sipen-avanza-en-la-digitalizacion-del-proceso-de-evaluacion-y-certificacion-de-los-promotores-de-las-afp\/","url_meta":{"origin":106108,"position":4},"title":"SIPEN avanza en la digitalizaci\u00f3n del proceso de evaluaci\u00f3n y certificaci\u00f3n de los promotores de las AFP","author":"Nelson Feliz","date":"28 de agosto de 2024","format":false,"excerpt":"El superintendente de Pensiones, Francisco A. Torres, inform\u00f3 que, como parte del proceso de transformaci\u00f3n digital que est\u00e1 realizando la Superintendencia, se inici\u00f3 la implementaci\u00f3n de una nueva modalidad de evaluaci\u00f3n y certificaci\u00f3n de los promotores de las Administradoras de Fondos de Pensiones (AFP), lo cual permitir\u00e1 que estos puedan\u2026","rel":"","context":"En \u00abECONOM\u00cdA\u00bb","block_context":{"text":"ECONOM\u00cdA","link":"https:\/\/lasprimeras.com.do\/index.php\/category\/economia\/"},"img":{"alt_text":"","src":"https:\/\/i0.wp.com\/lasprimeras.com.do\/wp-content\/uploads\/2024\/08\/SIPEN.jpg?resize=350%2C200&ssl=1","width":350,"height":200,"srcset":"https:\/\/i0.wp.com\/lasprimeras.com.do\/wp-content\/uploads\/2024\/08\/SIPEN.jpg?resize=350%2C200&ssl=1 1x, https:\/\/i0.wp.com\/lasprimeras.com.do\/wp-content\/uploads\/2024\/08\/SIPEN.jpg?resize=525%2C300&ssl=1 1.5x, https:\/\/i0.wp.com\/lasprimeras.com.do\/wp-content\/uploads\/2024\/08\/SIPEN.jpg?resize=700%2C400&ssl=1 2x"},"classes":[]},{"id":70386,"url":"https:\/\/lasprimeras.com.do\/index.php\/2023\/12\/11\/sipen-conmemora-22-anos-de-avances-con-una-misa-de-accion-de-gracias\/","url_meta":{"origin":106108,"position":5},"title":"SIPEN conmemora 22 a\u00f1os de avances con una misa de acci\u00f3n de gracias","author":"Nelson Feliz","date":"11 de diciembre de 2023","format":false,"excerpt":"Destaca logros del Sistema Dominicano de Pensiones. La Superintendencia de Pensiones (SIPEN) cierra el a\u00f1o con objetivos cumplidos y \u00e9xitos alcanzados en el 2023, los cuales han impactado positivamente la econom\u00eda dominicana en favor de la sostenibilidad del Sistema Dominicano de Pensiones. Con una eucarist\u00eda oficiada por el padre Francisco\u2026","rel":"","context":"En \u00abNACIONALES\u00bb","block_context":{"text":"NACIONALES","link":"https:\/\/lasprimeras.com.do\/index.php\/category\/nacionales\/"},"img":{"alt_text":"SIPEN","src":"https:\/\/i0.wp.com\/lasprimeras.com.do\/wp-content\/uploads\/2023\/12\/sipen.jpg?resize=350%2C200&ssl=1","width":350,"height":200,"srcset":"https:\/\/i0.wp.com\/lasprimeras.com.do\/wp-content\/uploads\/2023\/12\/sipen.jpg?resize=350%2C200&ssl=1 1x, https:\/\/i0.wp.com\/lasprimeras.com.do\/wp-content\/uploads\/2023\/12\/sipen.jpg?resize=525%2C300&ssl=1 1.5x, https:\/\/i0.wp.com\/lasprimeras.com.do\/wp-content\/uploads\/2023\/12\/sipen.jpg?resize=700%2C400&ssl=1 2x"},"classes":[]}],"jetpack_sharing_enabled":true,"_links":{"self":[{"href":"https:\/\/lasprimeras.com.do\/index.php\/wp-json\/wp\/v2\/posts\/106108","targetHints":{"allow":["GET"]}}],"collection":[{"href":"https:\/\/lasprimeras.com.do\/index.php\/wp-json\/wp\/v2\/posts"}],"about":[{"href":"https:\/\/lasprimeras.com.do\/index.php\/wp-json\/wp\/v2\/types\/post"}],"author":[{"embeddable":true,"href":"https:\/\/lasprimeras.com.do\/index.php\/wp-json\/wp\/v2\/users\/10"}],"replies":[{"embeddable":true,"href":"https:\/\/lasprimeras.com.do\/index.php\/wp-json\/wp\/v2\/comments?post=106108"}],"version-history":[{"count":1,"href":"https:\/\/lasprimeras.com.do\/index.php\/wp-json\/wp\/v2\/posts\/106108\/revisions"}],"predecessor-version":[{"id":106110,"href":"https:\/\/lasprimeras.com.do\/index.php\/wp-json\/wp\/v2\/posts\/106108\/revisions\/106110"}],"wp:featuredmedia":[{"embeddable":true,"href":"https:\/\/lasprimeras.com.do\/index.php\/wp-json\/wp\/v2\/media\/106109"}],"wp:attachment":[{"href":"https:\/\/lasprimeras.com.do\/index.php\/wp-json\/wp\/v2\/media?parent=106108"}],"wp:term":[{"taxonomy":"category","embeddable":true,"href":"https:\/\/lasprimeras.com.do\/index.php\/wp-json\/wp\/v2\/categories?post=106108"},{"taxonomy":"post_tag","embeddable":true,"href":"https:\/\/lasprimeras.com.do\/index.php\/wp-json\/wp\/v2\/tags?post=106108"}],"curies":[{"name":"wp","href":"https:\/\/api.w.org\/{rel}","templated":true}]}}