{"id":106118,"date":"2025-08-11T07:07:12","date_gmt":"2025-08-11T11:07:12","guid":{"rendered":"https:\/\/lasprimeras.com.do\/?p=106118"},"modified":"2025-08-11T07:07:13","modified_gmt":"2025-08-11T11:07:13","slug":"fallece-el-senador-colombiano-miguel-uribe-turbay-tras-atentado-en-junio","status":"publish","type":"post","link":"https:\/\/lasprimeras.com.do\/index.php\/2025\/08\/11\/fallece-el-senador-colombiano-miguel-uribe-turbay-tras-atentado-en-junio\/","title":{"rendered":"Fallece el senador colombiano Miguel Uribe Turbay tras atentado en junio"},"content":{"rendered":"\n<p><strong>El pol\u00edtico permanec\u00eda internado despu\u00e9s de recibir tres impactos de bala en la cabeza durante una actividad proselitista en un barrio de Bogot\u00e1.<\/strong><\/p>\n\n\n\n<p>El senador y precandidato presidencial Miguel Uribe Turbay, que se encontraba en estado cr\u00edtico desde el pasado 7 de junio cuando fue v\u00edctima de un atentado en la ciudad de Bogot\u00e1, falleci\u00f3 la madrugada de este lunes, recogen medios locales.<\/p>\n\n\n\n<p>La jornada anterior, Turbay hab\u00eda sido sometido a una cirug\u00eda de urgencia en la cl\u00ednica Santa Fe, donde permanec\u00eda internado, luego de sufrir un retroceso en su recuperaci\u00f3n debido a una hemorragia en el sistema nervioso.<\/p>\n\n\n\n<p>Claudia Tarazona, esposa del senador, confirm\u00f3 la noticia a trav\u00e9s de un sentido mensaje en sus redes sociales. &#8220;Pido a Dios me muestre el camino para aprender a vivir sin ti [\u2026] Descansa en paz, amor de mi vida&#8221;, escribi\u00f3.<\/p>\n\n\n\n<p>El exvicecanciller de Colombia Jorge Rojas Rodr\u00edguez lament\u00f3 el fallecimiento del senador e hizo un llamado a las autoridades para que encuentren a los responsables de ataque.<\/p>\n\n\n\n<p>&#8220;El atentado se convirti\u00f3 en magnicidio [\u2026] las autoridades tienen la obligaci\u00f3n de esclarecer este crimen y dar con los responsables intelectuales y materiales del asesinato&#8221;, escribi\u00f3 en su cuenta de X.<\/p>\n\n\n\n<p>Asimismo, el recientemente condenado expresidente \u00c1lvaro Uribe V\u00e9lez expres\u00f3 su p\u00e9same a trav\u00e9s de sus redes sociales: &#8220;El mal todo lo destruye, mataron la esperanza. Que la lucha de Miguel sea luz que ilumine el camino correcto de Colombia&#8221;.<\/p>\n\n\n\n<p>El senador Wilson Arias, perteneciente a Pacto Hist\u00f3rico, del presidente Gustavo Petro, expres\u00f3 su solidaridad con los familiares y allegados a Turbay, y conden\u00f3 &#8220;la violencia y las armas en el ejercicio de la pol\u00edtica en Colombia&#8221;.<\/p>\n\n\n\n<p>Por su parte, la Alcald\u00eda Mayor de Bogot\u00e1 lament\u00f3 &#8220;profundamente&#8221; la muerte del senador, que recibi\u00f3 tres impactos de bala en la cabeza durante una actividad proselitista en un barrio capitalino.<\/p>\n\n\n\n<p>El precandidato presidencial Sergio Fajardo conden\u00f3 lo sucedido y expres\u00f3 que Turbay fue &#8220;un hombre bueno&#8221; que entreg\u00f3 su vida por el pa\u00eds.<\/p>\n\n\n\n<p>&#8220;Duele nuestra Colombia atrapada en esta violencia que no descansa, destruye esperanzas y nos impide avanzar&#8221;, se lee en su mensaje en X.<\/p>\n\n\n\n<p>En el marco de la investigaci\u00f3n del atentado contra Turbay han sido detenidas cinco personas: un joven sicario de 15 a\u00f1os acusado de accionar el arma; Carlos Eduardo Mora Gonz\u00e1lez, identificado como el conductor del veh\u00edculo en el que huyeron los responsables; Katerine Mart\u00ednez, alias &#8216;Gabriela&#8217;, que habr\u00eda entregado el arma utilizada en el ataque; William Fernando Cruz, que fue visto con uno de los sospechosos; y Elder Jos\u00e9 Arteaga Hern\u00e1ndez, alias &#8216;Coste\u00f1o&#8217;, presunto &#8220;principal coordinador&#8221; del atentado.<\/p>\n\n\n\n<p>Fuente RT<\/p>\n","protected":false},"excerpt":{"rendered":"<p>El pol\u00edtico permanec\u00eda internado despu\u00e9s de recibir tres impactos de bala en la cabeza durante una actividad proselitista en un barrio de Bogot\u00e1. El senador y precandidato presidencial Miguel Uribe&hellip;<\/p>\n","protected":false},"author":10,"featured_media":106119,"comment_status":"open","ping_status":"open","sticky":false,"template":"","format":"standard","meta":{"content-type":"","jetpack_post_was_ever_published":false,"_jetpack_newsletter_access":"","_jetpack_dont_email_post_to_subs":false,"_jetpack_newsletter_tier_id":0,"_jetpack_memberships_contains_paywalled_content":false,"_jetpack_memberships_contains_paid_content":false,"footnotes":""},"categories":[16289,25],"tags":[6259,790,1423,2525,21739,23034],"class_list":["post-106118","post","type-post","status-publish","format-standard","has-post-thumbnail","hentry","category-internacionales","category-portada","tag-atentado","tag-bogota","tag-fallece","tag-junio","tag-miguel-uribe-turbay","tag-senador-colombiano"],"jetpack_featured_media_url":"https:\/\/lasprimeras.com.do\/wp-content\/uploads\/2025\/08\/Miguel-Uribe-Turbay.jpg","jetpack-related-posts":[{"id":103559,"url":"https:\/\/lasprimeras.com.do\/index.php\/2025\/07\/16\/el-senador-colombiano-miguel-uribe-turbay-sera-sometido-a-una-nueva-cirugia\/","url_meta":{"origin":106118,"position":0},"title":"El senador colombiano Miguel Uribe Turbay ser\u00e1 sometido a una nueva cirug\u00eda","author":"Nelson Feliz","date":"16 de julio de 2025","format":false,"excerpt":"\"Hoy Miguel enfrenta un nuevo reto que debe superar para continuar con su proceso\", dijo Tarazona en sus redes sociales Colombia, EFE- El senador y aspirante presidencial colombiano Miguel Uribe Turbay, herido gravemente en la cabeza en un atentado el pasado 7 de junio, ser\u00e1 sometido este mi\u00e9rcoles a una\u2026","rel":"","context":"En \u00abINTERNACIONALES\u00bb","block_context":{"text":"INTERNACIONALES","link":"https:\/\/lasprimeras.com.do\/index.php\/category\/sin-categoria\/internacionales\/"},"img":{"alt_text":"","src":"https:\/\/i0.wp.com\/lasprimeras.com.do\/wp-content\/uploads\/2025\/07\/Miguel-Uribe-Turbay.jpg?resize=350%2C200&ssl=1","width":350,"height":200,"srcset":"https:\/\/i0.wp.com\/lasprimeras.com.do\/wp-content\/uploads\/2025\/07\/Miguel-Uribe-Turbay.jpg?resize=350%2C200&ssl=1 1x, https:\/\/i0.wp.com\/lasprimeras.com.do\/wp-content\/uploads\/2025\/07\/Miguel-Uribe-Turbay.jpg?resize=525%2C300&ssl=1 1.5x, https:\/\/i0.wp.com\/lasprimeras.com.do\/wp-content\/uploads\/2025\/07\/Miguel-Uribe-Turbay.jpg?resize=700%2C400&ssl=1 2x"},"classes":[]},{"id":100593,"url":"https:\/\/lasprimeras.com.do\/index.php\/2025\/06\/09\/gobierno-colombiano-rechaza-de-manera-contundente-atentado-contra-miguel-uribe\/","url_meta":{"origin":106118,"position":1},"title":"Gobierno colombiano rechaza de manera &#8220;contundente&#8221; atentado contra Miguel Uribe","author":"Nelson Feliz","date":"9 de junio de 2025","format":false,"excerpt":"En un comunicado, el Ejecutivo reiter\u00f3 su compromiso con la protecci\u00f3n de todos los l\u00edderes pol\u00edticos. Bogot\u00e1, EFE.-.El Gobierno colombiano rechaz\u00f3 \"de manera categ\u00f3rica y contundente\" el atentado de este s\u00e1bado contra el senador Miguel Uribe Turbay, del partido uribista Centro Democr\u00e1tico, que calific\u00f3 como \"un ataque no solo contra\u2026","rel":"","context":"En \u00abINTERNACIONALES\u00bb","block_context":{"text":"INTERNACIONALES","link":"https:\/\/lasprimeras.com.do\/index.php\/category\/sin-categoria\/internacionales\/"},"img":{"alt_text":"","src":"https:\/\/i0.wp.com\/lasprimeras.com.do\/wp-content\/uploads\/2025\/06\/Miguel-Uribe.jpg?resize=350%2C200&ssl=1","width":350,"height":200,"srcset":"https:\/\/i0.wp.com\/lasprimeras.com.do\/wp-content\/uploads\/2025\/06\/Miguel-Uribe.jpg?resize=350%2C200&ssl=1 1x, https:\/\/i0.wp.com\/lasprimeras.com.do\/wp-content\/uploads\/2025\/06\/Miguel-Uribe.jpg?resize=525%2C300&ssl=1 1.5x"},"classes":[]},{"id":106215,"url":"https:\/\/lasprimeras.com.do\/index.php\/2025\/08\/12\/senador-y-aspirante-presidencial-colombiano-muere-dos-meses-despues-del-tiroteo\/","url_meta":{"origin":106118,"position":2},"title":"Senador y aspirante presidencial colombiano muere dos meses despu\u00e9s del tiroteo","author":"Nelson Feliz","date":"12 de agosto de 2025","format":false,"excerpt":"Por ASTRID SU\u00c1REZ BOGOT\u00c1, Colombia (AP) \u2014 Un senador y aspirante presidencial colombiano cuyo tiroteo en un mitin pol\u00edtico en junio record\u00f3 algunos de los cap\u00edtulos m\u00e1s oscuros de la violencia alimentada por el narcotr\u00e1fico en el pa\u00eds muri\u00f3 el lunes. La familia de Miguel Uribe Turbay inform\u00f3 que el\u2026","rel":"","context":"En \u00abINTERNACIONALES\u00bb","block_context":{"text":"INTERNACIONALES","link":"https:\/\/lasprimeras.com.do\/index.php\/category\/sin-categoria\/internacionales\/"},"img":{"alt_text":"","src":"https:\/\/i0.wp.com\/lasprimeras.com.do\/wp-content\/uploads\/2025\/08\/Miguel-Uribe-Turbay-1.jpg?resize=350%2C200&ssl=1","width":350,"height":200,"srcset":"https:\/\/i0.wp.com\/lasprimeras.com.do\/wp-content\/uploads\/2025\/08\/Miguel-Uribe-Turbay-1.jpg?resize=350%2C200&ssl=1 1x, https:\/\/i0.wp.com\/lasprimeras.com.do\/wp-content\/uploads\/2025\/08\/Miguel-Uribe-Turbay-1.jpg?resize=525%2C300&ssl=1 1.5x, https:\/\/i0.wp.com\/lasprimeras.com.do\/wp-content\/uploads\/2025\/08\/Miguel-Uribe-Turbay-1.jpg?resize=700%2C400&ssl=1 2x"},"classes":[]},{"id":100590,"url":"https:\/\/lasprimeras.com.do\/index.php\/2025\/06\/09\/marco-rubio-condena-atentado-contra-el-politico-miguel-uribe-en-colombia\/","url_meta":{"origin":106118,"position":3},"title":"Marco Rubio condena atentado contra el pol\u00edtico Miguel Uribe en Colombia","author":"Nelson Feliz","date":"9 de junio de 2025","format":false,"excerpt":"El secretario de Estado de Estados Unidos, Marco Rubio, conden\u00f3 el atentado contra la vida del pol\u00edtico colombiano Miguel Uribe Turbay, uno de los aspirantes presidenciales del partido uribista Centro Democr\u00e1tico, quien fue herido de bala en medio de actividades de campa\u00f1a en Bogot\u00e1. A trav\u00e9s de su cuenta de\u2026","rel":"","context":"En \u00abINTERNACIONALES\u00bb","block_context":{"text":"INTERNACIONALES","link":"https:\/\/lasprimeras.com.do\/index.php\/category\/sin-categoria\/internacionales\/"},"img":{"alt_text":"","src":"https:\/\/i0.wp.com\/lasprimeras.com.do\/wp-content\/uploads\/2025\/05\/Marco-Rubio.jpg?resize=350%2C200&ssl=1","width":350,"height":200,"srcset":"https:\/\/i0.wp.com\/lasprimeras.com.do\/wp-content\/uploads\/2025\/05\/Marco-Rubio.jpg?resize=350%2C200&ssl=1 1x, https:\/\/i0.wp.com\/lasprimeras.com.do\/wp-content\/uploads\/2025\/05\/Marco-Rubio.jpg?resize=525%2C300&ssl=1 1.5x, https:\/\/i0.wp.com\/lasprimeras.com.do\/wp-content\/uploads\/2025\/05\/Marco-Rubio.jpg?resize=700%2C400&ssl=1 2x"},"classes":[]},{"id":112864,"url":"https:\/\/lasprimeras.com.do\/index.php\/2025\/10\/27\/colombia-captura-al-enlace-entre-autores-intelectuales-y-ejecutores-del-asesinato-de-miguel-uribe\/","url_meta":{"origin":106118,"position":4},"title":"Colombia captura al enlace entre autores intelectuales y ejecutores del asesinato de Miguel Uribe","author":"Nelson Feliz","date":"27 de octubre de 2025","format":false,"excerpt":"POR ASSOCIATED PRESS BOGOT\u00c1 (AP) \u2014 Las autoridades colombianas capturaron el lunes a un hombre se\u00f1alado de presuntamente ser el enlace entre los autores intelectuales y los ejecutores del ataque a tiros que termin\u00f3 con la vida del precandidato presidencial Miguel Uribe Turbay. Sime\u00f3n P\u00e9rez Marroqu\u00edn, alias \u201cEl Viejo\u201d, fue\u2026","rel":"","context":"En \u00abINTERNACIONALES\u00bb","block_context":{"text":"INTERNACIONALES","link":"https:\/\/lasprimeras.com.do\/index.php\/category\/sin-categoria\/internacionales\/"},"img":{"alt_text":"","src":"https:\/\/i0.wp.com\/lasprimeras.com.do\/wp-content\/uploads\/2025\/10\/Claudia-Tarazona.jpg?resize=350%2C200&ssl=1","width":350,"height":200,"srcset":"https:\/\/i0.wp.com\/lasprimeras.com.do\/wp-content\/uploads\/2025\/10\/Claudia-Tarazona.jpg?resize=350%2C200&ssl=1 1x, https:\/\/i0.wp.com\/lasprimeras.com.do\/wp-content\/uploads\/2025\/10\/Claudia-Tarazona.jpg?resize=525%2C300&ssl=1 1.5x, https:\/\/i0.wp.com\/lasprimeras.com.do\/wp-content\/uploads\/2025\/10\/Claudia-Tarazona.jpg?resize=700%2C400&ssl=1 2x"},"classes":[]},{"id":100631,"url":"https:\/\/lasprimeras.com.do\/index.php\/2025\/06\/09\/pld-repudia-atentado-contra-congresista-y-candidato-presidencial-de-colombia\/","url_meta":{"origin":106118,"position":5},"title":"PLD repudia atentado contra congresista y candidato presidencial de Colombia","author":"Nelson Feliz","date":"9 de junio de 2025","format":false,"excerpt":"El Partido de la Liberaci\u00f3n Dominicana (PLD) emiti\u00f3 una nota de condena al atentado de que fue objeto el senador y aspirante a la presidencia colombiana por el partido Centro Democr\u00e1tico, Miguel Uribe. Johnny Pujols, secretario general, a nombre del PLD, dijo que lo ocurrido en Colombia es repudiable desde\u2026","rel":"","context":"En \u00abPOLITICA\u00bb","block_context":{"text":"POLITICA","link":"https:\/\/lasprimeras.com.do\/index.php\/category\/politica\/"},"img":{"alt_text":"","src":"https:\/\/i0.wp.com\/lasprimeras.com.do\/wp-content\/uploads\/2025\/06\/Miguel-Uribe-1.jpg?resize=350%2C200&ssl=1","width":350,"height":200,"srcset":"https:\/\/i0.wp.com\/lasprimeras.com.do\/wp-content\/uploads\/2025\/06\/Miguel-Uribe-1.jpg?resize=350%2C200&ssl=1 1x, https:\/\/i0.wp.com\/lasprimeras.com.do\/wp-content\/uploads\/2025\/06\/Miguel-Uribe-1.jpg?resize=525%2C300&ssl=1 1.5x, https:\/\/i0.wp.com\/lasprimeras.com.do\/wp-content\/uploads\/2025\/06\/Miguel-Uribe-1.jpg?resize=700%2C400&ssl=1 2x"},"classes":[]}],"jetpack_sharing_enabled":true,"_links":{"self":[{"href":"https:\/\/lasprimeras.com.do\/index.php\/wp-json\/wp\/v2\/posts\/106118","targetHints":{"allow":["GET"]}}],"collection":[{"href":"https:\/\/lasprimeras.com.do\/index.php\/wp-json\/wp\/v2\/posts"}],"about":[{"href":"https:\/\/lasprimeras.com.do\/index.php\/wp-json\/wp\/v2\/types\/post"}],"author":[{"embeddable":true,"href":"https:\/\/lasprimeras.com.do\/index.php\/wp-json\/wp\/v2\/users\/10"}],"replies":[{"embeddable":true,"href":"https:\/\/lasprimeras.com.do\/index.php\/wp-json\/wp\/v2\/comments?post=106118"}],"version-history":[{"count":1,"href":"https:\/\/lasprimeras.com.do\/index.php\/wp-json\/wp\/v2\/posts\/106118\/revisions"}],"predecessor-version":[{"id":106120,"href":"https:\/\/lasprimeras.com.do\/index.php\/wp-json\/wp\/v2\/posts\/106118\/revisions\/106120"}],"wp:featuredmedia":[{"embeddable":true,"href":"https:\/\/lasprimeras.com.do\/index.php\/wp-json\/wp\/v2\/media\/106119"}],"wp:attachment":[{"href":"https:\/\/lasprimeras.com.do\/index.php\/wp-json\/wp\/v2\/media?parent=106118"}],"wp:term":[{"taxonomy":"category","embeddable":true,"href":"https:\/\/lasprimeras.com.do\/index.php\/wp-json\/wp\/v2\/categories?post=106118"},{"taxonomy":"post_tag","embeddable":true,"href":"https:\/\/lasprimeras.com.do\/index.php\/wp-json\/wp\/v2\/tags?post=106118"}],"curies":[{"name":"wp","href":"https:\/\/api.w.org\/{rel}","templated":true}]}}